{"id":2813,"date":"2021-12-30T08:46:35","date_gmt":"2021-12-30T11:46:35","guid":{"rendered":"https:\/\/www.reportedeprensa.utalca.cl\/?p=2813"},"modified":"2021-12-30T10:42:16","modified_gmt":"2021-12-30T13:42:16","slug":"30-de-diciembre-de-2021","status":"publish","type":"post","link":"https:\/\/www.reportedeprensa.utalca.cl\/?p=2813","title":{"rendered":"30 de diciembre de 2021"},"content":{"rendered":"\t\t<div data-elementor-type=\"wp-post\" data-elementor-id=\"2813\" class=\"elementor elementor-2813\" data-elementor-settings=\"[]\">\n\t\t\t\t\t\t\t<div class=\"elementor-section-wrap\">\n\t\t\t\t\t\t\t<section class=\"elementor-section elementor-top-section elementor-element elementor-element-a06ca45 elementor-section-boxed elementor-section-height-default elementor-section-height-default\" data-id=\"a06ca45\" data-element_type=\"section\">\n\t\t\t\t\t\t<div class=\"elementor-container elementor-column-gap-default\">\n\t\t\t\t\t<div class=\"elementor-column elementor-col-100 elementor-top-column elementor-element elementor-element-1486c35\" data-id=\"1486c35\" data-element_type=\"column\">\n\t\t\t<div class=\"elementor-widget-wrap elementor-element-populated\">\n\t\t\t\t\t\t\t\t<div class=\"elementor-element elementor-element-42b145e elementor-widget elementor-widget-text-editor\" data-id=\"42b145e\" data-element_type=\"widget\" data-widget_type=\"text-editor.default\">\n\t\t\t\t<div class=\"elementor-widget-container\">\n\t\t\t\t\t\t\t\t<p><strong>HOYXHOY.CL\u00a0<\/strong><\/p><p><a href=\"http:\/\/www.hoyxhoy.cl\/2021\/12\/29\/full\/cuerpo-principal\/6\/\">Cient\u00edficos detectan causa de enfermedad que da\u00f1a los dientes en los ni\u00f1os. Se refiere Vidal P\u00e9rez, acad\u00e9mico de la Facultad de Ciencias de la Salud de la UTalca.\u00a0<\/a><\/p><p>\u00a0<\/p><p><strong>LA ESTRELLA DE VALPARAISO \u00a0<\/strong><\/p><p><a href=\"https:\/\/www.litoralpress.cl\/paginaconsultas\/Servicios_NClip\/Get_Imagen_Nota.aspx?LPKey=VIXDS64VSEPOOFQPWAYKYFCI3AIN43H3EIXIKQMJYJUWSKPDOEB2BW6EHUOYGA7VAJESSANPWHHAM\">Detectan causa del da\u00f1o de los dientes en los ni\u00f1os\u00a0<\/a><\/p><p>\u00a0<\/p><p><strong>LA ESTRELLA DE IQUIQUE\u00a0<\/strong><\/p><p><a href=\"https:\/\/www.litoralpress.cl\/paginaconsultas\/Servicios_NClip\/Get_Imagen_Nota.aspx?LPKey=63EVWGFDQLL7IWFRR43LIDYPPTBWAODMV4ZKCAVPIBHJFRJC4OSC757LZZKQ3P2RMSDJMF6GFLME2\">Detectan causa del da\u00f1o de los dientes en los ni\u00f1os. Se refiere Vidal P\u00e9rez, acad\u00e9mico de la Facultad de Ciencias de la Salud de la UTalca.\u00a0<\/a><\/p><p>\u00a0<\/p><p><strong>LA ESTRELLA DE ANTOFAGASTA\u00a0<\/strong><\/p><p><a href=\"https:\/\/www.litoralpress.cl\/paginaconsultas\/Servicios_NClip\/Get_Imagen_Nota.aspx?LPKey=TFDNNF6AJKSIN74FBQ3N5GZUNCOAY33U3ROWPXOWKULB3W75QOBQYV6CMISH43L6FBTBABGIM62YW\">Detectan causa del da\u00f1o de los dientes en los ni\u00f1os. Se refiere Vidal P\u00e9rez, acad\u00e9mico de la Facultad de Ciencias de la Salud de la UTalca.\u00a0<\/a><\/p><p>\u00a0<\/p><p><strong>RADIOMAGALLANES.CL\u00a0<\/strong><\/p><p><a href=\"https:\/\/www.radiomagallanes.cl\/noticia.php?id_not=99341\">Cient\u00edficos detectan causa de enfermedad que da\u00f1a los dientes en los ni\u00f1os. Se refiere Vidal P\u00e9rez, acad\u00e9mico de la Facultad de Ciencias de la Salud de la UTalca.\u00a0<\/a><\/p><p>\u00a0<\/p><p><strong>ELMAULEINFORMA.CL\u00a0<\/strong><\/p><p><a href=\"https:\/\/elmauleinforma.cl\/cientificos-detectan-causa-de-enfermedad-que-dana-los-dientes-en-los-ninos\/\">Cient\u00edficos detectan causa de enfermedad que da\u00f1a los dientes en los ni\u00f1os. Se refiere Vidal P\u00e9rez, acad\u00e9mico de la Facultad de Ciencias de la Salud de la UTalca.\u00a0<\/a><\/p><p>\u00a0<\/p><p><strong>RADIO COOPERATIVA\u00a0<\/strong><\/p><p><a href=\"https:\/\/www.litoralpress.cl\/Archivos\/25Z6IAMS6NHWD3XUYOTY6OP7ZY.mp3\">Detectan los primeros casos de COVID-19 &#8220;\u00d3micron&#8221; contagiados por transmisi\u00f3n comunitaria.\u00a0Se refiere Marcelo Alarc\u00f3n, acad\u00e9mico de la Facultad de Ciencias de la Salud de la UTalca.\u00a0<\/a><\/p><p>\u00a0<\/p><p><strong>RADIO COOPERATIVA\u00a0<\/strong><\/p><p><a href=\"https:\/\/www.litoralpress.cl\/Archivos\/JD5YQI6MZMMKJUOKUAFGJZHY5A.mp3\">Autoridades llamaron a reforzar la fiscalizaci\u00f3n del pase de movilidad. Se refiere Marcelo Alarc\u00f3n, acad\u00e9mico de la Facultad de Ciencias de la Salud de la UTalca.\u00a0<\/a><\/p><p>\u00a0<\/p><p><strong>COOPERATIVA.CL\u00a0<\/strong><\/p><p><a href=\"https:\/\/www.cooperativa.cl\/noticias\/sociedad\/salud\/coronavirus\/minsal-busca-adquirir-vacuna-moderna-para-inicio-de-inoculacion-de\/2021-12-29\/143708.html\">Minsal busca adquirir vacuna Moderna para inicio de inoculaci\u00f3n de cuarta dosis. Marcelo Alarc\u00f3n, acad\u00e9mico de la Facultad de Ciencias de la Salud de la UTalca.\u00a0<\/a><\/p><p>\u00a0<\/p><p><strong>DIARIOELHERALDO.CL\u00a0<\/strong><\/p><p><a href=\"http:\/\/www.diarioelheraldo.cl\/noticia\/minsal-busca-adquirir-vacuna-moderna-para-inicio-de-inoculacion-de-cuarta-dosis\">Minsal busca adquirir vacuna Moderna para inicio de inoculaci\u00f3n de cuarta dosis. Marcelo Alarc\u00f3n, acad\u00e9mico de la Facultad de Ciencias de la Salud de la UTalca.\u00a0<\/a><\/p><p>\u00a0<\/p><p><strong>PORTALEDUCACION.CL\u00a0<\/strong><\/p><p><a href=\"https:\/\/portaleducacion.cl\/index.php\/2021\/12\/29\/academicos-de-la-universidad-de-talca-entregan-ideas-para-el-ahorro-energetico-durante-el-verano\/\">Acad\u00e9micos de la Universidad de Talca entregan ideas para el ahorro energ\u00e9tico durante el verano.\u00a0Se refieren Mar\u00eda Luisa del Campo, Marco Alsina y Daniel Mora, acad\u00e9micos de la Facultad de Ingenier\u00eda.\u00a0<\/a><\/p><p>\u00a0<\/p><p><strong>CANAL CONTIVISI\u00d3N\u00a0<\/strong><\/p><p><a href=\"https:\/\/www.litoralpress.cl\/Archivos\/IDT7KXS54MFNYPAH7RHS3NB23A.mp4\">Profesores de la U de Talca entregan recomendaciones para el ahorro de agua. Se refieren Mar\u00eda Luisa del Campo y Daniel Mora, acad\u00e9micos de la Facultad de Ingenier\u00eda.\u00a0<\/a><\/p><p>\u00a0<\/p><p><strong>CANAL ANTOFAGASTA TELEVISI\u00d3N\u00a0<\/strong><\/p><p><a href=\"https:\/\/www.litoralpress.cl\/Archivos\/E63VMKDFFYCYXEWZJBW56EHHVA.mp4\">Entregaron recomendaciones para ahorrar energ\u00eda y enfrentar la crisis h\u00eddrica. Se refieren Mar\u00eda Luisa del Campo y Daniel Mora, acad\u00e9micos de la Facultad de Ingenier\u00eda.\u00a0<\/a><\/p><p>\u00a0<\/p><p><strong>RADIO AMIGA\u00a0<\/strong><\/p><p><a href=\"https:\/\/www.litoralpress.cl\/Archivos\/XHG766NK2MD7BE45DRHMTU56LY.mp3\">Un chileno promedio consume en el d\u00eda cerca de 170 litros de agua. Se refieren Mar\u00eda Luisa del Campo y Daniel Mora, acad\u00e9micos de la Facultad de Ingenier\u00eda.\u00a0<\/a><\/p><p>\u00a0<\/p><p><strong>DIARIOTALCA.CL\u00a0<\/strong><\/p><p><a href=\"https:\/\/diariotalca.cl\/anticipan-posible-nueva-ola-de-contagios-covid-para-fines-de-febrero-de-2022\/\">Anticipan posible nueva ola de contagios Covid para fines de febrero de 2022.\u00a0Se refiere Sergio Wehinger, acad\u00e9mico de la Facultad de Ciencias de la Salud de la UTalca.\u00a0<\/a><\/p><p>\u00a0<\/p><p><strong>DIARIOELHERALDO.CL\u00a0<\/strong><\/p><p><a href=\"http:\/\/www.diarioelheraldo.cl\/noticia\/experto-predice-nueva-ola-de-contagios-covid-19-para-fines-de-febrero-\">Experto predice nueva ola de contagios Covid-19 para fines de febrero. Se refiere Sergio Wehinger, acad\u00e9mico de la Facultad de Ciencias de la Salud de la UTalca.\u00a0<\/a><\/p><p>\u00a0<\/p><p><strong>TVMAULE.CL\u00a0<\/strong><\/p><p><a href=\"https:\/\/www.tvmaule.cl\/academico-advierte-de-nueva-ola-de-contagios-de-coronavirus-para-fines-de-febrero\/\">Acad\u00e9mico advierte de nueva ola de contagios de coronavirus para fines de febrero. Se refiere Sergio Wehinger, acad\u00e9mico de la Facultad de Ciencias de la Salud de la UTalca.\u00a0<\/a><\/p><p>\u00a0<\/p><p><strong>TALCACAPITAL.CL\u00a0<\/strong><\/p><p><a href=\"https:\/\/talcacapital.cl\/experto-predice-nueva-ola-de-contagios-covid-19-para-fines-de-febrero\/\">Experto predice nueva ola de contagios Covid-19 para fines de febrero. Se refiere Sergio Wehinger, acad\u00e9mico de la Facultad de Ciencias de la Salud de la UTalca.\u00a0<\/a><\/p><p>\u00a0<\/p><p><strong>ENLINEAMAULE.CL\u00a0<\/strong><\/p><p><a href=\"https:\/\/enlineamaule.cl\/archivo\/46671\">Experto de la Universidad de Talca predice una nueva ola de contagios Covid-19 para fines de febrero. Se refiere Sergio Wehinger, acad\u00e9mico de la Facultad de Ciencias de la Salud de la UTalca.\u00a0<\/a><\/p><p>\u00a0<\/p><p><strong>SEPTIMAPAGINANOTICIAS.CL\u00a0<\/strong><\/p><p><a href=\"https:\/\/www.septimapaginanoticias.cl\/video-experto-predice-nueva-ola-de-contagios-covid-19-para-fines-de-febrero\">Experto predice nueva ola de contagios Covid-19 para fines de febrero. Se refiere Sergio Wehinger, acad\u00e9mico de la Facultad de Ciencias de la Salud de la UTalca.\u00a0<\/a><\/p><p>\u00a0<\/p><p><strong>LINARESENLINEA.CL\u00a0<\/strong><\/p><p><a href=\"https:\/\/www.linaresenlinea.cl\/2021\/12\/29\/experto-predice-nueva-ola-de-contagios-covid-19-para-fines-de-febrero\/\">Experto predice nueva ola de contagios Covid-19 para fines de febrero. Se refiere Sergio Wehinger, acad\u00e9mico de la Facultad de Ciencias de la Salud de la UTalca.\u00a0<\/a><\/p><p>\u00a0<\/p><p><strong>CENTROSURNOTICIAS.CL\u00a0<\/strong><\/p><p><a href=\"https:\/\/centrosurnoticias.cl\/experto-predice-nueva-ola-de-contagios-covid-19-para-fines-de-febrero\/\">Experto predice nueva ola de contagios Covid-19 para fines de febrero. Se refiere Sergio Wehinger, acad\u00e9mico de la Facultad de Ciencias de la Salud de la UTalca.\u00a0<\/a><\/p><p>\u00a0<\/p><p><strong>RADIO AMIGA\u00a0<\/strong><\/p><p><a href=\"https:\/\/www.litoralpress.cl\/Archivos\/VR3CYVQ72L3NVWGXAGDDV4XZEU.mp3\">Proyectan aumento de casos de la variante \u00d3micron en \u00faltimas semanas de febrero. Se refiere Sergio Wehinger, acad\u00e9mico de la Facultad de Ciencias de la Salud de la UTalca.\u00a0<\/a><\/p><p>\u00a0<\/p><p><strong>DIARIOVIREGION.CL\u00a0<\/strong><\/p><p><a href=\"https:\/\/www.diarioviregion.cl\/index.php\/noticias\/19076-doctor-tomas-velozo-asumio-como-nuevo-director-del-hospital-de-pichilemu\">Doctor Tom\u00e1s Velozo asumi\u00f3 como nuevo director del Hospital de Pichilemu. Se menciona a la UTalca.\u00a0<\/a><\/p><p>\u00a0<\/p><p><strong>ELURBANORURAL.CL\u00a0<\/strong><\/p><p><a href=\"http:\/\/elurbanorural.cl\/a-partir-de-este-martes-asume-el-doctor-tomas-velozo-en-reemplazo-del-doctor-francisco-roa\/\">A partir de este martes asume el doctor Tom\u00e1s Velozo en reemplazo del doctor Francisco Roa. Se menciona a la UTalca.\u00a0<\/a><\/p>\t\t\t\t\t\t<\/div>\n\t\t\t\t<\/div>\n\t\t\t\t\t<\/div>\n\t\t<\/div>\n\t\t\t\t\t\t\t<\/div>\n\t\t<\/section>\n\t\t\t\t\t\t<\/div>\n\t\t\t\t\t<\/div>\n\t\t","protected":false},"excerpt":{"rendered":"<p>HOYXHOY.CL\u00a0 Cient\u00edficos detectan causa de enfermedad que da\u00f1a los dientes en los ni\u00f1os. Se refiere Vidal P\u00e9rez, acad\u00e9mico de la Facultad de Ciencias de la Salud de la UTalca.\u00a0 \u00a0 LA ESTRELLA DE VALPARAISO \u00a0 Detectan causa del da\u00f1o de los dientes en los ni\u00f1os\u00a0 \u00a0 LA ESTRELLA DE IQUIQUE\u00a0 Detectan causa del da\u00f1o de &hellip;<\/p>\n<p class=\"read-more\"> <a class=\"\" href=\"https:\/\/www.reportedeprensa.utalca.cl\/?p=2813\"> <span class=\"screen-reader-text\">30 de diciembre de 2021<\/span> Read More &raquo;<\/a><\/p>\n","protected":false},"author":1,"featured_media":0,"comment_status":"closed","ping_status":"open","sticky":false,"template":"elementor_theme","format":"standard","meta":{"_monsterinsights_skip_tracking":false,"_monsterinsights_sitenote_active":false,"_monsterinsights_sitenote_note":"","_monsterinsights_sitenote_category":0},"categories":[15],"tags":[],"_links":{"self":[{"href":"https:\/\/www.reportedeprensa.utalca.cl\/index.php?rest_route=\/wp\/v2\/posts\/2813"}],"collection":[{"href":"https:\/\/www.reportedeprensa.utalca.cl\/index.php?rest_route=\/wp\/v2\/posts"}],"about":[{"href":"https:\/\/www.reportedeprensa.utalca.cl\/index.php?rest_route=\/wp\/v2\/types\/post"}],"author":[{"embeddable":true,"href":"https:\/\/www.reportedeprensa.utalca.cl\/index.php?rest_route=\/wp\/v2\/users\/1"}],"replies":[{"embeddable":true,"href":"https:\/\/www.reportedeprensa.utalca.cl\/index.php?rest_route=%2Fwp%2Fv2%2Fcomments&post=2813"}],"version-history":[{"count":10,"href":"https:\/\/www.reportedeprensa.utalca.cl\/index.php?rest_route=\/wp\/v2\/posts\/2813\/revisions"}],"predecessor-version":[{"id":2830,"href":"https:\/\/www.reportedeprensa.utalca.cl\/index.php?rest_route=\/wp\/v2\/posts\/2813\/revisions\/2830"}],"wp:attachment":[{"href":"https:\/\/www.reportedeprensa.utalca.cl\/index.php?rest_route=%2Fwp%2Fv2%2Fmedia&parent=2813"}],"wp:term":[{"taxonomy":"category","embeddable":true,"href":"https:\/\/www.reportedeprensa.utalca.cl\/index.php?rest_route=%2Fwp%2Fv2%2Fcategories&post=2813"},{"taxonomy":"post_tag","embeddable":true,"href":"https:\/\/www.reportedeprensa.utalca.cl\/index.php?rest_route=%2Fwp%2Fv2%2Ftags&post=2813"}],"curies":[{"name":"wp","href":"https:\/\/api.w.org\/{rel}","templated":true}]}}