{"id":3044,"date":"2022-01-18T09:24:53","date_gmt":"2022-01-18T12:24:53","guid":{"rendered":"https:\/\/www.reportedeprensa.utalca.cl\/?p=3044"},"modified":"2022-01-18T09:27:31","modified_gmt":"2022-01-18T12:27:31","slug":"18-de-enero-de-2021","status":"publish","type":"post","link":"https:\/\/www.reportedeprensa.utalca.cl\/?p=3044","title":{"rendered":"18 de enero de 2021"},"content":{"rendered":"\t\t<div data-elementor-type=\"wp-post\" data-elementor-id=\"3044\" class=\"elementor elementor-3044\" data-elementor-settings=\"[]\">\n\t\t\t\t\t\t\t<div class=\"elementor-section-wrap\">\n\t\t\t\t\t\t\t<section class=\"elementor-section elementor-top-section elementor-element elementor-element-339bbc0f elementor-section-boxed elementor-section-height-default elementor-section-height-default\" data-id=\"339bbc0f\" data-element_type=\"section\">\n\t\t\t\t\t\t<div class=\"elementor-container elementor-column-gap-default\">\n\t\t\t\t\t<div class=\"elementor-column elementor-col-100 elementor-top-column elementor-element elementor-element-4e11f423\" data-id=\"4e11f423\" data-element_type=\"column\">\n\t\t\t<div class=\"elementor-widget-wrap elementor-element-populated\">\n\t\t\t\t\t\t\t\t<div class=\"elementor-element elementor-element-4c6b1ead elementor-widget elementor-widget-text-editor\" data-id=\"4c6b1ead\" data-element_type=\"widget\" data-widget_type=\"text-editor.default\">\n\t\t\t\t<div class=\"elementor-widget-container\">\n\t\t\t\t\t\t\t\t<div><p class=\"x_x_MsoNoSpacing\"><strong>EMOL.COM\u00a0<\/strong><\/p><p class=\"x_x_MsoNoSpacing\"><a href=\"https:\/\/www.emol.com\/noticias\/Nacional\/2022\/01\/17\/1044196\/baja-contagios-paises-proyeccion-chile.html\">C\u00f3mo se comport\u00f3 la curva de \u00d3micron en otros pa\u00edses y qu\u00e9 lecciones puede tomar Chile. Se refiere Marcelo Alarc\u00f3n, acad\u00e9mico del Departamento de Bioqu\u00edmica Cl\u00ednica e Inmunohematolog\u00eda de la UTalca.\u00a0<\/a><\/p><p class=\"x_x_MsoNoSpacing\">\u00a0<\/p><p class=\"x_x_MsoNoSpacing\"><strong>COOPERATIVA.CL\u00a0<\/strong><\/p><p class=\"x_x_MsoNoSpacing\"><a href=\"https:\/\/www.cooperativa.cl\/noticias\/sociedad\/salud\/coronavirus\/chile-registro-peak-de-contagios-por-segundo-dia-consecutivo\/2022-01-16\/105142.html\">Chile registr\u00f3 peak de contagios por segundo d\u00eda consecutivo. Se refiere Erika Retamal, directora de Salud P\u00fablica de la UTalca.\u00a0<\/a><\/p><p class=\"x_x_MsoNoSpacing\">\u00a0<\/p><p class=\"x_x_MsoNoSpacing\"><strong>RADIO AMIGA\u00a0<\/strong><\/p><p class=\"x_x_MsoNoSpacing\"><a href=\"https:\/\/www.litoralpress.cl\/sitio\/RadioTV_Detalles.cshtml?LPKey=DKYXRATVQ332CE3AQBR25GZT5D6DSQWWX24LE7NGBBM6ZIZZUPMA\">Confirman que las clases presenciales comenzar\u00e1n a partir del 2 de marzo. Se refiere Marcelo Alarc\u00f3n, acad\u00e9mico del Departamento de Bioqu\u00edmica Cl\u00ednica e Inmunohematolog\u00eda de la UTalca.\u00a0<\/a><\/p><p class=\"x_x_MsoNoSpacing\">\u00a0<\/p><p class=\"x_x_MsoNoSpacing\"><strong>ELRANCAG\u00dcINO\u00a0<\/strong><\/p><p class=\"x_x_MsoNoSpacing\"><a href=\"https:\/\/www.litoralpress.cl\/paginaconsultas\/Servicios_NClip\/Get_Imagen_Nota.aspx?LPKey=S2KGQU2BUCFZMWMAGAZHHXQ67GAYNMAE3SXYJYYCKW6EY26U7QYR4EWKFLLD2YNZLV5H6VWAU2MMI\">Especialistas llaman a retomar las medidas sanitarias para evitar aumento de casos COVID-19. Se refiere Erika Retamal, directora de Salud P\u00fablica de la UTalca.\u00a0<\/a><\/p><p class=\"x_x_MsoNoSpacing\">\u00a0<\/p><p class=\"x_x_MsoNoSpacing\"><strong>ELRANCAG\u00dcINO.CL\u00a0<\/strong><\/p><p class=\"x_x_MsoNoSpacing\"><a href=\"https:\/\/www.elrancaguino.cl\/2022\/01\/17\/especialistas-llaman-a-retomar-las-medidas-sanitarias-para-evitar-aumento-de-casos-covid-19\/\">Especialistas llaman a retomar las medidas sanitarias para evitar aumento de casos COVID-19. Se refiere Erika Retamal, directora de Salud P\u00fablica de la UTalca.\u00a0<\/a><\/p><p class=\"x_x_MsoNoSpacing\">\u00a0<\/p><p class=\"x_x_MsoNoSpacing\"><strong>LADISCUSION.CL\u00a0<\/strong><\/p><p class=\"x_x_MsoNoSpacing\"><a href=\"https:\/\/www.ladiscusion.cl\/anticipan-que-nuble-podria-superar-niveles-historicos-de-contagios-tras-omicron\/\">Anticipan que \u00d1uble podr\u00eda superar niveles hist\u00f3ricos de contagios tras arribo de variante \u00d3micron. Se refiere Daniel Jim\u00e9nez, director de Salud del Estudiante de la UTalca.\u00a0<\/a><\/p><p class=\"x_x_MsoNoSpacing\">\u00a0<\/p><p class=\"x_x_MsoNoSpacing\"><strong>ELMOSTRADOR.CL\u00a0<\/strong><\/p><p class=\"x_x_MsoNoSpacing\"><a href=\"https:\/\/www.elmostrador.cl\/generacion-m\/2022\/01\/17\/aires-acondicionados-y-eficiencia-energetica-durante-el-verano-el-correcto-equilibrio-entre-el-bienestar-y-la-conciencia-ambiental\/\">Aires acondicionados y eficiencia energ\u00e9tica durante el verano: el correcto equilibrio entre el bienestar y la conciencia ambiental. Se refiere Mar\u00eda Luisa del Campo, directora del Centro Tecnol\u00f3gico Kipus de la UTalca.\u00a0<\/a><\/p><p class=\"x_x_MsoNoSpacing\">\u00a0<\/p><p class=\"x_x_MsoNoSpacing\"><strong>DIARIOTALCA.CL\u00a0<\/strong><\/p><p class=\"x_x_MsoNoSpacing\"><a href=\"https:\/\/diariotalca.cl\/academicos-de-la-universidad-de-talca-se-adjudican-22-proyectos-de-investigacion\/\">Acad\u00e9micos de la Universidad de Talca se adjudican 22 proyectos de investigaci\u00f3n.\u00a0<\/a><\/p><p class=\"x_x_MsoNoSpacing\">\u00a0<\/p><p class=\"x_x_MsoNoSpacing\"><strong>RADIOAGRICULTURA.CL\u00a0<\/strong><\/p><p class=\"x_x_MsoNoSpacing\"><a href=\"https:\/\/www.radioagricultura.cl\/nacional\/2022\/01\/17\/presidenta-de-la-convencion-constitucional-queremos-acercar-el-proceso-a-las-personas-para-que-participen-y-lo-sientan-suyo.html\">Presidenta de la Convenci\u00f3n Constitucional: \u201cQueremos acercar el proceso a las personas para que participen y lo sientan suyo\u201d. Se menciona el Centro de Extensi\u00f3n de la Universidad de Talca.<\/a><\/p><p class=\"x_x_MsoNoSpacing\">\u00a0<\/p><p class=\"x_x_MsoNoSpacing\"><strong>ADPRENSA.CL\u00a0<\/strong><\/p><p class=\"x_x_MsoNoSpacing\"><a href=\"https:\/\/www.adprensa.cl\/cronica\/presidenta-de-la-convencion-constitucional-queremos-acercar-el-proceso-a-las-personas-para-que-participen-y-lo-sientan-suyo\/\">Presidenta de la Convenci\u00f3n Constitucional: \u201cQueremos acercar el proceso a las personas para que participen y lo sientan suyo\u201d. Se menciona el Centro de Extensi\u00f3n de la Universidad de Talca.<\/a><\/p><p class=\"x_x_MsoNoSpacing\">\u00a0<\/p><p class=\"x_x_MsoNoSpacing\"><strong>DIARIOTALCA.CL\u00a0<\/strong><\/p><p class=\"x_x_MsoNoSpacing\"><a href=\"https:\/\/diariotalca.cl\/conozca-la-agenda-regional-de-exposiciones-del-congreso-futuro-2022\/\">Conozca la agenda regional de exposiciones del Congreso Futuro 2022. Se refiere Eduardo \u00c1lvarez, director de Investigaci\u00f3n de la UTalca.\u00a0<\/a><\/p><p class=\"x_x_MsoNoSpacing\">\u00a0<\/p><p class=\"x_x_MsoNoSpacing\"><strong>TVMAULE.CL\u00a0<\/strong><\/p><p class=\"x_x_MsoNoSpacing\"><a href=\"https:\/\/www.tvmaule.cl\/con-destacados-expositores-se-desarrollara-congreso-futuro-2022-en-el-maule\/\">Con destacados expositores se desarrollar\u00e1 Congreso Futuro 2022 en el Maule. Se refiere Eduardo \u00c1lvarez, director de Investigaci\u00f3n de la UTalca.\u00a0<\/a><\/p><p class=\"x_x_MsoNoSpacing\">\u00a0<\/p><p class=\"x_x_MsoNoSpacing\"><strong>TALCACAPITAL.CL\u00a0<\/strong><\/p><p class=\"x_x_MsoNoSpacing\"><a href=\"https:\/\/talcacapital.cl\/aprender-a-convivir-el-debate-que-plantea-el-congreso-futuro-2022-en-el-maule\/\">\u201cAprender a convivir\u201d: el debate que plantea el Congreso Futuro 2022 en el Maule. Se refiere Eduardo \u00c1lvarez, director de Investigaci\u00f3n de la UTalca.\u00a0<\/a><\/p><p class=\"x_x_MsoNoSpacing\" aria-hidden=\"true\">\u00a0<\/p><p class=\"x_x_MsoNoSpacing\"><strong>CENTROSURNOTICIAS.CL\u00a0<\/strong><\/p><p class=\"x_x_MsoNoSpacing\"><a href=\"https:\/\/centrosurnoticias.cl\/aprender-a-convivir-el-debate-que-plantea-el-congreso-futuro-2022-en-el-maule\/\">\u201cAprender a convivir\u201d: el debate que plantea el Congreso Futuro 2022 en el Maule. Se refiere Eduardo \u00c1lvarez, director de Investigaci\u00f3n de la UTalca.\u00a0<\/a><\/p><p class=\"x_x_MsoNoSpacing\" aria-hidden=\"true\">\u00a0<\/p><p class=\"x_x_MsoNoSpacing\"><strong>G5NOTICIAS.CL\u00a0<\/strong><\/p><p class=\"x_x_MsoNoSpacing\"><a href=\"https:\/\/g5noticias.cl\/2022\/01\/17\/universidad-de-talca-lidera-investigacion-en-inteligencia-artificial-para-videojuegos\/\">Universidad de Talca lidera investigaci\u00f3n en Inteligencia Artificial para videojuegos.\u00a0<\/a><\/p><p class=\"x_x_MsoNoSpacing\">\u00a0<\/p><p class=\"x_x_MsoNoSpacing\"><strong>ELMAULEINFORMA.CL\u00a0<\/strong><\/p><p class=\"x_x_MsoNoSpacing\"><a href=\"https:\/\/elmauleinforma.cl\/experto-utalca-proyecta-complejo-ano-2022-en-lo-economico\/\">Experto UTalca proyecta complejo a\u00f1o 2022 en lo econ\u00f3mico.\u00a0<\/a><\/p><p class=\"x_x_MsoNoSpacing\">\u00a0<\/p><p class=\"x_x_MsoNoSpacing\"><strong>DIARIOTALCA.CL\u00a0<\/strong><\/p><p class=\"x_x_MsoNoSpacing\"><a href=\"https:\/\/diariotalca.cl\/reportaje-anticipan-tareas-del-presidente-boric-y-su-primer-gabinete-ministerial\/\">Anticipan tareas del Presidente Boric y su primer gabinete ministerial. Se<u>\u00a0<\/u>refiere Mario Herrera, acad\u00e9mico el Centro de An\u00e1lisis Pol\u00edtico (CAP) de la UTalca.\u00a0<\/a><\/p><\/div>\t\t\t\t\t\t<\/div>\n\t\t\t\t<\/div>\n\t\t\t\t\t<\/div>\n\t\t<\/div>\n\t\t\t\t\t\t\t<\/div>\n\t\t<\/section>\n\t\t\t\t\t\t<\/div>\n\t\t\t\t\t<\/div>\n\t\t","protected":false},"excerpt":{"rendered":"<p>EMOL.COM\u00a0 C\u00f3mo se comport\u00f3 la curva de \u00d3micron en otros pa\u00edses y qu\u00e9 lecciones puede tomar Chile. Se refiere Marcelo Alarc\u00f3n, acad\u00e9mico del Departamento de Bioqu\u00edmica Cl\u00ednica e Inmunohematolog\u00eda de la UTalca.\u00a0 \u00a0 COOPERATIVA.CL\u00a0 Chile registr\u00f3 peak de contagios por segundo d\u00eda consecutivo. Se refiere Erika Retamal, directora de Salud P\u00fablica de la UTalca.\u00a0 \u00a0 &hellip;<\/p>\n<p class=\"read-more\"> <a class=\"\" href=\"https:\/\/www.reportedeprensa.utalca.cl\/?p=3044\"> <span class=\"screen-reader-text\">18 de enero de 2021<\/span> Read More &raquo;<\/a><\/p>\n","protected":false},"author":1,"featured_media":0,"comment_status":"closed","ping_status":"open","sticky":false,"template":"","format":"standard","meta":{"_monsterinsights_skip_tracking":false,"_monsterinsights_sitenote_active":false,"_monsterinsights_sitenote_note":"","_monsterinsights_sitenote_category":0},"categories":[17],"tags":[],"_links":{"self":[{"href":"https:\/\/www.reportedeprensa.utalca.cl\/index.php?rest_route=\/wp\/v2\/posts\/3044"}],"collection":[{"href":"https:\/\/www.reportedeprensa.utalca.cl\/index.php?rest_route=\/wp\/v2\/posts"}],"about":[{"href":"https:\/\/www.reportedeprensa.utalca.cl\/index.php?rest_route=\/wp\/v2\/types\/post"}],"author":[{"embeddable":true,"href":"https:\/\/www.reportedeprensa.utalca.cl\/index.php?rest_route=\/wp\/v2\/users\/1"}],"replies":[{"embeddable":true,"href":"https:\/\/www.reportedeprensa.utalca.cl\/index.php?rest_route=%2Fwp%2Fv2%2Fcomments&post=3044"}],"version-history":[{"count":4,"href":"https:\/\/www.reportedeprensa.utalca.cl\/index.php?rest_route=\/wp\/v2\/posts\/3044\/revisions"}],"predecessor-version":[{"id":3048,"href":"https:\/\/www.reportedeprensa.utalca.cl\/index.php?rest_route=\/wp\/v2\/posts\/3044\/revisions\/3048"}],"wp:attachment":[{"href":"https:\/\/www.reportedeprensa.utalca.cl\/index.php?rest_route=%2Fwp%2Fv2%2Fmedia&parent=3044"}],"wp:term":[{"taxonomy":"category","embeddable":true,"href":"https:\/\/www.reportedeprensa.utalca.cl\/index.php?rest_route=%2Fwp%2Fv2%2Fcategories&post=3044"},{"taxonomy":"post_tag","embeddable":true,"href":"https:\/\/www.reportedeprensa.utalca.cl\/index.php?rest_route=%2Fwp%2Fv2%2Ftags&post=3044"}],"curies":[{"name":"wp","href":"https:\/\/api.w.org\/{rel}","templated":true}]}}