{"id":3059,"date":"2022-01-19T09:21:59","date_gmt":"2022-01-19T12:21:59","guid":{"rendered":"https:\/\/www.reportedeprensa.utalca.cl\/?p=3059"},"modified":"2022-01-19T09:26:00","modified_gmt":"2022-01-19T12:26:00","slug":"19-de-enero-de-2021","status":"publish","type":"post","link":"https:\/\/www.reportedeprensa.utalca.cl\/?p=3059","title":{"rendered":"19 de enero de 2021"},"content":{"rendered":"\t\t<div data-elementor-type=\"wp-post\" data-elementor-id=\"3059\" class=\"elementor elementor-3059\" data-elementor-settings=\"[]\">\n\t\t\t\t\t\t\t<div class=\"elementor-section-wrap\">\n\t\t\t\t\t\t\t<section class=\"elementor-section elementor-top-section elementor-element elementor-element-339bbc0f elementor-section-boxed elementor-section-height-default elementor-section-height-default\" data-id=\"339bbc0f\" data-element_type=\"section\">\n\t\t\t\t\t\t<div class=\"elementor-container elementor-column-gap-default\">\n\t\t\t\t\t<div class=\"elementor-column elementor-col-100 elementor-top-column elementor-element elementor-element-4e11f423\" data-id=\"4e11f423\" data-element_type=\"column\">\n\t\t\t<div class=\"elementor-widget-wrap elementor-element-populated\">\n\t\t\t\t\t\t\t\t<div class=\"elementor-element elementor-element-4c6b1ead elementor-widget elementor-widget-text-editor\" data-id=\"4c6b1ead\" data-element_type=\"widget\" data-widget_type=\"text-editor.default\">\n\t\t\t\t<div class=\"elementor-widget-container\">\n\t\t\t\t\t\t\t\t<p class=\"x_x_MsoNoSpacing\"><strong>LINARESENLINEA.CL\u00a0<\/strong><\/p><p class=\"x_x_MsoNoSpacing\"><a href=\"https:\/\/www.linaresenlinea.cl\/2022\/01\/18\/utalca-se-prepara-para-el-retorno-de-las-clases-presenciales\/\">UTalca se prepara para el retorno de las clases presenciales.\u00a0<\/a><\/p><p class=\"x_x_MsoNoSpacing\">\u00a0<\/p><p class=\"x_x_MsoNoSpacing\"><strong>LA PRENSA\u00a0<\/strong><\/p><p class=\"x_x_MsoNoSpacing\"><a href=\"https:\/\/www.litoralpress.cl\/paginaconsultas\/Servicios_NClip\/Get_Imagen_Nota.aspx?LPKey=E3HSTJ37ZQN6S5FJVNK4VC3LHBEMTIRPT2R62UDOW4UMP5OUTPQT5C42IYXPZBXLFFIGZDBCXDRGA\">De la Universidad de Talca: Ingenieros Civiles Mecatr\u00f3nicos recibieron sus t\u00edtulos.\u00a0<\/a><\/p><p class=\"x_x_MsoNoSpacing\">\u00a0<\/p><p class=\"x_x_MsoNoSpacing\"><strong>DIARIOLAPRENSA.CL\u00a0<\/strong><\/p><p class=\"x_x_MsoNoSpacing\"><a href=\"https:\/\/new.diariolaprensa.cl\/index.php\/2022\/01\/18\/ingenieros-civiles-mecatronicos-recibieron-sus-titulos\/\">Ingenieros Civiles Mecatr\u00f3nicos recibieron sus t\u00edtulos. Se refiere Javier Mu\u00f1oz, decano de la Facultad de Ingenier\u00eda y Daniel D\u00edaz, director de la Escuela de Ingenier\u00eda Civil Mecatr\u00f3nica de la UTalca.\u00a0<\/a><\/p><p class=\"x_x_MsoNoSpacing\">\u00a0<\/p><div><strong>LATERCERA.COM<\/strong><\/div><div><a href=\"https:\/\/www.latercera.com\/que-pasa\/noticia\/como-responden-los-mercados-y-las-empresas-a-los-riesgos-financieros-del-cambio-climatico-inedito-estudio-chileno-buscara-la-respuesta\/F26N7XPCX5EABIPH2ZNB7MWK2A\/\">\u00bfC\u00f3mo responden los mercados y las empresas a los riesgos financieros del cambio clim\u00e1tico? In\u00e9dito estudio chileno buscar\u00e1 la respuesta. Se refiere Christian Pinto, acad\u00e9mico de la Facultad de Econom\u00eda y Negocios (FEN) de la Universidad de Talca.<\/a><\/div><div>\u00a0<\/div><div><strong>CANAL TVN<\/strong><\/div><p class=\"x_x_MsoNoSpacing\"><a href=\"https:\/\/www.litoralpress.cl\/sitio\/RadioTV_Detalles.cshtml?LPKey=XR3TON2VCU57YXXPZVHGOYF6CUAOF3SJO7I2KVQTZ2XCKZZD5KPA\">Pol\u00e9mica por contacto en &#8220;alerta de Covid&#8221;: Minsal defiende nueva estrategia. Se refiere Daniel Jim\u00e9nez, director de Salud del Estudiante de la UTalca.<\/a><\/p><p>\u00a0<\/p><p class=\"x_x_MsoNoSpacing\"><strong>CANAL 24 HORAS<\/strong><\/p><p class=\"x_x_MsoNoSpacing\"><a href=\"https:\/\/www.litoralpress.cl\/sitio\/RadioTV_Detalles.cshtml?LPKey=65FXIKKXIUZZSQNNO7XF56EILBIURW5LDLMQJX2KNS4M7F4ZZL7Q\">Pol\u00e9mica por contactos en &#8220;alerta de Covid&#8221;: Minsal defiende nueva estrategia. Se refiere Daniel Jim\u00e9nez, director de Salud del Estudiante de la UTalca.<\/a><\/p><p>\u00a0<\/p><p class=\"x_x_MsoNoSpacing\"><strong>EL MERCURIO<\/strong><\/p><p class=\"x_x_MsoNoSpacing\"><a href=\"https:\/\/www.litoralpress.cl\/paginaconsultas\/Servicios_NClip\/Get_Imagen_Nota.aspx?LPKey=CVYPEV2KCS6EF4VZAILWJWTJ7TZW6HRJH77ZD4SNGZATJ744PJSNNWOZOZTBF5WJ6RGHUUWBRVP54\">El miedo de ir al ginec\u00f3logo puede acarrear graves consecuencias. Se refiere Gerardo Jara, coordinador del Internado de la Escuela de Medicina de la UTalca.<\/a><\/p><p>\u00a0<\/p><p class=\"x_x_MsoNoSpacing\"><strong>EL MERCURIO<\/strong><\/p><p class=\"x_x_MsoNoSpacing\"><a href=\"https:\/\/www.litoralpress.cl\/paginaconsultas\/Servicios_NClip\/Get_Imagen_Nota.aspx?LPKey=SRGWIAOVAKQHQOZSZZEX2F2A5DM3PIMWMJ4II6UHMNBSK3SKKDSYXMV23OYW2T7D3WRY6X5CRWOOE\">Cinco claves que hay que saber sobre los protectores solares. Se refiere Julieta Navea, acad\u00e9mica de la Escuela de Enfermer\u00eda de la UTalca.<\/a><\/p><p>\u00a0<\/p><p class=\"x_x_MsoNoSpacing\"><strong>DIARIOTALCA.CL\u00a0<\/strong><\/p><p class=\"x_x_MsoNoSpacing\"><a href=\"https:\/\/diariotalca.cl\/buscas-opciones-de-estudio-para-tus-hijos-de-ensenanza-media-conoce-los-nuevos-colegios-con-convenio-utalca\/\">\u00bfBuscas opciones de estudio para tus hijos de ense\u00f1anza media? Conoce los nuevos colegios con convenio UTalca.\u00a0<\/a><\/p><p class=\"x_x_MsoNoSpacing\">\u00a0<\/p><p class=\"x_x_MsoNoSpacing\"><strong>LAS ULTIMAS NOTICIAS<\/strong><\/p><div class=\"x_x_MsoNoSpacing\"><a href=\"https:\/\/www.litoralpress.cl\/paginaconsultas\/Servicios_NClip\/Get_Imagen_Nota.aspx?LPKey=WUG42KDDQ5KTPSCOLFW3HIWW3J5CGEBSKJYVJFO6FKR5CSUPFATP42SC3LSY6PFWGB6C2DVKMJZDA\">\u201cNunca cruz\u00f3 por mi cabeza herir o matar a nadie, s\u00f3lo pens\u00e9 en escapar\u201d. Se refiere Osvaldo Artaza, director del Centro de Estudios de Derecho Penal de la UTalca.<\/a><\/div><p>\u00a0<\/p><p class=\"x_x_MsoNoSpacing\"><strong>EL HERALDO\u00a0<\/strong><\/p><p class=\"x_x_MsoNoSpacing\"><a href=\"https:\/\/www.litoralpress.cl\/paginaconsultas\/Servicios_NClip\/Get_Imagen_Nota.aspx?LPKey=6T7C7G73XN6G2AP2MZE4QY4ZOFHCCAMLSSUPBZ5OT4UXLAZTM2GJXTHVVRSOYNN62DG3BGUUUVMPS\">UTalca firma nuevos convenios con cuatro establecimientos de ense\u00f1anza media.<\/a><\/p><p class=\"x_x_MsoNoSpacing\" aria-hidden=\"true\">\u00a0<\/p><p class=\"x_x_MsoNoSpacing\"><strong>DIARIOELHERALDO.CL\u00a0<\/strong><\/p><p class=\"x_x_MsoNoSpacing\"><a href=\"http:\/\/www.diarioelheraldo.cl\/noticia\/utalca-firma-nuevos-convenios-con-cuatro-establecimientos-de-ensenanza-media-\">UTalca firma nuevos convenios con cuatro establecimientos de ense\u00f1anza media.<\/a><\/p><p class=\"x_x_MsoNoSpacing\" aria-hidden=\"true\">\u00a0<\/p><p class=\"x_x_MsoNoSpacing\"><strong>LA PRENSA\u00a0<\/strong><\/p><p class=\"x_x_MsoNoSpacing\"><a href=\"https:\/\/www.litoralpress.cl\/paginaconsultas\/Servicios_NClip\/Get_Imagen_Nota.aspx?LPKey=BCX5CXN65UNPRXJTEL52SYUWL2DFDTRG4HWQSX2V62BG2JBKDXXP5Q5C2C5JG67F6HNCIL73Y3NZS\">Maule es sede ma\u00f1ana de nueva edici\u00f3n regional del Congreso del Futuro 2022.\u00a0Se refiere Eduardo \u00c1lvarez, director de Investigaci\u00f3n de la UTalca \u00a0<\/a><\/p><p class=\"x_x_MsoNoSpacing\">\u00a0<\/p><p class=\"x_x_MsoNoSpacing\"><strong>DIARIOELHERALDO.CL\u00a0<\/strong><\/p><p class=\"x_x_MsoNoSpacing\"><a href=\"http:\/\/www.diarioelheraldo.cl\/noticia\/aprender-a-convivir-el-debate-que-plantea-el-congreso-futuro-2022-en-el-maule-\">\u201cAprender a convivir\u201d: el debate que plantea el Congreso Futuro 2022 en el Maule. Se refiere Eduardo \u00c1lvarez, director de Investigaci\u00f3n de la UTalca.<\/a><\/p><p class=\"x_x_MsoNoSpacing\" aria-hidden=\"true\">\u00a0<\/p><p class=\"x_x_MsoNoSpacing\"><strong>EL LECTOR\u00a0<\/strong><\/p><p class=\"x_x_MsoNoSpacing\"><a href=\"https:\/\/www.litoralpress.cl\/paginaconsultas\/Servicios_NClip\/Get_Imagen_Nota.aspx?LPKey=FAYCQWIMJV7DPO2SUZNFURZYYXDVQU77DBV243GFS5V5LEG5PXXHBCOEVDKFMUKHQBG5GQHSG4SWO\">\u201cAprender a convivir\u201d: el debate que plantea el Congreso Futuro 2022 en el Maule. Se refiere Eduardo \u00c1lvarez, director de Investigaci\u00f3n de la UTalca.<\/a><\/p><p class=\"x_x_MsoNoSpacing\" aria-hidden=\"true\">\u00a0<\/p><p class=\"x_x_MsoNoSpacing\"><strong>CANAL TVR<\/strong><\/p><p class=\"x_x_MsoNoSpacing\"><a href=\"https:\/\/www.litoralpress.cl\/sitio\/RadioTV_Detalles.cshtml?LPKey=ISY2PDEFR2H5S5XNSQ6AFDKZU6RAM3354CCWF6UT63ZNLRQ5SZVQ\">Regi\u00f3n del Maule enfrenta aumento exponencial de contagios con Covid-19. Se refiere Marcelo Alarc\u00f3n, acad\u00e9mico del Departamento de Bioqu\u00edmica Cl\u00ednica e Inmunohematolog\u00eda de la UTalca.<\/a><\/p><p>\u00a0<\/p><p class=\"x_x_MsoNoSpacing\"><strong>OVEJERONOTICIAS.CL\u00a0<\/strong><\/p><p class=\"x_x_MsoNoSpacing\"><a href=\"https:\/\/www.ovejeronoticias.cl\/2022\/01\/avance-de-omicron-recomiendan-teletrabajo-y-facilitar-la-vacunacion\/\">Avance de \u00d3micron: recomiendan teletrabajo y facilitar la vacunaci\u00f3n. Se refiere Erika Retamal, directora de Salud P\u00fablica de la UTalca.<\/a><\/p><p class=\"x_x_MsoNoSpacing\">\u00a0<\/p><p class=\"x_x_MsoNoSpacing\"><strong>CANAL MEGA\u00a0<\/strong><\/p><p class=\"x_x_MsoNoSpacing\"><a href=\"https:\/\/www.litoralpress.cl\/sitio\/RadioTV_Detalles.cshtml?LPKey=M6S6VTJX5C6JTSWROGS5X5MRYBYJB2CRMQSP6GYU3ITQNE7J4WWA\">Entrevista a Mauricio Morales, director del Centro de An\u00e1lisis Pol\u00edtico (CAP) de la UTalca.\u00a0<\/a><\/p><p class=\"x_x_MsoNoSpacing\">\u00a0<\/p><p class=\"x_x_MsoNoSpacing\"><strong>CANAL LA RED<\/strong><\/p><div class=\"x_x_MsoNoSpacing\"><a href=\"https:\/\/www.litoralpress.cl\/sitio\/RadioTV_Detalles.cshtml?LPKey=HEQEJT76WHOPTE7FFNJTPSKCPRSJIPKK3LWAPE2SY4DZ6ZSIRVVA\">Entrevista a Mar\u00eda Elisa Quinteros y Gaspar Dom\u00ednguez, Presidenta y Vicepresidente de la Convenci\u00f3n Constitucional. Se menciona a la UTalca.<\/a><\/div><p>\u00a0<\/p><p class=\"x_x_MsoNoSpacing\"><strong>RADIOMAGALLANES.CL\u00a0<\/strong><\/p><p class=\"x_x_MsoNoSpacing\"><a href=\"https:\/\/www.radiomagallanes.cl\/noticia.php?id_not=99608\">Presidenta de la Convenci\u00f3n Constitucional: \u201cQueremos acercar el proceso a las personas para que participen y lo sientan suyo\u201d. Se menciona la UTalca.\u00a0<\/a><\/p><p class=\"x_x_MsoNoSpacing\" aria-hidden=\"true\">\u00a0<\/p><p class=\"x_x_MsoNoSpacing\"><strong>G5NOTICIAS.CL\u00a0<\/strong><\/p><p class=\"x_x_MsoNoSpacing\"><a href=\"https:\/\/g5noticias.cl\/2022\/01\/17\/presidenta-de-la-convencion-constitucional-queremos-acercar-el-proceso-a-las-personas-para-que-participen-y-lo-sientan-suyo\/\">Presidenta de la Convenci\u00f3n Constitucional: \u201cQueremos acercar el proceso a las personas para que participen y lo sientan suyo\u201d. Se menciona la UTalca.\u00a0<\/a><\/p><div class=\"x__Entity x__EType_OWALinkPreview x__EId_OWALinkPreview_1 x__EReadonly_1\">\u00a0<\/div><p class=\"x_x_MsoNoSpacing\"><strong>CANAL TVN<\/strong><\/p><p class=\"x_x_MsoNoSpacing\"><a href=\"https:\/\/www.litoralpress.cl\/sitio\/RadioTV_Detalles.cshtml?LPKey=GEFAEUEUMNSJLHQ7XIXZEL2EKZ6E76WMQA5CVQDQ3CHQROODQAEQ\">Irina Karamanos asumir\u00e1 rol de Primera Dama. Se refiere Mauricio Morales, director del Centro de An\u00e1lisis Pol\u00edtico (CAP) de la UTalca.<\/a><\/p><p>\u00a0<\/p><p class=\"x_x_MsoNoSpacing\"><strong>CANAL 24 HORAS<\/strong><\/p><div class=\"x_x_MsoNoSpacing\"><a href=\"https:\/\/www.litoralpress.cl\/sitio\/RadioTV_Detalles.cshtml?LPKey=RFKMWQAAPYIDB3YSI4NJHLLVDG2K5R5WYVCEUFBUALOSSV2JNS6Q\">Irina Karamanos asumir\u00e1 rol de Primera Dama. Se refiere Mauricio Morales, director del Centro de An\u00e1lisis Pol\u00edtico (CAP) de la UTalca.<\/a><\/div><div class=\"x_x_MsoNoSpacing\">\u00a0<\/div>\t\t\t\t\t\t<\/div>\n\t\t\t\t<\/div>\n\t\t\t\t\t<\/div>\n\t\t<\/div>\n\t\t\t\t\t\t\t<\/div>\n\t\t<\/section>\n\t\t\t\t\t\t<\/div>\n\t\t\t\t\t<\/div>\n\t\t","protected":false},"excerpt":{"rendered":"<p>LINARESENLINEA.CL\u00a0 UTalca se prepara para el retorno de las clases presenciales.\u00a0 \u00a0 LA PRENSA\u00a0 De la Universidad de Talca: Ingenieros Civiles Mecatr\u00f3nicos recibieron sus t\u00edtulos.\u00a0 \u00a0 DIARIOLAPRENSA.CL\u00a0 Ingenieros Civiles Mecatr\u00f3nicos recibieron sus t\u00edtulos. Se refiere Javier Mu\u00f1oz, decano de la Facultad de Ingenier\u00eda y Daniel D\u00edaz, director de la Escuela de Ingenier\u00eda Civil Mecatr\u00f3nica de &hellip;<\/p>\n<p class=\"read-more\"> <a class=\"\" href=\"https:\/\/www.reportedeprensa.utalca.cl\/?p=3059\"> <span class=\"screen-reader-text\">19 de enero de 2021<\/span> Read More &raquo;<\/a><\/p>\n","protected":false},"author":1,"featured_media":0,"comment_status":"closed","ping_status":"open","sticky":false,"template":"","format":"standard","meta":{"_monsterinsights_skip_tracking":false,"_monsterinsights_sitenote_active":false,"_monsterinsights_sitenote_note":"","_monsterinsights_sitenote_category":0},"categories":[17],"tags":[],"_links":{"self":[{"href":"https:\/\/www.reportedeprensa.utalca.cl\/index.php?rest_route=\/wp\/v2\/posts\/3059"}],"collection":[{"href":"https:\/\/www.reportedeprensa.utalca.cl\/index.php?rest_route=\/wp\/v2\/posts"}],"about":[{"href":"https:\/\/www.reportedeprensa.utalca.cl\/index.php?rest_route=\/wp\/v2\/types\/post"}],"author":[{"embeddable":true,"href":"https:\/\/www.reportedeprensa.utalca.cl\/index.php?rest_route=\/wp\/v2\/users\/1"}],"replies":[{"embeddable":true,"href":"https:\/\/www.reportedeprensa.utalca.cl\/index.php?rest_route=%2Fwp%2Fv2%2Fcomments&post=3059"}],"version-history":[{"count":4,"href":"https:\/\/www.reportedeprensa.utalca.cl\/index.php?rest_route=\/wp\/v2\/posts\/3059\/revisions"}],"predecessor-version":[{"id":3063,"href":"https:\/\/www.reportedeprensa.utalca.cl\/index.php?rest_route=\/wp\/v2\/posts\/3059\/revisions\/3063"}],"wp:attachment":[{"href":"https:\/\/www.reportedeprensa.utalca.cl\/index.php?rest_route=%2Fwp%2Fv2%2Fmedia&parent=3059"}],"wp:term":[{"taxonomy":"category","embeddable":true,"href":"https:\/\/www.reportedeprensa.utalca.cl\/index.php?rest_route=%2Fwp%2Fv2%2Fcategories&post=3059"},{"taxonomy":"post_tag","embeddable":true,"href":"https:\/\/www.reportedeprensa.utalca.cl\/index.php?rest_route=%2Fwp%2Fv2%2Ftags&post=3059"}],"curies":[{"name":"wp","href":"https:\/\/api.w.org\/{rel}","templated":true}]}}