{"id":3071,"date":"2022-01-20T09:30:22","date_gmt":"2022-01-20T12:30:22","guid":{"rendered":"https:\/\/www.reportedeprensa.utalca.cl\/?p=3071"},"modified":"2022-01-20T10:04:24","modified_gmt":"2022-01-20T13:04:24","slug":"20-de-enero-de-2021","status":"publish","type":"post","link":"https:\/\/www.reportedeprensa.utalca.cl\/?p=3071","title":{"rendered":"20 de enero de 2021"},"content":{"rendered":"\t\t<div data-elementor-type=\"wp-post\" data-elementor-id=\"3071\" class=\"elementor elementor-3071\" data-elementor-settings=\"[]\">\n\t\t\t\t\t\t\t<div class=\"elementor-section-wrap\">\n\t\t\t\t\t\t\t<section class=\"elementor-section elementor-top-section elementor-element elementor-element-14ddfc9a elementor-section-boxed elementor-section-height-default elementor-section-height-default\" data-id=\"14ddfc9a\" data-element_type=\"section\">\n\t\t\t\t\t\t<div class=\"elementor-container elementor-column-gap-default\">\n\t\t\t\t\t<div class=\"elementor-column elementor-col-100 elementor-top-column elementor-element elementor-element-7a6e1dad\" data-id=\"7a6e1dad\" data-element_type=\"column\">\n\t\t\t<div class=\"elementor-widget-wrap elementor-element-populated\">\n\t\t\t\t\t\t\t\t<div class=\"elementor-element elementor-element-61c3f1d6 elementor-widget elementor-widget-text-editor\" data-id=\"61c3f1d6\" data-element_type=\"widget\" data-widget_type=\"text-editor.default\">\n\t\t\t\t<div class=\"elementor-widget-container\">\n\t\t\t\t\t\t\t\t<p class=\"x_x_MsoNoSpacing\"><strong><span lang=\"ES\">EL MERCURIO<\/span><\/strong><\/p><p class=\"x_x_MsoNoSpacing\"><span lang=\"ES\"><a href=\"https:\/\/www.litoralpress.cl\/paginaconsultas\/Servicios_NClip\/Get_Imagen_Nota.aspx?LPKey=MAEWDFM2STKLJLNZ5R627MVEOJEOKPNZSXZ6DFXPEFR3HBAUJXJMVNZ442FXIA2NCLWAC3NCOTTHY\">El 5G en EE.UU amenaza con alterar aterrizaje de aviones y deja decenas de vuelos en tierra. Se refiere Ricardo P\u00e9rez, acad\u00e9mico de la Facultad de Ingenier\u00eda de la UTalca.<\/a><br aria-hidden=\"true\" \/><\/span><\/p><p>\u00a0<\/p><p class=\"x_x_MsoNoSpacing\"><strong><span lang=\"ES\">CANAL TVR\u00a0<\/span><\/strong><\/p><p class=\"x_x_MsoNoSpacing\"><a href=\"https:\/\/www.litoralpress.cl\/sitio\/RadioTV_Detalles.cshtml?LPKey=ISY2PDEFR2H5S5XNSQ6AFDKZU6RAM3354CCWF6UT63ZNLRQ5SZVQ\"><span lang=\"ES\">Regi\u00f3n del Maule enfrenta aumento exponencial de contagios con Covid-19. Se refiere Marcelo Alarc\u00f3n, acad\u00e9mico del Departamento de Bioqu\u00edmica Cl\u00ednica e Inmunohematolog\u00eda de la UTalca.\u00a0<\/span><\/a><\/p><p class=\"x_x_MsoNoSpacing\"><span lang=\"ES\">\u00a0<\/span><\/p><p class=\"x_x_MsoNoSpacing\"><strong><span lang=\"ES\">RADIO AMIGA\u00a0<\/span><\/strong><\/p><p class=\"x_x_MsoNoSpacing\"><a href=\"https:\/\/www.litoralpress.cl\/sitio\/RadioTV_Detalles.cshtml?LPKey=LJL3IWA66G2WWW5MNP7LA5L5LWNGNL5GFJJ72HACPDKNXPQGRVWA\"><span lang=\"ES\">Llaman a acercar la vacunaci\u00f3n contra el Covid-19 a las personas. Se refiere Erika Retamal, directora de Salud P\u00fablica de la UTalca.\u00a0<\/span><\/a><\/p><p class=\"x_x_MsoNoSpacing\"><span lang=\"ES\">\u00a0<\/span><\/p><p class=\"x_x_MsoNoSpacing\"><strong><span lang=\"ES\">DIARIOTALCA.CL\u00a0<\/span><\/strong><\/p><p class=\"x_x_MsoNoSpacing\"><a href=\"https:\/\/diariotalca.cl\/cifras-de-casos-nuevos-y-activos-covid-van-de-mal-en-peor-en-el-maule\/\"><span lang=\"ES\">Cifras de casos nuevos y activos Covid van de mal en peor en el Maule. Se refiere Erika Retamal, directora de Salud P\u00fablica de la UTalca.\u00a0<\/span><\/a><\/p><p class=\"x_x_MsoNoSpacing\"><span lang=\"ES\">\u00a0<\/span><\/p><p class=\"x_x_MsoNoSpacing\"><strong><span lang=\"ES\">EL HERALDO\u00a0<\/span><\/strong><\/p><p class=\"x_x_MsoNoSpacing\"><a href=\"https:\/\/www.litoralpress.cl\/paginaconsultas\/Servicios_NClip\/Get_Imagen_Nota.aspx?LPKey=ZJIWLKFM5KJXFRCV67OLGDJEL6U64EVUZBJ6CUPMEHHIG4NKMSXDOPE6XVYUUQOPWY2F5K4WFFPKY\"><span lang=\"ES\">Avance de \u00d3micron: recomiendan teletrabajo y facilitar la vacunaci\u00f3n. Se refiere Erika Retamal, directora de Salud P\u00fablica de la UTalca.\u00a0<\/span><\/a><\/p><p class=\"x_x_MsoNoSpacing\"><span lang=\"ES\">\u00a0<\/span><\/p><p class=\"x_x_MsoNoSpacing\"><strong><span lang=\"ES\">EL LECTOR\u00a0<\/span><\/strong><\/p><p class=\"x_x_MsoNoSpacing\"><a href=\"https:\/\/www.litoralpress.cl\/paginaconsultas\/Servicios_NClip\/Get_Imagen_Nota.aspx?LPKey=DTXEWUX6UIYCQ4THTI73ZKPXGLVKTN436RJ6WW3HYBRMUJVRQOWD5LG2G3TV3M4DEN6R23T2E5XRU\"><span lang=\"ES\">Avance de \u00d3micron: recomiendan teletrabajo y facilitar la vacunaci\u00f3n. Se refiere Erika Retamal, directora de Salud P\u00fablica de la UTalca. <\/span><span lang=\"ES\">\u00a0<\/span><\/a><\/p><p>\u00a0<\/p><p class=\"x_x_MsoNoSpacing\"><strong><span lang=\"ES\">G5NOTICIAS.CL\u00a0<\/span><\/strong><\/p><p class=\"x_x_MsoNoSpacing\"><a href=\"https:\/\/g5noticias.cl\/2022\/01\/19\/avance-de-omicron-recomiendan-teletrabajo-y-facilitar-la-vacunacion\/\"><span lang=\"ES\">Avance de \u00d3micron: recomiendan teletrabajo y facilitar la vacunaci\u00f3n. Se refiere Erika Retamal, directora de Salud P\u00fablica de la UTalca.\u00a0<\/span><\/a><\/p><p class=\"x_x_MsoNoSpacing\"><span lang=\"ES\">\u00a0<\/span><\/p><p class=\"x_x_MsoNoSpacing\"><strong><span lang=\"ES\">CANAL MEGA\u00a0<\/span><\/strong><\/p><p class=\"x_x_MsoNoSpacing\"><a href=\"https:\/\/www.litoralpress.cl\/sitio\/RadioTV_Detalles.cshtml?LPKey=6YOM63YNNK4C3EDF2L7TII6SF27UU374YWGVQUR4ZVASXQ37MC6A\"><span lang=\"ES\">Mujer huy\u00f3 de encerrona atropellando a delincuente en La Reina. Se menciona opini\u00f3n de Osvaldo Artaza, director del Centro de Estudios de Derecho Penal de la UTalca.\u00a0<\/span><\/a><\/p><p class=\"x_x_MsoNoSpacing\"><span lang=\"ES\">\u00a0<\/span><\/p><p class=\"x_x_MsoNoSpacing\"><strong><span lang=\"ES\">THECLINIC.CL\u00a0<\/span><\/strong><\/p><p class=\"x_x_MsoNoSpacing\"><a href=\"https:\/\/www.theclinic.cl\/2022\/01\/19\/vicepresidente-a-la-norteamericana-o-primer-ministro-a-la-portuguesa-guia-para-entender-el-debate-sobre-regimen-politico-en-la-convencion\/\"><span lang=\"ES\">\u00bfVicepresidente a la norteamericana o primer ministro a la portuguesa? Gu\u00eda para entender el debate sobre r\u00e9gimen pol\u00edtico en la Convenci\u00f3n. Se refiere Mauricio Morales, director del Centro de An\u00e1lisis Pol\u00edtico (CAP) de la UTalca.\u00a0<\/span><\/a><\/p><p class=\"x_x_MsoNoSpacing\"><span lang=\"ES\">\u00a0<\/span><\/p><p class=\"x_x_MsoNoSpacing\"><strong><span lang=\"ES\">ELDESCONCIERTO.CL\u00a0<\/span><\/strong><\/p><p class=\"x_x_MsoNoSpacing\"><a href=\"https:\/\/www.eldesconcierto.cl\/reportajes\/2022\/01\/18\/maria-elisa-quinteros-y-su-rol-en-la-cc-no-me-acomoda-pero-asumo-con-responsabilidad.html\"><span lang=\"ES\">Mar\u00eda Elisa Quinteros y su rol en la CC: \u00abNo me acomoda, pero asumo con responsabilidad\u00bb. Se menciona el Departamento de Salud P\u00fablica de la UTalca.\u00a0<\/span><\/a><\/p><p class=\"x_x_MsoNoSpacing\"><span lang=\"ES\">\u00a0<\/span><\/p><p class=\"x_x_MsoNoSpacing\"><strong><span lang=\"ES\">ENLINEAMAULE.CL\u00a0<\/span><\/strong><\/p><p class=\"x_x_MsoNoSpacing\"><a href=\"https:\/\/enlineamaule.cl\/archivo\/47006\"><span lang=\"ES\">La presidenta de la Convenci\u00f3n Constitucional sostuvo que el objetivo del trabajo en terreno y de las actividades diarias que realizan es porque se busca acercar el proceso a las personas para que participen. Se menciona el Departamento de Salud P\u00fablica de la UTalca.\u00a0<\/span><\/a><\/p><p class=\"x_x_MsoNoSpacing\"><span lang=\"ES\">\u00a0<\/span><\/p><p class=\"x_x_MsoNoSpacing\"><strong><span lang=\"ES\">EL HERALDO\u00a0<\/span><\/strong><\/p><p class=\"x_x_MsoNoSpacing\"><a href=\"https:\/\/www.litoralpress.cl\/paginaconsultas\/Servicios_NClip\/Get_Imagen_Nota.aspx?LPKey=73BYA5GJHS5QBEHB5DPJDBAIBJG6RMZBLKGZFUOQIPAALXAQIT6W4HFDA4T47ULSKU2D7WWWHQOUM\"><span lang=\"ES\">Presidenta de la Convenci\u00f3n: \u201cQueremos acercar el proceso a las personas para que participen y lo sientan suyo\u201d. Se menciona el Departamento de Salud P\u00fablica de la UTalca.\u00a0<\/span><\/a><\/p><p class=\"x_x_MsoNoSpacing\"><span lang=\"ES\">\u00a0<\/span><\/p><p class=\"x_x_MsoNoSpacing\"><strong><span lang=\"ES\">DIARIOELHERALDO.CL\u00a0<\/span><\/strong><\/p><p class=\"x_x_MsoNoSpacing\"><a href=\"http:\/\/www.diarioelheraldo.cl\/noticia\/presidenta-de-la-convencion-queremos-acercar-el-proceso-a-las-personas-para-que-participen-y-lo-sientan-suyo\"><span lang=\"ES\">Presidenta de la Convenci\u00f3n: \u201cQueremos acercar el proceso a las personas para que participen y lo sientan suyo\u201d. Se menciona el Departamento de Salud P\u00fablica de la UTalca.\u00a0<\/span><\/a><\/p><p class=\"x_x_MsoNoSpacing\"><span lang=\"ES\">\u00a0<\/span><\/p><p class=\"x_x_MsoNoSpacing\"><strong><span lang=\"ES\">ADPRENSA.CL<\/span><\/strong><\/p><p class=\"x_x_MsoNoSpacing\"><span lang=\"ES\"><a href=\"https:\/\/www.adprensa.cl\/cronica\/extension-utalca-vuelven-los-talleres-de-verano-presenciales\/\">Extensi\u00f3n UTalca: Vuelven los talleres de verano presenciales.<\/a><br aria-hidden=\"true\" \/><\/span><\/p><div class=\"x__Entity x__EType_OWALinkPreview x__EId_OWALinkPreview x__EReadonly_1\">\u00a0<\/div><p class=\"x_x_MsoNoSpacing\"><strong><span lang=\"ES\">REDMAULE.COM\u00a0<\/span><\/strong><\/p><p class=\"x_x_MsoNoSpacing\"><a href=\"https:\/\/www.redmaule.com\/regional\/centro-de-extension-utalca-vuelven-los-talleres-de-verano-presenciales\"><span lang=\"ES\">Centro de Extensi\u00f3n UTalca: Vuelven los talleres de verano presenciales.\u00a0<\/span><\/a><\/p>\t\t\t\t\t\t<\/div>\n\t\t\t\t<\/div>\n\t\t\t\t\t<\/div>\n\t\t<\/div>\n\t\t\t\t\t\t\t<\/div>\n\t\t<\/section>\n\t\t\t\t\t\t<\/div>\n\t\t\t\t\t<\/div>\n\t\t","protected":false},"excerpt":{"rendered":"<p>EL MERCURIO El 5G en EE.UU amenaza con alterar aterrizaje de aviones y deja decenas de vuelos en tierra. Se refiere Ricardo P\u00e9rez, acad\u00e9mico de la Facultad de Ingenier\u00eda de la UTalca. \u00a0 CANAL TVR\u00a0 Regi\u00f3n del Maule enfrenta aumento exponencial de contagios con Covid-19. Se refiere Marcelo Alarc\u00f3n, acad\u00e9mico del Departamento de Bioqu\u00edmica Cl\u00ednica &hellip;<\/p>\n<p class=\"read-more\"> <a class=\"\" href=\"https:\/\/www.reportedeprensa.utalca.cl\/?p=3071\"> <span class=\"screen-reader-text\">20 de enero de 2021<\/span> Read More &raquo;<\/a><\/p>\n","protected":false},"author":1,"featured_media":0,"comment_status":"closed","ping_status":"open","sticky":false,"template":"","format":"standard","meta":{"_monsterinsights_skip_tracking":false,"_monsterinsights_sitenote_active":false,"_monsterinsights_sitenote_note":"","_monsterinsights_sitenote_category":0},"categories":[17],"tags":[],"_links":{"self":[{"href":"https:\/\/www.reportedeprensa.utalca.cl\/index.php?rest_route=\/wp\/v2\/posts\/3071"}],"collection":[{"href":"https:\/\/www.reportedeprensa.utalca.cl\/index.php?rest_route=\/wp\/v2\/posts"}],"about":[{"href":"https:\/\/www.reportedeprensa.utalca.cl\/index.php?rest_route=\/wp\/v2\/types\/post"}],"author":[{"embeddable":true,"href":"https:\/\/www.reportedeprensa.utalca.cl\/index.php?rest_route=\/wp\/v2\/users\/1"}],"replies":[{"embeddable":true,"href":"https:\/\/www.reportedeprensa.utalca.cl\/index.php?rest_route=%2Fwp%2Fv2%2Fcomments&post=3071"}],"version-history":[{"count":7,"href":"https:\/\/www.reportedeprensa.utalca.cl\/index.php?rest_route=\/wp\/v2\/posts\/3071\/revisions"}],"predecessor-version":[{"id":3090,"href":"https:\/\/www.reportedeprensa.utalca.cl\/index.php?rest_route=\/wp\/v2\/posts\/3071\/revisions\/3090"}],"wp:attachment":[{"href":"https:\/\/www.reportedeprensa.utalca.cl\/index.php?rest_route=%2Fwp%2Fv2%2Fmedia&parent=3071"}],"wp:term":[{"taxonomy":"category","embeddable":true,"href":"https:\/\/www.reportedeprensa.utalca.cl\/index.php?rest_route=%2Fwp%2Fv2%2Fcategories&post=3071"},{"taxonomy":"post_tag","embeddable":true,"href":"https:\/\/www.reportedeprensa.utalca.cl\/index.php?rest_route=%2Fwp%2Fv2%2Ftags&post=3071"}],"curies":[{"name":"wp","href":"https:\/\/api.w.org\/{rel}","templated":true}]}}