{"id":3098,"date":"2022-01-21T09:14:30","date_gmt":"2022-01-21T12:14:30","guid":{"rendered":"https:\/\/www.reportedeprensa.utalca.cl\/?p=3098"},"modified":"2022-01-21T09:19:44","modified_gmt":"2022-01-21T12:19:44","slug":"21-de-enero-de-2021","status":"publish","type":"post","link":"https:\/\/www.reportedeprensa.utalca.cl\/?p=3098","title":{"rendered":"21 de enero de 2021"},"content":{"rendered":"\t\t<div data-elementor-type=\"wp-post\" data-elementor-id=\"3098\" class=\"elementor elementor-3098\" data-elementor-settings=\"[]\">\n\t\t\t\t\t\t\t<div class=\"elementor-section-wrap\">\n\t\t\t\t\t\t\t<section class=\"elementor-section elementor-top-section elementor-element elementor-element-79c5caf elementor-section-boxed elementor-section-height-default elementor-section-height-default\" data-id=\"79c5caf\" data-element_type=\"section\">\n\t\t\t\t\t\t<div class=\"elementor-container elementor-column-gap-default\">\n\t\t\t\t\t<div class=\"elementor-column elementor-col-100 elementor-top-column elementor-element elementor-element-455b5b65\" data-id=\"455b5b65\" data-element_type=\"column\">\n\t\t\t<div class=\"elementor-widget-wrap elementor-element-populated\">\n\t\t\t\t\t\t\t\t<div class=\"elementor-element elementor-element-7107a2b0 elementor-widget elementor-widget-text-editor\" data-id=\"7107a2b0\" data-element_type=\"widget\" data-widget_type=\"text-editor.default\">\n\t\t\t\t<div class=\"elementor-widget-container\">\n\t\t\t\t\t\t\t\t<p class=\"x_x_MsoNoSpacing\"><strong><span lang=\"ES\">LA PRENSA\u00a0<\/span><\/strong><\/p><p class=\"x_x_MsoNoSpacing\"><a href=\"https:\/\/www.litoralpress.cl\/paginaconsultas\/Servicios_NClip\/Get_Imagen_Nota.aspx?LPKey=YMSY7KMQM3TUPOV4JDK66GIX4NQE7QPDYONE76Z4IAIIMZZ22ZNOXESQJA2KRGCZQHWSLBOKEKFW6\"><span lang=\"ES\">&#8220;Aprender a convivir&#8221; fue tem\u00e1tica regional en el Congreso del Futuro. Se refiere \u00c1lvaro Rojas, rector de la UTalca.\u00a0<\/span><\/a><\/p><p class=\"x_x_MsoNoSpacing\"><span lang=\"ES\">\u00a0<\/span><\/p><p class=\"x_x_MsoNoSpacing\"><strong><span lang=\"ES\">EL HERALDO\u00a0<\/span><\/strong><\/p><p class=\"x_x_MsoNoSpacing\"><a href=\"https:\/\/www.litoralpress.cl\/paginaconsultas\/Servicios_NClip\/Get_Imagen_Nota.aspx?LPKey=DPVQ4IKCPMEFWQDGVXECDKO5TV72RZETRJV6CES5WLQKQRJ3Z4HU6FVZWNOESKCTNDSSRYLFIX45M\"><span lang=\"ES\">Portada: Activa participaci\u00f3n de la UTalca en Congreso Futuro 2022.\u00a0<\/span><\/a><\/p><p class=\"x_x_MsoNoSpacing\"><span lang=\"ES\">\u00a0<\/span><\/p><p class=\"x_x_MsoNoSpacing\"><strong><span lang=\"ES\">EL HERALDO\u00a0<\/span><\/strong><\/p><p class=\"x_x_MsoNoSpacing\"><a href=\"https:\/\/www.litoralpress.cl\/paginaconsultas\/Servicios_NClip\/Get_Imagen_Nota.aspx?LPKey=OO3ZIFAMFARRF72F6MLSLKXODBSZVA4IHTHRFWSAQW7C5IAAEVZF6GDWLYWARUBOLBRD37E53BLCE\"><span lang=\"ES\">Activa participaci\u00f3n de la UTalca en Congreso Futuro 2022.\u00a0<\/span><\/a><\/p><p class=\"x_x_MsoNoSpacing\"><span lang=\"ES\">\u00a0<\/span><\/p><p class=\"x_x_MsoNoSpacing\"><strong><span lang=\"ES\">EL LECTOR\u00a0<\/span><\/strong><\/p><p class=\"x_x_MsoNoSpacing\"><a href=\"https:\/\/www.litoralpress.cl\/paginaconsultas\/Servicios_NClip\/Get_Imagen_Nota.aspx?LPKey=W6B3HMRADZCWXZWHWGFLFXR76K6GZLHFIOP7JFN7EPIG4AQSAEX434CEXRVO36EZN3OGRBDPCKN2I\"><span lang=\"ES\">Activa participaci\u00f3n de la UTalca en Congreso Futuro 2022.\u00a0<\/span><\/a><\/p><p class=\"x_x_MsoNoSpacing\"><span lang=\"ES\">\u00a0<\/span><\/p><p class=\"x_x_MsoNoSpacing\"><strong><span lang=\"ES\">AGENCIA XINHUA (CHINA)\u00a0<\/span><\/strong><\/p><p class=\"x_x_MsoNoSpacing\"><a href=\"http:\/\/spanish.news.cn\/2022-01\/13\/c_1310422554.htm\"><span lang=\"ES\">Disparados los contagios en Am\u00e9rica Latina por la propagaci\u00f3n de \u00f3micron. Se refiere Marcelo Alarc\u00f3n, acad\u00e9mico del Departamento de Bioqu\u00edmica Cl\u00ednica e Inmunohematolog\u00eda de la UTalca.\u00a0<\/span><\/a><\/p><p class=\"x_x_MsoNoSpacing\"><span lang=\"ES\">\u00a0<\/span><\/p><p class=\"x_x_MsoNoSpacing\"><strong><span lang=\"ES\">UNIVERSIDADESDELESTADO.CL\u00a0<\/span><\/strong><\/p><p class=\"x_x_MsoNoSpacing\"><a href=\"http:\/\/www.universidadesestatales.cl\/cue\/?q=node\/9390\"><span lang=\"ES\">Universidad de Talca lidera proyecto que fortalecer\u00e1 el emprendimiento y la innovaci\u00f3n regional.<\/span><\/a><\/p><p class=\"x_x_MsoNoSpacing\"><span lang=\"ES\">\u00a0<\/span><\/p><p class=\"x_x_MsoNoSpacing\"><strong><span lang=\"ES\">CANAL TVN RED MAULE\u00a0<\/span><\/strong><\/p><p class=\"x_x_MsoNoSpacing\"><a href=\"https:\/\/www.litoralpress.cl\/sitio\/RadioTV_Detalles.cshtml?LPKey=I77ADOTXRXH4V66HGRA2AOPOUOMICHJS3NLQWEH6JEM7RDJZ5F3Q\"><span lang=\"ES\">Sigue proceso de vacunaci\u00f3n en la regi\u00f3n de El Maule. Se refiere Soledad Schott, directora del Centro de Psicolog\u00eda Aplicada (CEPA) de la UTalca.\u00a0<\/span><\/a><\/p><p class=\"x_x_MsoNoSpacing\"><span lang=\"ES\">\u00a0<\/span><\/p><p class=\"x_x_MsoNoSpacing\"><strong><span lang=\"ES\">CANAL CONTIVISI\u00d3N\u00a0<\/span><\/strong><\/p><p class=\"x_x_MsoNoSpacing\"><a href=\"https:\/\/www.litoralpress.cl\/sitio\/RadioTV_Detalles.cshtml?LPKey=R3OH5BVT7PRP7VGFJCISQQSAAH27DW6VXO2UZPAJSKOKDCQHXMFA\"><span lang=\"ES\">Chile report\u00f3 la cifra m\u00e1s alta de contagios en lo que va de la pandemia. Se refiere Erika Retamal, directora de Salud P\u00fablica de la UTalca.\u00a0<\/span><\/a><\/p><p class=\"x_x_MsoNoSpacing\"><span lang=\"ES\">\u00a0<\/span><\/p><p class=\"x_x_MsoNoSpacing\"><strong><span lang=\"ES\">LA PRENSA\u00a0<\/span><\/strong><\/p><p class=\"x_x_MsoNoSpacing\"><a href=\"https:\/\/www.litoralpress.cl\/paginaconsultas\/Servicios_NClip\/Get_Imagen_Nota.aspx?LPKey=47BXGLSG2XLHJXPESDXKMZUPMCTDWJBEYWRYVFOOUH7X7R6SSQT6W4NVFFV5DPGYXNLXFDPCE2QJ6\"><span lang=\"ES\">Avance de \u00d3micron: recomiendan teletrabajo y facilitar vacunaci\u00f3n. Se refiere Erika Retamal, directora de Salud P\u00fablica de la UTalca.\u00a0<\/span><\/a><\/p><p class=\"x_x_MsoNoSpacing\"><span lang=\"ES\">\u00a0<\/span><\/p><p class=\"x_x_MsoNoSpacing\"><strong><span lang=\"ES\">CANAL TVR<\/span><\/strong><\/p><p class=\"x_x_MsoNoSpacing\"><span lang=\"ES\"><a href=\"https:\/\/www.litoralpress.cl\/sitio\/RadioTV_Detalles.cshtml?LPKey=RE4V2AD62UXNRWGPXSJQW3XGVNY2TF4EPXLR7R4R55PEJS6P7JXA\">Presidenta de la Convenci\u00f3n Constitucional llam\u00f3 a la participaci\u00f3n ciudadana. Se menciona la UTalca.<\/a><br aria-hidden=\"true\" \/><\/span><\/p><p>\u00a0<\/p><p class=\"x_x_MsoNoSpacing\"><strong><span lang=\"ES\">CANAL MEGA PLUS\u00a0<\/span><\/strong><\/p><p class=\"x_x_MsoNoSpacing\"><a href=\"https:\/\/www.litoralpress.cl\/sitio\/RadioTV_Detalles.cshtml?LPKey=CK5ITY62JXN6A6IZL5BDD5Q4M76ZKFVKBVD4K4J7XJ4FJKDJWTKQ\"><span lang=\"ES\">Entrevista a Mario Herrera, acad\u00e9mico del Centro de An\u00e1lisis Pol\u00edtico (CAP) de la UTalca.\u00a0<\/span><\/a><\/p><p class=\"x_x_MsoNoSpacing\"><span lang=\"ES\">\u00a0<\/span><\/p><p class=\"x_x_MsoNoSpacing\"><strong><span lang=\"ES\">CANAL MEGA<\/span><\/strong><\/p><p class=\"x_x_MsoNoSpacing\"><span lang=\"ES\"><a href=\"https:\/\/www.litoralpress.cl\/sitio\/RadioTV_Detalles.cshtml?LPKey=SAVYDGBNTHVJRC47PUFAVZKN3HYXFZKEDHHXBQPZD3WOQE56YNBQ\">Gabriel Boric presenta ma\u00f1ana a su gabinete con presuntos integrantes de la ex-Concertaci\u00f3n.\u00a0Se refiere Mauricio Morales, director del Centro de An\u00e1lisis Pol\u00edtico (CAP) de la UTalca.<\/a><br aria-hidden=\"true\" \/><\/span><\/p><p>\u00a0<\/p><p class=\"x_x_MsoNoSpacing\"><strong><span lang=\"ES\">CANAL MEGA PLUS<\/span><\/strong><\/p><p class=\"x_x_MsoNoSpacing\"><span lang=\"ES\"><a href=\"https:\/\/www.litoralpress.cl\/sitio\/RadioTV_Detalles.cshtml?LPKey=AXEIWL5DURDRL4ILJ65YGAL65PXXKXUBZIY2O7TIT37GBNNFZPQQ\">Gabriel Boric presenta ma\u00f1ana a su gabinete con presuntos integrantes de la ex-Concertaci\u00f3n. Se refiere Mauricio Morales, director del Centro de An\u00e1lisis Pol\u00edtico (CAP) de la UTalca.<\/a><br aria-hidden=\"true\" \/><\/span><\/p><p>\u00a0<\/p><p class=\"x_x_MsoNoSpacing\"><strong><span lang=\"ES\">FORBES.CL\u00a0<\/span><\/strong><\/p><p class=\"x_x_MsoNoSpacing\"><a href=\"https:\/\/forbes.cl\/politica\/2022-01-20\/gabinete-presidente-chile-gabriel-boric\/\"><span lang=\"ES\">M\u00e1xima expectaci\u00f3n en Chile por la presentaci\u00f3n del futuro gabinete de Boric. Se refiere Mauricio Morales, director del Centro de An\u00e1lisis Pol\u00edtico de (CAP) la UTalca.<\/span><\/a><\/p><p class=\"x_x_MsoNoSpacing\"><span lang=\"ES\">\u00a0<\/span><\/p><p class=\"x_x_MsoNoSpacing\"><strong><span lang=\"ES\">BIOBIOCHILE.CL\u00a0<\/span><\/strong><\/p><p class=\"x_x_MsoNoSpacing\"><a href=\"https:\/\/www.biobiochile.cl\/noticias\/nacional\/chile\/2022\/01\/20\/maxima-expectacion-por-la-presentacion-del-futuro-gabinete-de-boric.shtml\"><span lang=\"ES\">M\u00e1xima expectaci\u00f3n por la presentaci\u00f3n del futuro gabinete de Boric. Se refiere Mauricio Morales, director del Centro de An\u00e1lisis Pol\u00edtico de (CAP) la UTalca.<\/span><\/a><\/p><p>\u00a0<\/p><p class=\"x_x_MsoNoSpacing\"><strong><span lang=\"ES\">PJUD.CL\u00a0<\/span><\/strong><\/p><p class=\"x_x_MsoNoSpacing\"><a href=\"https:\/\/www.pjud.cl\/prensa-y-comunicaciones\/noticias-del-poder-judicial\/68073\"><span style=\"font-size: 16px;\">Jueza de Familia Mar\u00eda Olga Troncoso recibe reconocimiento de la Universidad de Talca por su labor profesional.<\/span><\/a><\/p><div class=\"x_x_MsoNoSpacing\"><p class=\"x_x_MsoNoSpacing\"><span lang=\"ES\">\u00a0<\/span><\/p><p class=\"x_x_MsoNoSpacing\"><strong><span lang=\"ES\">EMOL.COM\u00a0<\/span><\/strong><\/p><p class=\"x_x_MsoNoSpacing\"><a href=\"https:\/\/www.emol.com\/noticias\/Nacional\/2022\/01\/20\/1044467\/gabinete-boric-y-karmanosd.html\"><span lang=\"ES\">Irina Karamanos como Primera Dama: La primera se\u00f1al de Boric y qu\u00e9 implica respecto a la designaci\u00f3n de su gabinete. Se refiere Mauricio Morales, director del Centro de An\u00e1lisis Pol\u00edtico de (CAP) la UTalca.<\/span><\/a><\/p><p class=\"x_x_MsoNoSpacing\"><span lang=\"ES\">\u00a0<\/span><\/p><p class=\"x_x_MsoNoSpacing\"><strong>DIARIOUSACH.CL\u00a0<\/strong><\/p><p class=\"x_x_MsoNoSpacing\"><a href=\"https:\/\/diariousach.cl\/paritario-e-intergeneracional-que-esperar-del-nombramiento-de-gabinete\"><span lang=\"ES\">Paritario e intergeneracional: \u00bfQu\u00e9 esperar el nombramiento del gabinete de Gabriel Boric? Se refiere Mauricio Morales, director del Centro de An\u00e1lisis Pol\u00edtico de (CAP) la UTalca.<\/span><\/a><\/p><p>\u00a0<\/p><p class=\"x_x_MsoNoSpacing\"><strong>REDGOL.CL\u00a0<\/strong><\/p><\/div><p class=\"x_x_MsoNoSpacing\"><a href=\"https:\/\/redgol.cl\/tendencias\/Admision-2022---Cuales-son-las-universidades-que-tiene-gratuidad--Que-universidades-cuentan-con-gratuidad-20220120-0071.html\"><span lang=\"ES\">Admisi\u00f3n 2022: \u00bfCu\u00e1les son las universidades con gratuidad? Revisa aqu\u00ed la lista completa. Se menciona a la UTalca.\u00a0<\/span><\/a><\/p>\t\t\t\t\t\t<\/div>\n\t\t\t\t<\/div>\n\t\t\t\t\t<\/div>\n\t\t<\/div>\n\t\t\t\t\t\t\t<\/div>\n\t\t<\/section>\n\t\t\t\t\t\t<\/div>\n\t\t\t\t\t<\/div>\n\t\t","protected":false},"excerpt":{"rendered":"<p>LA PRENSA\u00a0 &#8220;Aprender a convivir&#8221; fue tem\u00e1tica regional en el Congreso del Futuro. Se refiere \u00c1lvaro Rojas, rector de la UTalca.\u00a0 \u00a0 EL HERALDO\u00a0 Portada: Activa participaci\u00f3n de la UTalca en Congreso Futuro 2022.\u00a0 \u00a0 EL HERALDO\u00a0 Activa participaci\u00f3n de la UTalca en Congreso Futuro 2022.\u00a0 \u00a0 EL LECTOR\u00a0 Activa participaci\u00f3n de la UTalca en &hellip;<\/p>\n<p class=\"read-more\"> <a class=\"\" href=\"https:\/\/www.reportedeprensa.utalca.cl\/?p=3098\"> <span class=\"screen-reader-text\">21 de enero de 2021<\/span> Read More &raquo;<\/a><\/p>\n","protected":false},"author":1,"featured_media":0,"comment_status":"closed","ping_status":"open","sticky":false,"template":"","format":"standard","meta":{"_monsterinsights_skip_tracking":false,"_monsterinsights_sitenote_active":false,"_monsterinsights_sitenote_note":"","_monsterinsights_sitenote_category":0},"categories":[17],"tags":[],"_links":{"self":[{"href":"https:\/\/www.reportedeprensa.utalca.cl\/index.php?rest_route=\/wp\/v2\/posts\/3098"}],"collection":[{"href":"https:\/\/www.reportedeprensa.utalca.cl\/index.php?rest_route=\/wp\/v2\/posts"}],"about":[{"href":"https:\/\/www.reportedeprensa.utalca.cl\/index.php?rest_route=\/wp\/v2\/types\/post"}],"author":[{"embeddable":true,"href":"https:\/\/www.reportedeprensa.utalca.cl\/index.php?rest_route=\/wp\/v2\/users\/1"}],"replies":[{"embeddable":true,"href":"https:\/\/www.reportedeprensa.utalca.cl\/index.php?rest_route=%2Fwp%2Fv2%2Fcomments&post=3098"}],"version-history":[{"count":7,"href":"https:\/\/www.reportedeprensa.utalca.cl\/index.php?rest_route=\/wp\/v2\/posts\/3098\/revisions"}],"predecessor-version":[{"id":3110,"href":"https:\/\/www.reportedeprensa.utalca.cl\/index.php?rest_route=\/wp\/v2\/posts\/3098\/revisions\/3110"}],"wp:attachment":[{"href":"https:\/\/www.reportedeprensa.utalca.cl\/index.php?rest_route=%2Fwp%2Fv2%2Fmedia&parent=3098"}],"wp:term":[{"taxonomy":"category","embeddable":true,"href":"https:\/\/www.reportedeprensa.utalca.cl\/index.php?rest_route=%2Fwp%2Fv2%2Fcategories&post=3098"},{"taxonomy":"post_tag","embeddable":true,"href":"https:\/\/www.reportedeprensa.utalca.cl\/index.php?rest_route=%2Fwp%2Fv2%2Ftags&post=3098"}],"curies":[{"name":"wp","href":"https:\/\/api.w.org\/{rel}","templated":true}]}}