{"id":3124,"date":"2022-01-24T09:35:18","date_gmt":"2022-01-24T12:35:18","guid":{"rendered":"https:\/\/www.reportedeprensa.utalca.cl\/?p=3124"},"modified":"2022-01-24T09:35:56","modified_gmt":"2022-01-24T12:35:56","slug":"24-de-enero-de-2021","status":"publish","type":"post","link":"https:\/\/www.reportedeprensa.utalca.cl\/?p=3124","title":{"rendered":"24 de enero de 2021"},"content":{"rendered":"\t\t<div data-elementor-type=\"wp-post\" data-elementor-id=\"3124\" class=\"elementor elementor-3124\" data-elementor-settings=\"[]\">\n\t\t\t\t\t\t\t<div class=\"elementor-section-wrap\">\n\t\t\t\t\t\t\t<section class=\"elementor-section elementor-top-section elementor-element elementor-element-16972f78 elementor-section-boxed elementor-section-height-default elementor-section-height-default\" data-id=\"16972f78\" data-element_type=\"section\">\n\t\t\t\t\t\t<div class=\"elementor-container elementor-column-gap-default\">\n\t\t\t\t\t<div class=\"elementor-column elementor-col-100 elementor-top-column elementor-element elementor-element-28366ea6\" data-id=\"28366ea6\" data-element_type=\"column\">\n\t\t\t<div class=\"elementor-widget-wrap elementor-element-populated\">\n\t\t\t\t\t\t\t\t<div class=\"elementor-element elementor-element-667f86be elementor-widget elementor-widget-text-editor\" data-id=\"667f86be\" data-element_type=\"widget\" data-widget_type=\"text-editor.default\">\n\t\t\t\t<div class=\"elementor-widget-container\">\n\t\t\t\t\t\t\t\t<div><strong>UNIVERSIDADESESTATALES.CL<\/strong><\/div><div><a href=\"http:\/\/www.universidadesestatales.cl\/cue\/?q=node\/9395\">UTalca se encuentra preparada para las clases presenciales en marzo.<\/a><\/div><div>\u00a0<\/div><div><strong>LA PRENSA<\/strong><\/div><div><a href=\"https:\/\/www.litoralpress.cl\/paginaconsultas\/Servicios_NClip\/Get_Imagen_Nota.aspx?LPKey=OTRW4DW2CEB6OFQYZS2NWGLNOI67DQ2M5263U4J6VVCMAVZFQPZTM4IFTGUIGGS7FN6GKPFK3FZRM\">Proyectan clases presenciales en Universidad de Talca.<\/a><\/div><div>\u00a0<\/div><div><strong>EL HERALDO<\/strong><\/div><div><a href=\"http:\/\/www.diarioelheraldo.cl\/noticia\/utalca-se-encuentra-preparada-para-las-clases-presenciales-en-marzo-\">UTalca se encuentra preparada para las clases presenciales en marzo.<\/a><\/div><div>\u00a0<\/div><div><strong>ADPRENSA.CL<\/strong><\/div><div><a href=\"https:\/\/www.adprensa.cl\/cronica\/universidad-de-talca-volvera-a-ofrecer-matricula-100-online\/\">Universidad de Talca volver\u00e1 a ofrecer matr\u00edcula 100% online.<\/a><\/div><div>\u00a0<\/div><div><strong>EL HERALDO<\/strong><\/div><div><a href=\"https:\/\/www.litoralpress.cl\/paginaconsultas\/Servicios_NClip\/Get_Imagen_Nota.aspx?LPKey=DQRCFIT7NWUJRJPBHPUFOE2E7G6345SCFABSIXSVBXJSCRXHCS4KQH7EW22TXD2IT2HFP3EPYIUC4\">Universidad de Talca volver\u00e1 a ofrecer matr\u00edcula 100% online.<\/a><\/div><div>\u00a0<\/div><div><strong>LA TERCERA<\/strong><\/div><div><a href=\"https:\/\/www.litoralpress.cl\/sitio\/Prensa_PaginaCompleta.cshtml?LPKey=H5IOIEIOQNVXI2BVLIZE2KMS7SJ2KYFM6K5IUQPPJ7JLMQRQ6GBA\">\u00bfSuceder\u00e1 en Chile? Tal como en Sud\u00e1frica, cifras de otros pa\u00edses muestran violenta alza de contagiados con \u00d3micron y luego importante ca\u00edda. Se refiere Daniel Jim\u00e9nez, director de Salud del Estudiante de la UTalca.<\/a><\/div><div>\u00a0<\/div><div><strong>LATERCERA.COM<\/strong><\/div><div><a href=\"https:\/\/www.latercera.com\/que-pasa\/noticia\/sucedera-en-chile-tal-como-en-sudafrica-cifras-de-otros-paises-muestran-violenta-alza-de-contagiados-con-omicron-y-luego-importante-caida\/QIUGL5N4XVCUHDFYCTC7YCLE6E\/\">\u00bfSuceder\u00e1 en Chile? Tal como en Sud\u00e1frica, cifras de otros pa\u00edses muestran violenta alza de contagiados con \u00d3micron y luego importante ca\u00edda. Se refiere Daniel Jim\u00e9nez, director de Salud del Estudiante de la UTalca.<\/a><\/div><div>\u00a0<\/div><div><div><strong>RADIO COOPERATIVA<\/strong><\/div><div><a href=\"https:\/\/www.litoralpress.cl\/sitio\/RadioTV_Detalles.cshtml?LPKey=IV3G5NP3R2NNCGUYH2AWZLIM2JF4KXB7XD2TSA4PVW57Y7VDBMLQ\">La variante \u00d3micron mantiene al pa\u00eds con las m\u00e1s altas cifras de contagios desde el inicio de la pandemia. Se refiere Marcelo Alarc\u00f3n, acad\u00e9mico del Departamento de Bioqu\u00edmica Cl\u00ednica e Inmunohematolog\u00eda de la UTalca.<\/a><\/div><\/div><div>\u00a0<\/div><div><strong>G5NOTICIAS.CL<\/strong><\/div><div><a href=\"https:\/\/g5noticias.cl\/2022\/01\/22\/investigacion-profundizara-en-como-responden-los-mercados-ante-el-riesgo-financiero-motivado-por-el-cambio-climatico\/\">Investigaci\u00f3n profundizar\u00e1 en c\u00f3mo responden los mercados ante el riesgo financiero motivado por el cambio clim\u00e1tico.\u00a0Se refiere Christian Pinto, acad\u00e9mico de la Facultad de Econom\u00eda y Negocios (FEN) de la UTalca.<\/a><\/div><div>\u00a0<\/div><div><strong>LAS \u00daLTIMAS NOTICIAS<\/strong><\/div><div><a href=\"https:\/\/www.litoralpress.cl\/paginaconsultas\/Servicios_NClip\/Get_Imagen_Nota.aspx?LPKey=YDQC53BJZ5STWTABCOTT5I2CSKLOK342PYAGX533VXBUHTQZCCWUD7ZQDI34O5AM7HNBDWI6TVQZM\">La escuela online para que mujeres de zonas rurales aprendan a elaborar quesos. Se menciona a la UTalca.<\/a><\/div><div>\u00a0<\/div><div><strong>EL MERCURIO<\/strong><\/div><div><a href=\"https:\/\/www.litoralpress.cl\/paginaconsultas\/Servicios_NClip\/Get_Imagen_Nota.aspx?LPKey=VBMETJU77XAB2RQU2XTJKPENB4EK36ZW3KU4HU377THFIDB3FK7V65ZLDDPW3HBGQSEAXPR2L\">Futuro Gobierno triplica presencia en el Senado y casi la duplica en la C\u00e1mara, pero a\u00fan no logra mayor\u00eda para aprobar reformas.\u00a0\u00a0Se refiere Mauricio Morales, director del Centro de An\u00e1lisis Pol\u00edtico (CAP) de la UTalca.<\/a><\/div><div>\u00a0<\/div><div><strong>CANAL TVN\u00a0<\/strong><\/div><div><a href=\"https:\/\/www.litoralpress.cl\/sitio\/RadioTV_Detalles.cshtml?LPKey=T6K73EWLHZKNWTCINYPCMUO3ZYGO5O2SJHYJ4YLOXXXZCBS6DJIA\">Presidente electo conform\u00f3 su gabinete.\u00a0Se refiere Mauricio Morales, director del Centro de An\u00e1lisis Pol\u00edtico (CAP) de la UTalca.<\/a><\/div><div>\u00a0<\/div><div><strong>CANAL 24 HORAS<\/strong><\/div><div><a href=\"https:\/\/www.litoralpress.cl\/sitio\/RadioTV_Detalles.cshtml?LPKey=UM5WSBROVOQJVXW6QDSHT5SPNEK73XRUPC6X4XCTZ3YOK5BYTHHQ\">Presidente electo conform\u00f3 su gabinete.\u00a0Se refiere Mauricio Morales, director del Centro de An\u00e1lisis Pol\u00edtico (CAP) de la UTalca.<\/a><\/div><div>\u00a0<\/div><div><strong>CANAL TVN\u00a0<\/strong><\/div><div><a href=\"https:\/\/www.litoralpress.cl\/sitio\/RadioTV_Detalles.cshtml?LPKey=T6K73EWLHZKNWTCINYPCMUO3ZYGO5O2SJHYJ4YLOXXXZCBS6DJIA\">Presidente electo conform\u00f3 su gabinete.\u00a0Se refiere Mauricio Morales, director del Centro de An\u00e1lisis Pol\u00edtico (CAP) de la UTalca.<\/a><\/div><div>\u00a0<\/div><div><strong>CANAL MEGA<\/strong><\/div><div><a href=\"https:\/\/www.litoralpress.cl\/sitio\/RadioTV_Detalles.cshtml?LPKey=HY3M5B2FAQDVLRM3ICMLE7CUG5GIYSZRCQKDEN5HDRP7ABLTRGRA\">Gabriel Boric llama a dejar de tener miedo tras el nombramiento de su gabinete. Se refiere Mauricio Morales, director del Centro de An\u00e1lisis Pol\u00edtico (CAP) de la UTalca.<\/a><\/div><div>\u00a0<\/div><div><strong>CANAL MEGA<\/strong><\/div><div><a href=\"https:\/\/www.litoralpress.cl\/sitio\/RadioTV_Detalles.cshtml?LPKey=HY3M5B2FAQDVLRM3ICMLE7CUG5GIYSZRCQKDEN5HDRP7ABLTRGRA\">Gabriel Boric llama a dejar de tener miedo tras el nombramiento de su gabinete.e refiere Mauricio Morales, director del Centro de An\u00e1lisis Pol\u00edtico (CAP) de la UTalca.<\/a><\/div><div>\u00a0<\/div><div><div><strong>CANAL MEGA<\/strong><\/div><div><a href=\"https:\/\/www.litoralpress.cl\/sitio\/RadioTV_Detalles.cshtml?LPKey=WDLBSCM276FYKHIRTOXHFIYWYS5DVGGAZKPWBUDOHG2G4TKR77MA\">Interrogantes sobre el futuro gabinete pol\u00edtico. Se refiere Mauricio Morales, director del Centro de An\u00e1lisis Pol\u00edtico (CAP) de la UTalca.<\/a><\/div><\/div><div>\u00a0<\/div><div><strong>CANAL MEGA<\/strong><\/div><div><a href=\"https:\/\/www.litoralpress.cl\/sitio\/RadioTV_Detalles.cshtml?LPKey=3W3DAEOONTTO6GL6FCAK7I4YN34WNJO64SUZEUIKN54NTACIVDRQ\">An\u00e1lisis del gabinete del Presidente electo Gabriel Boric.\u00a0Se refiere Mauricio Morales, director del Centro de An\u00e1lisis Pol\u00edtico (CAP) de la UTalca.<\/a><\/div><div>\u00a0<\/div><div><strong>RADIO INFINITA<\/strong><\/div><div><a href=\"https:\/\/www.litoralpress.cl\/sitio\/RadioTV_Detalles.cshtml?LPKey=LC3EFQWZ2X2PENM53PAQW2QZQYBAX5SGL7KZNEO5S4HG6US53WCQ\">Entrevista a Mauricio Morales,\u00a0director del Centro de An\u00e1lisis Pol\u00edtico (CAP) de la UTalca.<\/a><\/div><div>\u00a0<\/div><div><strong>CANAL TVN\u00a0<\/strong><\/div><div><a href=\"https:\/\/www.litoralpress.cl\/sitio\/RadioTV_Detalles.cshtml?LPKey=2ANYLUEGRKK6263RQQUQA7XMKIXS5ZDLJL6BYETEEQHVMORJV66Q\">Contacto con Mario Herrera, acad\u00e9mico del Centro de An\u00e1lisis Pol\u00edtico (CAP) de la UTalca.<\/a><\/div><div>\u00a0<\/div><div><strong>EL MERCURIO<\/strong><\/div><div><a href=\"https:\/\/www.litoralpress.cl\/paginaconsultas\/Servicios_NClip\/Get_Imagen_Nota.aspx?LPKey=3QWRIZAOIQZOYKTOR5MBCBEADOJYVBDFUFUY5CX4Q4TO4OED2CTYC6OLPINDL2SAODSDY3L3KSQUI\">Jeanette Vega, la experta en salud que llega a Desarrollo Social. Se refiere Paulo Hidalgo, acad\u00e9mico de la UTalca.<\/a><\/div><div>\u00a0<\/div><div><strong>LA TERCERA<\/strong><\/div><div><a href=\"https:\/\/www.litoralpress.cl\/paginaconsultas\/Servicios_NClip\/Get_Imagen_Nota.aspx?LPKey=LVWHPD2TEHHX245UBO2MOU3CG26V2PMWIHIPFGHZ3RGDPSQK3GDZR2IY53RNJEY3LVTMZWYT56W2M\">\u201cLa prioridad para Mario Marcel es que no se le arranquen las cifras fiscales\u201d. Se refiere Manuel Marf\u00e1n, director del Programa Cieplan-UTalca.<\/a><\/div><div>\u00a0<\/div><div><strong>LATERCERA.COM<\/strong><br aria-hidden=\"true\" \/><a href=\"https:\/\/www.latercera.com\/pulso\/noticia\/la-prioridad-para-mario-marcel-es-que-no-se-le-arranquen-las-cifras-fiscales\/F55EJKZPHRGLXG43QSVNL4DRKI\/\">\u201cLa prioridad para Mario Marcel es que no se le arranquen las cifras fiscales\u201d. Se refiere Manuel Marf\u00e1n, director del Programa Cieplan-UTalca.<\/a><\/div><div>\u00a0<\/div><div><strong>EL MERCURIO DE VALPARA\u00cdSO<\/strong><\/div><div><a href=\"https:\/\/www.litoralpress.cl\/sitio\/Prensa_PaginaCompleta.cshtml?LPKey=4R2NBFPSUM2BBNBQJE3NW3IHXOAZADG3EMVTDQSMMOBJT5LWV36Q\">Renovarse o pasar al olvido: el desaf\u00edo para la derecha.\u00a0Se refiere Mauricio Morales, director del Centro de An\u00e1lisis Pol\u00edtico (CAP) de la UTalca.<\/a><\/div><div>\u00a0<\/div><div><strong>ELCIUDADANO.COM<\/strong><\/div><div><a href=\"https:\/\/www.elciudadano.com\/chile\/maria-elisa-quinteros-presidenta-de-la-convencion-debemos-poner-al-centro-el-bien-comun-y-reconocer-humildemente-que-dependemos-de-la-naturaleza\/01\/22\/\">Mar\u00eda Elisa Quinteros, presidenta de la Convenci\u00f3n: \u00abDebemos poner al centro el bien com\u00fan y reconocer humildemente que dependemos de la naturaleza\u00bb. Se menciona a la UTalca.<\/a><\/div><div>\u00a0<\/div>\t\t\t\t\t\t<\/div>\n\t\t\t\t<\/div>\n\t\t\t\t\t<\/div>\n\t\t<\/div>\n\t\t\t\t\t\t\t<\/div>\n\t\t<\/section>\n\t\t\t\t\t\t<\/div>\n\t\t\t\t\t<\/div>\n\t\t","protected":false},"excerpt":{"rendered":"<p>UNIVERSIDADESESTATALES.CLUTalca se encuentra preparada para las clases presenciales en marzo.\u00a0LA PRENSAProyectan clases presenciales en Universidad de Talca.\u00a0EL HERALDOUTalca se encuentra preparada para las clases presenciales en marzo.\u00a0ADPRENSA.CLUniversidad de Talca volver\u00e1 a ofrecer matr\u00edcula 100% online.\u00a0EL HERALDOUniversidad de Talca volver\u00e1 a ofrecer matr\u00edcula 100% online.\u00a0LA TERCERA\u00bfSuceder\u00e1 en Chile? Tal como en Sud\u00e1frica, cifras de otros pa\u00edses &hellip;<\/p>\n<p class=\"read-more\"> <a class=\"\" href=\"https:\/\/www.reportedeprensa.utalca.cl\/?p=3124\"> <span class=\"screen-reader-text\">24 de enero de 2021<\/span> Read More &raquo;<\/a><\/p>\n","protected":false},"author":1,"featured_media":0,"comment_status":"closed","ping_status":"open","sticky":false,"template":"","format":"standard","meta":{"_monsterinsights_skip_tracking":false,"_monsterinsights_sitenote_active":false,"_monsterinsights_sitenote_note":"","_monsterinsights_sitenote_category":0},"categories":[17],"tags":[],"_links":{"self":[{"href":"https:\/\/www.reportedeprensa.utalca.cl\/index.php?rest_route=\/wp\/v2\/posts\/3124"}],"collection":[{"href":"https:\/\/www.reportedeprensa.utalca.cl\/index.php?rest_route=\/wp\/v2\/posts"}],"about":[{"href":"https:\/\/www.reportedeprensa.utalca.cl\/index.php?rest_route=\/wp\/v2\/types\/post"}],"author":[{"embeddable":true,"href":"https:\/\/www.reportedeprensa.utalca.cl\/index.php?rest_route=\/wp\/v2\/users\/1"}],"replies":[{"embeddable":true,"href":"https:\/\/www.reportedeprensa.utalca.cl\/index.php?rest_route=%2Fwp%2Fv2%2Fcomments&post=3124"}],"version-history":[{"count":4,"href":"https:\/\/www.reportedeprensa.utalca.cl\/index.php?rest_route=\/wp\/v2\/posts\/3124\/revisions"}],"predecessor-version":[{"id":3128,"href":"https:\/\/www.reportedeprensa.utalca.cl\/index.php?rest_route=\/wp\/v2\/posts\/3124\/revisions\/3128"}],"wp:attachment":[{"href":"https:\/\/www.reportedeprensa.utalca.cl\/index.php?rest_route=%2Fwp%2Fv2%2Fmedia&parent=3124"}],"wp:term":[{"taxonomy":"category","embeddable":true,"href":"https:\/\/www.reportedeprensa.utalca.cl\/index.php?rest_route=%2Fwp%2Fv2%2Fcategories&post=3124"},{"taxonomy":"post_tag","embeddable":true,"href":"https:\/\/www.reportedeprensa.utalca.cl\/index.php?rest_route=%2Fwp%2Fv2%2Ftags&post=3124"}],"curies":[{"name":"wp","href":"https:\/\/api.w.org\/{rel}","templated":true}]}}