{"id":3139,"date":"2022-01-25T09:31:12","date_gmt":"2022-01-25T12:31:12","guid":{"rendered":"https:\/\/www.reportedeprensa.utalca.cl\/?p=3139"},"modified":"2022-01-25T09:32:09","modified_gmt":"2022-01-25T12:32:09","slug":"25-de-enero-de-2021","status":"publish","type":"post","link":"https:\/\/www.reportedeprensa.utalca.cl\/?p=3139","title":{"rendered":"25 de enero de 2021"},"content":{"rendered":"\t\t<div data-elementor-type=\"wp-post\" data-elementor-id=\"3139\" class=\"elementor elementor-3139\" data-elementor-settings=\"[]\">\n\t\t\t\t\t\t\t<div class=\"elementor-section-wrap\">\n\t\t\t\t\t\t\t<section class=\"elementor-section elementor-top-section elementor-element elementor-element-18b84308 elementor-section-boxed elementor-section-height-default elementor-section-height-default\" data-id=\"18b84308\" data-element_type=\"section\">\n\t\t\t\t\t\t<div class=\"elementor-container elementor-column-gap-default\">\n\t\t\t\t\t<div class=\"elementor-column elementor-col-100 elementor-top-column elementor-element elementor-element-e96a33c\" data-id=\"e96a33c\" data-element_type=\"column\">\n\t\t\t<div class=\"elementor-widget-wrap elementor-element-populated\">\n\t\t\t\t\t\t\t\t<div class=\"elementor-element elementor-element-10d5d16d elementor-widget elementor-widget-text-editor\" data-id=\"10d5d16d\" data-element_type=\"widget\" data-widget_type=\"text-editor.default\">\n\t\t\t\t<div class=\"elementor-widget-container\">\n\t\t\t\t\t\t\t\t<div><p class=\"x_MsoNormal\"><strong>DIARIOTALCA.CL\u00a0<\/strong><\/p><p class=\"x_MsoNormal\"><a href=\"https:\/\/diariotalca.cl\/campana-para-asegurar-derecho-a-la-educacion-y-rol-de-las-universidades-estatales\/\">Campa\u00f1a para asegurar derecho a la educaci\u00f3n y rol de las universidades estatales. Se refiere \u00c1lvaro Rojas, rector de la UTalca. \u00a0<\/a><\/p><p class=\"x_MsoNormal\">\u00a0<\/p><p class=\"x_MsoNormal\"><strong>G5NOTICIAS.CL\u00a0<\/strong><\/p><p class=\"x_MsoNormal\"><a href=\"https:\/\/g5noticias.cl\/2022\/01\/24\/campana-busca-apoyo-ciudadano-para-asegurar-derecho-a-la-educacion-y-rol-de-las-ues-estatales-en-la-nueva-constitucion\/\">Campa\u00f1a busca apoyo ciudadano para asegurar derecho a la educaci\u00f3n y rol de las Ues estatales en la nueva Constituci\u00f3n. Se refiere \u00c1lvaro Rojas, rector de la UTalca.\u00a0<\/a><\/p><p class=\"x_MsoNormal\" aria-hidden=\"true\">\u00a0<\/p><p class=\"x_MsoNormal\"><strong>ELMAULEINFORMA.CL\u00a0<\/strong><\/p><p class=\"x_MsoNormal\"><a href=\"https:\/\/elmauleinforma.cl\/campana-busca-apoyo-ciudadano-para-asegurar-derecho-a-la-educacion-y-rol-de-las-ues-estatales-en-la-nueva-constitucion\/\">Campa\u00f1a busca apoyo ciudadano para asegurar derecho a la educaci\u00f3n y rol de las Ues estatales en la nueva Constituci\u00f3n. Se refiere \u00c1lvaro Rojas, rector de la UTalca.\u00a0<\/a><\/p><p class=\"x_MsoNormal\" aria-hidden=\"true\">\u00a0<\/p><p class=\"x_MsoNormal\"><strong>DIARIO TALCA\u00a0<\/strong><\/p><p class=\"x_MsoNormal\"><a href=\"https:\/\/www.litoralpress.cl\/paginaconsultas\/Servicios_NClip\/Get_Imagen_Nota.aspx?LPKey=4FB5QSYPU6CICZCFB4Z3QBRJV5FAQONFFCWLEVITSZDDRUPMJYNNXWJAJ36TGMSGQKUG5HVT7TPLI\">Acad\u00e9micos de la Universidad de Talca se adjudican 22 proyectos de investigaci\u00f3n.\u00a0<\/a><\/p><p class=\"x_MsoNormal\">\u00a0<\/p><p class=\"x_MsoNormal\"><strong>RADIO COOPERATIVA\u00a0<\/strong><\/p><p class=\"x_MsoNormal\"><a href=\"https:\/\/www.litoralpress.cl\/sitio\/RadioTV_Detalles.cshtml?LPKey=I4D6KTFF4EXIZNNXJOKUKFRX3T2LYUS2GO3NF4VFA3EWA2R656WQ\">Gobernador regional de La Araucan\u00eda llam\u00f3 a no descartar de manera tan tajante el Estado de Excepci\u00f3n. Se refiere Dany Jaimovich, acad\u00e9mico de la Facultad de Econom\u00eda y Negocios de la UTalca.\u00a0<\/a><\/p><p class=\"x_MsoNormal\">\u00a0<\/p><p class=\"x_MsoNormal\"><strong>EL MERCURIO \u00a0<\/strong><\/p><p class=\"x_MsoNormal\"><a href=\"https:\/\/www.litoralpress.cl\/paginaconsultas\/Servicios_NClip\/Get_Imagen_Nota.aspx?LPKey=6EVMVO3ZXTTPNA7NYONVOIH36AMQIP3ZXAKUHZUOZBI6ZY4O7WFFVOEIKBUD25UYXWSSL7WKRKNFU\">Manejo integrado de la nutrici\u00f3n, un aliado en la producci\u00f3n frutal. Se refieren Daniela Simeone y Loreto Arenas, profesionales del Centro de Pom\u00e1ceas de la UTalca.\u00a0<\/a><\/p><p class=\"x_MsoNormal\" aria-hidden=\"true\">\u00a0<\/p><p class=\"x_MsoNormal\"><strong>LA PRENSA\u00a0<\/strong><\/p><p class=\"x_MsoNormal\"><a href=\"https:\/\/www.litoralpress.cl\/paginaconsultas\/Servicios_NClip\/Get_Imagen_Nota.aspx?LPKey=5ZJ4B2VTFBRRST7G5NGG5G7AVUSEL5V4AQ3MDLT6KCJN6DGT7IOR6KRHNNV3AAESWZPAGOVKAN4BW\">Investigador de la UTalca busca determinar el impacto del cambio clim\u00e1tico en los mercados. Se refiere Christian Pino, acad\u00e9mico de la Facultad de Econom\u00eda y Negocios de la UTalca.\u00a0<\/a><\/p><p class=\"x_MsoNormal\">\u00a0<\/p><p class=\"x_MsoNormal\"><strong>DIARIO TALCA\u00a0<\/strong><\/p><p class=\"x_MsoNormal\"><a href=\"https:\/\/www.litoralpress.cl\/paginaconsultas\/Servicios_NClip\/Get_Imagen_Nota.aspx?LPKey=BGL4V57H4EDHX644MNE7GWUIHOH3KAKYKT7DR3CAG7A2KRBIYXBEWZRSHNMNIFQZHEYVNRG2XKCJO\">Entrevista a Mar\u00eda Elisa Quinteros, presidenta de la Convenci\u00f3n Constitucional y acad\u00e9mica de la Universidad de Talca.\u00a0\u00a0<\/a><\/p><p>\u00a0<\/p><p class=\"x_MsoNormal\"><strong>CL\u00cdNICASDECHILE.CL\u00a0<\/strong><\/p><p class=\"x_MsoNormal\"><a href=\"https:\/\/www.clinicasdechile.cl\/noticias\/cifras-internacionales-muestran-violenta-alza-de-contagiados-con-omicron-y-luego-importante-caida\/\">Cifras internacionales muestran violenta alza de contagiados con \u00d3micron y luego importante ca\u00edda. Se refiere Daniel Jim\u00e9nez, director de Salud del Estudiante de la UTalca. \u00a0<\/a><\/p><p class=\"x_MsoNormal\">\u00a0<\/p><p class=\"x_MsoNormal\"><strong>LA DISCUSI\u00d3N DE CHILL\u00c1N\u00a0<\/strong><\/p><p class=\"x_MsoNormal\"><a href=\"https:\/\/www.litoralpress.cl\/paginaconsultas\/Servicios_NClip\/Get_Imagen_Nota.aspx?LPKey=XY3XLQQ3T2YAMM3DDZCCGFM76EZRUMRMES6GP5YX74WIYAZFITMQWDNXH2MP54FZK2JISYRULNC2O\">Experto busca desarrollar herramientas para la caracterizaci\u00f3n de genotipos de arroz ante d\u00e9ficit h\u00eddrico. Se menciona a Gustavo Lobos, investigador del Centro de Mejoramiento Gen\u00e9tico y Fen\u00f3mica Vegetal de la UTalca. \u00a0<\/a><\/p><p class=\"x_MsoNormal\" aria-hidden=\"true\">\u00a0<\/p><p class=\"x_MsoNormal\"><strong>LADISCUSI\u00d3N.CL\u00a0<\/strong><\/p><p class=\"x_MsoNormal\"><a href=\"https:\/\/www.ladiscusion.cl\/experto-busca-desarrollar-herramientas-para-la-caracterizacion-de-genotipos\/\">Experto busca desarrollar herramientas para la caracterizaci\u00f3n de genotipos de arroz ante d\u00e9ficit h\u00eddrico. Se menciona a Gustavo Lobos, investigador del Centro de Mejoramiento Gen\u00e9tico y Fen\u00f3mica Vegetal de la UTalca.\u00a0<\/a><\/p><p class=\"x_MsoNormal\" aria-hidden=\"true\">\u00a0<\/p><p class=\"x_MsoNormal\"><strong>RADIO RTL\u00a0<\/strong><\/p><p class=\"x_MsoNormal\"><a href=\"https:\/\/radiortl.cl\/2022\/01\/24\/es-importante-informarse-bien-pinera-defendio-estado-de-excepcion-en-macrozona-sur-ante-critica-de-siches\/\">Pi\u00f1era defendi\u00f3 Estado de Excepci\u00f3n en Macrozona Sur ante cr\u00edticas de Siches. Se refiere Dany Jaimovich, acad\u00e9mico de la Facultad de Econom\u00eda y Negocios de la UTalca. \u00a0<\/a><\/p><p class=\"x_MsoNormal\" aria-hidden=\"true\">\u00a0<\/p><p class=\"x_MsoNormal\"><strong>DIARIO AUSTRAL REGI\u00d3N DE LOS RIOS\u00a0<\/strong><\/p><p class=\"x_MsoNormal\"><a href=\"https:\/\/www.litoralpress.cl\/paginaconsultas\/Servicios_NClip\/Get_Imagen_Nota.aspx?LPKey=NR6SOULKDVX5MTJWJPFNFSUQIGF6U2TAX3GQ5O4QQAB73NXIFMRJ2JTMLESPVMGHR6MUH5GOO2QDK\">Decanos de Agronom\u00eda del CRUCH sostuvieron una positiva reuni\u00f3n en Valdivia. Se menciona a la Universidad de Talca. \u00a0<\/a><\/p><p class=\"x_MsoNormal\" aria-hidden=\"true\">\u00a0<\/p><p class=\"x_MsoNormal\"><strong>PORTALFRUTICOLA.COM\u00a0<\/strong><\/p><p class=\"x_MsoNormal\"><a href=\"https:\/\/www.portalfruticola.com\/noticias\/2022\/01\/24\/encuentro-de-decanos-de-agronomia-de-chile\/\">Positivo encuentro de Decanos (as) de Agronom\u00eda del CRUCh en Valdivia. Se menciona a la Universidad de Talca.\u00a0<\/a><\/p><p class=\"x_MsoNormal\" aria-hidden=\"true\">\u00a0<\/p><p class=\"x_MsoNormal\"><strong>DIARIO TALCA\u00a0<\/strong><\/p><p class=\"x_MsoNormal\"><a href=\"https:\/\/www.litoralpress.cl\/paginaconsultas\/Servicios_NClip\/Get_Imagen_Nota.aspx?LPKey=EN7FWYI5GUH6JUJODHV4DSX6MIB6DQAAJFX5MFBX57W4DVNXP3YTBV4PYNXGTCFZPRGWENWAVZHFA\">Estudiantes relatan c\u00f3mo llegaron a ser puntajes m\u00e1ximos nacionales y regionales. Se menciona a la Universidad de Talca.\u00a0<\/a><\/p><p class=\"x_MsoNormal\" aria-hidden=\"true\">\u00a0<\/p><p class=\"x_MsoNormal\"><strong>CANAL TVN\u00a0<\/strong><\/p><p class=\"x_MsoNormal\"><a href=\"https:\/\/www.litoralpress.cl\/sitio\/RadioTV_Detalles.cshtml?LPKey=ITE2ILMYNZCJ6NLCWDXKECL5N3OYDGM7YFY5QTLLOCUGMBHDXYYA\">Entrevista a Mauricio Morales, director del Centro de An\u00e1lisis Pol\u00edtico de la UTalca.\u00a0<\/a><\/p><p class=\"x_MsoNormal\">\u00a0<\/p><p class=\"x_MsoNormal\"><strong>CANAL 24 HORAS\u00a0<\/strong><\/p><p class=\"x_MsoNormal\"><a href=\"https:\/\/www.litoralpress.cl\/sitio\/RadioTV_Detalles.cshtml?LPKey=ID6AP3KM6DHVJ7YWVTMGJDBADVXSZIUW4IQQMLILF7HBYQCXTXVA\">Entrevista a Mauricio Morales, director del Centro de An\u00e1lisis Pol\u00edtico de la UTalca.\u00a0<\/a><\/p><p class=\"x_MsoNormal\">\u00a0<\/p><p class=\"x_MsoNormal\"><strong>CANAL MEGA\u00a0<\/strong><\/p><p class=\"x_MsoNormal\"><a href=\"https:\/\/www.litoralpress.cl\/sitio\/RadioTV_Detalles.cshtml?LPKey=NJH7WHWQWXHDXAN3UV2OLHK6IJW6OWMWSHS4XK3VTTO3CKBTVUNA\">Entrevista a Mauricio Morales, cientista pol\u00edtico, acad\u00e9mico y director del Centro de An\u00e1lisis Pol\u00edtico de la UTalca.\u00a0<\/a><\/p><p class=\"x_MsoNormal\">\u00a0<\/p><p class=\"x_MsoNormal\"><strong>CANAL 24 HORAS\u00a0<\/strong><\/p><p class=\"x_MsoNormal\"><a href=\"https:\/\/www.litoralpress.cl\/sitio\/RadioTV_Detalles.cshtml?LPKey=A34PYHKYNDJ7A2HNCVXZKXATS5A566MJCE5SVP7QPXXIIKJZEECA\">Gabinete de Gabriel Boric incorpor\u00f3 a partidos fuera del pacto Apruebo Dignidad. Se refiere Mauricio Morales, director del Centro de An\u00e1lisis Pol\u00edtico de la UTalca.\u00a0<\/a><\/p><p class=\"x_MsoNormal\" aria-hidden=\"true\">\u00a0<\/p><p class=\"x_MsoNormal\"><strong>LA SEGUNDA\u00a0<\/strong><\/p><p class=\"x_MsoNormal\"><a href=\"https:\/\/www.litoralpress.cl\/paginaconsultas\/Servicios_NClip\/Get_Imagen_Nota.aspx?LPKey=JE5EQMJXWNFX4IMB6MPLABLY4CZCVQ7TQEHUJQYI2ZNVIHGGAV5GZ6CJ72QOHULPKGOF6BYTIRYE4\">La DC se queda sola: sin coalici\u00f3n, fuera del gobierno y con bases hastiadas. Se refiere Mauricio Morales, director del Centro de An\u00e1lisis Pol\u00edtico de la UTalca.\u00a0<\/a><\/p><p class=\"x_MsoNormal\" aria-hidden=\"true\">\u00a0<\/p><p class=\"x_MsoNormal\"><strong>ADPRENSA\u00a0<\/strong><\/p><p class=\"x_MsoNormal\"><a href=\"https:\/\/www.adprensa.cl\/nacionales\/libro-convierte-paper-cientificos-en-cuentos-infantiles\/\">Libro convierte paper cient\u00edficos en cuentos infantiles. Se menciona a la UTalca.\u00a0<\/a><\/p><p class=\"x_MsoNormal\" aria-hidden=\"true\">\u00a0<\/p><p class=\"x_MsoNormal\"><strong>ATENTOS.CL\u00a0<\/strong><\/p><p class=\"x_MsoNormal\"><a href=\"https:\/\/www.atentos.cl\/voces-del-bosque-maulino-libro-transforma-paper-cientificos-en-cuentos-infantiles\/\">\u201cVoces del bosque maulino\u201d: Libro transforma paper cient\u00edficos en cuentos infantiles. Se menciona a la UTalca.\u00a0<\/a><\/p><p class=\"x_MsoNormal\" aria-hidden=\"true\">\u00a0<\/p><p class=\"x_MsoNormal\"><strong>LINARESENLINEA.CL\u00a0<\/strong><\/p><p class=\"x_MsoNormal\"><a href=\"https:\/\/www.linaresenlinea.cl\/2022\/01\/24\/lanzan-libro-que-convierte-articulos-cientificos-en-cuentos-infantiles\/\">Lanzan libro que convierte art\u00edculos cient\u00edficos en cuentos infantiles. Se menciona a la UTalca.\u00a0<\/a><\/p><p class=\"x_MsoNormal\" aria-hidden=\"true\">\u00a0<\/p><p class=\"x_MsoNormal\"><strong>CAUQUENESNET.CL\u00a0<\/strong><\/p><p class=\"x_MsoNormal\"><a href=\"https:\/\/cauquenesnet.cl\/2022\/01\/24\/voces-del-bosque-maulino-el-libro-que-convierte-paper-cientificos-en-cuentos-infantiles\/\">\u201cVoces del bosque maulino\u201d: El libro que convierte art\u00edculos cient\u00edficos en cuentos infantiles. Se menciona a la UTalca.\u00a0<\/a><\/p><p class=\"x_MsoNormal\" aria-hidden=\"true\">\u00a0<\/p><p class=\"x_MsoNormal\"><strong>LA PRENSA\u00a0<\/strong><\/p><p class=\"x_MsoNormal\"><a href=\"https:\/\/www.litoralpress.cl\/paginaconsultas\/Servicios_NClip\/Get_Imagen_Nota.aspx?LPKey=KPCCGZBUNKVJEQOFVJTOU2RVRONQE76JSGG6TXMBYVU6I73LSSTAWYUOPQOWA6P2DVCHSR3OO2EKK\">B\u00e1squetbol 3&#215;3 y rugby en silla de ruedas demostraron destrezas. Se menciona a la Universidad de Talca. \u00a0<\/a><\/p><\/div>\t\t\t\t\t\t<\/div>\n\t\t\t\t<\/div>\n\t\t\t\t\t<\/div>\n\t\t<\/div>\n\t\t\t\t\t\t\t<\/div>\n\t\t<\/section>\n\t\t\t\t\t\t<\/div>\n\t\t\t\t\t<\/div>\n\t\t","protected":false},"excerpt":{"rendered":"<p>DIARIOTALCA.CL\u00a0 Campa\u00f1a para asegurar derecho a la educaci\u00f3n y rol de las universidades estatales. Se refiere \u00c1lvaro Rojas, rector de la UTalca. \u00a0 \u00a0 G5NOTICIAS.CL\u00a0 Campa\u00f1a busca apoyo ciudadano para asegurar derecho a la educaci\u00f3n y rol de las Ues estatales en la nueva Constituci\u00f3n. Se refiere \u00c1lvaro Rojas, rector de la UTalca.\u00a0 \u00a0 ELMAULEINFORMA.CL\u00a0 &hellip;<\/p>\n<p class=\"read-more\"> <a class=\"\" href=\"https:\/\/www.reportedeprensa.utalca.cl\/?p=3139\"> <span class=\"screen-reader-text\">25 de enero de 2021<\/span> Read More &raquo;<\/a><\/p>\n","protected":false},"author":1,"featured_media":0,"comment_status":"closed","ping_status":"open","sticky":false,"template":"","format":"standard","meta":{"_monsterinsights_skip_tracking":false,"_monsterinsights_sitenote_active":false,"_monsterinsights_sitenote_note":"","_monsterinsights_sitenote_category":0},"categories":[17],"tags":[],"_links":{"self":[{"href":"https:\/\/www.reportedeprensa.utalca.cl\/index.php?rest_route=\/wp\/v2\/posts\/3139"}],"collection":[{"href":"https:\/\/www.reportedeprensa.utalca.cl\/index.php?rest_route=\/wp\/v2\/posts"}],"about":[{"href":"https:\/\/www.reportedeprensa.utalca.cl\/index.php?rest_route=\/wp\/v2\/types\/post"}],"author":[{"embeddable":true,"href":"https:\/\/www.reportedeprensa.utalca.cl\/index.php?rest_route=\/wp\/v2\/users\/1"}],"replies":[{"embeddable":true,"href":"https:\/\/www.reportedeprensa.utalca.cl\/index.php?rest_route=%2Fwp%2Fv2%2Fcomments&post=3139"}],"version-history":[{"count":4,"href":"https:\/\/www.reportedeprensa.utalca.cl\/index.php?rest_route=\/wp\/v2\/posts\/3139\/revisions"}],"predecessor-version":[{"id":3143,"href":"https:\/\/www.reportedeprensa.utalca.cl\/index.php?rest_route=\/wp\/v2\/posts\/3139\/revisions\/3143"}],"wp:attachment":[{"href":"https:\/\/www.reportedeprensa.utalca.cl\/index.php?rest_route=%2Fwp%2Fv2%2Fmedia&parent=3139"}],"wp:term":[{"taxonomy":"category","embeddable":true,"href":"https:\/\/www.reportedeprensa.utalca.cl\/index.php?rest_route=%2Fwp%2Fv2%2Fcategories&post=3139"},{"taxonomy":"post_tag","embeddable":true,"href":"https:\/\/www.reportedeprensa.utalca.cl\/index.php?rest_route=%2Fwp%2Fv2%2Ftags&post=3139"}],"curies":[{"name":"wp","href":"https:\/\/api.w.org\/{rel}","templated":true}]}}