{"id":3167,"date":"2022-01-27T09:31:38","date_gmt":"2022-01-27T12:31:38","guid":{"rendered":"https:\/\/www.reportedeprensa.utalca.cl\/?p=3167"},"modified":"2022-01-27T09:52:18","modified_gmt":"2022-01-27T12:52:18","slug":"27-de-enero-de-2021","status":"publish","type":"post","link":"https:\/\/www.reportedeprensa.utalca.cl\/?p=3167","title":{"rendered":"27 de enero de 2021"},"content":{"rendered":"\t\t<div data-elementor-type=\"wp-post\" data-elementor-id=\"3167\" class=\"elementor elementor-3167\" data-elementor-settings=\"[]\">\n\t\t\t\t\t\t\t<div class=\"elementor-section-wrap\">\n\t\t\t\t\t\t\t<section class=\"elementor-section elementor-top-section elementor-element elementor-element-2f08d2 elementor-section-boxed elementor-section-height-default elementor-section-height-default\" data-id=\"2f08d2\" data-element_type=\"section\">\n\t\t\t\t\t\t<div class=\"elementor-container elementor-column-gap-default\">\n\t\t\t\t\t<div class=\"elementor-column elementor-col-100 elementor-top-column elementor-element elementor-element-362ae9f1\" data-id=\"362ae9f1\" data-element_type=\"column\">\n\t\t\t<div class=\"elementor-widget-wrap elementor-element-populated\">\n\t\t\t\t\t\t\t\t<div class=\"elementor-element elementor-element-63cb2b99 elementor-widget elementor-widget-text-editor\" data-id=\"63cb2b99\" data-element_type=\"widget\" data-widget_type=\"text-editor.default\">\n\t\t\t\t<div class=\"elementor-widget-container\">\n\t\t\t\t\t\t\t\t<p class=\"x_xmsonormal\"><strong>LA TERCERA\u00a0\u00a0<\/strong><\/p><p class=\"x_xmsonormal\"><a href=\"https:\/\/www.litoralpress.cl\/paginaconsultas\/Servicios_NClip\/Get_Imagen_Nota.aspx?LPKey=75O3NNLGGUSFOI2BF4T5RNJJGTX3QGS2KEQ76DYQAWHZARTOSOSXLTJOXK5TUL7KCVGZD54AWY7TW\">Universidades estatales irrumpen en la Convenci\u00f3n con propuestas para asegurar derecho a la educaci\u00f3n.Se refiere \u00c1lvaro Rojas, rector de la Universidad de Talca.\u00a0\u00a0\u00a0<\/a><\/p><p>\u00a0<\/p><p class=\"x_xmsonormal\"><strong>LATERCERA.COM\u00a0\u00a0<\/strong><\/p><p class=\"x_xmsonormal\"><a href=\"https:\/\/www.latercera.com\/la-tercera-pm\/noticia\/publica-gratuita-laica-y-de-calidad-universidades-estatales-irrumpen-en-la-convencion-con-propuestas-para-asegurar-derecho-a-la-educacion\/ZQPEQTVZI5HQXIWPXKYQLZXIWU\/\">\u201cP\u00fablica, gratuita, laica y de calidad\u201d: Universidades Estatales irrumpen en la Convenci\u00f3n con propuestas para asegurar derecho a la educaci\u00f3n.\u00a0\u00a0Se refiere \u00c1lvaro Rojas, rector de la Universidad de Talca. \u00a0\u00a0<\/a><\/p><p>\u00a0<\/p><p class=\"x_xmsonormal\"><strong>COOPERATIVA.CL\u00a0<\/strong><\/p><p class=\"x_xmsonormal\"><a href=\"https:\/\/www.cooperativa.cl\/noticias\/pais\/politica\/constitucion\/universidades-estatales-cuentan-con-dos-iniciativas-de-normas-para-la\/2022-01-26\/164018.html\">Universidades estatales cuentan con dos iniciativas de normas para la Convenci\u00f3n. Se refiere \u00c1lvaro Rojas, rector de la Universidad de Talca.\u00a0\u00a0\u00a0<\/a><\/p><p>\u00a0<\/p><p class=\"x_xmsonormal\"><strong>NUEVOPODER.CL\u00a0<\/strong><\/p><p class=\"x_xmsonormal\"><a href=\"https:\/\/www.nuevopoder.cl\/cc-propuestas-de-las-ues-estatales-para-asegurar-derecho-a-la-educacion\/\">CC: propuestas de las Ues. estatales para asegurar derecho a la educaci\u00f3n. Se refiere \u00c1lvaro Rojas, rector de la Universidad de Talca.\u00a0\u00a0\u00a0<\/a><\/p><p>\u00a0<\/p><p class=\"x_xmsonormal\"><strong>CANAL CONTIVISI\u00d3N\u00a0<\/strong><\/p><p class=\"x_xmsonormal\"><a href=\"https:\/\/www.litoralpress.cl\/sitio\/RadioTV_Detalles.cshtml?LPKey=MINITLMBDZAJKOTQ6E6YITU5IIVLAAYXHSBGO2GFS7ATP4Y3AIRA\">Hasta el 27 de enero los estudiantes seleccionados en universidades pueden matricularse v\u00eda online. Se refiere Paula Manr\u00edquez, vicerrectora de Pregrado y C\u00e9sar Retamal, director de Ciclo de Vida del Estudiante (CIVE) de la UTalca.\u00a0<\/a><\/p><p>\u00a0<\/p><p class=\"x_xmsonormal\"><strong>ADPRENSA.CL\u00a0<\/strong><\/p><p class=\"x_xmsonormal\"><a href=\"https:\/\/www.adprensa.cl\/cronica\/universidad-de-talca-creara-plataforma-satelital-para-estimar-consumo-de-agua-en-chile\/\">Universidad de Talca crear\u00e1 plataforma satelital para estimar consumo de agua en Chile. Se refiere Samuel Ortega, director del Centro de Investigaci\u00f3n y Transferencia en Riego y Agroclimatolog\u00eda (CITRA) de la UTalca.\u00a0<\/a><\/p><p>\u00a0<\/p><p class=\"x_xmsonormal\"><strong>ELMAULEINFORMA.CL\u00a0<\/strong><\/p><p class=\"x_xmsonormal\"><a href=\"https:\/\/elmauleinforma.cl\/universidad-de-talca-creara-plataforma-satelital-para-estimar-consumo-de-agua-en-chile\/\">Universidad de Talca crear\u00e1 plataforma satelital para estimar consumo de agua en Chile. Se refiere Samuel Ortega, director del Centro\u00a0de Investigaci\u00f3n y Transferencia en Riego y Agroclimatolog\u00eda (CITRA) de la UTalca.\u00a0<\/a><\/p><p>\u00a0<\/p><p class=\"x_xmsonormal\"><strong>EL MERCURIO\u00a0<\/strong><\/p><p class=\"x_xmsonormal\"><a href=\"https:\/\/www.litoralpress.cl\/paginaconsultas\/Servicios_NClip\/Get_Imagen_Nota.aspx?LPKey=KIAGQOHQJZTA2OC6TKZNTFWTWGL2DAJTIVHPLRFI2LYAFJ3LVUQW4L77XR7IAJ33I7B6IG6COWT22\">La obra de Patricia Israel se despliega en el Bodeg\u00f3n Cultural de Los Vilos. Se menciona a la UTalca.\u00a0<\/a><\/p><p>\u00a0<\/p><p class=\"x_xmsonormal\"><strong>CANAL CONTIVISI\u00d3N\u00a0\u00a0<\/strong><\/p><p class=\"x_xmsonormal\"><a href=\"https:\/\/www.litoralpress.cl\/sitio\/RadioTV_Detalles.cshtml?LPKey=JOX6CAV3JD6BCP6LFEVTLZN3VNEGH76MHY3W5UL6LA36VZ5B3P5Q\">Con medidas sanitarias la UTalca est\u00e1 a la espera del inicio del a\u00f1o acad\u00e9mico. Se refieren \u00c1lvaro Rojas, rector de la Universidad de Talca; Paula Caballero, vicerrectora de Desarrollo Estudiantil; y Paula Manr\u00edquez, vicerrectora de Pregrado.\u00a0\u00a0<\/a><\/p><p>\u00a0<\/p><p class=\"x_xmsonormal\"><strong>ADPRENSA.CL\u00a0<\/strong><\/p><p class=\"x_xmsonormal\"><a href=\"https:\/\/www.adprensa.cl\/cronica\/universidad-de-talca-crea-nuevo-diplomado-en-patrimonio-cultural\/\">Universidad de Talca crea nuevo Diplomado en Patrimonio Cultural. Se refieren Pedro Zamorano, director del Instituto de Estudios Human\u00edsticos Abate Juan Ignacio Molina y Eduardo Bravo director del Centro de Documentaci\u00f3n Patrimonial de la UTalca.\u00a0<\/a><\/p><p>\u00a0<\/p><p class=\"x_xmsonormal\"><strong>CANAL TVN RED MAULE\u00a0<\/strong><\/p><p class=\"x_xmsonormal\"><a href=\"https:\/\/www.litoralpress.cl\/sitio\/RadioTV_Detalles.cshtml?LPKey=7XAQEIJ34SV3HC7AQAMMJGRA3G7NGILTRPQTQRWMCTKEZYBX4RUA\">Largas filas para toma de ex\u00e1menes PCR tras cambio en la estrategia de trazabilidad. Se refiere Erika Retamal, directora de Salud P\u00fablica de la UTalca.\u00a0<\/a><\/p><p>\u00a0<\/p><p class=\"x_xmsonormal\"><strong>CANAL CHILEVISI\u00d3N\u00a0\u00a0<\/strong><\/p><p class=\"x_xmsonormal\"><a href=\"https:\/\/www.litoralpress.cl\/sitio\/RadioTV_Detalles.cshtml?LPKey=3BAF2R3UOWFQWARGH4ESHMJUXCTBMGTFKBJE4CEEOLUXCDPAFGWA\">Pichidangui en alerta: se qued\u00f3 sin agua. Se refiere Roberto Pizarro, acad\u00e9mico de la UTalca.<\/a><\/p><p>\u00a0<\/p><p class=\"x_xmsonormal\"><strong>CANAL CNN\u00a0<\/strong><\/p><p class=\"x_xmsonormal\"><a href=\"https:\/\/www.litoralpress.cl\/sitio\/RadioTV_Detalles.cshtml?LPKey=S3YNJHIPHZRG4DND76NT2O2AEDJRROMYK3U5S6GRBCSYFWMDECEA\">Pichidangui en alerta: se qued\u00f3 sin agua. Se refiere Roberto Pizarro, acad\u00e9mico de la UTalca.\u00a0\u00a0\u00a0<\/a><\/p><p>\u00a0<\/p><p class=\"x_xmsonormal\"><strong>LA PRENSA\u00a0<\/strong><\/p><p class=\"x_xmsonormal\"><a href=\"https:\/\/www.litoralpress.cl\/paginaconsultas\/Servicios_NClip\/Get_Imagen_Nota.aspx?LPKey=CQXKZZ4XMEUXGPAEZ2OORMDU2ZK4CGDYUPDMTVBO4YC424Z3LT4A7QCLSZJQSQLQCPGUD2P62ZQRE\">Divulgadores cient\u00edficos crean libro que convierte art\u00edculos en cuentos infantiles. Se refiere Claudio Ram\u00edrez, acad\u00e9mico del Instituto de Ciencias Biol\u00f3gicas de la UTalca.\u00a0<\/a><\/p><p>\u00a0<\/p><p class=\"x_xmsonormal\"><strong>DIARIOLAPRENSA.CL\u00a0<\/strong><\/p><p class=\"x_xmsonormal\"><a href=\"https:\/\/new.diariolaprensa.cl\/index.php\/2022\/01\/26\/divulgadores-cientificos-crean-libro-que-convierte-articulos-en-cuentos-infantiles\/\">Divulgadores cient\u00edficos crean libro que convierte art\u00edculos en cuentos infantiles. Se refiere Claudio Ram\u00edrez, acad\u00e9mico del Instituto de Ciencias Biol\u00f3gicas de la UTalca.\u00a0<\/a><\/p><p>\u00a0<\/p><p class=\"x_xmsonormal\"><strong>CODELCO.CL\u00a0<\/strong><\/p><p class=\"x_xmsonormal\"><a href=\"https:\/\/www.codelco.com\/comite-ejecutivo-invita-a-los-graduados-2022-a-ser-protagonistas-de-la\/prontus_codelco\/2022-01-26\/104824.html\">Comit\u00e9 Ejecutivo invita a los graduados 2022 a ser protagonistas de la transformaci\u00f3n. Se menciona a la carrera de Ingenier\u00eda Civil de Minas de la UTalca.\u00a0<\/a><\/p><p>\u00a0<\/p><p class=\"x_xmsonormal\"><strong>DIARIOTALCA.CL\u00a0<\/strong><\/p><p class=\"x_xmsonormal\"><a href=\"https:\/\/diariotalca.cl\/estudiantes-relatan-como-llegaron-a-ser-puntajes-maximos-nacionales-y-regionales\/\">Estudiantes relatan c\u00f3mo llegaron a ser puntajes m\u00e1ximos nacionales y regionales. Se menciona a la UTalca.\u00a0<\/a><\/p>\t\t\t\t\t\t<\/div>\n\t\t\t\t<\/div>\n\t\t\t\t\t<\/div>\n\t\t<\/div>\n\t\t\t\t\t\t\t<\/div>\n\t\t<\/section>\n\t\t\t\t\t\t<\/div>\n\t\t\t\t\t<\/div>\n\t\t","protected":false},"excerpt":{"rendered":"<p>LA TERCERA\u00a0\u00a0 Universidades estatales irrumpen en la Convenci\u00f3n con propuestas para asegurar derecho a la educaci\u00f3n.Se refiere \u00c1lvaro Rojas, rector de la Universidad de Talca.\u00a0\u00a0\u00a0 \u00a0 LATERCERA.COM\u00a0\u00a0 \u201cP\u00fablica, gratuita, laica y de calidad\u201d: Universidades Estatales irrumpen en la Convenci\u00f3n con propuestas para asegurar derecho a la educaci\u00f3n.\u00a0\u00a0Se refiere \u00c1lvaro Rojas, rector de la Universidad de &hellip;<\/p>\n<p class=\"read-more\"> <a class=\"\" href=\"https:\/\/www.reportedeprensa.utalca.cl\/?p=3167\"> <span class=\"screen-reader-text\">27 de enero de 2021<\/span> Read More &raquo;<\/a><\/p>\n","protected":false},"author":1,"featured_media":0,"comment_status":"closed","ping_status":"open","sticky":false,"template":"","format":"standard","meta":{"_monsterinsights_skip_tracking":false,"_monsterinsights_sitenote_active":false,"_monsterinsights_sitenote_note":"","_monsterinsights_sitenote_category":0},"categories":[17],"tags":[],"_links":{"self":[{"href":"https:\/\/www.reportedeprensa.utalca.cl\/index.php?rest_route=\/wp\/v2\/posts\/3167"}],"collection":[{"href":"https:\/\/www.reportedeprensa.utalca.cl\/index.php?rest_route=\/wp\/v2\/posts"}],"about":[{"href":"https:\/\/www.reportedeprensa.utalca.cl\/index.php?rest_route=\/wp\/v2\/types\/post"}],"author":[{"embeddable":true,"href":"https:\/\/www.reportedeprensa.utalca.cl\/index.php?rest_route=\/wp\/v2\/users\/1"}],"replies":[{"embeddable":true,"href":"https:\/\/www.reportedeprensa.utalca.cl\/index.php?rest_route=%2Fwp%2Fv2%2Fcomments&post=3167"}],"version-history":[{"count":10,"href":"https:\/\/www.reportedeprensa.utalca.cl\/index.php?rest_route=\/wp\/v2\/posts\/3167\/revisions"}],"predecessor-version":[{"id":3186,"href":"https:\/\/www.reportedeprensa.utalca.cl\/index.php?rest_route=\/wp\/v2\/posts\/3167\/revisions\/3186"}],"wp:attachment":[{"href":"https:\/\/www.reportedeprensa.utalca.cl\/index.php?rest_route=%2Fwp%2Fv2%2Fmedia&parent=3167"}],"wp:term":[{"taxonomy":"category","embeddable":true,"href":"https:\/\/www.reportedeprensa.utalca.cl\/index.php?rest_route=%2Fwp%2Fv2%2Fcategories&post=3167"},{"taxonomy":"post_tag","embeddable":true,"href":"https:\/\/www.reportedeprensa.utalca.cl\/index.php?rest_route=%2Fwp%2Fv2%2Ftags&post=3167"}],"curies":[{"name":"wp","href":"https:\/\/api.w.org\/{rel}","templated":true}]}}