{"id":3197,"date":"2022-01-28T09:31:24","date_gmt":"2022-01-28T12:31:24","guid":{"rendered":"https:\/\/www.reportedeprensa.utalca.cl\/?p=3197"},"modified":"2022-01-28T09:32:04","modified_gmt":"2022-01-28T12:32:04","slug":"28-de-enero-de-2021","status":"publish","type":"post","link":"https:\/\/www.reportedeprensa.utalca.cl\/?p=3197","title":{"rendered":"28 de enero de 2021"},"content":{"rendered":"\t\t<div data-elementor-type=\"wp-post\" data-elementor-id=\"3197\" class=\"elementor elementor-3197\" data-elementor-settings=\"[]\">\n\t\t\t\t\t\t\t<div class=\"elementor-section-wrap\">\n\t\t\t\t\t\t\t<section class=\"elementor-section elementor-top-section elementor-element elementor-element-17fae7ab elementor-section-boxed elementor-section-height-default elementor-section-height-default\" data-id=\"17fae7ab\" data-element_type=\"section\">\n\t\t\t\t\t\t<div class=\"elementor-container elementor-column-gap-default\">\n\t\t\t\t\t<div class=\"elementor-column elementor-col-100 elementor-top-column elementor-element elementor-element-60e202a0\" data-id=\"60e202a0\" data-element_type=\"column\">\n\t\t\t<div class=\"elementor-widget-wrap elementor-element-populated\">\n\t\t\t\t\t\t\t\t<div class=\"elementor-element elementor-element-387ad460 elementor-widget elementor-widget-text-editor\" data-id=\"387ad460\" data-element_type=\"widget\" data-widget_type=\"text-editor.default\">\n\t\t\t\t<div class=\"elementor-widget-container\">\n\t\t\t\t\t\t\t\t<p class=\"x_MsoNormal\"><strong>LANOTICIA.CL\u00a0<\/strong><\/p><p class=\"x_MsoNormal\"><a href=\"https:\/\/lanoticia.cl\/altos-puntajes-en-pdt-eligen-a-la-universidad-de-talca-para-su-formacion-profesional\/\">Altos puntajes en PDT eligen a la Universidad de Talca para su formaci\u00f3n profesional. \u00a0<\/a><\/p><p>\u00a0<\/p><p class=\"x_MsoNormal\"><strong>RADIO AMIGA\u00a0<\/strong><\/p><p class=\"x_MsoNormal\"><a href=\"https:\/\/www.litoralpress.cl\/sitio\/RadioTV_Detalles.cshtml?LPKey=3PVUSRFSTSJHCKOMGYNURM7JL22ZIEMFQTCUZXEHIEY77I3AMLMA\">Altos puntajes en la PTU eligen a la U de Talca para su formaci\u00f3n profesional.\u00a0<\/a><\/p><p>\u00a0<\/p><p class=\"x_MsoNormal\"><strong>ENLINEAMAULE.CL\u00a0<\/strong><\/p><p class=\"x_MsoNormal\"><a href=\"https:\/\/enlineamaule.cl\/archivo\/47094\">Altos puntajes en Prueba de Transici\u00f3n Universitaria eligieron a la Universidad de Talca para su formaci\u00f3n profesional. \u00a0<\/a><\/p><p>\u00a0<\/p><p class=\"x_MsoNormal\"><strong>LANOTICIA.CL\u00a0<\/strong><\/p><p class=\"x_MsoNormal\"><a href=\"https:\/\/lanoticia.cl\/universidad-de-talca-volvera-a-ofrecer-matricula-100-online\/\">Universidad de Talca volver\u00e1 a ofrecer matr\u00edculas 100% online. \u00a0<\/a><\/p><p>\u00a0<\/p><p class=\"x_MsoNormal\"><strong>RADIO CAMILA\u00a0<\/strong><\/p><p class=\"x_MsoNormal\"><a href=\"https:\/\/www.radiocamilatv.cl\/portal\/views\/noticia.php?codNoticia=MzUxMA==\">Universidades estatales cuentan con dos iniciativas de normas para la convenci\u00f3n. Se refiere \u00c1lvaro Rojas, rector de la UTalca.\u00a0<\/a><\/p><p>\u00a0<\/p><p class=\"x_MsoNormal\"><strong>RADIO COOPERATIVA\u00a0<\/strong><\/p><p class=\"x_MsoNormal\"><a href=\"https:\/\/www.litoralpress.cl\/sitio\/RadioTV_Detalles.cshtml?LPKey=ZAIZPEPFRZSPUX42RWOGSRACFXC3O6HCNLVE2LE7FJBHLQEJWNFA\">Salud reporta 24.037 nuevos casos de Covid-19. Se refiere Erika Retamal, directora del Departamento de Salud P\u00fablica de la UTalca.\u00a0<\/a><\/p><p>\u00a0<\/p><p class=\"x_MsoNormal\"><strong>LA PRENSA\u00a0<\/strong><\/p><p class=\"x_MsoNormal\"><a href=\"https:\/\/www.litoralpress.cl\/sitio\/Prensa_Detalles.cshtml?LPKey=TCZ3KU5PSLJJGV7QLGYVO6UOBYYVGALUYSLGVPGR3QMS74C5TBPA\">Universidad de Talca crear\u00e1 plataforma satelital para estimar consumo de agua. Se refiere Samuel Ortega, director del Centro de Investigaci\u00f3n y Transferencia de Riego y Agroclimatolog\u00eda (CITRA) de la UTalca.\u00a0<\/a><\/p><p>\u00a0<\/p><p class=\"x_MsoNormal\"><strong>EL HERALDO\u00a0<\/strong><\/p><p class=\"x_MsoNormal\"><a href=\"https:\/\/www.litoralpress.cl\/paginaconsultas\/Servicios_NClip\/Get_Imagen_Nota.aspx?LPKey=SFVRR4RAZSG66FIROM2E7P2ZBLZ6Y3L6VLOJFAEU67I7GG54HWCOW6KNX66DQOYGPXYXCWOVMC3TO\">Universidad de Talca crear\u00e1 plataforma satelital para estimar consumo de agua en Chile. Se refiere Samuel Ortega, director del Centro de Investigaci\u00f3n y Transferencia de Riego y Agroclimatolog\u00eda (CITRA) de la UTalca.\u00a0<\/a><\/p><p>\u00a0<\/p><p class=\"x_MsoNormal\"><strong>DIARIOELHERALDO.CL\u00a0<\/strong><\/p><p class=\"x_MsoNormal\"><a href=\"http:\/\/www.diarioelheraldo.cl\/noticia\/universidad-de-talca-creara-plataforma-satelital-para-estimar-consumo-de-agua-en-chile-\">Universidad de Talca crear\u00e1 plataforma satelital para estimar consumo de agua en Chile. Se refiere Samuel Ortega, director del Centro de Investigaci\u00f3n y Transferencia de Riego y Agroclimatolog\u00eda (CITRA) de la UTalca.\u00a0<\/a><\/p><p class=\"x_MsoNormal\"><span class=\"x_MsoHyperlink\">\u00a0<\/span><\/p><p class=\"x_MsoNormal\"><strong><span class=\"x_MsoHyperlink\">RADIO AMIGA\u00a0<\/span><\/strong><\/p><p class=\"x_MsoNormal\"><a href=\"https:\/\/www.litoralpress.cl\/sitio\/RadioTV_Detalles.cshtml?LPKey=HFD2DEJBRQDWL4APLVTEJVRKWCK3UKFLZF7FBNSNGVW7U2YIAWPQ\">Desarrollan plataforma satelital para apoyar a la agricultura.\u00a0Se refiere Samuel Ortega, director del Centro de Investigaci\u00f3n y Transferencia de Riego y Agroclimatolog\u00eda (CITRA) de la UTalca.\u00a0<\/a><\/p><p class=\"x_MsoNormal\"><br \/><strong>ELDESCONCIERTO.CL\u00a0<\/strong><\/p><p class=\"x_MsoNormal\"><a href=\"https:\/\/www.eldesconcierto.cl\/nacional\/2022\/01\/27\/estudio-venezolanos-del-norte-tienen-menos-ingresos-que-sus-pares-de-otras-zonas-de-chile.html\">Estudio: venezolanos del norte tienen menos ingresos que sus pares de otras zonas de Chile. Se refiere Medardo Aguirre, director del Centro Nacional de Estudios Migratorios (CENEM) de la Universidad de Talca.\u00a0<\/a><\/p><p>\u00a0<\/p><p class=\"x_MsoNormal\"><strong>RADIO COOPERATIVA\u00a0<\/strong><\/p><p class=\"x_MsoNormal\"><a href=\"https:\/\/www.litoralpress.cl\/sitio\/RadioTV_Detalles.cshtml?LPKey=B4A5XLAZLX4T3DHEC3UEE2EV2PV5U3MIZ5BSVC4DH2FYSOLQKY2Q\">Diputados aprobaron otorgar una pensi\u00f3n de gracia a menores hu\u00e9rfanos por el Covid-19. Se refiere Isaac Ravetllat, director del Centro de Estudios sobre Derechos de la Infancia y la Adolescencia de la Universidad de Talca.\u00a0<\/a><\/p><p>\u00a0<\/p><p class=\"x_MsoNormal\"><strong>EL LECTOR\u00a0<\/strong><\/p><p class=\"x_MsoNormal\"><a href=\"https:\/\/www.litoralpress.cl\/paginaconsultas\/Servicios_NClip\/Get_Imagen_Nota.aspx?LPKey=UHIIJ7JBX3GBTZJ6Y36D32DV5ZIYJFOIXU23U5S6RDQRV3AOTSBM46VN27WSHQOOEDRMQFESGXSG4\">Universidad de Talca crea nuevo Diplomado. Se refieren Pedro Zamorano, director del Instituto de Estudios Human\u00edsticos Abate Juan Ignacio Molina y Eduardo Bravo, director del Centro de Documentaci\u00f3n Patrimonial de la UTalca.\u00a0<\/a><\/p><p>\u00a0<\/p><p class=\"x_MsoNormal\"><strong>DIARIOELHERALDO.CL\u00a0<\/strong><\/p><p class=\"x_MsoNormal\"><a href=\"http:\/\/www.diarioelheraldo.cl\/noticia\/universidad-de-talca-crea-nuevo-diplomado-en-patrimonio-cultural-\">Universidad de Talca crea nuevo Diplomado en Patrimonio Cultural.\u00a0Se refieren Pedro Zamorano, director del Instituto de Estudios Human\u00edsticos Abate Juan Ignacio Molina y Eduardo Bravo, director del Centro de Documentaci\u00f3n Patrimonial de la UTalca.\u00a0<\/a><\/p><p>\u00a0<\/p><p class=\"x_MsoNormal\"><strong>ADPRENSA.CL\u00a0<\/strong><\/p><p class=\"x_MsoNormal\"><a href=\"https:\/\/www.adprensa.cl\/actividades-academicas\/utalca-conduccion-segura-en-vacaciones-como-evitar-accidentes-e-imprevistos\/\">Conducci\u00f3n segura en vacaciones: \u00bfC\u00f3mo evitar accidentes e imprevistos? Se refiere Emilio Moyano, acad\u00e9mico de la Facultad de Psicolog\u00eda de la UTalca.\u00a0<\/a><\/p><p>\u00a0<\/p><p class=\"x_MsoNormal\"><strong>DIARIOTALCA.CL\u00a0<\/strong><\/p><p class=\"x_MsoNormal\"><a href=\"https:\/\/diariotalca.cl\/experto-llama-a-evitar-accidentes-e-imprevistos-al-conducir-en-vacaciones\/\">Experto llama a evitar accidentes e imprevistos al conducir en vacaciones. Se refiere Emilio Moyano, acad\u00e9mico de la Facultad de Psicolog\u00eda de la UTalca.\u00a0<\/a><\/p><p>\u00a0<\/p><p class=\"x_MsoNormal\"><strong>RADIOMAGALLANES\u00a0<\/strong><\/p><p class=\"x_MsoNormal\"><a href=\"http:\/\/www.radiomagallanes.cl\/noticia.php?id_not=99739\">Conducci\u00f3n segura en vacaciones: \u00bfC\u00f3mo evitar accidentes e imprevistos? Se refiere Emilio Moyano, acad\u00e9mico de la Facultad de Psicolog\u00eda de la UTalca.\u00a0<\/a><\/p><p>\u00a0<\/p><p class=\"x_MsoNormal\"><strong>THECLINIC.CL\u00a0<\/strong><\/p><p class=\"x_MsoNormal\"><a href=\"https:\/\/www.theclinic.cl\/2022\/01\/28\/tension-moneda-chica-disputa-hegemonia-gobierno-boric\/\/?utm_source=masvistos&amp;utm_medium=post&amp;utm_campaign=thc\">Tensi\u00f3n en La Moneda Chica: c\u00f3mo la disputa por la hegemon\u00eda en el gobierno de Boric se tom\u00f3 le pelea por los subsecretarios y los retiros de las AFP. Se refiere Mauricio Morales, director del Centro de An\u00e1lisis Pol\u00edtico (CAP) de la UTalca.\u00a0<\/a><\/p><p>\u00a0<\/p><p class=\"x_MsoNormal\"><strong>EXANTE.CL\u00a0<\/strong><\/p><p class=\"x_MsoNormal\"><a href=\"https:\/\/www.ex-ante.cl\/mauricio-morales-y-la-dilacion-del-nombramiento-de-subsecretarios-las-quejas-de-los-partidos-desafian-la-gobernabilidad-de-boric\/\">Mauricio Morales y la dilaci\u00f3n del nombramiento de subsecretarios: \u201cLas quejas de los partidos desaf\u00edan la gobernabilidad de Boric\u201d.\u00a0<\/a><\/p><p>\u00a0<\/p><p class=\"x_MsoNormal\"><strong>ATENTOSCHILE.CL\u00a0<\/strong><\/p><p class=\"x_MsoNormal\"><a href=\"https:\/\/www.litoralpress.cl\/sitio\/RadioTV_Detalles.cshtml?LPKey=5NNU5ZU56BFG46PNLUN6MIIKZQUKBJR5USVXRSMYEI7JVAQG4UZQ\">Entrevista a Marcela Mar\u00edn, acad\u00e9mica del Departamento de Salud P\u00fablica de la Universidad de Talca.\u00a0<\/a><\/p><p>\u00a0<\/p><p class=\"x_MsoNormal\"><strong>BIOBIO.CL\u00a0<\/strong><\/p><p class=\"x_MsoNormal\"><a href=\"https:\/\/www.biobiochile.cl\/noticias\/artes-y-cultura\/actualidad-cultural\/2022\/01\/27\/trilla-de-las-artes-en-campo-cultural-llongocura-una-experiencia-extraordinaria-e-inolvidable.shtml\">Trilla de las artes en campo cultural Llongocura: Una experiencia extraordinaria e inolvidable. Se menciona a la UTalca. \u00a0<\/a><\/p><p>\u00a0<\/p><p class=\"x_MsoNormal\"><strong>SENAMA.GOB.CL\u00a0<\/strong><\/p><p class=\"x_MsoNormal\"><a href=\"http:\/\/www.senama.gob.cl\/noticias\/senama-inicia-mesa-de-trabajo-que-releva-la-importancia-de-la-salud-bucal-en-las-personas-mayores\">SENAMA inicia mesa de trabajo que releva la importancia de la salud bucal en las personas mayores. Se mencionan a Soraya Le\u00f3n y Rodrigo Giacam\u00e1n, acad\u00e9micos de la Facultad de Ciencias de la Salud de la Universidad de Talca.<\/a><\/p><p>\u00a0<\/p><p class=\"x_MsoNormal\"><strong>REVISTA DE MINER\u00cdA CHILENA\u00a0<\/strong><\/p><p class=\"x_MsoNormal\"><a href=\"https:\/\/www.mch.cl\/columnas\/papel-roneo-stencil-y-tiza\/\">\u201cPapel roneo, stencil y tiza\u201d. Columna de Manuel Reyes, acad\u00e9mico de la Facultad de Ingenier\u00eda de la UTalca. \u00a0<\/a><\/p><p class=\"x_MsoNormal\">\u00a0<\/p>\t\t\t\t\t\t<\/div>\n\t\t\t\t<\/div>\n\t\t\t\t\t<\/div>\n\t\t<\/div>\n\t\t\t\t\t\t\t<\/div>\n\t\t<\/section>\n\t\t\t\t\t\t<\/div>\n\t\t\t\t\t<\/div>\n\t\t","protected":false},"excerpt":{"rendered":"<p>LANOTICIA.CL\u00a0 Altos puntajes en PDT eligen a la Universidad de Talca para su formaci\u00f3n profesional. \u00a0 \u00a0 RADIO AMIGA\u00a0 Altos puntajes en la PTU eligen a la U de Talca para su formaci\u00f3n profesional.\u00a0 \u00a0 ENLINEAMAULE.CL\u00a0 Altos puntajes en Prueba de Transici\u00f3n Universitaria eligieron a la Universidad de Talca para su formaci\u00f3n profesional. \u00a0 \u00a0 &hellip;<\/p>\n<p class=\"read-more\"> <a class=\"\" href=\"https:\/\/www.reportedeprensa.utalca.cl\/?p=3197\"> <span class=\"screen-reader-text\">28 de enero de 2021<\/span> Read More &raquo;<\/a><\/p>\n","protected":false},"author":1,"featured_media":0,"comment_status":"closed","ping_status":"open","sticky":false,"template":"","format":"standard","meta":{"_monsterinsights_skip_tracking":false,"_monsterinsights_sitenote_active":false,"_monsterinsights_sitenote_note":"","_monsterinsights_sitenote_category":0},"categories":[17],"tags":[],"_links":{"self":[{"href":"https:\/\/www.reportedeprensa.utalca.cl\/index.php?rest_route=\/wp\/v2\/posts\/3197"}],"collection":[{"href":"https:\/\/www.reportedeprensa.utalca.cl\/index.php?rest_route=\/wp\/v2\/posts"}],"about":[{"href":"https:\/\/www.reportedeprensa.utalca.cl\/index.php?rest_route=\/wp\/v2\/types\/post"}],"author":[{"embeddable":true,"href":"https:\/\/www.reportedeprensa.utalca.cl\/index.php?rest_route=\/wp\/v2\/users\/1"}],"replies":[{"embeddable":true,"href":"https:\/\/www.reportedeprensa.utalca.cl\/index.php?rest_route=%2Fwp%2Fv2%2Fcomments&post=3197"}],"version-history":[{"count":4,"href":"https:\/\/www.reportedeprensa.utalca.cl\/index.php?rest_route=\/wp\/v2\/posts\/3197\/revisions"}],"predecessor-version":[{"id":3201,"href":"https:\/\/www.reportedeprensa.utalca.cl\/index.php?rest_route=\/wp\/v2\/posts\/3197\/revisions\/3201"}],"wp:attachment":[{"href":"https:\/\/www.reportedeprensa.utalca.cl\/index.php?rest_route=%2Fwp%2Fv2%2Fmedia&parent=3197"}],"wp:term":[{"taxonomy":"category","embeddable":true,"href":"https:\/\/www.reportedeprensa.utalca.cl\/index.php?rest_route=%2Fwp%2Fv2%2Fcategories&post=3197"},{"taxonomy":"post_tag","embeddable":true,"href":"https:\/\/www.reportedeprensa.utalca.cl\/index.php?rest_route=%2Fwp%2Fv2%2Ftags&post=3197"}],"curies":[{"name":"wp","href":"https:\/\/api.w.org\/{rel}","templated":true}]}}