{"id":3206,"date":"2022-02-28T09:12:14","date_gmt":"2022-02-28T12:12:14","guid":{"rendered":"https:\/\/www.reportedeprensa.utalca.cl\/?p=3206"},"modified":"2022-03-01T09:17:17","modified_gmt":"2022-03-01T12:17:17","slug":"28-de-febrero-de-2022","status":"publish","type":"post","link":"https:\/\/www.reportedeprensa.utalca.cl\/?p=3206","title":{"rendered":"28 de febrero de 2022"},"content":{"rendered":"\t\t<div data-elementor-type=\"wp-post\" data-elementor-id=\"3206\" class=\"elementor elementor-3206\" data-elementor-settings=\"[]\">\n\t\t\t\t\t\t\t<div class=\"elementor-section-wrap\">\n\t\t\t\t\t\t\t<section class=\"elementor-section elementor-top-section elementor-element elementor-element-17fae7ab elementor-section-boxed elementor-section-height-default elementor-section-height-default\" data-id=\"17fae7ab\" data-element_type=\"section\">\n\t\t\t\t\t\t<div class=\"elementor-container elementor-column-gap-default\">\n\t\t\t\t\t<div class=\"elementor-column elementor-col-100 elementor-top-column elementor-element elementor-element-60e202a0\" data-id=\"60e202a0\" data-element_type=\"column\">\n\t\t\t<div class=\"elementor-widget-wrap elementor-element-populated\">\n\t\t\t\t\t\t\t\t<div class=\"elementor-element elementor-element-387ad460 elementor-widget elementor-widget-text-editor\" data-id=\"387ad460\" data-element_type=\"widget\" data-widget_type=\"text-editor.default\">\n\t\t\t\t<div class=\"elementor-widget-container\">\n\t\t\t\t\t\t\t\t<p class=\"x_MsoNormal\"><strong>LAS \u00daLTIMAS NOTICIAS\u00a0<\/strong><\/p><p class=\"x_MsoNormal\"><a href=\"https:\/\/www.litoralpress.cl\/paginaconsultas\/Servicios_NClip\/Get_Imagen_Nota.aspx?LPKey=NCLHOGMH52AJVMJ42RO3FNEA7SSPTXZZ7T4ET2NHBFHRONONENNG6SXXSODG65JYG3HDOJ27MK4UM\">Abren vacantes de \u00faltima hora para entrar hoy a la universidad. Se refiere C\u00e9sar Retamal, director de Ciclo de Vida Estudiantil de la UTalca.\u00a0<\/a><\/p><p class=\"x_MsoNormal\" aria-hidden=\"true\">\u00a0<\/p><p class=\"x_MsoNormal\"><strong>DIARIO TALCA\u00a0<\/strong><\/p><p class=\"x_MsoNormal\"><a href=\"https:\/\/www.litoralpress.cl\/paginaconsultas\/Servicios_NClip\/Get_Imagen_Nota.aspx?LPKey=BYPQEYBVYEPI26H23QEVMKWHBPV2GTXMFSSTRMEJZ4KAFKM27W4RZTC2TYERLGZEUWO2NWZXTQHZY\">Universidad de Talca logr\u00f3 exitosa primera fase de matr\u00edculas. Se refieren Paula Manr\u00edquez, vicerrectora de Pregrado y C\u00e9sar Retamal, director de Ciclo de Vida Estudiantil de la UTalca.\u00a0<\/a><\/p><p class=\"x_MsoNormal\" aria-hidden=\"true\">\u00a0<\/p><p class=\"x_MsoNormal\"><strong>DIARIOTALCA.CL\u00a0<\/strong><\/p><p class=\"x_MsoNormal\"><a href=\"https:\/\/diariotalca.cl\/universidad-de-talca-logro-exitosa-primera-fase-de-matriculas-2022\/\">Universidad de Talca logr\u00f3 exitosa primera fase de matr\u00edculas 2022. Se refiere C\u00e9sar Retamal, director de Ciclo de Vida Estudiantil de la UTalca.\u00a0<\/a><\/p><p class=\"x_MsoNormal\" aria-hidden=\"true\">\u00a0<\/p><p class=\"x_MsoNormal\"><strong>DIARIO LA PRENSA\u00a0<\/strong><\/p><p class=\"x_MsoNormal\"><a href=\"https:\/\/www.litoralpress.cl\/paginaconsultas\/Servicios_NClip\/Get_Imagen_Nota.aspx?LPKey=2IFBAUV36IPFKXGAHIWQVYJZQUCU75JSQZAUILS2HQDH3PRIPPPXKFU5KH4SGHRHXBAIASAWVLWJU\">UTalca logr\u00f3 exitosa primera etapa de matr\u00edculas. Se refiere C\u00e9sar Retamal, director de Ciclo de Vida Estudiantil de la UTalca.\u00a0<\/a><\/p><p class=\"x_MsoNormal\">\u00a0<\/p><p class=\"x_MsoNormal\"><strong>DIARIO EL LECTOR\u00a0<\/strong><\/p><p class=\"x_MsoNormal\"><a href=\"https:\/\/www.litoralpress.cl\/paginaconsultas\/Servicios_NClip\/Get_Imagen_Nota.aspx?LPKey=Z633HQNLSNXNKZQVAJ4JD66CGJPUABGF43CFJL5GAGFZA7NL6BZQ3PXO2BE3FT7DTZSEYLNTT65P6\">Universidad de Talca logr\u00f3 exitosa primera etapa de matr\u00edculas. Se refieren Paula Manr\u00edquez, vicerrectora de Pregrado y C\u00e9sar Retamal, director de Ciclo de Vida Estudiantil de la UTalca.\u00a0<\/a><\/p><p class=\"x_MsoNormal\" aria-hidden=\"true\">\u00a0<\/p><p class=\"x_MsoNormal\"><strong>ADPRENSA.CL\u00a0<\/strong><\/p><p class=\"x_MsoNormal\"><a href=\"https:\/\/www.adprensa.cl\/actividades-academicas\/academicos-de-la-utalca-se-adjudican-siete-proyectos-fondecyt-iniciacion\/\">Acad\u00e9micos de la UTalca se adjudican siete proyectos FONDECYT Iniciaci\u00f3n. Se refiere Eduardo \u00c1lvarez, director de Investigaci\u00f3n de la UTalca. \u00a0<\/a><\/p><p class=\"x_MsoNormal\">\u00a0<\/p><p class=\"x_MsoNormal\"><strong>DIARIO LA PRENSA \u00a0<\/strong><\/p><p class=\"x_MsoNormal\"><a href=\"https:\/\/www.litoralpress.cl\/paginaconsultas\/Documentos\/Crear_Achivo_Pdf.aspx?LPKey=6QQ4YEQBWYTIL5X2PXQHDJXM5AXOGSHTR4WEIXW5LSPGG3XVGEJQ\">UTalca se adjudica proyectos Fondecyt. Se refiere Eduardo \u00c1lvarez, director de Investigaci\u00f3n de la UTalca.<\/a><\/p><p>\u00a0<\/p><p class=\"x_MsoNormal\"><strong>EL MERCURIO\u00a0<\/strong><\/p><p class=\"x_MsoNormal\"><a href=\"https:\/\/www.litoralpress.cl\/paginaconsultas\/Documentos\/Crear_Achivo_Pdf.aspx?LPKey=KC6K3FKNKG63NW7VZIFAKESORQ5VZNWXA4TUA4DBDHACLCPRZSFA\">Colegios privados pierden 15 mil alumnos en dos a\u00f1os, y expertos apuntan a crisis econ\u00f3mica. Se refiere Cristi\u00e1n Rojas, decano de la Facultad de Ciencias de la Educaci\u00f3n de la UTalca.<\/a><\/p><p>\u00a0<\/p><p class=\"x_MsoNormal\"><strong>EL MERCURIO \u00a0<\/strong><\/p><p class=\"x_MsoNormal\"><a href=\"https:\/\/www.litoralpress.cl\/paginaconsultas\/Documentos\/Crear_Achivo_Pdf.aspx?LPKey=5ZILACXUQZBHZX2U6BGRV3LNGPRA2XMCMKFTMZHSFLZFJXBGWTKA\">Casi 40 mil alumnos no quedan en colegios de su preferencia y a seis mil se les asign\u00f3 uno por cercan\u00eda con el hogar. Se refiere Cristi\u00e1n Rojas, decano de la Facultad de Ciencias de la Educaci\u00f3n de la UTalca.\u00a0<\/a><\/p><p>\u00a0<\/p><p class=\"x_MsoNormal\"><strong>RADIO ADN\u00a0<\/strong><\/p><p class=\"x_MsoNormal\"><a href=\"https:\/\/www.litoralpress.cl\/sitio\/RadioTV_Detalles.cshtml?LPKey=VPICOYI7SYXZZK4JKPJO4HUWWKYJ3R6GHC4FMAF3KLHB7KADJBIQ\">Entrevista a \u00c9rika Retamal, directora del Departamento de Salud P\u00fablica de la U. de Talca.\u00a0<\/a><\/p><p class=\"x_MsoNormal\">\u00a0<\/p><p class=\"x_MsoNormal\"><strong>RADIO COOPERATIVA\u00a0<\/strong><\/p><p class=\"x_MsoNormal\"><a href=\"https:\/\/www.litoralpress.cl\/sitio\/RadioTV_Detalles.cshtml?LPKey=3NOJWX6JV4L35QTCQGUH2MHDIR6H3O74CH4LKNCDRLYMLIR3N45A\">Entrevista a Marcelo Alarc\u00f3n, acad\u00e9mico del Departamento de Bioqu\u00edmica e Inmunohematolog\u00eda de la UTalca. \u00a0<\/a><\/p><p class=\"x_MsoNormal\">\u00a0<\/p><p class=\"x_MsoNormal\"><strong>RADIO COOPERATIVA\u00a0<\/strong><\/p><p class=\"x_MsoNormal\"><a href=\"https:\/\/www.litoralpress.cl\/sitio\/RadioTV_Detalles.cshtml?LPKey=WAV5O7EKBSPGA4HOUDM6NVTAYBHFQRIWCKQLGRGGTX7J7X5HQJQA\">Se alcanzan cifras r\u00e9cord del Covid-19 en Chile. Se refiere Erika Retamal, directora del Departamento de Salud P\u00fablica de la UTalca.\u00a0<\/a><\/p><p class=\"x_MsoNormal\">\u00a0<\/p><p class=\"x_MsoNormal\"><strong>DIARIO HOY X HOY\u00a0<\/strong><\/p><p class=\"x_MsoNormal\"><a href=\"https:\/\/www.litoralpress.cl\/paginaconsultas\/Servicios_NClip\/Get_Imagen_Nota.aspx?LPKey=A76NVUUVSIKF5O2UZE7ZYURCUUWA2RHNUQ2YWACOAAJL55NGFXO2AO4YURMAWHZUX6B266BFI7AJK\">Chile aprueba s\u00e9ptima vacuna en d\u00eda que roza los 30 mil contagios. Se refiere Erika Retamal, directora del Departamento de Salud P\u00fablica de la UTalca.\u00a0<\/a><\/p><p class=\"x_MsoNormal\">\u00a0<\/p><p class=\"x_MsoNormal\"><strong>CANAL 13\u00a0<\/strong><\/p><p class=\"x_MsoNormal\"><a href=\"https:\/\/www.litoralpress.cl\/sitio\/RadioTV_Detalles.cshtml?LPKey=2GNLQ2S42ZXAIOSCKMW7QHCMVV6SF5XZAWGSQV5HDDJC5MG7VFEQ\">\u00bfEs conveniente volver a clases presenciales? Se refiere Erika Retamal, directora del Departamento de Salud P\u00fablica de la UTalca.\u00a0<\/a><\/p><p class=\"x_MsoNormal\">\u00a0<\/p><p class=\"x_MsoNormal\"><strong>ELMOSTRADOR.CL\u00a0<\/strong><\/p><p class=\"x_MsoNormal\"><a href=\"https:\/\/www.elmostrador.cl\/noticias\/pais\/2022\/02\/07\/infectologa-erika-retamal-anticipa-dificultoso-regreso-a-clases-debido-a-posible-saturacion-del-sistema-sanitario\/\">Infect\u00f3loga advierte dif\u00edcil retorno a clases por eventual saturaci\u00f3n del sistema sanitario: &#8220;Podr\u00edamos esperar que sigan subiendo los casos&#8221;. Se refiere Erika Retamal, directora del Departamento de Salud P\u00fablica de la UTalca.\u00a0<\/a><\/p><p class=\"x_MsoNormal\">\u00a0<\/p><p class=\"x_MsoNormal\"><strong>EMOL\u00a0<\/strong><\/p><p class=\"x_MsoNormal\"><a href=\"https:\/\/www.emol.com\/noticias\/Nacional\/2022\/02\/23\/1047506\/expertos-proyeccion-mil-casos-diarios.html\">Expertos no descartan un repunte de casos covid-19 en marzo y que luego vuelvan a cifras inferiores a mil contagios diarios. Se refiere Marcelo Alarc\u00f3n, acad\u00e9mico del Departamento de Bioqu\u00edmica Cl\u00ednica e Inmunohematolog\u00eda de la Universidad de Talca.<\/a><\/p><p>\u00a0<\/p><p class=\"x_MsoNormal\"><strong>ELDESCONCIERTO.CL\u00a0<\/strong><\/p><p class=\"x_MsoNormal\"><a href=\"https:\/\/www.eldesconcierto.cl\/nacional\/2022\/02\/10\/cifra-mas-alta-desde-el-2021-omicron-dispara-ingresos-a-uci-hasta-los-720.html\">Cifra m\u00e1s alta desde el 2021: \u00d3micron dispara ingresos a UCI hasta los 720. Se refiere Marcelo Alarc\u00f3n, acad\u00e9mico del Departamento de Bioqu\u00edmica e Inmunohematolog\u00eda de la Universidad de Talca. \u00a0<\/a><\/p><p class=\"x_MsoNormal\" aria-hidden=\"true\">\u00a0<\/p><p class=\"x_MsoNormal\"><strong>DIARIO LA PRENSA\u00a0<\/strong><\/p><p class=\"x_MsoNormal\"><a href=\"https:\/\/www.litoralpress.cl\/paginaconsultas\/Servicios_NClip\/Get_Imagen_Nota.aspx?LPKey=T3XOJ7FXUYGQEHOYFIZMMEPSFWY6LGUVX57J673RLBJBX2F7DKWKLAHY4K52RQGV73TEQCKIIJWRE\">Altas cifras complicar\u00edan las atenciones en el sistema de salud primario e intermedio. Se refiere Erika Retamal, directora del Departamento de Salud P\u00fablica de la UTalca.\u00a0<\/a><\/p><p class=\"x_MsoNormal\" aria-hidden=\"true\">\u00a0<\/p><p class=\"x_MsoNormal\"><strong>24HORAS.CL\u00a0<\/strong><\/p><p class=\"x_MsoNormal\"><a href=\"https:\/\/www.24horas.cl\/coronavirus\/expertos-no-descartan-otro-repunte-de-casos-de-covid-19-durante-marzo-5196466\">Expertos no descartan un repunte de casos covid-19 en marzo y que luego vuelvan a cifras inferiores a mil contagios diarios. Se refiere Marcelo Alarc\u00f3n, acad\u00e9mico del Departamento de Bioqu\u00edmica Cl\u00ednica e Inmunohematolog\u00eda de la Universidad de Talca.\u00a0<\/a><\/p><p class=\"x_MsoNormal\" aria-hidden=\"true\">\u00a0<\/p><p class=\"x_MsoNormal\"><strong>DIARIO TALCA\u00a0<\/strong><\/p><p class=\"x_MsoNormal\"><a href=\"https:\/\/www.litoralpress.cl\/paginaconsultas\/Servicios_NClip\/Get_Imagen_Nota.aspx?LPKey=UWQJ6FFAGPOCUTAZ5OJ2NW5BLTPKIV3OZRTTHK4C73IB2KHIVQ6C3PWBJA6V2AVE3ZSQTNQR2SIJM\">\u00d3micron quintuplic\u00f3 los contagios de Covid en el Maule. Se refieren Daniel Jim\u00e9nez, director de Salud del Estudiante y Marcelo Alarc\u00f3n, acad\u00e9mico del Departamento de Bioqu\u00edmica e Inmunohematolog\u00eda de la UTalca. \u00a0<\/a><\/p><p class=\"x_MsoNormal\" aria-hidden=\"true\">\u00a0<\/p><p class=\"x_MsoNormal\"><strong>DIARIO EL HERALDO\u00a0<\/strong><\/p><p class=\"x_MsoNormal\"><a href=\"https:\/\/www.litoralpress.cl\/paginaconsultas\/Servicios_NClip\/Get_Imagen_Nota.aspx?LPKey=BIBBEHPUAAKGFRC2P7FWDS4LMTWYLFDI2P6CZFDCMK4Z77ZS7RZGSFOZYHDOUEOBGBPBRVAP7ZGX4\">Epidemi\u00f3loga asegur\u00f3 que altos casos de \u00d3micron estresan al sistema de salud. Se refiere Erika Retamal, directora del Departamento de Salud P\u00fablica de la UTalca.\u00a0<\/a><\/p><p class=\"x_MsoNormal\">\u00a0<\/p><p class=\"x_MsoNormal\"><strong>CANAL TVN RED MAULE\u00a0<\/strong><\/p><p class=\"x_MsoNormal\"><a href=\"https:\/\/www.litoralpress.cl\/sitio\/RadioTV_Detalles.cshtml?LPKey=WJ7ZRFMU6RIIKR3EU6XDI75UL5OOMQ2L62CAGP4RM3NBH6GPWNCQ\">Siguen aumentando los contagios Covid en el Maule, Se refiere Daniel Jim\u00e9nez, director de Salud del Estudiante de la UTalca.\u00a0<\/a><\/p><p class=\"x_MsoNormal\" aria-hidden=\"true\">\u00a0<\/p><p class=\"x_MsoNormal\"><strong>CANAL TVN RED MAULE\u00a0<\/strong><\/p><p class=\"x_MsoNormal\"><a href=\"https:\/\/www.litoralpress.cl\/sitio\/RadioTV_Detalles.cshtml?LPKey=2QOD7NC22DQW4VXOLXT32FSEXKYXWJP7A2N2C3IAQGA74PPFKMMQ\">Preocupaci\u00f3n entre los apoderados por retorno a clases presidenciales en marzo y el aumento de contagios Covid19. Se refiere Marcelo Alarc\u00f3n, acad\u00e9mico del Departamento de Bioqu\u00edmica e Inmunohematolog\u00eda de la UTalca.\u00a0<\/a><\/p><p class=\"x_MsoNormal\" aria-hidden=\"true\">\u00a0<\/p><p class=\"x_MsoNormal\"><strong>ATENTOSCHILE.CL\u00a0<\/strong><\/p><p class=\"x_MsoNormal\"><a href=\"https:\/\/www.litoralpress.cl\/sitio\/RadioTV_Detalles.cshtml?LPKey=5NNU5ZU56BFG46PNLUN6MIIKZQUKBJR5USVXRSMYEI7JVAQG4UZQ\">Entrevista a Marcela Mar\u00edn Salgado, acad\u00e9mica del departamento de Salud P\u00fablica de la Universidad de Talca.\u00a0<\/a><\/p><p class=\"x_MsoNormal\" aria-hidden=\"true\">\u00a0<\/p><p class=\"x_MsoNormal\"><strong>EL MERCURIO\u00a0<\/strong><\/p><p class=\"x_MsoNormal\"><a href=\"https:\/\/www.litoralpress.cl\/paginaconsultas\/Documentos\/Crear_Achivo_Pdf.aspx?LPKey=OAHHUMFOWZGKBK4MY5XUUCDHWXMSLDZ36INCUE3CHFQR7KLQZAFQ\">Tareas para los padres: cinco claves para apoyar a los ni\u00f1os en el retorno a clases presenciales. Se refiere Carolina Iturra, profesora de la Facultad de Psicolog\u00eda de la Universidad de Talca.<\/a><\/p><p>\u00a0<\/p><p class=\"x_MsoNormal\"><strong>LAS \u00daLTIMAS NOTICIAS\u00a0<\/strong><\/p><p class=\"x_MsoNormal\"><a href=\"https:\/\/www.lun.com\/Pages\/NewsDetail.aspx?dt=2022-02-16&amp;EsAviso=0&amp;PaginaId=24&amp;bodyid=0\">C\u00f3mo averiguar si alguien se est\u00e1 colgando de su red Wifi. Se refiere Ricardo P\u00e9rez, acad\u00e9mico del Departamento de Ciencias de la Computaci\u00f3n de la Universidad de Talca.\u00a0<\/a><\/p><p class=\"x_MsoNormal\">\u00a0<\/p><p class=\"x_MsoNormal\"><strong>G5NOTICIAS.CL\u00a0<\/strong><\/p><p class=\"x_MsoNormal\"><a href=\"https:\/\/g5noticias.cl\/2022\/01\/29\/universidad-de-talca-creara-plataforma-satelital-para-estimar-consumo-de-agua-en-chile\/\">Universidad de Talca crear\u00e1 plataforma satelital\u00a0\u00a0para estimar consumo de agua en Chile. Se refiere Samuel Ortega, director del Centro de Investigaci\u00f3n y Transferencia en Riego y Agroclimatolog\u00eda (CITRA) de la UTalca.\u00a0<\/a><\/p><p class=\"x_MsoNormal\">\u00a0<\/p><p class=\"x_MsoNormal\"><strong>FORBES.CL\u00a0<\/strong><\/p><p class=\"x_MsoNormal\"><a href=\"https:\/\/forbes.cl\/economia-y-finanzas\/2022-02-02\/historico-aumento-de-inflacion-en-chile-afecta-vida-cotidiana-y-preocupa-al-gobierno\/\">Hist\u00f3rico aumento de inflaci\u00f3n en Chile afecta vida cotidiana y preocupa al Gobierno. Se refiere Rodrigo Herrera, decano de la Facultad de Econom\u00eda y Negocios de la UTalca.\u00a0<\/a><\/p><p class=\"x_MsoNormal\">\u00a0<\/p><p class=\"x_MsoNormal\"><strong>ADPRENSA.CL\u00a0<\/strong><\/p><p class=\"x_MsoNormal\"><a href=\"https:\/\/www.adprensa.cl\/cronica\/estudio-utalca-revela-diferencias-en-el-ingreso-de-migrantes-y-refugiados-venezolanos-segun-zona-del-pais-donde-residen\/\">Estudio UTalca revela diferencias en el ingreso de migrantes y refugiados venezolanos seg\u00fan zona del pa\u00eds donde residen. Se refiere Medardo Aguirre, acad\u00e9mico de la Facultad de Econom\u00eda y Negocios de la UTalca.\u00a0<\/a><\/p><p class=\"x_MsoNormal\" aria-hidden=\"true\">\u00a0<\/p><p class=\"x_MsoNormal\"><strong>DIARIO LA PRENSA\u00a0<\/strong><\/p><p class=\"x_MsoNormal\"><a href=\"https:\/\/www.litoralpress.cl\/paginaconsultas\/Servicios_NClip\/Get_Imagen_Nota.aspx?LPKey=SLBCOCIKIZV4XFIEXLLK3TFTLYB5VZ6BIFSXBAVWPUCJ7TYVIKZNORJK434DBC3K4NOMNB37FYGQI\">Estudio UTalca revela diferencias en el ingreso de migrantes y refugiados venezolanos. Se refiere Medardo Aguirre, acad\u00e9mico de la Facultad de Econom\u00eda y Negocios de la UTalca.\u00a0<\/a><\/p><p class=\"x_MsoNormal\" aria-hidden=\"true\">\u00a0<\/p><p class=\"x_MsoNormal\"><strong>RADIOMAGALLANES.CL\u00a0<\/strong><\/p><p class=\"x_MsoNormal\"><a href=\"https:\/\/radiomagallanes.cl\/noticia.php?id_not=99767\">Estudio UTalca revela diferencias en el ingreso de migrantes y refugiados venezolanos seg\u00fan zona del pa\u00eds donde residen. Se refiere Medardo Aguirre, acad\u00e9mico de la Facultad de Econom\u00eda y Negocios de la UTalca. \u00a0<\/a><\/p><p class=\"x_MsoNormal\" aria-hidden=\"true\">\u00a0<\/p><p class=\"x_MsoNormal\"><strong>DIARIOSENRED.COM\u00a0<\/strong><\/p><p class=\"x_MsoNormal\"><a href=\"https:\/\/diariosenred.com\/regional\/investigacion-desarrollara-soluciones-matematicas-y-herramientas-para-la\">Investigaci\u00f3n desarrollar\u00e1 soluciones matem\u00e1ticas y herramientas para la conservaci\u00f3n de especies. Se refiere Eduardo \u00c1lvarez, acad\u00e9mico de la Facultad de Econom\u00eda y Negocios de la Universidad de Talca. \u00a0<\/a><\/p><p class=\"x_MsoNormal\">\u00a0<\/p><p class=\"x_MsoNormal\"><strong>DIARIO EL HERALDO\u00a0<\/strong><\/p><p class=\"x_MsoNormal\"><a href=\"https:\/\/www.litoralpress.cl\/paginaconsultas\/Documentos\/Crear_Achivo_Pdf.aspx?LPKey=OH53XEE7UABSPYONXEQUCYZDZPVBSLRW5M3M235GP73GEG3Y24EA\">Soluciones matem\u00e1ticas y herramientas para la conservaci\u00f3n de especies. Se refiere Eduardo \u00c1lvarez, acad\u00e9mico de la Facultad de Econom\u00eda y Negocios (FEN) de la Universidad de Talca.<\/a><\/p><p>\u00a0<\/p><p class=\"x_MsoNormal\"><strong>LAS \u00daLTIMAS NOTICIAS\u00a0<\/strong><\/p><p class=\"x_MsoNormal\"><a href=\"https:\/\/www.litoralpress.cl\/paginaconsultas\/Servicios_NClip\/Get_Imagen_Nota.aspx?LPKey=WKTZF5GLRTQVLWB33IBPW4KNCDXUMPTXQQJFYM7ZM2Z2NMSWOSVGK5P5LODX74ELDLEXAKZXL3J6Q\">\u00bfMucho calor? La culpa es del anticicl\u00f3n Lucifer. Se refiere Patricio Gonz\u00e1lez, acad\u00e9mico del Centro de Investigaci\u00f3n y Transferencia en Riego y Agroclimatolog\u00eda (CITRA) de la UTalca.\u00a0<\/a><\/p><p class=\"x_MsoNormal\">\u00a0<\/p><p class=\"x_MsoNormal\"><strong>RADIO COOPERATIVA\u00a0<\/strong><\/p><p class=\"x_MsoNormal\"><a href=\"https:\/\/www.litoralpress.cl\/sitio\/RadioTV_Detalles.cshtml?LPKey=57IZGDJDBUYIXBYAQITNIKDBNITKWB5GNUQNVAV2LM5APIY6TSRA\">Entrevista a Patricio Gonz\u00e1lez, acad\u00e9mico del Centro de Investigaci\u00f3n y Transferencia en Riego y Agroclimatolog\u00eda (CITRA) de la UTalca.\u00a0<\/a><\/p><p class=\"x_MsoNormal\">\u00a0<\/p><p class=\"x_MsoNormal\"><strong>RADIO BIOB\u00cdO\u00a0<\/strong><\/p><p class=\"x_MsoNormal\"><a href=\"https:\/\/www.litoralpress.cl\/sitio\/RadioTV_Detalles.cshtml?LPKey=J6WIQC7WVOG2LUIIGXA64HUP5LUE7JB3SSSIOYSOPDCNBGNQNDRQ\">Las comunas de Las Condes, Vitacura y Lo Barnechea estar\u00edan m\u00e1s expuestas a un eventual racionamiento de agua. Se refiere Patricio Gonz\u00e1lez, acad\u00e9mico del Centro de Investigaci\u00f3n y Transferencia en Riego y Agroclimatolog\u00eda (CITRA) de la UTalca. \u00a0<\/a><\/p><p class=\"x_MsoNormal\">\u00a0<\/p><p class=\"x_MsoNormal\"><strong>COOPERATIVA.CL\u00a0<\/strong><\/p><p class=\"x_MsoNormal\"><a href=\"https:\/\/www.cooperativa.cl\/noticias\/pais\/region-del-maule\/especialistas-llaman-a-la-prevencion-ante-ola-de-calor-que-espera-maxima\/2022-02-08\/144710.html\">Especialistas llaman a la prevenci\u00f3n ante ola de calor que espera m\u00e1xima de 40 grados en Cauquenes. Se refieren Julieta Navea, acad\u00e9mica de la Facultad de Ciencias de la Salud y Patricio Gonz\u00e1lez, acad\u00e9mico del Centro de Investigaci\u00f3n y Transferencia en Riego y Agroclimatolog\u00eda (CITRA) de la UTalca.\u00a0<\/a><\/p><p class=\"x_MsoNormal\">\u00a0<\/p><p class=\"x_MsoNormal\"><strong>RADIO FUTURO\u00a0<\/strong><\/p><p class=\"x_MsoNormal\"><a href=\"https:\/\/www.litoralpress.cl\/sitio\/RadioTV_Detalles.cshtml?LPKey=FPVZTK3HAAMGK7EX5NIFM5LM4J2PZBQVHLLOXURVHMVTNMRX66MA\">Entrevista a Patricio Gonz\u00e1lez, acad\u00e9mico del Centro de Investigaci\u00f3n y Transferencia en Riego y Agroclimatolog\u00eda (CITRA) de la UTalca.\u00a0<\/a><\/p><p class=\"x_MsoNormal\">\u00a0<\/p><p class=\"x_MsoNormal\"><strong>THECLINIC.CL\u00a0<\/strong><\/p><p class=\"x_MsoNormal\"><a href=\"https:\/\/www.theclinic.cl\/2022\/02\/04\/sequia-maule-niveles-criticos-2022\/\">Advierten que sequ\u00eda en el Maule alcanzar\u00e1 niveles cr\u00edticos este 2022. Se refiere Patricio Gonz\u00e1lez, acad\u00e9mico del Centro de Investigaci\u00f3n y Transferencia en Riego y Agroclimatolog\u00eda (CITRA) de la UTalca.\u00a0<\/a><\/p><p class=\"x_MsoNormal\">\u00a0<\/p><p class=\"x_MsoNormal\"><strong>COOPERATIVA.CL\u00a0<\/strong><\/p><p class=\"x_MsoNormal\"><a href=\"https:\/\/www.cooperativa.cl\/noticias\/pais\/desastres-naturales\/sequia\/el-estado-no-cumplio-su-responsabilidad-dice-experto-ante-posible\/2022-02-09\/120858.html\">&#8220;El Estado no cumpli\u00f3 su responsabilidad&#8221;, dice experto ante posible racionamiento de agua en Santiago y Valpara\u00edso. Se refiere Patricio Gonz\u00e1lez, acad\u00e9mico del Centro de Investigaci\u00f3n y Transferencia en Riego y Agroclimatolog\u00eda (CITRA) de la UTalca.\u00a0<\/a><\/p><p class=\"x_MsoNormal\" aria-hidden=\"true\">\u00a0<\/p><p class=\"x_MsoNormal\"><strong>CANAL V\u00cdA X\u00a0<\/strong><\/p><p class=\"x_MsoNormal\"><a href=\"https:\/\/www.litoralpress.cl\/sitio\/RadioTV_Detalles.cshtml?LPKey=KJIBRMR2UXEMCOSQ4D4Y5AJN6QDBZB3GAIP7TRQZQJBHD6ILR2PA\">Entrevista a Patricio Gonz\u00e1lez, acad\u00e9mico del Centro de Investigaci\u00f3n y Transferencia en Riego y Agroclimatolog\u00eda (CITRA) de la UTalca.\u00a0<\/a><\/p><p class=\"x_MsoNormal\" aria-hidden=\"true\">\u00a0<\/p><p class=\"x_MsoNormal\"><strong>RADIO ADN\u00a0<\/strong><\/p><p class=\"x_MsoNormal\"><a href=\"https:\/\/www.litoralpress.cl\/sitio\/RadioTV_Detalles.cshtml?LPKey=F7WREA6AMM2OYISB5ULEQMHIEPN6IPXG2EMLAZ344R2MEFEF26IQ\">\u00bfQu\u00e9 hacer ante la llamada Megasequ\u00eda? La crisis h\u00eddrica que afecta a varias regiones del pa\u00eds ha sido catalogada por expertos como irreversible. Se refiere Patricio Gonz\u00e1lez, acad\u00e9mico del Centro de Investigaci\u00f3n y Transferencia en Riego y Agroclimatolog\u00eda (CITRA) de la UTalca.\u00a0<\/a><\/p><p class=\"x_MsoNormal\" aria-hidden=\"true\">\u00a0<\/p><p class=\"x_MsoNormal\"><strong>RADIO BIOB\u00cdO\u00a0<\/strong><\/p><p class=\"x_MsoNormal\"><a href=\"https:\/\/www.litoralpress.cl\/sitio\/RadioTV_Detalles.cshtml?LPKey=FKNHNWGZLUIFF4YUM7G6WG73DG6MLM7G43R4452ZWDYNY7FKGINQ\">D\u00e9ficit de precipitaciones alcanza un 98 por ciento en el pa\u00eds. Se refiere Patricio Gonz\u00e1lez, acad\u00e9mico del Centro de Investigaci\u00f3n y Transferencia en Riego y Agroclimatolog\u00eda (CITRA) de la UTalca.\u00a0<\/a><\/p><p class=\"x_MsoNormal\" aria-hidden=\"true\">\u00a0<\/p><p class=\"x_MsoNormal\"><strong>RADIO ADN\u00a0<\/strong><\/p><p class=\"x_MsoNormal\"><a href=\"https:\/\/www.litoralpress.cl\/sitio\/RadioTV_Detalles.cshtml?LPKey=DAXBTHKILDVFI4OXBK547ZLOMBTYFWL3BFWU4B4B3V4BCQ4N6RBA\">Autoridades eval\u00faan posible racionalizaci\u00f3n de agua en la regi\u00f3n Metropolitana, debido a la crisis h\u00eddrica. Se refiere Patricio Gonz\u00e1lez, acad\u00e9mico del Centro de Investigaci\u00f3n y Transferencia en Riego y Agroclimatolog\u00eda (CITRA) de la UTalca.\u00a0<\/a><\/p><p class=\"x_MsoNormal\" aria-hidden=\"true\">\u00a0<\/p><p class=\"x_MsoNormal\"><strong>DIARIO TALCA\u00a0<\/strong><\/p><p class=\"x_MsoNormal\"><a href=\"https:\/\/www.litoralpress.cl\/paginaconsultas\/Servicios_NClip\/Get_Imagen_Nota.aspx?LPKey=NXN4CVDM7JWE5KY6TZGXMZRS2IF2DAMXDL6LSG7Q2V3ZY3HAWPLVTGLGZZTQWFPPBMD5UZNOM45NO\">Cambio clim\u00e1tico, megasequ\u00eda y racionamiento de agua. Se refiere Patricio Gonz\u00e1lez, acad\u00e9mico del Centro de Investigaci\u00f3n y Transferencia en Riego y Agroclimatolog\u00eda (CITRA) de la UTalca.\u00a0<\/a><\/p><p class=\"x_MsoNormal\">\u00a0<\/p><p class=\"x_MsoNormal\"><strong>ELCIUDADANO.COM\u00a0<\/strong><\/p><p class=\"x_MsoNormal\"><a href=\"https:\/\/www.elciudadano.com\/medio-ambiente\/grave-escasez-hidrica-en-chile-el-fracaso-del-gobierno-de-pinera-y-los-desafios-del-gobierno-de-boric-como-agenda-de-emergencia\/02\/10\/\">Grave escasez h\u00eddrica en Chile: El fracaso del gobierno de Pi\u00f1era y los desaf\u00edos del gobierno de Boric como agenda de emergencia. Se refiere Patricio Gonz\u00e1lez,\u00a0\u00a0acad\u00e9mico del Centro de Investigaci\u00f3n y Transferencia en Riego y Agroclimatolog\u00eda (CITRA) de la UTalca.\u00a0<\/a><\/p><p class=\"x_MsoNormal\">\u00a0<\/p><p class=\"x_MsoNormal\"><strong>ATENTOSCHILE.CL\u00a0<\/strong><\/p><p class=\"x_MsoNormal\"><a href=\"https:\/\/www.litoralpress.cl\/sitio\/RadioTV_Detalles.cshtml?LPKey=DLFQAVRD2Z5DZ5L53PJD5TZOTTDHGNOS2UN77NSDZEUWGWH2CU7A\">Entrevista a Patricio Gonz\u00e1lez, acad\u00e9mico del Centro de Investigaci\u00f3n y Transferencia en Riego y Agroclimatolog\u00eda (CITRA) de la UTalca.\u00a0<\/a><\/p><p class=\"x_MsoNormal\" aria-hidden=\"true\">\u00a0<\/p><p class=\"x_MsoNormal\"><strong>CANAL TVN RED MAULE\u00a0<\/strong><\/p><p class=\"x_MsoNormal\"><a href=\"https:\/\/www.litoralpress.cl\/sitio\/RadioTV_Detalles.cshtml?LPKey=DFLIUCSCZVTFQTWZS5TUCTK2IYFQWJ7FN6TNWP5JXRGNRW6DVHOA\">R\u00edo Cauquenes es el m\u00e1s contaminado de Chile. Se refieren Patricio Gonz\u00e1lez, acad\u00e9mico del Centro de Investigaci\u00f3n y Transferencia en Riego y Agroclimatolog\u00eda (CITRA) y Marcelo Alarc\u00f3n, acad\u00e9mico del Departamento de Bioqu\u00edmica e Inmunohematolog\u00eda de la UTalca.\u00a0<\/a><\/p><p class=\"x_MsoNormal\" aria-hidden=\"true\">\u00a0<\/p><p class=\"x_MsoNormal\"><strong>CANAL 30 LINARES\u00a0<\/strong><\/p><p class=\"x_MsoNormal\"><a href=\"https:\/\/www.litoralpress.cl\/sitio\/RadioTV_Detalles.cshtml?LPKey=V6CJRDCCKZMC6YROMSCUNCN57EEKITACAHVN5PAVU3IJQAMQ2YXQ\">Experto laboral analiza el art\u00edculo 22 del c\u00f3digo del Trabajo. Se refiere Rodrigo Palomo, decano de la Facultad de Ciencias Jur\u00eddicas de la UTalca. \u00a0<\/a><\/p><p class=\"x_MsoNormal\" aria-hidden=\"true\">\u00a0<\/p><p class=\"x_MsoNormal\"><strong>DIARIO EL HERALDO\u00a0<\/strong><\/p><p class=\"x_MsoNormal\"><a href=\"https:\/\/www.litoralpress.cl\/paginaconsultas\/Servicios_NClip\/Get_Imagen_Nota.aspx?LPKey=ES7ZSRR4MXJLP44UV5HROOBJUCDPJU2HWMWOUKMH4HZWOB2MGRJCVIQ6K6NTPQZ5DKER3AETPUBCW\">Conducci\u00f3n segura en vacaciones: \u00bfC\u00f3mo evitar accidentes e imprevistos? Se refiere Emilio Moyano, acad\u00e9mico de la Facultad de Psicolog\u00eda de la UTalca.\u00a0<\/a><\/p><p class=\"x_MsoNormal\">\u00a0<\/p><p class=\"x_MsoNormal\"><strong>DIARIO LA PRENSA\u00a0<\/strong><\/p><p class=\"x_MsoNormal\"><a href=\"https:\/\/www.litoralpress.cl\/paginaconsultas\/Servicios_NClip\/Get_Imagen_Nota.aspx?LPKey=C43NWGHVG2LN2LCSXAVG2KFQVF35KJEUQ5IOIU5QHB3FIGTHHRX4ZA6XEYIFSGNCBI5B4LFM4KBU2\">Viajes en vacaciones: enfatizan en la importancia de poder conducir luego de un adecuado descanso. Se refiere Emilio Moyano, acad\u00e9mico de la Facultad de Psicolog\u00eda de la UTalca.\u00a0<\/a><\/p><p class=\"x_MsoNormal\">\u00a0<\/p><p class=\"x_MsoNormal\"><strong>ADPRENSA.CL\u00a0<\/strong><\/p><p class=\"x_MsoNormal\"><a href=\"https:\/\/www.adprensa.cl\/cronica\/salud-cientificas-de-la-universidad-de-talca-promueven-experiencia-internacional-sobre-biomedicina\/\">Salud: Cient\u00edficas de la Universidad de Talca promueven experiencia internacional sobre biomedicina. Se refiere Wendy Gonz\u00e1lez, directora del Centro de Bioinform\u00e1tica, Simulaci\u00f3n y Modelado (CBSM) de la Facultad de Ingenier\u00eda de la UTalca.\u00a0<\/a><\/p><p class=\"x_MsoNormal\">\u00a0<\/p><p class=\"x_MsoNormal\"><strong>CANAL 24 HORAS\u00a0<\/strong><\/p><p class=\"x_MsoNormal\"><a href=\"https:\/\/www.litoralpress.cl\/sitio\/RadioTV_Detalles.cshtml?LPKey=SEVPTM7GC7HPMU4O4ZQR56D7W4KWAP2DHME2E2L7QTQV5JXMXCHA\">Entrevista a Mauricio Morales, director del Centro de An\u00e1lisis Pol\u00edtico de la UTalca.\u00a0<\/a><\/p><p class=\"x_MsoNormal\">\u00a0<\/p><p class=\"x_MsoNormal\"><strong>CANAL TVN\u00a0<\/strong><\/p><p class=\"x_MsoNormal\"><a href=\"https:\/\/www.litoralpress.cl\/sitio\/RadioTV_Detalles.cshtml?LPKey=4E4ZSMQ37WWNHGHX357OSOCNQPDYO4KO7TSUCBHDV4TLTNXWXKRQ\">Intenso debate por posible eliminaci\u00f3n del Senado a trav\u00e9s de Nueva Constituci\u00f3n. Se refiere Mauricio Morales, director del Centro de An\u00e1lisis Pol\u00edtico de la UTalca.\u00a0<\/a><\/p><p class=\"x_MsoNormal\" aria-hidden=\"true\">\u00a0<\/p><p class=\"x_MsoNormal\"><strong>CANAL TVN\u00a0<\/strong><\/p><p class=\"x_MsoNormal\"><a href=\"https:\/\/www.litoralpress.cl\/sitio\/RadioTV_Detalles.cshtml?LPKey=BVSOGCOHU4VI32LJI7AXEMCB65HGLB52ACWUSMRIF4ZX3GISHZ7A\">Entrevista a Mario Herrera, acad\u00e9mico del Centro de An\u00e1lisis Pol\u00edtico de la Universidad de Talca.\u00a0<\/a><\/p><p class=\"x_MsoNormal\" aria-hidden=\"true\">\u00a0<\/p><p class=\"x_MsoNormal\"><strong>CANAL TVN\u00a0<\/strong><\/p><p class=\"x_MsoNormal\"><a href=\"https:\/\/www.litoralpress.cl\/sitio\/RadioTV_Detalles.cshtml?LPKey=ECW2HGJEKACW6UCNARR6PI5YUZXKJLBDB5NYFK7E2OWHLQN4WOTA\">N\u00f3mina completa de subsecretarios del gobierno de Gabriel Boric podr\u00eda conocerse este martes. Se refiere Mauricio Morales, director del Centro de An\u00e1lisis Pol\u00edtico de la UTalca.\u00a0<\/a><\/p><p class=\"x_MsoNormal\" aria-hidden=\"true\">\u00a0<\/p><p class=\"x_MsoNormal\"><strong>EL MERCURIO\u00a0<\/strong><\/p><p class=\"x_MsoNormal\"><a href=\"https:\/\/www.litoralpress.cl\/paginaconsultas\/Servicios_NClip\/Get_Imagen_Nota.aspx?LPKey=2LSQFEMKPSCBOZNMPAYVTH7SRJ2QFSWAQR5ELMHG4YSLM6UN4JMEDG2C3RDDWY2Z7KNOTGP6BMSUO\">Izquierda o centroizquierda: \u00bfD\u00f3nde se ubica el gabinete de Boric? Se refiere Mauricio Morales, director del Centro de An\u00e1lisis Pol\u00edtico de la UTalca.\u00a0<\/a><\/p><p class=\"x_MsoNormal\" aria-hidden=\"true\">\u00a0<\/p><p class=\"x_MsoNormal\"><strong>LA SEGUNDA\u00a0<\/strong><\/p><p class=\"x_MsoNormal\"><a href=\"https:\/\/www.litoralpress.cl\/paginaconsultas\/Servicios_NClip\/Get_Imagen_Nota.aspx?LPKey=KB7LUR5PPQN6MB2DHYY3HYFJJPAKEEVVEQDSWWFHTDWDJCLSN3KRNQKRCM6ZVGCYBBDM5NKVRSIBU\">La envidiable red pol\u00edtica de Maisa Rojas: La constructora del &#8220;gobierno ecol\u00f3gico&#8221; de Boric. Se refiere Mauricio Morales, director del Centro de An\u00e1lisis Pol\u00edtico de la UTalca.\u00a0<\/a><\/p><p class=\"x_MsoNormal\" aria-hidden=\"true\">\u00a0<\/p><p class=\"x_MsoNormal\"><strong>LAS \u00daLTIMAS NOTICIAS\u00a0<\/strong><\/p><p class=\"x_MsoNormal\"><a href=\"https:\/\/www.litoralpress.cl\/paginaconsultas\/Servicios_NClip\/Get_Imagen_Nota.aspx?LPKey=JC7JBOENEPUC2SBIDA4YMGZMU7TT7GUAPGLPOHH5IEKIZ3J54SDK3WJZW6F45WROYUSBQFW4KS4AS\">Qu\u00e9 ventajas y desventajas tiene eliminar el Senado. Se refiere Mauricio Morales, director del Centro de An\u00e1lisis Pol\u00edtico de la UTalca.\u00a0<\/a><\/p><p class=\"x_MsoNormal\" aria-hidden=\"true\">\u00a0<\/p><p class=\"x_MsoNormal\"><strong>CANAL 24 HORAS\u00a0<\/strong><\/p><p class=\"x_MsoNormal\"><a href=\"https:\/\/www.litoralpress.cl\/sitio\/RadioTV_Detalles.cshtml?LPKey=SVIIMVYCJYPMHT66BLUGSPK4AJP2XOJ2ZVMM4CEJTFTHZYHWGIMA\">Entrevista a Mario Herrera, acad\u00e9mico del Centro de An\u00e1lisis Pol\u00edtico de la Universidad de Talca.\u00a0<\/a><\/p><p class=\"x_MsoNormal\" aria-hidden=\"true\">\u00a0<\/p><p class=\"x_MsoNormal\"><strong>CANAL CHILEVISI\u00d3N\u00a0<\/strong><\/p><p class=\"x_MsoNormal\"><a href=\"https:\/\/www.litoralpress.cl\/sitio\/RadioTV_Detalles.cshtml?LPKey=2UPYTGN4VRLXXRZAJP5LG4445OIWGN37VLPMQEIXVTYVTHM5CQWQ\">El presidente Pi\u00f1era defendi\u00f3 la gesti\u00f3n de Andr\u00e9s Allamand tras su renuncia al ministerio de RREE. Se refiere Mauricio Morales, director del Centro de An\u00e1lisis Pol\u00edtico de la UTalca.\u00a0<\/a><\/p><p class=\"x_MsoNormal\" aria-hidden=\"true\">\u00a0<\/p><p class=\"x_MsoNormal\"><strong>CANAL MEGA \u00a0<\/strong><\/p><p class=\"x_MsoNormal\"><a href=\"https:\/\/www.litoralpress.cl\/sitio\/RadioTV_Detalles.cshtml?LPKey=VB2ZRCGLKLOTIVUWIT6QYYI442IZ6FW7BYBRYCKNUW6LT3T3TRGA\">Pol\u00e9micas normas sobre sistema pol\u00edtico en la Convenci\u00f3n Constitucional. Se refiere Mauricio Morales, director del Centro de An\u00e1lisis Pol\u00edtico de la UTalca.\u00a0<\/a><\/p><p class=\"x_MsoNormal\" aria-hidden=\"true\">\u00a0<\/p><p class=\"x_MsoNormal\"><strong>CANAL 24 HORAS\u00a0<\/strong><\/p><p class=\"x_MsoNormal\"><a href=\"https:\/\/www.litoralpress.cl\/sitio\/RadioTV_Detalles.cshtml?LPKey=WTDZQ2YYOHKVFURPOGKNU36GWTYWD4QHGSYJKGV34DVILXROPOGQ\">Las fechas claves de la Nueva Constituci\u00f3n y el poder legislativo. Se refiere Mauricio Morales, director del Centro de An\u00e1lisis Pol\u00edtico de la UTalca.\u00a0<\/a><\/p><p class=\"x_MsoNormal\" aria-hidden=\"true\">\u00a0<\/p><p class=\"x_MsoNormal\"><strong>DIARIO FINANCIERO\u00a0<\/strong><\/p><p class=\"x_MsoNormal\"><a href=\"https:\/\/www.litoralpress.cl\/paginaconsultas\/Documentos\/Crear_Achivo_Pdf.aspx?LPKey=JCSRI7WCM2O3X4YSYMLYIAZQMLFFMQOZYNMLY5DO52TJTDMKZACA\">Analistas y la se\u00f1al de la primera votaci\u00f3n del pleno: la izquierda tiene los 2\/3 para escribir nueva Constituci\u00f3n y enfrenta reto de consensuar articulado. Se refiere Mauricio Morales, director del Centro de An\u00e1lisis Pol\u00edtico de la UTalca.\u00a0<\/a><\/p><p class=\"x_MsoNormal\" aria-hidden=\"true\">\u00a0<\/p><p class=\"x_MsoNormal\"><strong>ELMOSTRADOR.CL\u00a0<\/strong><\/p><p class=\"x_MsoNormal\"><a href=\"https:\/\/www.elmostrador.cl\/noticias\/2022\/02\/20\/chile-se-prepara-para-el-inicio-del-traspaso-de-poder-entre-pinera-y-boric\/\">Chile se prepara para el inicio del traspaso de poder entre Pi\u00f1era y Boric. La crisis migratoria en la frontera norte con Bolivia y la militarizaci\u00f3n del sur. Se refiere Mauricio Morales, director del Centro de An\u00e1lisis Pol\u00edtico (CAP) de la UTalca.\u00a0<\/a><\/p><p class=\"x_MsoNormal\" aria-hidden=\"true\">\u00a0<\/p><p class=\"x_MsoNormal\"><strong>CANAL CNN \u00a0<\/strong><\/p><p class=\"x_MsoNormal\"><a href=\"https:\/\/www.litoralpress.cl\/sitio\/RadioTV_Detalles.cshtml?LPKey=XY5VPUFXUYIFHIGI2LFKEUAPRG76RT4PQDXYP4EJWRM4DSO6XU2Q\">Convenci\u00f3n Constitucional retomar\u00e1 trabajo en comisiones la pr\u00f3xima semana. Cr\u00edticas de movimiento &#8220;Amarillos por Chile&#8221;. Se refiere Mauricio Morales, director del Centro de An\u00e1lisis Pol\u00edtico (CAP) de la UTalca.\u00a0<\/a><\/p><p class=\"x_MsoNormal\" aria-hidden=\"true\">\u00a0<\/p><p class=\"x_MsoNormal\"><strong>ADNRADIO.CL\u00a0<\/strong><\/p><p class=\"x_MsoNormal\"><a href=\"https:\/\/www.adnradio.cl\/politica\/2022\/02\/20\/este-lunes-comienzan-las-reuniones-bilaterales-entre-ministros-entrantes-y-salientes.html\">Cambio de mando: comienzan las reuniones bilaterales entre ministros entrantes y salientes. Se refiere Mauricio Morales, director del Centro de An\u00e1lisis Pol\u00edtico (CAP) de la UTalca.\u00a0<\/a><\/p><p class=\"x_MsoNormal\" aria-hidden=\"true\">\u00a0<\/p><p class=\"x_MsoNormal\"><strong>BIOBIOCHILE.CL\u00a0<\/strong><\/p><p class=\"x_MsoNormal\"><a href=\"https:\/\/www.biobiochile.cl\/noticias\/economia\/actualidad-economica\/2022\/02\/21\/cerda-y-marcel-se-alistan-para-traspaso-de-hacienda-y-analistas-preven-reuniones-sin-sobresaltos.shtml\">Cerda y Marcel se alistan para traspaso de Hacienda y analistas prev\u00e9n reuniones sin sobresaltos. Se refiere Mauricio Morales, acad\u00e9mico de la Universidad de Talca.<\/a><\/p><p class=\"x_MsoNormal\" aria-hidden=\"true\">\u00a0<\/p><p class=\"x_MsoNormal\"><strong>RADIO OASIS\u00a0<\/strong><\/p><p class=\"x_MsoNormal\"><a href=\"https:\/\/www.litoralpress.cl\/sitio\/RadioTV_Detalles.cshtml?LPKey=QD6DB4KRTBA3WYG7ZVVCKWV5ZKOUT2NBXDFYX4EWCJ4MKKVAK3CA\">Entrevista a Mauricio Morales, analista pol\u00edtico y acad\u00e9mico de la Universidad de Talca.\u00a0<\/a><\/p><p class=\"x_MsoNormal\" aria-hidden=\"true\">\u00a0<\/p><p class=\"x_MsoNormal\"><strong>CANAL TVN\u00a0<\/strong><\/p><p class=\"x_MsoNormal\"><a href=\"https:\/\/www.litoralpress.cl\/sitio\/RadioTV_Detalles.cshtml?LPKey=AUCLHY6ECXUFT33PGLO3F7HPFZEB4MBHELAIJSBAME76JP6E7Y2Q\">Desarrollo de la Convenci\u00f3n Constitucional. Proyecto de reemplazo del Senado por unicameralismo. Se refiere Mauricio Morales, director del Centro de An\u00e1lisis Pol\u00edtico (CAP) de la UTalca.\u00a0<\/a><\/p><p class=\"x_MsoNormal\" aria-hidden=\"true\">\u00a0<\/p><p class=\"x_MsoNormal\"><strong>CANAL MEGA PLUS\u00a0<\/strong><\/p><p class=\"x_MsoNormal\"><a href=\"https:\/\/www.litoralpress.cl\/sitio\/RadioTV_Detalles.cshtml?LPKey=BSAIACGAVOVDMAFSIDJQIXWQUDGWYS5V7OK2RLOUAPQAB7D7BELA\">Entrevista a Mauricio Morales, director del Centro de An\u00e1lisis Pol\u00edtico de la UTalca.\u00a0<\/a><\/p><p class=\"x_MsoNormal\" aria-hidden=\"true\">\u00a0<\/p><p class=\"x_MsoNormal\"><strong>RADIO ADN\u00a0<\/strong><\/p><p class=\"x_MsoNormal\"><a href=\"https:\/\/www.litoralpress.cl\/sitio\/RadioTV_Detalles.cshtml?LPKey=EDKDXEQF2GKITJIAC7763EVJ534WWDJWJ5PLWKUXZE2PCPJEMQDQ\">Entrevista a Mauricio Morales, director del Centro de An\u00e1lisis Pol\u00edtico de la UTalca.\u00a0<\/a><\/p><p class=\"x_MsoNormal\" aria-hidden=\"true\">\u00a0<\/p><p class=\"x_MsoNormal\"><strong>DIARIO EL LECTOR\u00a0<\/strong><\/p><p class=\"x_MsoNormal\"><a href=\"https:\/\/www.litoralpress.cl\/paginaconsultas\/Servicios_NClip\/Get_Imagen_Nota.aspx?LPKey=W4XBDEUGWL7N6TKXI6XXWYA74JBDGVQ7DGIUDDZBNB3KVIVS4YNLJ2PT33STOUWGGCS625GMXAF3U\">Doctorado en Ciencias Biom\u00e9dicas de la UTalca efectu\u00f3 encuentro para estudiantes y profesores. Se refiere Rodrigo Moore, director del programa y acad\u00e9mico de la Facultad de Ciencias de la Salud.\u00a0<\/a><\/p><p class=\"x_MsoNormal\" aria-hidden=\"true\">\u00a0<\/p><p class=\"x_MsoNormal\"><strong>ELMOSTRADOR.CL\u00a0<\/strong><\/p><p class=\"x_MsoNormal\"><a href=\"https:\/\/www.elmostrador.cl\/agenda-pais\/2022\/02\/19\/experto-plantea-desafios-para-la-reforma-del-nuevo-codigo-penal-chileno\/\">Experto plantea desaf\u00edos para la reforma del nuevo C\u00f3digo Penal chileno. Se refiere Francisco Maldonado, acad\u00e9mico de la Facultad de Ciencias Jur\u00eddicas y Sociales de la UTalca.\u00a0<\/a><\/p><p class=\"x_MsoNormal\" aria-hidden=\"true\">\u00a0<\/p><p class=\"x_MsoNormal\"><strong>ADPRENSA.CL\u00a0<\/strong><\/p><p class=\"x_MsoNormal\"><a href=\"https:\/\/www.adprensa.cl\/cronica\/experto-plantea-desafios-para-la-reforma-del-nuevo-codigo-penal-chileno\/\">Experto plantea desaf\u00edos para la reforma del nuevo C\u00f3digo Penal Chileno. Se refiere Francisco Maldonado, acad\u00e9mico de la Facultad de Ciencias Jur\u00eddicas y Sociales de la UTalca. \u00a0<\/a><\/p><p class=\"x_MsoNormal\">\u00a0<\/p><p class=\"x_MsoNormal\"><strong>EL MOSTRADOR\u00a0<\/strong><\/p><p class=\"x_MsoNormal\"><a href=\"https:\/\/www.elmostrador.cl\/generacion-m\/2022\/02\/18\/principal-desafio-para-industria-del-vino-en-2022-sera-el-desarrollo-de-capital-humano\/#:~:text=Si%20bien%20entre%20las%20fortalezas,procesos%E2%80%9D%2C%20advirti%C3%B3%20el%20acad%C3%A9mico\">Principal desaf\u00edo para la industria del vino en 2022 ser\u00e1 el desarrollo de capital humano. Se refieren Patricio G\u00f3mez, director acad\u00e9mico del Campus Colchagua y Rodrigo Moisan, gerente del Centro Tecnol\u00f3gico de la Vid y el Vino de la UTalca. \u00a0<\/a><\/p><p class=\"x_MsoNormal\">\u00a0<\/p><p class=\"x_MsoNormal\"><strong>TODOVINOS.CL\u00a0<\/strong><\/p><p class=\"x_MsoNormal\"><a href=\"http:\/\/www.todovinos.cl\/wp2\/2022\/02\/18\/desarrollo-de-capital-humano-desafio-de-la-industria-del-vino\/\">Principal desaf\u00edo para la industria del vino en 2022 ser\u00e1 el desarrollo de capital humano. Se refieren Patricio G\u00f3mez, director acad\u00e9mico del Campus Colchagua y Rodrigo Moisan Ubilla, gerente del Centro Tecnol\u00f3gico de la Vid y el Vino de la UTalca.\u00a0<\/a><\/p><p class=\"x_MsoNormal\" aria-hidden=\"true\">\u00a0<\/p><p class=\"x_MsoNormal\"><strong>DIARIOELHERALDO.CL\u00a0<\/strong><\/p><p class=\"x_MsoNormal\"><a href=\"http:\/\/www.diarioelheraldo.cl\/noticia\/principal-desafio-para-industria-del-vino-en-2022-sera-desarrollo-de-capital-humano-\">Principal desaf\u00edo para la industria del vino en 2022 ser\u00e1 el desarrollo de capital humano. Se refieren Patricio G\u00f3mez, director acad\u00e9mico del Campus Colchagua y Rodrigo Moisan Ubilla, gerente del Centro Tecnol\u00f3gico de la Vid y el Vino de la UTalca.\u00a0<\/a><\/p><p class=\"x_MsoNormal\">\u00a0<\/p><p class=\"x_MsoNormal\"><strong>ADPRENSA.CL\u00a0<\/strong><\/p><p class=\"x_MsoNormal\"><a href=\"https:\/\/www.adprensa.cl\/cronica\/capacitan-a-equipos-de-salud-para-mejorar-la-atencion-de-pacientes-con-depresion\/\">Capacitan a equipos de salud para mejorar la atenci\u00f3n de pacientes con depresi\u00f3n. Se refiere Ver\u00f3nica Vitriol, acad\u00e9mica de la Escuela de Medicina de la UTalca. \u00a0<\/a><\/p><p class=\"x_MsoNormal\" aria-hidden=\"true\">\u00a0<\/p><p class=\"x_MsoNormal\"><strong>EL LECTOR\u00a0<\/strong><\/p><p class=\"x_MsoNormal\"><a href=\"https:\/\/www.litoralpress.cl\/paginaconsultas\/Documentos\/Crear_Achivo_Pdf.aspx?LPKey=42Z2BATF5N6PH36RS24KRGCQTGCT5JIBDZE7DOX353P7TULY36EQ\">Capacitan a equipos de salud para mejorar la atenci\u00f3n de pacientes con depresi\u00f3n. Se refiere Ver\u00f3nica Vitriol, acad\u00e9mica de la Escuela de Medicina de la UTalca.\u00a0<\/a><\/p><p class=\"x_MsoNormal\" aria-hidden=\"true\">\u00a0<\/p><p class=\"x_MsoNormal\"><strong>DIARIO LA PRENSA\u00a0<\/strong><\/p><p class=\"x_MsoNormal\"><a href=\"https:\/\/www.litoralpress.cl\/paginaconsultas\/Documentos\/Crear_Achivo_Pdf.aspx?LPKey=KRXR5C3G6B5CTLKVCK6DZXYWAN5KM3ATXUWS5XGYPE7HA4UKVC2Q\">Capacitan a equipos de salud para mejorar la atenci\u00f3n de pacientes con depresi\u00f3n. Se refiere Ver\u00f3nica Vitriol, acad\u00e9mica de la Escuela de Medicina de la UTalca.\u00a0<\/a><\/p><p class=\"x_MsoNormal\">\u00a0<\/p><p class=\"x_MsoNormal\"><strong>DIARIO LA PRENSA \u00a0<\/strong><\/p><p class=\"x_MsoNormal\"><a href=\"https:\/\/www.litoralpress.cl\/paginaconsultas\/Documentos\/Crear_Achivo_Pdf.aspx?LPKey=HUGPX6M2ON4NZGNSHT53RO6XCSNX2O65N2BSAX4YGEAKQPVUM2FA\">Orientan a familias para retorno a clases presenciales en normalidad. Expertos aconsejan medidas para la vuelta a clases este marzo. Se refieren Carolina Iturra, profesora de la Facultad de Psicolog\u00eda y Felipe Figueroa, profesional del programa PACE de la UTalca.<\/a><\/p><p>\u00a0<\/p><p class=\"x_MsoNormal\"><strong>CANAL CONTIVISI\u00d3N \u00a0<\/strong><\/p><p class=\"x_MsoNormal\"><a href=\"https:\/\/www.litoralpress.cl\/sitio\/RadioTV_Detalles.cshtml?LPKey=T5JPREGH6NWEBMAO7MAUXICYGDVTRPPNEQF2LAWEQVRU3WW3CBAA\">La obesidad registr\u00f3 un importante incremento en la poblaci\u00f3n escolar. Se refiere Emilia Giacaman, acad\u00e9mica de la Escuela de Nutrici\u00f3n y Diet\u00e9tica de la Universidad de Talca.<\/a><\/p><p>\u00a0<\/p><p class=\"x_MsoNormal\"><strong>ELMAULEINFORMA.CL\u00a0<\/strong><\/p><p class=\"x_MsoNormal\"><a href=\"https:\/\/elmauleinforma.cl\/especialista-aconseja-medidas-para-prevenir-obesidad-infantil\/\">Especialista aconseja medidas para prevenir obesidad infantil. En Chile, uno de cada cuatro ni\u00f1os presenta alg\u00fan grado de obesidad. Se refiere Emilia Giacaman, acad\u00e9mica de la Escuela de Nutrici\u00f3n y Diet\u00e9tica de la Universidad de Talca. \u00a0<\/a><\/p><p class=\"x_MsoNormal\">\u00a0<\/p><p class=\"x_MsoNormal\"><strong>ADPRENSA.CL\u00a0<\/strong><\/p><p class=\"x_MsoNormal\"><a href=\"https:\/\/www.adprensa.cl\/actividades-academicas\/utalca-mantendra-sus-principales-espacios-culturales-abiertos-durante-febrero\/\">UTalca mantendr\u00e1 sus principales espacios culturales abiertos durante febrero. Se refiere Marcela Albornoz, directora de Extensi\u00f3n Cultural y Art\u00edstica de la UTalca.<\/a> \u00a0<\/p><p class=\"x_MsoNormal\"><strong>CANAL TVN RED MAULE\u00a0<\/strong><\/p><p class=\"x_MsoNormal\"><a href=\"https:\/\/www.litoralpress.cl\/sitio\/RadioTV_Detalles.cshtml?LPKey=YTKBODLRK2FSMFMQ3TELCLMFPQH3SSW56Y4IKXL25MC6CES6GAGQ\">La Universidad de Talca mantendr\u00e1 sus principales espacios culturales abiertos durante febrero. Se menciona a la UTalca. \u00a0<\/a><\/p><p class=\"x_MsoNormal\">\u00a0<\/p><p class=\"x_MsoNormal\"><strong>DIARIOSENRED.COM\u00a0<\/strong><\/p><p class=\"x_MsoNormal\"><a href=\"https:\/\/diariosenred.com\/regional\/utalca-mantendra-sus-principales-espacios-culturales-abiertos-durante\">UTalca mantendr\u00e1 sus principales espacios culturales abiertos durante febrero. Se refiere Marcela Albornoz, directora de Extensi\u00f3n Cultural y Art\u00edstica de la UTalca.\u00a0<\/a><\/p><p class=\"x_MsoNormal\">\u00a0<\/p><p class=\"x_MsoNormal\"><strong>ADPRENSA.CL\u00a0<\/strong><\/p><p class=\"x_MsoNormal\"><a href=\"https:\/\/www.adprensa.cl\/cronica\/utalca-invita-a-disfrutar-de-sus-contenidos-virtuales-durante-las-vacaciones\/\">UTalca invita a disfrutar de sus contenidos virtuales durante las vacaciones. Se refiere Marcela Albornoz, directora de Extensi\u00f3n Cultural y Art\u00edstica de la UTalca.\u00a0<\/a><\/p><p class=\"x_MsoNormal\" aria-hidden=\"true\">\u00a0<\/p><p class=\"x_MsoNormal\"><strong>ELMAULEINFORMA.CL\u00a0<\/strong><\/p><p class=\"x_MsoNormal\"><a href=\"https:\/\/elmauleinforma.cl\/utalca-invita-a-disfrutar-de-sus-contenidos-virtuales-durante-las-vacaciones\/\">UTalca invita a disfrutar de sus contenidos virtuales durante las vacaciones. Se refiere Marcela Albornoz, directora de Extensi\u00f3n Cultural y Art\u00edstica de la UTalca.\u00a0<\/a><\/p><p class=\"x_MsoNormal\" aria-hidden=\"true\">\u00a0<\/p><p class=\"x_MsoNormal\"><strong>DIARIO EL HERALDO\u00a0<\/strong><\/p><p class=\"x_MsoNormal\"><a href=\"https:\/\/www.litoralpress.cl\/paginaconsultas\/Servicios_NClip\/Get_Imagen_Nota.aspx?LPKey=W27XU2F44CBVELD6XMVOT3GIGKKMM7PPZSMMFXLXSP774ZOFXLN776UFVNPPNRMXE3774FOGONWLU\">Universidad de Talca crea nuevo Diplomado en Patrimonio Cultural. Se refieren Pedro Zamorano, director del Instituto de Estudios Human\u00edsticos Abate Juan Ignacio Molina y Eduardo Bravo, director del Centro de Documentaci\u00f3n Patrimonial de la UTalca. \u00a0<\/a><\/p><p class=\"x_MsoNormal\">\u00a0<\/p><p class=\"x_MsoNormal\"><strong>ADPRENSA.CL\u00a0<\/strong><\/p><p class=\"x_MsoNormal\"><a href=\"https:\/\/www.adprensa.cl\/cronica\/retorno-presencial-de-estudiantes-los-desafios-pedagogicos-que-enfrentaran-los-profesores\/\">Retorno presencial de estudiantes: los desaf\u00edos pedag\u00f3gicos que enfrentar\u00e1n los profesores. Se refieren Mauricio V\u00e9liz, director de la Escuela de Pedagog\u00edas en Ingl\u00e9s de la UTalca y Nibaldo Benavides, director (S) del Instituto de Investigaci\u00f3n de Desarrollo Educacional (IIDE) de la Facultad de Ciencias de la Educaci\u00f3n de la UTalca.\u00a0\u00a0\u00a0<\/a><\/p><p class=\"x_MsoNormal\" aria-hidden=\"true\">\u00a0<\/p><p class=\"x_MsoNormal\"><strong>DIARIO LA PRENSA\u00a0<\/strong><\/p><p class=\"x_MsoNormal\"><a href=\"https:\/\/www.litoralpress.cl\/paginaconsultas\/Servicios_NClip\/Get_Imagen_Nota.aspx?LPKey=FWYN7VY5JE2MQBNRKIO436YDE7ZNVQSMNMX3N2EYL3EEBGD54T4RBR7QCFRH3HMQS6BMQGBJYJ3Y2\">&#8220;Profesores tendr\u00e1n que reaprender y readaptarse de nuevo al aula con regreso a clases presenciales&#8221;. Se refieren Mauricio V\u00e9liz, director de la Escuela de Pedagog\u00edas en Ingl\u00e9s de la UTalca y Nibaldo Benavides, director (S) del Instituto de Investigaci\u00f3n de Desarrollo Educacional (IIDE) de la Facultad de Ciencias de la Educaci\u00f3n de la UTalca.\u00a0\u00a0\u00a0<\/a><\/p><p class=\"x_MsoNormal\">\u00a0<\/p><p class=\"x_MsoNormal\"><strong>LATERCERA.COM\u00a0<\/strong><\/p><p class=\"x_MsoNormal\"><a href=\"https:\/\/www.latercera.com\/que-pasa\/noticia\/tecnofilos-diversos-y-distantes-con-sus-familias-radiografia-a-los-jovenes-chilenos-tras-la-pandemia\/ELI7ARMSMFDWJMO4T7FBJ2CU2U\/\">Tecn\u00f3filos, diversos y distantes con sus familias: radiograf\u00eda a los j\u00f3venes chilenos tras la pandemia. Se refiere Nelson Mu\u00f1oz, psic\u00f3logo del Centro de Psicolog\u00eda Aplicada de la UTalca.\u00a0<\/a><\/p><p class=\"x_MsoNormal\">\u00a0<\/p><p class=\"x_MsoNormal\"><strong>ELMOSTRADOR.CL\u00a0<\/strong><\/p><p class=\"x_MsoNormal\"><a href=\"https:\/\/www.elmostrador.cl\/agenda-pais\/2022\/02\/10\/jovenes-chilenos-tras-la-pandemia-tecnofilos-diversos-y-globales\/\">J\u00f3venes chilenos tras la pandemia: tecn\u00f3filos, diversos y globales. Se refiere Nelson Mu\u00f1oz, coordinador del Centro CEPA de la Universidad de Talca. \u00a0<\/a><\/p><p class=\"x_MsoNormal\">\u00a0<\/p><p class=\"x_MsoNormal\"><strong>MSN.COM\u00a0<\/strong><\/p><p class=\"x_MsoNormal\"><a href=\"http:\/\/www.msn.com\/es-cl\/noticias\/ciencia\/tecn%c3%b3filos-diversos-y-distantes-con-sus-familias-radiograf%c3%ada-a-los-j%c3%b3venes-chilenos-tras-la-pandemia\/ar-AAU80UN?li=BB14B6JX\" target=\"_blank\" rel=\"noopener noreferrer\" data-auth=\"NotApplicable\" data-linkindex=\"92\">www.msn.com\/es-cl\/noticias\/ciencia\/tecn%c3%b3filos-diversos-y-distantes-con-sus-familias-radiograf%c3%ada-a-los-j%c3%b3venes-chilenos-tras-la-pandemia\/ar-AAU80UN?li=BB14B6JX<\/a>\u00a0<\/p><p class=\"x_MsoNormal\" aria-hidden=\"true\">\u00a0<\/p><p class=\"x_MsoNormal\"><strong>DIARIO LA PRENSA\u00a0<\/strong><\/p><p class=\"x_MsoNormal\"><a href=\"https:\/\/www.litoralpress.cl\/paginaconsultas\/Documentos\/Crear_Achivo_Pdf.aspx?LPKey=T5XS5KSLGB5VVUWFK6L5HGSGSWQHUGKGM56W75SJ53XHDGXZNKGA\">Tras pandemia, los j\u00f3venes son m\u00e1s tecn\u00f3filos. Se refiere Nelson Mu\u00f1oz, psic\u00f3logo del Centro de Psicolog\u00eda Aplicada de la UTalca.\u00a0<\/a><\/p><p class=\"x_MsoNormal\">\u00a0<\/p><p class=\"x_MsoNormal\"><strong>ADPRENSA.CL\u00a0<\/strong><\/p><p class=\"x_MsoNormal\"><a href=\"https:\/\/www.adprensa.cl\/cronica\/jovenes-chilenos-tras-la-pandemia-tecnofilos-diversos-y-globales\/\">J\u00f3venes chilenos tras la pandemia: tecn\u00f3filos, diversos y globales. Se refiere Nelson Munoz, psic\u00f3logo del Centro de Psicolog\u00eda Aplicada (CEPA) de la UTalca.\u00a0<\/a><\/p><p class=\"x_MsoNormal\">\u00a0<\/p><p class=\"x_MsoNormal\"><strong>CANAL TVN RED AUSTRAL\u00a0<\/strong><\/p><p class=\"x_MsoNormal\"><a href=\"https:\/\/www.litoralpress.cl\/sitio\/RadioTV_Detalles.cshtml?LPKey=O64XOZEO55TW2ZDGM55HPE4NFZOHRPG7GX2FG7WI75Q4VT6HYGSQ\">La baja de viviendas nuevas es provocada por dificultades en la obtenci\u00f3n de cr\u00e9ditos bancarios por altas tasas. Se refiere Gabriel Pino, acad\u00e9mico de la Facultad de Econom\u00eda y Negocios de la UTalca. \u00a0<\/a><\/p><p class=\"x_MsoNormal\">\u00a0<\/p><p class=\"x_MsoNormal\"><strong>ADPRENSA.CL\u00a0<\/strong><\/p><p class=\"x_MsoNormal\"><a href=\"https:\/\/www.adprensa.cl\/actividades-academicas\/economista-de-la-fen-utalca-proyecta-que-a-fines-de-la-decada-las-condiciones-y-tasas-de-los-creditos-hipotecarios-podrian-volver-a-sus-niveles-prepandemia\/\">Economista de la FEN UTalca proyecta que a fines de la d\u00e9cada las condiciones y tasas de los cr\u00e9ditos hipotecarios podr\u00edan volver a sus niveles pre-pandemia. Se refiere Gabriel Pino, acad\u00e9mico de la Facultad de Econom\u00eda y Negocios de la Universidad de Talca. \u00a0<\/a><\/p><p class=\"x_MsoNormal\">\u00a0<\/p><p class=\"x_MsoNormal\"><strong>ADPRENSA.CL\u00a0<\/strong><\/p><p class=\"x_MsoNormal\"><a href=\"https:\/\/www.adprensa.cl\/cronica\/videojuegos-como-lograr-que-sean-un-pasatiempo-beneficioso\/\">Videojuegos: C\u00f3mo lograr que sean un pasatiempo beneficioso. Se refiere Johanna Kreither, acad\u00e9mica de la Facultad de Psicolog\u00eda de la UTalca.\u00a0<\/a><\/p><p class=\"x_MsoNormal\">\u00a0<\/p><p class=\"x_MsoNormal\"><strong>ADPRENSA.CL\u00a0<\/strong><\/p><p class=\"x_MsoNormal\"><a href=\"https:\/\/www.adprensa.cl\/cronica\/utalca-vacaciones-de-verano-recomendaciones-para-disfrutar-saludablemente-y-sin-excesos\/\">Vacaciones de verano: recomendaciones para disfrutar saludablemente y sin excesos. Se refiere Nelson Mu\u00f1oz, coordinador cl\u00ednico (s) del Centro de Psicolog\u00eda Aplicada (CEPA) de la UTalca.\u00a0<\/a><\/p><p class=\"x_MsoNormal\">\u00a0<\/p><p class=\"x_MsoNormal\"><strong>G5NOTICIAS.CL\u00a0<\/strong><\/p><p class=\"x_MsoNormal\"><a href=\"https:\/\/g5noticias.cl\/2022\/02\/01\/vacaciones-de-verano-recomendaciones-para-disfrutar-saludablemente-y-sin-excesos\/\">Vacaciones de verano: recomendaciones para disfrutar saludablemente y sin excesos. Se refiere Nelson Mu\u00f1oz, coordinador cl\u00ednico (s) del Centro de Psicolog\u00eda Aplicada (CEPA) de la UTalca.\u00a0<\/a><\/p><p class=\"x_MsoNormal\" aria-hidden=\"true\">\u00a0<\/p><p class=\"x_MsoNormal\"><strong>DIARIOTALCA.CL\u00a0<\/strong><\/p><p class=\"x_MsoNormal\"><a href=\"https:\/\/diariotalca.cl\/sepa-lo-que-piensa-la-primera-generacion-de-ingenieros-civiles-en-obras-civiles-de-la-utalca\/\">Sepa lo que piensa la primera generaci\u00f3n de Ingenieros Civiles en Obras Civiles de la UTalca. Se refiere Armando Dur\u00e1n, director de la Escuela de Ingenier\u00eda Civil en Obras Civiles.\u00a0<\/a><\/p><p class=\"x_MsoNormal\" aria-hidden=\"true\">\u00a0<\/p><p class=\"x_MsoNormal\"><strong>DIARIO LA PRENSA\u00a0<\/strong><\/p><p class=\"x_MsoNormal\"><a href=\"https:\/\/www.litoralpress.cl\/paginaconsultas\/Servicios_NClip\/Get_Imagen_Nota.aspx?LPKey=XIWJ4EOKGJAM22R2RHQLY32EZTP5UOHKXT37WX5RR7FEEW67M4TLQ2RX6XFGYE72SAUUDZERI3G2U\">Se titularon nuevos ingenieros civiles y en construcci\u00f3n. Se refiere Armando Dur\u00e1n, director de la Escuela de Ingenier\u00eda Civil en Obras Civiles de la UTalca.\u00a0<\/a><\/p><p class=\"x_MsoNormal\">\u00a0<\/p><p class=\"x_MsoNormal\"><strong>ADPRENSA.CL\u00a0<\/strong><\/p><p class=\"x_MsoNormal\"><a href=\"https:\/\/www.adprensa.cl\/cronica\/se-titula-primera-generacion-de-ingenieros-civiles-en-obras-civiles-de-la-utalca\/\">Se titula primera generaci\u00f3n de Ingenieros Civiles en Obras Civiles de la UTalca. Se refiere Armando Dur\u00e1n, director de la Escuela de Ingenier\u00eda Civil en Obras Civiles de la UTalca.\u00a0<\/a><\/p><p class=\"x_MsoNormal\" aria-hidden=\"true\">\u00a0<\/p><p class=\"x_MsoNormal\"><strong>ELMOSTRADOR.CL\u00a0<\/strong><\/p><p class=\"x_MsoNormal\"><a href=\"https:\/\/www.elmostrador.cl\/generacion-m\/2022\/02\/25\/innovador-universitario-chileno-busca-elaborar-fermentado-de-cerezas\/\">Innovador universitario chileno busca elaborar fermentado de cerezas. Se refiere Hermine Vogel,\u00a0\u00a0decana de la Facultad de Ciencias Agrarias de la UTalca.\u00a0<\/a><\/p><p class=\"x_MsoNormal\" aria-hidden=\"true\">\u00a0<\/p><p class=\"x_MsoNormal\"><strong>ADPRENSA.CL\u00a0<\/strong><\/p><p class=\"x_MsoNormal\"><a href=\"https:\/\/www.adprensa.cl\/cronica\/alumno-utalca-se-adjudica-proyecto-por-iniciativa-que-busca-elaborar-fermentado-de-cerezas\/\">Alumno UTalca se adjudica proyecto por iniciativa que busca elaborar fermentado de cerezas. Se refiere Hermine Vogel, decana de la Facultad de Ciencias Agrarias de la UTalca.\u00a0<\/a><\/p><p class=\"x_MsoNormal\" aria-hidden=\"true\">\u00a0<\/p><p class=\"x_MsoNormal\"><strong>CANAL TVN RED MAULE\u00a0<\/strong><\/p><p class=\"x_MsoNormal\"><a href=\"https:\/\/www.litoralpress.cl\/sitio\/RadioTV_Detalles.cshtml?LPKey=IXJHYVMS6DVJF53UQRT5HD7FDUJJK5OLH33JMQEQAWFYDJDUTJNQ\">Proyecto Bike UTalca destaca en evento internacional y qued\u00f3 finalista en Premios Verdes. Se menciona a la UTalca.<\/a><\/p><p>\u00a0<\/p><p class=\"x_MsoNormal\"><strong>TVMAULE.CL\u00a0<\/strong><\/p><p class=\"x_MsoNormal\"><a href=\"https:\/\/www.tvmaule.cl\/maulino-se-adjudica-proyecto-que-busca-elaborar-fermentado-de-cerezas\/\">Maulino se adjudica proyecto que busca elaborar fermentado de cerezas. Se refiere Hermine Vogel, decana de la Facultad de Ciencias Agrarias de la UTalca. \u00a0<\/a><\/p><p class=\"x_MsoNormal\" aria-hidden=\"true\">\u00a0<\/p><p class=\"x_MsoNormal\"><strong>DIARIOTALCA.CL\u00a0<\/strong><\/p><p class=\"x_MsoNormal\"><a href=\"https:\/\/diariotalca.cl\/proyecto-bike-de-la-universidad-de-talca-es-finalista-en-los-premios-verdes\/\">Proyecto Bike de la Universidad de Talca es finalista en los Premios Verdes. Se refiere Javiera Montecinos, directora de Apoyo a Organizaciones e Iniciativas Estudiantiles de la Universidad de Talca.\u00a0<\/a><\/p><p class=\"x_MsoNormal\" aria-hidden=\"true\">\u00a0<\/p><p class=\"x_MsoNormal\"><strong>ADPRENSA.CL\u00a0<\/strong><\/p><p class=\"x_MsoNormal\"><a href=\"https:\/\/www.adprensa.cl\/cronica\/proyecto-bike-de-la-universidad-de-talca-es-finalista-en-los-premios-verdes\/\">Proyecto Bike de la Universidad de Talca es finalista en los Premios Verdes. Se refiere Javiera Montecinos, directora de Apoyo a Organizaciones e Iniciativas Estudiantiles de la Universidad de Talca.\u00a0<\/a><\/p><p class=\"x_MsoNormal\">\u00a0<\/p>\t\t\t\t\t\t<\/div>\n\t\t\t\t<\/div>\n\t\t\t\t\t<\/div>\n\t\t<\/div>\n\t\t\t\t\t\t\t<\/div>\n\t\t<\/section>\n\t\t\t\t\t\t<\/div>\n\t\t\t\t\t<\/div>\n\t\t","protected":false},"excerpt":{"rendered":"<p>LAS \u00daLTIMAS NOTICIAS\u00a0 Abren vacantes de \u00faltima hora para entrar hoy a la universidad. Se refiere C\u00e9sar Retamal, director de Ciclo de Vida Estudiantil de la UTalca.\u00a0 \u00a0 DIARIO TALCA\u00a0 Universidad de Talca logr\u00f3 exitosa primera fase de matr\u00edculas. Se refieren Paula Manr\u00edquez, vicerrectora de Pregrado y C\u00e9sar Retamal, director de Ciclo de Vida Estudiantil &hellip;<\/p>\n<p class=\"read-more\"> <a class=\"\" href=\"https:\/\/www.reportedeprensa.utalca.cl\/?p=3206\"> <span class=\"screen-reader-text\">28 de febrero de 2022<\/span> Read More &raquo;<\/a><\/p>\n","protected":false},"author":1,"featured_media":0,"comment_status":"closed","ping_status":"open","sticky":false,"template":"","format":"standard","meta":{"_monsterinsights_skip_tracking":false,"_monsterinsights_sitenote_active":false,"_monsterinsights_sitenote_note":"","_monsterinsights_sitenote_category":0},"categories":[18],"tags":[],"_links":{"self":[{"href":"https:\/\/www.reportedeprensa.utalca.cl\/index.php?rest_route=\/wp\/v2\/posts\/3206"}],"collection":[{"href":"https:\/\/www.reportedeprensa.utalca.cl\/index.php?rest_route=\/wp\/v2\/posts"}],"about":[{"href":"https:\/\/www.reportedeprensa.utalca.cl\/index.php?rest_route=\/wp\/v2\/types\/post"}],"author":[{"embeddable":true,"href":"https:\/\/www.reportedeprensa.utalca.cl\/index.php?rest_route=\/wp\/v2\/users\/1"}],"replies":[{"embeddable":true,"href":"https:\/\/www.reportedeprensa.utalca.cl\/index.php?rest_route=%2Fwp%2Fv2%2Fcomments&post=3206"}],"version-history":[{"count":5,"href":"https:\/\/www.reportedeprensa.utalca.cl\/index.php?rest_route=\/wp\/v2\/posts\/3206\/revisions"}],"predecessor-version":[{"id":3214,"href":"https:\/\/www.reportedeprensa.utalca.cl\/index.php?rest_route=\/wp\/v2\/posts\/3206\/revisions\/3214"}],"wp:attachment":[{"href":"https:\/\/www.reportedeprensa.utalca.cl\/index.php?rest_route=%2Fwp%2Fv2%2Fmedia&parent=3206"}],"wp:term":[{"taxonomy":"category","embeddable":true,"href":"https:\/\/www.reportedeprensa.utalca.cl\/index.php?rest_route=%2Fwp%2Fv2%2Fcategories&post=3206"},{"taxonomy":"post_tag","embeddable":true,"href":"https:\/\/www.reportedeprensa.utalca.cl\/index.php?rest_route=%2Fwp%2Fv2%2Ftags&post=3206"}],"curies":[{"name":"wp","href":"https:\/\/api.w.org\/{rel}","templated":true}]}}