{"id":3224,"date":"2022-03-01T09:17:42","date_gmt":"2022-03-01T12:17:42","guid":{"rendered":"https:\/\/www.reportedeprensa.utalca.cl\/?p=3224"},"modified":"2022-03-01T09:27:42","modified_gmt":"2022-03-01T12:27:42","slug":"01-de-marzo-de-2022","status":"publish","type":"post","link":"https:\/\/www.reportedeprensa.utalca.cl\/?p=3224","title":{"rendered":"01 de marzo de 2022"},"content":{"rendered":"\t\t<div data-elementor-type=\"wp-post\" data-elementor-id=\"3224\" class=\"elementor elementor-3224\" data-elementor-settings=\"[]\">\n\t\t\t\t\t\t\t<div class=\"elementor-section-wrap\">\n\t\t\t\t\t\t\t<section class=\"elementor-section elementor-top-section elementor-element elementor-element-17fae7ab elementor-section-boxed elementor-section-height-default elementor-section-height-default\" data-id=\"17fae7ab\" data-element_type=\"section\">\n\t\t\t\t\t\t<div class=\"elementor-container elementor-column-gap-default\">\n\t\t\t\t\t<div class=\"elementor-column elementor-col-100 elementor-top-column elementor-element elementor-element-60e202a0\" data-id=\"60e202a0\" data-element_type=\"column\">\n\t\t\t<div class=\"elementor-widget-wrap elementor-element-populated\">\n\t\t\t\t\t\t\t\t<div class=\"elementor-element elementor-element-387ad460 elementor-widget elementor-widget-text-editor\" data-id=\"387ad460\" data-element_type=\"widget\" data-widget_type=\"text-editor.default\">\n\t\t\t\t<div class=\"elementor-widget-container\">\n\t\t\t\t\t\t\t\t<p class=\"x_MsoNormal\"><strong>EL MERCURIO\u00a0<\/strong><\/p><p class=\"x_MsoNormal\"><a href=\"https:\/\/www.litoralpress.cl\/paginaconsultas\/Servicios_NClip\/Get_Imagen_Nota.aspx?LPKey=TIB4XAONE75D3C4HUMFRVVCFWNUTXEADKT4ZG5S5YULBBWLBFXWREPBO476TL6T6VAQCERUWF4QVM\">Desarrollan plataforma satelital para estimar el consumo de agua en Chile. Se refiere Samuel Ortega, director del Centro de Investigaci\u00f3n y Transferencia en Riego y Agroclimatolog\u00eda (CITRA) de la UTalca.\u00a0<\/a><\/p><p class=\"x_MsoNormal\" aria-hidden=\"true\">\u00a0<\/p><p class=\"x_MsoNormal\"><strong>ELMERCURIO.COM\u00a0<\/strong><\/p><p class=\"x_MsoNormal\"><a href=\"https:\/\/www.litoralpress.cl\/paginaconsultas\/Documentos\/Get_Imagen.aspx?lpkey=3.Hc.%C3%9C.Ifd.Bd.N.E.Bs2g9z.I60a.D.O.Fi.O.Kc5.Due6j.O.X.K.%C3%9C.Z\/n.I.F90.Wcr.Etsiw6y.D.X.Jocg.Sm.B\">Desarrollan plataforma satelital para estimar el consumo de agua en Chile. Se refiere Samuel Ortega, director del Centro de Investigaci\u00f3n y Transferencia en Riego y Agroclimatolog\u00eda (CITRA) de la UTalca.\u00a0<\/a><\/p><p class=\"x_MsoNormal\">\u00a0<\/p><p class=\"x_MsoNormal\"><strong>CANAL CNN\u00a0<\/strong><\/p><p class=\"x_MsoNormal\"><a href=\"https:\/\/www.litoralpress.cl\/sitio\/RadioTV_Detalles.cshtml?LPKey=3WQ5K7DEAR2KJRRTFYVWKF5FYTQ7ZGNEXBGPUAVA77ORHR5XTDJA\">Entrevista a \u00c9rika Retamal, directora del Departamento de Salud P\u00fablica de la UTalca.\u00a0<\/a><\/p><p class=\"x_MsoNormal\">\u00a0<\/p><p class=\"x_MsoNormal\"><strong>CNNCHILE.COM\u00a0<\/strong><\/p><p class=\"x_MsoNormal\"><a href=\"https:\/\/www.cnnchile.com\/lodijeronencnn\/erika-retamal-falta-testeo-subvaloracion-numero-real-casos-covid_20220228\/\">Por falta de acceso al testeo: Dra. Retamal asegura que \u201chay una subvaloraci\u00f3n del n\u00famero real de casos de COVID-19\u201d. Se refiere \u00c9rika Retamal, directora del Departamento de Salud P\u00fablica de la UTalca.\u00a0<\/a><\/p><p class=\"x_MsoNormal\">\u00a0<\/p><p class=\"x_MsoNormal\"><strong>RADIO COOPERATIVA\u00a0<\/strong><\/p><p class=\"x_MsoNormal\"><a href=\"https:\/\/www.litoralpress.cl\/sitio\/RadioTV_Detalles.cshtml?LPKey=QAIBBYCJBYVT4UXW4LUQWWONAEJVR3EU3MO77TCN6SVATVNQIAIA\">Entrevista a Carolina Iturra, acad\u00e9mica de la Facultad de Psicolog\u00eda de la UTalca.\u00a0<\/a><\/p><p class=\"x_MsoNormal\">\u00a0<\/p><p class=\"x_MsoNormal\"><strong>CANAL V\u00cdA X \u00a0<\/strong><\/p><p class=\"x_MsoNormal\"><a href=\"https:\/\/www.litoralpress.cl\/sitio\/RadioTV_Detalles.cshtml?LPKey=KJIBRMR2UXEMCOSQ4D4Y5AJN6QDBZB3GAIP7TRQZQJBHD6ILR2PA\">Entrevista a Patricio Gonz\u00e1lez, acad\u00e9mico del Centro de Investigaci\u00f3n y Transferencia en Riego y Agroclimatolog\u00eda (CITRA) de la UTalca. \u00a0<\/a><\/p><p class=\"x_MsoNormal\">\u00a0<\/p><p class=\"x_MsoNormal\"><strong>RADIO ADN\u00a0<\/strong><\/p><p class=\"x_MsoNormal\"><a href=\"https:\/\/www.litoralpress.cl\/sitio\/RadioTV_Detalles.cshtml?LPKey=DAXBTHKILDVFI4OXBK547ZLOMBTYFWL3BFWU4B4B3V4BCQ4N6RBA\">Autoridades eval\u00faan posible racionalizaci\u00f3n de agua en la regi\u00f3n Metropolitana. Se refiere Patricio Gonz\u00e1lez, acad\u00e9mico del Centro de Investigaci\u00f3n y Transferencia en Riego y Agroclimatolog\u00eda (CITRA) de la UTalca.\u00a0<\/a><\/p><p class=\"x_MsoNormal\">\u00a0<\/p><p class=\"x_MsoNormal\"><strong>RADIO UNIVERSIDAD DE CHILE\u00a0<\/strong><\/p><p class=\"x_MsoNormal\"><a href=\"https:\/\/www.litoralpress.cl\/sitio\/RadioTV_Detalles.cshtml?LPKey=LDSYOMYXCAZWY4ASB6XSBVHMY4Z7SE43DUV54BBXL264NNB6MLCQ\">Expertos prev\u00e9n complejo escenario de escasez h\u00eddrica para la zona central dentro de los pr\u00f3ximos a\u00f1os. Se refiere Patricio Gonz\u00e1lez, acad\u00e9mico del Centro de Investigaci\u00f3n y Transferencia en Riego y Agroclimatolog\u00eda (CITRA) de la UTalca.\u00a0<\/a><\/p><p class=\"x_MsoNormal\">\u00a0<\/p><p class=\"x_MsoNormal\"><strong>CANAL TVN RED MAULE\u00a0<\/strong><\/p><p class=\"x_MsoNormal\"><a href=\"https:\/\/www.litoralpress.cl\/sitio\/RadioTV_Detalles.cshtml?LPKey=CAV4WJQVYC4ACAZXTUWBNQ5PMALHJ4Q2NU5DJV52LXEMXRJRQNJA\">Linares: Hay pron\u00f3stico de lluvias para mi\u00e9rcoles y jueves en la zona cordillerana. Se refiere Patricio Gonz\u00e1lez, acad\u00e9mico del Centro de Investigaci\u00f3n y Transferencia en Riego y Agroclimatolog\u00eda (CITRA) de la UTalca.\u00a0<\/a><\/p><p class=\"x_MsoNormal\">\u00a0<\/p><p class=\"x_MsoNormal\"><strong>CANAL CONTIVISI\u00d3N\u00a0<\/strong><\/p><p class=\"x_MsoNormal\"><a href=\"https:\/\/www.litoralpress.cl\/sitio\/RadioTV_Detalles.cshtml?LPKey=DXFIBQW4I5LNDFWCHTFC3TRGLDV46B2GWNYSEKZZKZ3WJ54SN5SQ\">Experto asegura que en agosto podr\u00eda haber racionamiento de agua potable en las principales ciudades de la regi\u00f3n. Se refiere Patricio Gonz\u00e1lez, acad\u00e9mico del Centro de Investigaci\u00f3n y Transferencia en Riego y Agroclimatolog\u00eda (CITRA) de la UTalca.\u00a0<\/a><\/p><p class=\"x_MsoNormal\">\u00a0<\/p><p class=\"x_MsoNormal\"><strong>RADIO AMIGA\u00a0<\/strong><\/p><p class=\"x_MsoNormal\"><a href=\"https:\/\/www.litoralpress.cl\/sitio\/RadioTV_Detalles.cshtml?LPKey=XXMBR3AACV3JDTERH2Z4YGXO5QLOSCS2NLHVQXJHVMHPMLVQ5AOQ\">Proyectan una agudizaci\u00f3n de la sequ\u00eda en el Maule para 2022. Se refiere Patricio Gonz\u00e1lez, acad\u00e9mico del Centro de Investigaci\u00f3n y Transferencia en Riego y Agroclimatolog\u00eda (CITRA) de la UTalca.\u00a0<\/a><\/p><p class=\"x_MsoNormal\">\u00a0<\/p><p class=\"x_MsoNormal\"><strong>DIARIOTALCA.CL\u00a0<\/strong><\/p><p class=\"x_MsoNormal\"><a href=\"https:\/\/diariotalca.cl\/buscan-soluciones-y-herramientas-para-la-conservacion-de-especies\/\">Buscan soluciones y herramientas para la conservaci\u00f3n de especies. Se refiere Eduardo \u00c1lvarez, acad\u00e9mico de la Facultad de Econom\u00eda y Negocios de la UTalca.\u00a0<\/a><\/p><p class=\"x_MsoNormal\">\u00a0<\/p><p class=\"x_MsoNormal\"><strong>CANAL CONTIVISI\u00d3N\u00a0<\/strong><\/p><p class=\"x_MsoNormal\"><a href=\"https:\/\/www.litoralpress.cl\/sitio\/RadioTV_Detalles.cshtml?LPKey=WHKWPXPC3YG6IWQPX4HE6GENDBZUEC5UJ73HLQPOWUZWLF6RQQMQ\">Obesidad severa registr\u00f3 importante incremento en la poblaci\u00f3n escolar del Maule. Se refiere Emilia Giacaman, acad\u00e9mica de la Escuela de Nutrici\u00f3n y Diet\u00e9tica. \u00a0<\/a><\/p><p class=\"x_MsoNormal\">\u00a0<\/p><p class=\"x_MsoNormal\"><strong>RADIOPOLAR.COM\u00a0<\/strong><\/p><p class=\"x_MsoNormal\"><a href=\"https:\/\/radiopolar.com\/noticia_173783.html\">Especialista aconseja medidas para prevenir obesidad infantil. Se refiere Emilia Giacaman, acad\u00e9mica de la Escuela de Nutrici\u00f3n y Diet\u00e9tica.\u00a0<\/a><\/p><p class=\"x_MsoNormal\">\u00a0<\/p><p class=\"x_MsoNormal\"><strong>DIARIOELHERALDO.CL\u00a0<\/strong><\/p><p class=\"x_MsoNormal\"><a href=\"http:\/\/www.diarioelheraldo.cl\/noticia\/entregan-consejos-para-el-regreso-a-las-clases-presenciales\">Entregan consejos para el regreso a las clases presenciales. Se refieren Carolina Iturra, acad\u00e9mica de la Facultad de Psicolog\u00eda de la UTalca y Felipe Figueroa, profesional del Programa PACE de la UTalca.\u00a0<\/a><\/p><p class=\"x_MsoNormal\">\u00a0<\/p><p class=\"x_MsoNormal\"><strong>ELDIVISADERO.CL\u00a0<\/strong><\/p><p class=\"x_MsoNormal\"><a href=\"http:\/\/www.eldivisadero.cl\/noticia-65926\">Directora de Mejor Ni\u00f1ez y el fin del Sename como un cambio de paradigma: &#8220;Es una tarea tit\u00e1nica&#8221;. Se menciona a Isaac Ravetllat, acad\u00e9mico y director del Centro de Estudios de Derechos de la Infancia y Adolescencia (CEDIA) de la UTalca.\u00a0<\/a><\/p><p class=\"x_MsoNormal\">\u00a0<\/p><p class=\"x_MsoNormal\"><strong>CANAL 24 HORAS\u00a0<\/strong><\/p><p class=\"x_MsoNormal\"><a href=\"https:\/\/www.litoralpress.cl\/sitio\/RadioTV_Detalles.cshtml?LPKey=LMJ2DVYJHYICXJPF5PQ7SO3C7P2TOTCPCG5VFTWPBJOH44IGCWAA\">Proponen consejo territorial que eliminar\u00eda al Senado. Se refiere Mauricio Morales, director del Centro de An\u00e1lisis Pol\u00edtico de la UTalca.\u00a0<\/a><\/p><p class=\"x_MsoNormal\">\u00a0<\/p><p class=\"x_MsoNormal\"><strong>RADIO INFINITA\u00a0<\/strong><\/p><p class=\"x_MsoNormal\"><a href=\"https:\/\/www.litoralpress.cl\/sitio\/RadioTV_Detalles.cshtml?LPKey=ZPRTHXVQ7T5LZAQUEQ5FESQVFLWS7CN34VPHTMAVOQBWBFZGMV3A\">Entrevista a Mauricio Morales, director del Centro de An\u00e1lisis Pol\u00edtico de la UTalca.\u00a0<\/a><\/p><p class=\"x_MsoNormal\">\u00a0<\/p><p class=\"x_MsoNormal\"><strong>INFINITA.CL\u00a0<\/strong><\/p><p class=\"x_MsoNormal\"><a href=\"https:\/\/www.infinita.cl\/entrevistas\/2022\/02\/28\/mauricio-morales-analista-politico-el-rechazo-debe-explicar-a-la-ciudadania-por-que-el-diseno-de-la-constitucion-no-es-razonable.html\">Entrevista a Mauricio Morales, director del Centro de An\u00e1lisis Pol\u00edtico de la UTalca.\u00a0<\/a><\/p><p class=\"x_MsoNormal\">\u00a0<\/p><p class=\"x_MsoNormal\"><strong>PUBLIMETRO\u00a0<\/strong><\/p><p class=\"x_MsoNormal\"><a href=\"https:\/\/www.litoralpress.cl\/paginaconsultas\/Servicios_NClip\/Get_Imagen_Nota.aspx?LPKey=ZNFHVFHOXTATBWDDENWTPLIVLN5ZYBUKGDHYTZUBKUMHVIH2TLR6DNK66QTOI37AMFBCE6P7V5IM6\">El deporte se alinea contra Rusia y lo golpea m\u00e1s all\u00e1 de las canchas. Se refiere Mario Herrera, acad\u00e9mico del Centro de An\u00e1lisis Pol\u00edtico (CAP) de la UTalca.\u00a0<\/a><\/p><p class=\"x_MsoNormal\">\u00a0<\/p><p class=\"x_MsoNormal\"><strong>EMOL.COM\u00a0<\/strong><\/p><p class=\"x_MsoNormal\"><a href=\"https:\/\/www.emol.com\/noticias\/Nacional\/2022\/02\/26\/1047858\/analistas-servel-igualdad-voto-chile.html\">Expertos analizan cr\u00edtica del presidente del Servel por igualdad de votos en Chile y si debiese estar en la Constituci\u00f3n. Se refiere Mauricio Morales, director del Centro de An\u00e1lisis Pol\u00edtico de la UTalca.\u00a0<\/a><\/p><p class=\"x_MsoNormal\">\u00a0<\/p><p class=\"x_MsoNormal\"><strong>EL MERCURIO DE VALPARA\u00cdSO\u00a0<\/strong><\/p><p class=\"x_MsoNormal\"><a href=\"https:\/\/www.litoralpress.cl\/paginaconsultas\/Servicios_NClip\/Get_Imagen_Nota.aspx?LPKey=J3HZG3NNQX3TG6DUIZDDFYSTZINE6GZIT5FDKZ3BBNU5SKCKPJG7RVDHGC4XIZMCOQGJROS75MOFM\">Qu\u00e9 Lee Mauricio Morales, director del Centro de An\u00e1lisis Pol\u00edtico (CAP) de la UTalca.\u00a0<\/a><\/p><p class=\"x_MsoNormal\">\u00a0<\/p>\t\t\t\t\t\t<\/div>\n\t\t\t\t<\/div>\n\t\t\t\t\t<\/div>\n\t\t<\/div>\n\t\t\t\t\t\t\t<\/div>\n\t\t<\/section>\n\t\t\t\t\t\t<\/div>\n\t\t\t\t\t<\/div>\n\t\t","protected":false},"excerpt":{"rendered":"<p>EL MERCURIO\u00a0 Desarrollan plataforma satelital para estimar el consumo de agua en Chile. Se refiere Samuel Ortega, director del Centro de Investigaci\u00f3n y Transferencia en Riego y Agroclimatolog\u00eda (CITRA) de la UTalca.\u00a0 \u00a0 ELMERCURIO.COM\u00a0 Desarrollan plataforma satelital para estimar el consumo de agua en Chile. Se refiere Samuel Ortega, director del Centro de Investigaci\u00f3n y &hellip;<\/p>\n<p class=\"read-more\"> <a class=\"\" href=\"https:\/\/www.reportedeprensa.utalca.cl\/?p=3224\"> <span class=\"screen-reader-text\">01 de marzo de 2022<\/span> Read More &raquo;<\/a><\/p>\n","protected":false},"author":1,"featured_media":0,"comment_status":"closed","ping_status":"open","sticky":false,"template":"","format":"standard","meta":{"_monsterinsights_skip_tracking":false,"_monsterinsights_sitenote_active":false,"_monsterinsights_sitenote_note":"","_monsterinsights_sitenote_category":0},"categories":[19],"tags":[],"_links":{"self":[{"href":"https:\/\/www.reportedeprensa.utalca.cl\/index.php?rest_route=\/wp\/v2\/posts\/3224"}],"collection":[{"href":"https:\/\/www.reportedeprensa.utalca.cl\/index.php?rest_route=\/wp\/v2\/posts"}],"about":[{"href":"https:\/\/www.reportedeprensa.utalca.cl\/index.php?rest_route=\/wp\/v2\/types\/post"}],"author":[{"embeddable":true,"href":"https:\/\/www.reportedeprensa.utalca.cl\/index.php?rest_route=\/wp\/v2\/users\/1"}],"replies":[{"embeddable":true,"href":"https:\/\/www.reportedeprensa.utalca.cl\/index.php?rest_route=%2Fwp%2Fv2%2Fcomments&post=3224"}],"version-history":[{"count":4,"href":"https:\/\/www.reportedeprensa.utalca.cl\/index.php?rest_route=\/wp\/v2\/posts\/3224\/revisions"}],"predecessor-version":[{"id":3228,"href":"https:\/\/www.reportedeprensa.utalca.cl\/index.php?rest_route=\/wp\/v2\/posts\/3224\/revisions\/3228"}],"wp:attachment":[{"href":"https:\/\/www.reportedeprensa.utalca.cl\/index.php?rest_route=%2Fwp%2Fv2%2Fmedia&parent=3224"}],"wp:term":[{"taxonomy":"category","embeddable":true,"href":"https:\/\/www.reportedeprensa.utalca.cl\/index.php?rest_route=%2Fwp%2Fv2%2Fcategories&post=3224"},{"taxonomy":"post_tag","embeddable":true,"href":"https:\/\/www.reportedeprensa.utalca.cl\/index.php?rest_route=%2Fwp%2Fv2%2Ftags&post=3224"}],"curies":[{"name":"wp","href":"https:\/\/api.w.org\/{rel}","templated":true}]}}