{"id":3239,"date":"2022-03-02T09:29:45","date_gmt":"2022-03-02T12:29:45","guid":{"rendered":"https:\/\/www.reportedeprensa.utalca.cl\/?p=3239"},"modified":"2022-03-02T09:34:29","modified_gmt":"2022-03-02T12:34:29","slug":"02-de-marzo-de-2022","status":"publish","type":"post","link":"https:\/\/www.reportedeprensa.utalca.cl\/?p=3239","title":{"rendered":"02 de marzo de 2022"},"content":{"rendered":"\t\t<div data-elementor-type=\"wp-post\" data-elementor-id=\"3239\" class=\"elementor elementor-3239\" data-elementor-settings=\"[]\">\n\t\t\t\t\t\t\t<div class=\"elementor-section-wrap\">\n\t\t\t\t\t\t\t<section class=\"elementor-section elementor-top-section elementor-element elementor-element-17fae7ab elementor-section-boxed elementor-section-height-default elementor-section-height-default\" data-id=\"17fae7ab\" data-element_type=\"section\">\n\t\t\t\t\t\t<div class=\"elementor-container elementor-column-gap-default\">\n\t\t\t\t\t<div class=\"elementor-column elementor-col-100 elementor-top-column elementor-element elementor-element-60e202a0\" data-id=\"60e202a0\" data-element_type=\"column\">\n\t\t\t<div class=\"elementor-widget-wrap elementor-element-populated\">\n\t\t\t\t\t\t\t\t<div class=\"elementor-element elementor-element-387ad460 elementor-widget elementor-widget-text-editor\" data-id=\"387ad460\" data-element_type=\"widget\" data-widget_type=\"text-editor.default\">\n\t\t\t\t<div class=\"elementor-widget-container\">\n\t\t\t\t\t\t\t\t<p class=\"x_MsoNormal\"><strong>RADIO FUTURO\u00a0<\/strong><\/p><p class=\"x_MsoNormal\"><a href=\"https:\/\/www.litoralpress.cl\/sitio\/RadioTV_Detalles.cshtml?LPKey=KGELWPX5KEIMFI2A3LGAGHAC3MRWFTFDKCLWIN3KYAYTIMY6LJJQ\">Entrevista Dany Jaimovich, director del doctorado en Econom\u00eda de la Universidad de Talca.\u00a0<\/a><\/p><p class=\"x_MsoNormal\">\u00a0<\/p><p class=\"x_MsoNormal\"><strong>PUBLIMETRO\u00a0<\/strong><\/p><p class=\"x_MsoNormal\"><a href=\"https:\/\/www.litoralpress.cl\/paginaconsultas\/Servicios_NClip\/Get_Imagen_Nota.aspx?LPKey=TE2BPSAFHTK44U6Y2YFSUKJ7WM7AV3I4YX4PEVTGRX7NBK3VFSWGOMIQW2RTZDULMAV7Y5CI27UOU\">El efecto positivo de retiros y ayudas estatales en la actividad econ\u00f3mica. Se refiere Hern\u00e1n D\u00edaz, acad\u00e9mico de la Facultad de Econom\u00eda y Negocios de la UTalca.\u00a0<\/a><\/p><p class=\"x_MsoNormal\">\u00a0<\/p><p class=\"x_MsoNormal\"><strong>DIARIO LA PRENSA\u00a0<\/strong><\/p><p class=\"x_MsoNormal\"><a href=\"https:\/\/www.litoralpress.cl\/paginaconsultas\/Servicios_NClip\/Get_Imagen_Nota.aspx?LPKey=T2723P5WWQ4YJL2MQKGZUVLLZFSYFIQXZGGHMQAEK7Q27PPFXJCWIHRR2HK6EVT43TTLR7B7C755S\">Profesor realizar\u00e1 proyecto para conservar especies. Se refiere Eduardo \u00c1lvarez, acad\u00e9mico de la Facultad de Econom\u00eda y Negocios de la UTalca.\u00a0<\/a><\/p><p>\u00a0<\/p><p class=\"x_MsoNormal\"><strong><span class=\"x_MsoHyperlink\">DIARIO TALCA\u00a0<\/span><\/strong><\/p><p class=\"x_MsoNormal\"><a href=\"https:\/\/www.litoralpress.cl\/paginaconsultas\/Servicios_NClip\/Get_Imagen_Nota.aspx?LPKey=VYFP57KDGPIQIPFW43CBJCAMLMXZE6ANPAKJXUKKR2HFKBU7CLDN4JEDR3IP5OYREZ44KVIYR4JJQ\"><span class=\"x_MsoHyperlink\">Sepa lo que piensa la primera generaci\u00f3n de Ingenieros Civiles en Obras Civiles de la UTalca. Se refiere Armando Dur\u00e1n, director de Ingenier\u00eda Civil en Obras Civiles de la UTalca.\u00a0<\/span><\/a><\/p><p>\u00a0<\/p><p class=\"x_MsoNormal\"><strong><span class=\"x_MsoHyperlink\">DIARIO TALCA\u00a0<\/span><\/strong><\/p><p class=\"x_MsoNormal\"><a href=\"https:\/\/www.litoralpress.cl\/paginaconsultas\/Servicios_NClip\/Get_Imagen_Nota.aspx?LPKey=VKW73YYAHF2IDWO5Q3YWNTOA5T24X5D5C6CTMK4HPZWCH3OX5TBEICR2QZOSSFZUOZCWSJROCSC4U\">Proyecto Bike de la Universidad de Talca es finalista en los Premios Verdes. Se refiere Javiera Montecinos, directora de Apoyo a Organizaciones e Iniciativas Estudiantiles (DAOE) de la UTalca.\u00a0<\/a><\/p><p class=\"x_MsoNormal\">\u00a0<\/p><p class=\"x_MsoNormal\"><strong>DIARIO EL LECTOR\u00a0<\/strong><\/p><p class=\"x_MsoNormal\"><a href=\"https:\/\/www.litoralpress.cl\/paginaconsultas\/Servicios_NClip\/Get_Imagen_Nota.aspx?LPKey=ZOCUOIPBHCGNOUJ5VL55EL7OQZHNBIVBVSAOLJID7JKHFMKPSA7HMRO2G5OAC3ONDD3KDPY2ZI3FI\">Clases presenciales: Expertos orientan a familias para un retorno en normalidad. Se refieren Carolina Iturra, acad\u00e9mica de la Facultad de Psicolog\u00eda de la UTalca y Felipe Figueroa, profesional programa PACE-UTalca.\u00a0<\/a><\/p><p class=\"x_MsoNormal\">\u00a0<\/p><p class=\"x_MsoNormal\"><strong>CANAL TVR\u00a0<\/strong><\/p><p class=\"x_MsoNormal\"><a href=\"https:\/\/www.litoralpress.cl\/sitio\/RadioTV_Detalles.cshtml?LPKey=JSXEOUMX72PIZKKZG6KX76OSNV6BKU7KW6ZG4DOF7V5A26JZGC6A\">Covid-19: S\u00f3lo hay disponibles 161 camas UCI en todo el pa\u00eds. Se refiere Erika Retamal, directora del Departamento de Salud P\u00fablica de la UTalca.\u00a0<\/a><\/p><p class=\"x_MsoNormal\">\u00a0<\/p><p class=\"x_MsoNormal\"><strong>ELMAULEINFORMA.CL\u00a0<\/strong><\/p><p class=\"x_MsoNormal\"><a href=\"https:\/\/elmauleinforma.cl\/maule-habemus-delegado-regional\/\">Maule: \u201cHabemus\u201d Delegado Regional. Columna de opini\u00f3n de Jorge Navarrete, director del Mag\u00edster en Gesti\u00f3n y Pol\u00edticas P\u00fablicas de la UTalca.\u00a0<\/a><\/p><p class=\"x_MsoNormal\">\u00a0<\/p><p class=\"x_MsoNormal\"><strong>RADIO AGRICULTURA\u00a0<\/strong><\/p><p class=\"x_MsoNormal\"><a href=\"https:\/\/www.litoralpress.cl\/sitio\/RadioTV_Detalles.cshtml?LPKey=JCXVIZHR2PJ6UHSKKUSNPJLFQTGXO3GAJ3OP6C4XZKOUTYBWXXGA\">La situaci\u00f3n h\u00eddrica para la regi\u00f3n del Maule. Se menciona a Patricio Gonz\u00e1lez, acad\u00e9mico del Centro de Investigaci\u00f3n y Transferencia en Riego y Agroclimatolog\u00eda (CITRA) de la UTalca. \u00a0<\/a><\/p><p class=\"x_MsoNormal\">\u00a0<\/p><p class=\"x_MsoNormal\"><strong>PRENSADELSUR.CL\u00a0<\/strong><\/p><p class=\"x_MsoNormal\"><a href=\"https:\/\/www.prensadelsur.cl\/las-comunas-de-la-region-metropolitana-que-estarian-mas-expuestas-al-racionamiento-de-agua\/\">Las comunas de la Regi\u00f3n Metropolitana que estar\u00edan m\u00e1s expuestas al racionamiento de agua\u00a0<\/a><br \/><a href=\"https:\/\/www.prensadelsur.cl\/las-comunas-de-la-region-metropolitana-que-estarian-mas-expuestas-al-racionamiento-de-agua\/\">A un eventual racionamiento del suministro de agua. Se refiere Patricio Gonz\u00e1lez, acad\u00e9mico del Centro de Investigaci\u00f3n y Transferencia en Riego y Agroclimatolog\u00eda (CITRA) de la UTalca.\u00a0<\/a><\/p><p class=\"x_MsoNormal\">\u00a0<\/p><p class=\"x_MsoNormal\"><strong>DIARIOSURNOTICIAS.COM\u00a0<\/strong><\/p><p class=\"x_MsoNormal\"><a href=\"https:\/\/www.diariosurnoticias.com\/nacional\/2022\/02\/14\/revisa-que-comunas-de-la-region-metropolitana-estarian-mas-expuestas-al-racionamiento-de-agua-39059.html\">Revisa que comunas de la regi\u00f3n Metropolitana estar\u00edan m\u00e1s expuestas al racionamiento de agua. Se refiere Patricio Gonz\u00e1lez, acad\u00e9mico del Centro de Investigaci\u00f3n y Transferencia en Riego y Agroclimatolog\u00eda (CITRA) de la UTalca.\u00a0<\/a><\/p><p class=\"x_MsoNormal\">\u00a0<\/p><p class=\"x_MsoNormal\"><strong>EMOL.COM\u00a0<\/strong><\/p><p class=\"x_MsoNormal\"><a href=\"https:\/\/www.emol.com\/noticias\/Nacional\/2022\/03\/01\/1048043\/boric-gobierno-senado-convencion.html\">Gobernar con un Senado en alerta ante su posible eliminaci\u00f3n: El dilema que abri\u00f3 la Convenci\u00f3n para Boric. Se refiere Mauricio Morales, director del Centro de An\u00e1lisis Pol\u00edtico de la UTalca.\u00a0<\/a><\/p><p class=\"x_MsoNormal\">\u00a0<\/p><p class=\"x_MsoNormal\"><strong>THECLINIC.CL\u00a0<\/strong><\/p><p class=\"x_MsoNormal\"><a href=\"https:\/\/www.theclinic.cl\/2022\/03\/01\/tension-con-el-senado-y-el-insospechado-retorno-de-rojas-vade-debe-el-gobierno-de-boric-incidir-en-la-convencion\/\">Tensi\u00f3n con el Senado y el insospechado retorno de Rojas Vade: \u00bfDebe el gobierno de Boric incidir en la Convenci\u00f3n? Se refiere Mauricio Morales, director del Centro de An\u00e1lisis Pol\u00edtico de la UTalca.\u00a0<\/a><\/p><p class=\"x_MsoNormal\">\u00a0<\/p><p class=\"x_MsoNormal\"><strong>NOSTALGICA.CL\u00a0<\/strong><\/p><p class=\"x_MsoNormal\"><a href=\"https:\/\/www.nostalgica.cl\/gobernar-con-un-senado-en-alerta-ante-su-posible-eliminacion-el-dilema-que-abrio-la-convencion-para-boric\/\">Gobernar con un Senado en alerta ante su posible eliminaci\u00f3n: El dilema que abri\u00f3 la Convenci\u00f3n para Boric.\u00a0Se refiere Mauricio Morales, director del Centro de An\u00e1lisis Pol\u00edtico de la UTalca.\u00a0<\/a><\/p><p class=\"x_MsoNormal\">\u00a0<\/p><p class=\"x_MsoNormal\"><strong>RADIOAGRICULTURA.CL\u00a0<\/strong><\/p><p class=\"x_MsoNormal\"><a href=\"https:\/\/www.radioagricultura.cl\/elagro\/2022\/02\/14\/centro-regional-de-investigacion-fruticola-se-adjudica-mas-de-500-millones-de-pesos-para-ejecutar-proyectos-con-foco-en-el-tema-hidrico.html\">Centro regional de investigaci\u00f3n frut\u00edcola se adjudica m\u00e1s de 500 millones de pesos para ejecutar proyectos con foco en el tema h\u00eddrico. Se menciona a la UTalca.\u00a0<\/a><\/p><p class=\"x_MsoNormal\">\u00a0<\/p><p class=\"x_MsoNormal\"><strong>ELDIARIOSANTIAGO.CL\u00a0<\/strong><\/p><p class=\"x_MsoNormal\"><a href=\"https:\/\/eldiariosantiago.cl\/2022\/02\/14\/centro-regional-de-investigacion-fruticola-se-adjudica-mas-de-500-millones-de-pesos-para-ejecutar-proyectos-con-foco-en-el-tema-hidrico\/\">Centro regional de investigaci\u00f3n frut\u00edcola se adjudica m\u00e1s de 500 millones de pesos para ejecutar proyectos con foco en el tema h\u00eddrico. Se menciona a la UTalca.\u00a0<\/a><\/p><p class=\"x_MsoNormal\">\u00a0<\/p><p class=\"x_MsoNormal\"><strong>EL DIVISADERO\u00a0<\/strong><\/p><p class=\"x_MsoNormal\"><a href=\"https:\/\/www.litoralpress.cl\/paginaconsultas\/Servicios_NClip\/Get_Imagen_Nota.aspx?LPKey=X7LV7YMK367W5JQSK66AEC6ENKSJWT6KD6C2Y6Q2T2LEGKRMEMCBHD34UNK3EZJ2H7VXP4C26QUQI\">Directora de Mejor Ni\u00f1ez y el fin del Sename como un cambio de paradigma: \u201cEs una tarea tit\u00e1nica\u201d. Se menciona a Isaac Ravetllat, director del Centro de Estudios del Derecho de la Infancias y la Adolescencia (CEDIA) de la UTalca. \u00a0<\/a><\/p><p class=\"x_MsoNormal\" aria-hidden=\"true\">\u00a0<\/p><p class=\"x_MsoNormal\"><strong>APROXIMACIONALFUTURO.WORDPRESS.COM\u00a0<\/strong><\/p><p class=\"x_MsoNormal\"><a href=\"https:\/\/aproximacionalfuturo.wordpress.com\/2022\/02\/28\/desafios-para-la-recuperacion-de-aguas-residuales-tratadas-para-riego-en-chile\/\">Desaf\u00edos para la recuperaci\u00f3n de aguas residuales tratadas para riego en Chile. Se menciona a Flavia Schiappacasse, acad\u00e9mica de la Facultad de Ciencias Agrarias de la Universidad de Talca.\u00a0<\/a><\/p><p class=\"x_MsoNormal\">\u00a0<\/p>\t\t\t\t\t\t<\/div>\n\t\t\t\t<\/div>\n\t\t\t\t\t<\/div>\n\t\t<\/div>\n\t\t\t\t\t\t\t<\/div>\n\t\t<\/section>\n\t\t\t\t\t\t<\/div>\n\t\t\t\t\t<\/div>\n\t\t","protected":false},"excerpt":{"rendered":"<p>RADIO FUTURO\u00a0 Entrevista Dany Jaimovich, director del doctorado en Econom\u00eda de la Universidad de Talca.\u00a0 \u00a0 PUBLIMETRO\u00a0 El efecto positivo de retiros y ayudas estatales en la actividad econ\u00f3mica. Se refiere Hern\u00e1n D\u00edaz, acad\u00e9mico de la Facultad de Econom\u00eda y Negocios de la UTalca.\u00a0 \u00a0 DIARIO LA PRENSA\u00a0 Profesor realizar\u00e1 proyecto para conservar especies. Se &hellip;<\/p>\n<p class=\"read-more\"> <a class=\"\" href=\"https:\/\/www.reportedeprensa.utalca.cl\/?p=3239\"> <span class=\"screen-reader-text\">02 de marzo de 2022<\/span> Read More &raquo;<\/a><\/p>\n","protected":false},"author":1,"featured_media":0,"comment_status":"closed","ping_status":"open","sticky":false,"template":"","format":"standard","meta":{"_monsterinsights_skip_tracking":false,"_monsterinsights_sitenote_active":false,"_monsterinsights_sitenote_note":"","_monsterinsights_sitenote_category":0},"categories":[19],"tags":[],"_links":{"self":[{"href":"https:\/\/www.reportedeprensa.utalca.cl\/index.php?rest_route=\/wp\/v2\/posts\/3239"}],"collection":[{"href":"https:\/\/www.reportedeprensa.utalca.cl\/index.php?rest_route=\/wp\/v2\/posts"}],"about":[{"href":"https:\/\/www.reportedeprensa.utalca.cl\/index.php?rest_route=\/wp\/v2\/types\/post"}],"author":[{"embeddable":true,"href":"https:\/\/www.reportedeprensa.utalca.cl\/index.php?rest_route=\/wp\/v2\/users\/1"}],"replies":[{"embeddable":true,"href":"https:\/\/www.reportedeprensa.utalca.cl\/index.php?rest_route=%2Fwp%2Fv2%2Fcomments&post=3239"}],"version-history":[{"count":4,"href":"https:\/\/www.reportedeprensa.utalca.cl\/index.php?rest_route=\/wp\/v2\/posts\/3239\/revisions"}],"predecessor-version":[{"id":3243,"href":"https:\/\/www.reportedeprensa.utalca.cl\/index.php?rest_route=\/wp\/v2\/posts\/3239\/revisions\/3243"}],"wp:attachment":[{"href":"https:\/\/www.reportedeprensa.utalca.cl\/index.php?rest_route=%2Fwp%2Fv2%2Fmedia&parent=3239"}],"wp:term":[{"taxonomy":"category","embeddable":true,"href":"https:\/\/www.reportedeprensa.utalca.cl\/index.php?rest_route=%2Fwp%2Fv2%2Fcategories&post=3239"},{"taxonomy":"post_tag","embeddable":true,"href":"https:\/\/www.reportedeprensa.utalca.cl\/index.php?rest_route=%2Fwp%2Fv2%2Ftags&post=3239"}],"curies":[{"name":"wp","href":"https:\/\/api.w.org\/{rel}","templated":true}]}}