{"id":3251,"date":"2022-03-03T09:29:25","date_gmt":"2022-03-03T12:29:25","guid":{"rendered":"https:\/\/www.reportedeprensa.utalca.cl\/?p=3251"},"modified":"2022-03-03T09:32:59","modified_gmt":"2022-03-03T12:32:59","slug":"03-de-marzo-de-2022","status":"publish","type":"post","link":"https:\/\/www.reportedeprensa.utalca.cl\/?p=3251","title":{"rendered":"03 de marzo de 2022"},"content":{"rendered":"\t\t<div data-elementor-type=\"wp-post\" data-elementor-id=\"3251\" class=\"elementor elementor-3251\" data-elementor-settings=\"[]\">\n\t\t\t\t\t\t\t<div class=\"elementor-section-wrap\">\n\t\t\t\t\t\t\t<section class=\"elementor-section elementor-top-section elementor-element elementor-element-17fae7ab elementor-section-boxed elementor-section-height-default elementor-section-height-default\" data-id=\"17fae7ab\" data-element_type=\"section\">\n\t\t\t\t\t\t<div class=\"elementor-container elementor-column-gap-default\">\n\t\t\t\t\t<div class=\"elementor-column elementor-col-100 elementor-top-column elementor-element elementor-element-60e202a0\" data-id=\"60e202a0\" data-element_type=\"column\">\n\t\t\t<div class=\"elementor-widget-wrap elementor-element-populated\">\n\t\t\t\t\t\t\t\t<div class=\"elementor-element elementor-element-387ad460 elementor-widget elementor-widget-text-editor\" data-id=\"387ad460\" data-element_type=\"widget\" data-widget_type=\"text-editor.default\">\n\t\t\t\t<div class=\"elementor-widget-container\">\n\t\t\t\t\t\t\t\t<p class=\"x_MsoNormal\"><strong>COOPERATIVA.CL\u00a0<\/strong><\/p><p class=\"x_MsoNormal\"><a href=\"https:\/\/www.cooperativa.cl\/noticias\/pais\/region-del-maule\/tras-dos-anos-de-clases-a-distancia-universidad-de-talca-dio-la\/2022-03-02\/130834.html\">Tras dos a\u00f1os de clases a distancia, Universidad de Talca dio la bienvenida a sus nuevos estudiantes. Se refieren \u00c1lvaro Rojas, rector de la UTalca y Paula\u00a0Caballero, vicerrectora de Desarrollo Estudiantil.\u00a0<\/a><\/p><p class=\"x_MsoNormal\">\u00a0<\/p><p class=\"x_MsoNormal\"><strong>CANAL CONTIVISI\u00d3N\u00a0<\/strong><\/p><p class=\"x_MsoNormal\"><a href=\"https:\/\/www.litoralpress.cl\/sitio\/RadioTV_Detalles.cshtml?LPKey=2L4IL3F33S26EM3UNPYKCPZ6XZSZULYIMF6AIZRLYNW62VLO56NA\">La Universidad de Talca dio la bienvenida a sus estudiantes novatos. Se refieren Paula Caballero, vicerrectora de Desarrollo Estudiantil, Mercedes Arenas, directora de Obstetricia y Puericultura y Claudio Cruzat, director de Medicina.\u00a0<\/a><\/p><p class=\"x_MsoNormal\">\u00a0\u00a0<\/p><p class=\"x_MsoNormal\"><strong>EMOL.COM\u00a0<\/strong><\/p><p class=\"x_MsoNormal\"><a href=\"https:\/\/www.emol.com\/noticias\/Nacional\/2022\/03\/03\/1048220\/dos-anos-primer-caso-covid.html\">A dos a\u00f1os del primer caso de covid-19 en Chile: Los aprendizajes y desaf\u00edos que ha dejado la pandemia. Se refiere Erika Retamal, directora del Departamento de Salud P\u00fablica. \u00a0<\/a><\/p><p class=\"x_MsoNormal\">\u00a0<\/p><p class=\"x_MsoNormal\"><strong>ELMOSTRADOR.CL\u00a0<\/strong><\/p><p class=\"x_MsoNormal\"><a href=\"https:\/\/www.elmostrador.cl\/agenda-pais\/2022\/03\/03\/retorno-a-clases-aconsejan-medidas-para-prevenir-obesidad-infantil-e-incentivar-las-colaciones-saludables\/\">Retorno a clases: aconsejan medidas para prevenir obesidad infantil e incentivar las colaciones saludables. Se refiere Emilia Giacaman, acad\u00e9mica de la Facultad de Ciencias de la Salud.\u00a0<\/a><\/p><p class=\"x_MsoNormal\">\u00a0<\/p><p class=\"x_MsoNormal\"><strong>TVMAULE.CL\u00a0<\/strong><\/p><p class=\"x_MsoNormal\"><a href=\"https:\/\/www.tvmaule.cl\/estudiantes-regresan-a-clases-con-mejores-competencias-digitales\/\">Estudiantes regresan a clases con mejores competencias digitales. Se refiere Cristi\u00e1n Rojas, decano de la Facultad de Ciencias de la Educaci\u00f3n.\u00a0<\/a><\/p><p class=\"x_MsoNormal\">\u00a0<\/p><p class=\"x_MsoNormal\"><strong>CENTROSURNOTICIAS.CL\u00a0<\/strong><\/p><p class=\"x_MsoNormal\"><a href=\"https:\/\/centrosurnoticias.cl\/experto-en-educacion-estudiantes-regresan-a-clases-con-mejores-competencias-digitales\/\">Experto en educaci\u00f3n: Estudiantes regresan a clases con mejores competencias digitales.\u00a0\u00a0Se refiere Cristi\u00e1n Rojas, decano de la Facultad de Ciencias de la Educaci\u00f3n.\u00a0<\/a><\/p><p class=\"x_MsoNormal\">\u00a0<\/p><p class=\"x_MsoNormal\"><strong>ATENTOS.CL\u00a0<\/strong><\/p><p class=\"x_MsoNormal\"><a href=\"https:\/\/www.atentos.cl\/experto-en-educacion-estudiantes-regresan-a-clases-con-mejores-competencias-digitales\/\">Experto en educaci\u00f3n: Estudiantes regresan a clases con mejores competencias digitales.\u00a0\u00a0Se refiere Cristi\u00e1n Rojas, decano de la Facultad de Ciencias de la Educaci\u00f3n.\u00a0<\/a><\/p><p class=\"x_MsoNormal\">\u00a0<\/p><p class=\"x_MsoNormal\"><strong>ELALFA.CL\u00a0<\/strong><\/p><p class=\"x_MsoNormal\"><a href=\"https:\/\/elalfa.cl\/index.php\/2022\/03\/02\/experto-en-educacion-estudiantes-regresan-a-clases-con-mejores-competencias-digitales\/\">Experto en educaci\u00f3n: Estudiantes regresan a clases con mejores competencias digitales. Se refiere Cristi\u00e1n Rojas, decano de la Facultad de Ciencias de la Educaci\u00f3n.\u00a0<\/a><\/p><p class=\"x_MsoNormal\">\u00a0<\/p><p class=\"x_MsoNormal\"><strong>ATENTOSCHILE.CL\u00a0<\/strong><\/p><p class=\"x_MsoNormal\"><a href=\"https:\/\/www.litoralpress.cl\/sitio\/RadioTV_Detalles.cshtml?LPKey=P3WPSREAGI4NEIRKVIXJ2YXOZWSEQ5FIC37YIAMYAUFS2NBWNCNQ\">Entrevista a Natalia Uribe, acad\u00e9mica de la Facultad de Psicolog\u00eda.\u00a0<\/a><\/p><p class=\"x_MsoNormal\">\u00a0<\/p><p class=\"x_MsoNormal\"><strong>RADIO MARISOL\u00a0<\/strong><\/p><p class=\"x_MsoNormal\"><a href=\"https:\/\/www.litoralpress.cl\/sitio\/RadioTV_Detalles.cshtml?LPKey=ELCTUKACPJJ5BCHKIEGVGVXAKJI4YCP3JUGYPZIE6GU446V52BBA\">Entrevista a Natalia Uribe, acad\u00e9mica de la Facultad de Psicolog\u00eda.\u00a0<\/a><\/p><p class=\"x_MsoNormal\">\u00a0<\/p><p class=\"x_MsoNormal\"><strong>RADIO MARISOL\u00a0<\/strong><\/p><p class=\"x_MsoNormal\"><a href=\"https:\/\/www.litoralpress.cl\/sitio\/RadioTV_Detalles.cshtml?LPKey=47EBDDFM5PEKO2XI3UXMONISUC7LYMHDY7WJ7BQ5TREXXDOYHNUQ\">Experto advierte posible inflaci\u00f3n por la guerra Rusia y Ucrania, mientras que psic\u00f3loga llama a dialogar con ni\u00f1os.\u00a0\u00a0Se refieren Hern\u00e1n D\u00edaz, acad\u00e9mico de la Facultad de Econom\u00eda y Negocios y Natalia Uribe, acad\u00e9mica de la Facultad de Psicolog\u00eda. \u00a0<\/a><\/p><p class=\"x_MsoNormal\">\u00a0<\/p><p class=\"x_MsoNormal\"><strong>ARTEPOPULAR.CL\u00a0<\/strong><\/p><p class=\"x_MsoNormal\"><a href=\"http:\/\/artepopular.cl\/2022\/03\/02\/vuelven-los-talleres-de-robotica-educativa-de-fundacion-mustakis\/\">\u00a1Vuelven los talleres de rob\u00f3tica educativa de Fundaci\u00f3n Mustakis! Se menciona a la UTalca.\u00a0<\/a><\/p><p class=\"x_MsoNormal\">\u00a0<\/p>\t\t\t\t\t\t<\/div>\n\t\t\t\t<\/div>\n\t\t\t\t\t<\/div>\n\t\t<\/div>\n\t\t\t\t\t\t\t<\/div>\n\t\t<\/section>\n\t\t\t\t\t\t<\/div>\n\t\t\t\t\t<\/div>\n\t\t","protected":false},"excerpt":{"rendered":"<p>COOPERATIVA.CL\u00a0 Tras dos a\u00f1os de clases a distancia, Universidad de Talca dio la bienvenida a sus nuevos estudiantes. Se refieren \u00c1lvaro Rojas, rector de la UTalca y Paula\u00a0Caballero, vicerrectora de Desarrollo Estudiantil.\u00a0 \u00a0 CANAL CONTIVISI\u00d3N\u00a0 La Universidad de Talca dio la bienvenida a sus estudiantes novatos. Se refieren Paula Caballero, vicerrectora de Desarrollo Estudiantil, Mercedes &hellip;<\/p>\n<p class=\"read-more\"> <a class=\"\" href=\"https:\/\/www.reportedeprensa.utalca.cl\/?p=3251\"> <span class=\"screen-reader-text\">03 de marzo de 2022<\/span> Read More &raquo;<\/a><\/p>\n","protected":false},"author":1,"featured_media":0,"comment_status":"closed","ping_status":"open","sticky":false,"template":"","format":"standard","meta":{"_monsterinsights_skip_tracking":false,"_monsterinsights_sitenote_active":false,"_monsterinsights_sitenote_note":"","_monsterinsights_sitenote_category":0},"categories":[19],"tags":[],"_links":{"self":[{"href":"https:\/\/www.reportedeprensa.utalca.cl\/index.php?rest_route=\/wp\/v2\/posts\/3251"}],"collection":[{"href":"https:\/\/www.reportedeprensa.utalca.cl\/index.php?rest_route=\/wp\/v2\/posts"}],"about":[{"href":"https:\/\/www.reportedeprensa.utalca.cl\/index.php?rest_route=\/wp\/v2\/types\/post"}],"author":[{"embeddable":true,"href":"https:\/\/www.reportedeprensa.utalca.cl\/index.php?rest_route=\/wp\/v2\/users\/1"}],"replies":[{"embeddable":true,"href":"https:\/\/www.reportedeprensa.utalca.cl\/index.php?rest_route=%2Fwp%2Fv2%2Fcomments&post=3251"}],"version-history":[{"count":4,"href":"https:\/\/www.reportedeprensa.utalca.cl\/index.php?rest_route=\/wp\/v2\/posts\/3251\/revisions"}],"predecessor-version":[{"id":3258,"href":"https:\/\/www.reportedeprensa.utalca.cl\/index.php?rest_route=\/wp\/v2\/posts\/3251\/revisions\/3258"}],"wp:attachment":[{"href":"https:\/\/www.reportedeprensa.utalca.cl\/index.php?rest_route=%2Fwp%2Fv2%2Fmedia&parent=3251"}],"wp:term":[{"taxonomy":"category","embeddable":true,"href":"https:\/\/www.reportedeprensa.utalca.cl\/index.php?rest_route=%2Fwp%2Fv2%2Fcategories&post=3251"},{"taxonomy":"post_tag","embeddable":true,"href":"https:\/\/www.reportedeprensa.utalca.cl\/index.php?rest_route=%2Fwp%2Fv2%2Ftags&post=3251"}],"curies":[{"name":"wp","href":"https:\/\/api.w.org\/{rel}","templated":true}]}}