{"id":3269,"date":"2022-03-04T09:26:56","date_gmt":"2022-03-04T12:26:56","guid":{"rendered":"https:\/\/www.reportedeprensa.utalca.cl\/?p=3269"},"modified":"2022-03-04T09:29:19","modified_gmt":"2022-03-04T12:29:19","slug":"04-de-marzo-de-2022","status":"publish","type":"post","link":"https:\/\/www.reportedeprensa.utalca.cl\/?p=3269","title":{"rendered":"04 de marzo de 2022"},"content":{"rendered":"\t\t<div data-elementor-type=\"wp-post\" data-elementor-id=\"3269\" class=\"elementor elementor-3269\" data-elementor-settings=\"[]\">\n\t\t\t\t\t\t\t<div class=\"elementor-section-wrap\">\n\t\t\t\t\t\t\t<section class=\"elementor-section elementor-top-section elementor-element elementor-element-17fae7ab elementor-section-boxed elementor-section-height-default elementor-section-height-default\" data-id=\"17fae7ab\" data-element_type=\"section\">\n\t\t\t\t\t\t<div class=\"elementor-container elementor-column-gap-default\">\n\t\t\t\t\t<div class=\"elementor-column elementor-col-100 elementor-top-column elementor-element elementor-element-60e202a0\" data-id=\"60e202a0\" data-element_type=\"column\">\n\t\t\t<div class=\"elementor-widget-wrap elementor-element-populated\">\n\t\t\t\t\t\t\t\t<div class=\"elementor-element elementor-element-387ad460 elementor-widget elementor-widget-text-editor\" data-id=\"387ad460\" data-element_type=\"widget\" data-widget_type=\"text-editor.default\">\n\t\t\t\t<div class=\"elementor-widget-container\">\n\t\t\t\t\t\t\t\t<p class=\"x_MsoNormal\"><strong>DIARIO LA PRENSA\u00a0<\/strong><\/p><p class=\"x_MsoNormal\"><a href=\"https:\/\/www.litoralpress.cl\/paginaconsultas\/Servicios_NClip\/Get_Imagen_Nota.aspx?LPKey=4FIYYBQSBLNPJ4NFTGKLIQAFPTH3J4EU4U7L2MTZA545AGYIDMFZOOI3RXRL72XAJGMF4RIR72GTM\">Universidad de Talca dio la bienvenida a estudiantes novatos que ingresaron a clases. Se refieren \u00c1lvaro Rojas, rector y Paula Caballero, vicerrectora de Desarrollo Estudiantil. \u00a0<\/a><\/p><p class=\"x_MsoNormal\">\u00a0<\/p><p class=\"x_MsoNormal\"><strong>CANAL CHILEVISI\u00d3N\u00a0<\/strong><\/p><p class=\"x_MsoNormal\"><a href=\"https:\/\/www.litoralpress.cl\/sitio\/RadioTV_Detalles.cshtml?LPKey=WFN5JPP6WYGRY3STSJM665F4ARYTWE4BRKFI7L5RKIQBEIJJNNBQ\">Registran furg\u00f3n escolar colapsado: Estaba repleto de ni\u00f1os. Se refiere Daniel Jim\u00e9nez, director de Salud del Estudiante de la UTalca.\u00a0<\/a><\/p><p class=\"x_MsoNormal\">\u00a0<\/p><p class=\"x_MsoNormal\"><strong>CANAL CNN \u00a0<\/strong><\/p><p class=\"x_MsoNormal\"><a href=\"https:\/\/www.litoralpress.cl\/sitio\/RadioTV_Detalles.cshtml?LPKey=7E7Q7NYSRUUFOQPXOL7NMA5DMGTKEFPFWDO4YKIE7ZYTUELOH6OQ\">Registran furg\u00f3n escolar colapsado: Estaba repleto de ni\u00f1os. Se refiere Daniel Jim\u00e9nez, director de Salud del Estudiante de la UTalca.\u00a0<\/a><\/p><p class=\"x_MsoNormal\">\u00a0<\/p><p class=\"x_MsoNormal\"><strong>24HORAS.CL\u00a0<\/strong><\/p><p class=\"x_MsoNormal\"><a href=\"https:\/\/www.litoralpress.cl\/sitio\/RadioTV_Detalles.cshtml?LPKey=W2GRTV3VXAK6FBWPE56Q5TEHSHSYCM2KYVCDQYFYIRRUAUO6YYJA\">Conmemoran dos a\u00f1os de la llegada del coronavirus. Se refiere Erika Retamal, directora del Departamento de Salud P\u00fablica de la UTalca.\u00a0<\/a><\/p><p class=\"x_MsoNormal\">\u00a0<\/p><p class=\"x_MsoNormal\"><strong>NOSTALGICA.CL\u00a0<\/strong><\/p><p class=\"x_MsoNormal\"><a href=\"https:\/\/www.nostalgica.cl\/a-dos-anos-del-primer-caso-de-covid-19-en-chile-los-aprendizajes-y-desafios-que-ha-dejado-la-pandemia\/\">A dos a\u00f1os del primer caso de covid-19 en Chile: Los aprendizajes y desaf\u00edos que ha dejado la pandemia. Se refiere Erika Retamal, directora del Departamento de Salud P\u00fablica.\u00a0<\/a><\/p><p class=\"x_MsoNormal\">\u00a0<\/p><p class=\"x_MsoNormal\"><strong>DIARIO LA PRENSA\u00a0<\/strong><\/p><p class=\"x_MsoNormal\"><a href=\"https:\/\/www.litoralpress.cl\/paginaconsultas\/Servicios_NClip\/Get_Imagen_Nota.aspx?LPKey=ZDTRPQ733SARSPIUUTMYZFTPUMDVTKLX6CNITCVARZIOWJ4EVNBABVSF4VG2ZCTREY6IFY5JHCWIG\">Experto en educaci\u00f3n: Estudiantes regresan a clases con mejores competencias digitales. Se refiere Cristi\u00e1n Rojas, decano de la Facultad de Ciencias de la Educaci\u00f3n.\u00a0<\/a><\/p><p class=\"x_MsoNormal\">\u00a0<\/p><p class=\"x_MsoNormal\"><strong>DIARIOLAPRENSA.CL\u00a0<\/strong><\/p><p class=\"x_MsoNormal\"><a href=\"https:\/\/new.diariolaprensa.cl\/index.php\/2022\/03\/03\/experto-en-educacion-estudiantes-regresan-a-clases-con-mejores-competencias-digitales\/\">Experto en educaci\u00f3n: Estudiantes regresan a clases con mejores competencias digitales. Se refiere Cristi\u00e1n Rojas, decano de la Facultad de Ciencias de la Educaci\u00f3n.\u00a0<\/a><\/p><p class=\"x_MsoNormal\">\u00a0<\/p><p class=\"x_MsoNormal\"><strong>SEPTIMAPAGINANOTICIAS.CL\u00a0<\/strong><\/p><p class=\"x_MsoNormal\"><a href=\"https:\/\/www.septimapaginanoticias.cl\/estudiantes-regresan-a-clases-con-mejores-competencias-digitales\">Estudiantes regresan a clases con mejores competencias digitales. Se refiere Cristi\u00e1n Rojas, decano de la Facultad de Ciencias de la Educaci\u00f3n. \u00a0<\/a><\/p><p class=\"x_MsoNormal\">\u00a0<\/p><p class=\"x_MsoNormal\"><strong>ELMAULEINFORMA.CL\u00a0<\/strong><\/p><p class=\"x_MsoNormal\"><a href=\"https:\/\/elmauleinforma.cl\/experto-en-educacion-estudiantes-regresan-a-clases-con-mejores-competencias-digitales\/\">Experto en educaci\u00f3n: Estudiantes regresan a clases con mejores competencias digitales. Se refiere Cristi\u00e1n Rojas, decano de la Facultad de Ciencias de la Educaci\u00f3n.\u00a0<\/a><\/p><p class=\"x_MsoNormal\">\u00a0<\/p><p class=\"x_MsoNormal\"><strong>PORTALDELCAMPO.CL\u00a0<\/strong><\/p><p class=\"x_MsoNormal\"><a href=\"https:\/\/portaldelcampo.cl\/Noticias\/86741_Innovador-universitario-chileno-busca-elaborar-fermentado-de-cerezas-.html\">Innovador universitario chileno busca elaborar fermentado de cerezas. Se refiere Hermine Vogel, decana de la Facultad de Ciencias Agrarias.\u00a0<\/a><\/p><p class=\"x_MsoNormal\">\u00a0<\/p><p class=\"x_MsoNormal\"><strong>ELQUINTOPODER.CL\u00a0<\/strong><\/p><p class=\"x_MsoNormal\"><a href=\"https:\/\/www.elquintopoder.cl\/videoblog\/unpaisqueopina\/el-sistema-alimentario-chileno-fin-de-un-ciclo-y-nuevos-desafios\/\">El sistema alimentario chileno: fin de un ciclo y nuevos desaf\u00edos. Se refiere Michel Leporati, director de Transferencia Tecnol\u00f3gica.\u00a0<\/a><\/p><p class=\"x_MsoNormal\">\u00a0<\/p><p class=\"x_MsoNormal\"><strong>ROMANTICA.CL\u00a0<\/strong><\/p><p class=\"x_MsoNormal\"><a href=\"https:\/\/www.romantica.cl\/noticias\/2022\/03\/02\/mujeres-cientificas-bioinformatica.html\">Un \u00e1rea desconocida hasta ahora: Dos mujeres chilenas que trabajan en bioinform\u00e1tica. Se menciona a Wendy Gonz\u00e1lez, acad\u00e9mica de la Facultad de Ingenier\u00eda. \u00a0<\/a><\/p><p class=\"x_MsoNormal\" aria-hidden=\"true\">\u00a0<\/p><p class=\"x_MsoNormal\"><strong>ATENTOSCHILE.CL\u00a0<\/strong><\/p><p class=\"x_MsoNormal\"><a href=\"https:\/\/www.litoralpress.cl\/sitio\/RadioTV_Detalles.cshtml?LPKey=7ET5CBUBNDKZ7BC3XLT5JMQORATS4ZFPA6LSSOU5LN3RPG2SUAIQ\">Experto advierte posible inflaci\u00f3n por la guerra Rusia y Ucrania, mientras que psic\u00f3loga llama a dialogar con ni\u00f1os. Se refieren Hern\u00e1n D\u00edaz, acad\u00e9mico de la Facultad de Econom\u00eda y Negocios y Natalia Uribe, acad\u00e9mica de la Facultad de Psicolog\u00eda. \u00a0<\/a><\/p><p class=\"x_MsoNormal\" aria-hidden=\"true\">\u00a0<\/p><p class=\"x_MsoNormal\"><strong>CANAL 13\u00a0<\/strong><\/p><p class=\"x_MsoNormal\"><a href=\"https:\/\/www.litoralpress.cl\/sitio\/RadioTV_Detalles.cshtml?LPKey=UEH5PLP5KAGMTXWQGDVXPTK6RG6SY7ZCFTKLJHATEKK3YYXYAOOQ\">Mesa de an\u00e1lisis sobre la actualidad pol\u00edtica. Se refiere Mauricio Morales, director del Centro de An\u00e1lisis Pol\u00edtico (CAP).\u00a0<\/a><\/p><p class=\"x_MsoNormal\">\u00a0<\/p><p class=\"x_MsoNormal\"><strong>RADIO INFINITA\u00a0<\/strong><\/p><p class=\"x_MsoNormal\"><a href=\"https:\/\/www.litoralpress.cl\/sitio\/RadioTV_Detalles.cshtml?LPKey=SXJNJHCLAUEL4RGN7AOI7PCOUB3JEHL3IPHNVO3GHV754BWZ6CIA\">Entrevista a Mauricio Morales, director del Centro de An\u00e1lisis Pol\u00edtico (CAP).\u00a0<\/a><\/p><p class=\"x_MsoNormal\">\u00a0<\/p><p class=\"x_MsoNormal\"><strong>ELDIARIODESANTIAGO.CL\u00a0<\/strong><\/p><p class=\"x_MsoNormal\"><a href=\"https:\/\/eldiariodesantiago.cl\/archivo\/107460\">12 \u201cbalas de plata\u201d: c\u00f3mo podr\u00eda usar Boric las designaciones a dedo en la Alta Direcci\u00f3n P\u00fablica. Se refiere Mauricio Morales, director del Centro de An\u00e1lisis Pol\u00edtico (CAP).\u00a0<\/a><\/p><p class=\"x_MsoNormal\" aria-hidden=\"true\">\u00a0<\/p><p class=\"x_MsoNormal\"><strong>ELLIBERO.CL\u00a0<\/strong><\/p><p class=\"x_MsoNormal\"><a href=\"https:\/\/ellibero.cl\/actualidad\/12-balas-de-plata-como-podria-usar-boric-las-designaciones-a-dedo-en-la-alta-direccion-publica\/\">12 \u201cbalas de plata\u201d: c\u00f3mo podr\u00eda usar Boric las designaciones a dedo en la Alta Direcci\u00f3n P\u00fablica. Se refiere Mauricio Morales, director del Centro de An\u00e1lisis Pol\u00edtico (CAP).\u00a0<\/a><\/p><p class=\"x_MsoNormal\" aria-hidden=\"true\">\u00a0<\/p><p class=\"x_MsoNormal\"><strong>LA DISCUSI\u00d3N\u00a0<\/strong><\/p><p class=\"x_MsoNormal\"><a href=\"https:\/\/www.litoralpress.cl\/paginaconsultas\/Servicios_NClip\/Get_Imagen_Nota.aspx?LPKey=BUW6AL5STFMPEUPV3AP4AN6NA3BBK36FQHKXBE3DMK3OPSRF6YD7THNQ3QIUQSMPUQWSNHCMISCDU\">Museo Arrau busca relevar a autores chilenos gracias a Investigaci\u00f3n. Se menciona al Centro de Documentaci\u00f3n Patrimonial.\u00a0<\/a><\/p><p class=\"x_MsoNormal\">\u00a0<\/p><p class=\"x_MsoNormal\"><strong>LADISCUSION.CL\u00a0<\/strong><\/p><p class=\"x_MsoNormal\"><a href=\"https:\/\/www.ladiscusion.cl\/museo-arrau-busca-relevar-a-autores-chilenos-gracias-a-investigacion\/\">Museo Arrau busca relevar a autores chilenos gracias a investigaci\u00f3n. Se menciona al Centro de Documentaci\u00f3n Patrimonial. \u00a0<\/a><\/p><p class=\"x_MsoNormal\">\u00a0<\/p>\t\t\t\t\t\t<\/div>\n\t\t\t\t<\/div>\n\t\t\t\t\t<\/div>\n\t\t<\/div>\n\t\t\t\t\t\t\t<\/div>\n\t\t<\/section>\n\t\t\t\t\t\t<\/div>\n\t\t\t\t\t<\/div>\n\t\t","protected":false},"excerpt":{"rendered":"<p>DIARIO LA PRENSA\u00a0 Universidad de Talca dio la bienvenida a estudiantes novatos que ingresaron a clases. Se refieren \u00c1lvaro Rojas, rector y Paula Caballero, vicerrectora de Desarrollo Estudiantil. \u00a0 \u00a0 CANAL CHILEVISI\u00d3N\u00a0 Registran furg\u00f3n escolar colapsado: Estaba repleto de ni\u00f1os. Se refiere Daniel Jim\u00e9nez, director de Salud del Estudiante de la UTalca.\u00a0 \u00a0 CANAL CNN &hellip;<\/p>\n<p class=\"read-more\"> <a class=\"\" href=\"https:\/\/www.reportedeprensa.utalca.cl\/?p=3269\"> <span class=\"screen-reader-text\">04 de marzo de 2022<\/span> Read More &raquo;<\/a><\/p>\n","protected":false},"author":1,"featured_media":0,"comment_status":"closed","ping_status":"open","sticky":false,"template":"","format":"standard","meta":{"_monsterinsights_skip_tracking":false,"_monsterinsights_sitenote_active":false,"_monsterinsights_sitenote_note":"","_monsterinsights_sitenote_category":0},"categories":[19],"tags":[],"_links":{"self":[{"href":"https:\/\/www.reportedeprensa.utalca.cl\/index.php?rest_route=\/wp\/v2\/posts\/3269"}],"collection":[{"href":"https:\/\/www.reportedeprensa.utalca.cl\/index.php?rest_route=\/wp\/v2\/posts"}],"about":[{"href":"https:\/\/www.reportedeprensa.utalca.cl\/index.php?rest_route=\/wp\/v2\/types\/post"}],"author":[{"embeddable":true,"href":"https:\/\/www.reportedeprensa.utalca.cl\/index.php?rest_route=\/wp\/v2\/users\/1"}],"replies":[{"embeddable":true,"href":"https:\/\/www.reportedeprensa.utalca.cl\/index.php?rest_route=%2Fwp%2Fv2%2Fcomments&post=3269"}],"version-history":[{"count":4,"href":"https:\/\/www.reportedeprensa.utalca.cl\/index.php?rest_route=\/wp\/v2\/posts\/3269\/revisions"}],"predecessor-version":[{"id":3273,"href":"https:\/\/www.reportedeprensa.utalca.cl\/index.php?rest_route=\/wp\/v2\/posts\/3269\/revisions\/3273"}],"wp:attachment":[{"href":"https:\/\/www.reportedeprensa.utalca.cl\/index.php?rest_route=%2Fwp%2Fv2%2Fmedia&parent=3269"}],"wp:term":[{"taxonomy":"category","embeddable":true,"href":"https:\/\/www.reportedeprensa.utalca.cl\/index.php?rest_route=%2Fwp%2Fv2%2Fcategories&post=3269"},{"taxonomy":"post_tag","embeddable":true,"href":"https:\/\/www.reportedeprensa.utalca.cl\/index.php?rest_route=%2Fwp%2Fv2%2Ftags&post=3269"}],"curies":[{"name":"wp","href":"https:\/\/api.w.org\/{rel}","templated":true}]}}