{"id":3281,"date":"2022-03-07T09:37:45","date_gmt":"2022-03-07T12:37:45","guid":{"rendered":"https:\/\/www.reportedeprensa.utalca.cl\/?p=3281"},"modified":"2022-03-07T09:41:41","modified_gmt":"2022-03-07T12:41:41","slug":"07-de-marzo-de-2022","status":"publish","type":"post","link":"https:\/\/www.reportedeprensa.utalca.cl\/?p=3281","title":{"rendered":"07 de marzo de 2022"},"content":{"rendered":"\t\t<div data-elementor-type=\"wp-post\" data-elementor-id=\"3281\" class=\"elementor elementor-3281\" data-elementor-settings=\"[]\">\n\t\t\t\t\t\t\t<div class=\"elementor-section-wrap\">\n\t\t\t\t\t\t\t<section class=\"elementor-section elementor-top-section elementor-element elementor-element-17fae7ab elementor-section-boxed elementor-section-height-default elementor-section-height-default\" data-id=\"17fae7ab\" data-element_type=\"section\">\n\t\t\t\t\t\t<div class=\"elementor-container elementor-column-gap-default\">\n\t\t\t\t\t<div class=\"elementor-column elementor-col-100 elementor-top-column elementor-element elementor-element-60e202a0\" data-id=\"60e202a0\" data-element_type=\"column\">\n\t\t\t<div class=\"elementor-widget-wrap elementor-element-populated\">\n\t\t\t\t\t\t\t\t<div class=\"elementor-element elementor-element-387ad460 elementor-widget elementor-widget-text-editor\" data-id=\"387ad460\" data-element_type=\"widget\" data-widget_type=\"text-editor.default\">\n\t\t\t\t<div class=\"elementor-widget-container\">\n\t\t\t\t\t\t\t\t<p class=\"x_MsoNormal\"><strong>DIARIOTALCA.CL\u00a0<\/strong><\/p><p class=\"x_MsoNormal\"><a href=\"https:\/\/diariotalca.cl\/novatos-utalca-pasaron-la-prueba-con-la-vuelta-a-clases-presenciales\/\">Novatos UTalca pasaron la prueba con la vuelta a clases presenciales.\u00a0Se refieren \u00c1lvaro Rojas, rector y Paula Caballero, vicerrectora de Desarrollo Estudiantil.\u00a0<\/a><\/p><p class=\"x_MsoNormal\">\u00a0<\/p><p class=\"x_MsoNormal\"><strong>DIARIO EL LECTOR\u00a0<\/strong><\/p><p class=\"x_MsoNormal\"><a href=\"https:\/\/www.litoralpress.cl\/paginaconsultas\/Servicios_NClip\/Get_Imagen_Nota.aspx?LPKey=KSNARJ2NQKSAMRKZY25HNYWIXQEIKEHCVFHZKUM5FNHJTO5USAD7TAWRL245VIFQQ2C5JS5X5Y6FM\">Universidad de Talca dio la bienvenida a estudiantes novatos. Se refieren \u00c1lvaro Rojas, rector y Paula Caballero, vicerrectora de Desarrollo Estudiantil.\u00a0<\/a><\/p><p class=\"x_MsoNormal\">\u00a0<\/p><p class=\"x_MsoNormal\"><strong>RADIO COOPERATIVA\u00a0<\/strong><\/p><p class=\"x_MsoNormal\"><a href=\"https:\/\/www.litoralpress.cl\/sitio\/RadioTV_Detalles.cshtml?LPKey=RDOQV7REIJ2MCSRB4C4D6SYWEV3LAX6JXUHYDSIWNYRWYYOTIW7Q\">19 mil 353 casos nuevos de COVID-19 se registran durante la \u00faltima jornada en todo Chile.\u00a0Se refiere \u00c9rika Retamal, directora del departamento de Salud P\u00fablica.\u00a0<\/a><\/p><p class=\"x_MsoNormal\">\u00a0<\/p><p class=\"x_MsoNormal\"><strong>RADIO COOPERATIVA\u00a0<\/strong><\/p><p class=\"x_MsoNormal\"><a href=\"https:\/\/www.litoralpress.cl\/sitio\/RadioTV_Detalles.cshtml?LPKey=QSSSQPPC43SOKA3UKHDJSXHSTPBB5YDVBPKS7PVAN3UUFMTA743Q\">Se reportaron 23.132 casos nuevos de Covid19 y 126 fallecidos. Se refiere \u00c9rika Retamal, directora del departamento de Salud P\u00fablica.\u00a0<\/a><\/p><p class=\"x_MsoNormal\">\u00a0<\/p><p class=\"x_MsoNormal\"><strong>CANAL TVN RED MAULE\u00a0<\/strong><\/p><p class=\"x_MsoNormal\"><a href=\"https:\/\/www.litoralpress.cl\/sitio\/RadioTV_Detalles.cshtml?LPKey=WSTK6XX2NCQ2Q4VKLSTF6V2VL4344EQ4PGXMQ4KMMJ4OH4Q2QZ3A\">Se conmemoraron dos a\u00f1os del primer caso de coronavirus en Chile. Se refiere \u00c9rika Retamal, directora del departamento de Salud P\u00fablica.\u00a0<\/a><\/p><p class=\"x_MsoNormal\">\u00a0<\/p><p class=\"x_MsoNormal\"><strong>ATENTOSCHILE.CL\u00a0<\/strong><\/p><p class=\"x_MsoNormal\"><a href=\"https:\/\/www.litoralpress.cl\/sitio\/RadioTV_Detalles.cshtml?LPKey=OOPVSOXY3UMTHIT4XSSNJEY3CC2IUSI2VWX3NBOOJ3NHBGHXEJWQ\">Entrevista a \u00c9rika Retamal, directora del Departamento de Salud P\u00fablica.\u00a0<\/a><\/p><p class=\"x_MsoNormal\">\u00a0<\/p><p class=\"x_MsoNormal\"><strong>CANAL VTV TELEVISI\u00d3N\u00a0<\/strong><\/p><p class=\"x_MsoNormal\"><a href=\"https:\/\/www.litoralpress.cl\/sitio\/RadioTV_Detalles.cshtml?LPKey=HBE3QG4TNQTJ6TUUBZFWUF7362ZDRBLIPAOQM5W7CUM22U2XSC6A\">Entrevista a Marcelo Alarc\u00f3n, acad\u00e9mico de la Escuela de Tecnolog\u00eda M\u00e9dica.\u00a0<\/a><\/p><p class=\"x_MsoNormal\" aria-hidden=\"true\">\u00a0<\/p><p class=\"x_MsoNormal\"><strong>CANAL TVR \u00a0<\/strong><\/p><p class=\"x_MsoNormal\"><a href=\"https:\/\/www.litoralpress.cl\/sitio\/RadioTV_Detalles.cshtml?LPKey=3Q4NXNV4BMGV7G3WXTU5ZYYGHSDTZBJRBUJODMGS535B5HY3QLAQ\">Entrevista a Marcelo Alarc\u00f3n, acad\u00e9mico de la Escuela de Tecnolog\u00eda M\u00e9dica.\u00a0<\/a><\/p><p class=\"x_MsoNormal\" aria-hidden=\"true\">\u00a0<\/p><p class=\"x_MsoNormal\"><strong>DIARIO LA PRENSA\u00a0<\/strong><\/p><p class=\"x_MsoNormal\"><a href=\"https:\/\/www.litoralpress.cl\/paginaconsultas\/Servicios_NClip\/Get_Imagen_Nota.aspx?LPKey=FLET5NFOI73QL2XWCG42DNQIE267X74COH6QXKQWQXK7V5IHUTH2XKBK2N53M2MYWTKHKS66AEU3G\">Entrevista a \u00c9rika Retamal, directora del Departamento de Salud P\u00fablica.\u00a0<\/a><\/p><p class=\"x_MsoNormal\" aria-hidden=\"true\">\u00a0<\/p><p class=\"x_MsoNormal\"><strong>DIARIO CHA\u00d1ARCILLO\u00a0<\/strong><\/p><p class=\"x_MsoNormal\"><a href=\"https:\/\/www.litoralpress.cl\/paginaconsultas\/Servicios_NClip\/Get_Imagen_Nota.aspx?LPKey=RMJPH7NG6FVAJIUJ4J6XDHINNGMNEHUVEJRJNCKJRTI4C5GXCNOYINFQMERK3ILOGR6TOSSYDT2PC\">Covid en Chile: Minsal inform\u00f3 23.132 casos nuevos y un leve aumento en la positividad. Se refiere \u00c9rika Retamal, directora del Departamento de Salud P\u00fablica.\u00a0<\/a><\/p><p class=\"x_MsoNormal\">\u00a0<\/p><p class=\"x_MsoNormal\"><strong>PUBLIMETRO\u00a0<\/strong><\/p><p class=\"x_MsoNormal\"><a href=\"https:\/\/www.litoralpress.cl\/paginaconsultas\/Servicios_NClip\/Get_Imagen_Nota.aspx?LPKey=6VMFHBAKBHWE6B6CV7UUJDQ6SL2FIOYFLS6GUWQCRAY32EZHWG25M2N3XS7VYWHXYAYH47FT7OREA\">Noticias falsas no opacan victoria de Kiev en la guerra comunicacional. Se refiere Alejandra M\u00e1rquez, acad\u00e9mica del Centro de An\u00e1lisis Pol\u00edtico (CAP).\u00a0<\/a><\/p><p class=\"x_MsoNormal\">\u00a0<\/p><p class=\"x_MsoNormal\"><strong>LATERCERA.COM\u00a0<\/strong><\/p><p class=\"x_MsoNormal\"><a href=\"https:\/\/www.latercera.com\/practico\/noticia\/dia-mundial-de-la-eficiencia-energetica-como-hacer-que-tu-hogar-consuma-menos-y-rinda-mas\/H7BRSLRU3BEDXNNXBTRXXBNL24\/\">D\u00eda Mundial de la Eficiencia Energ\u00e9tica: c\u00f3mo hacer que tu hogar consuma menos y rinda m\u00e1s. Se refieren Mar\u00eda Luisa del Campos, directora del Centro Tecnol\u00f3gico Kipus y Carlos Torres, acad\u00e9mico de la Facultad de Ingenier\u00eda.\u00a0<\/a><\/p><p class=\"x_MsoNormal\">\u00a0<\/p><p class=\"x_MsoNormal\"><strong>MSN.COM\u00a0<\/strong><\/p><p class=\"x_MsoNormal\"><a href=\"https:\/\/www.msn.com\/es-cl\/noticias\/otras\/d%C3%ADa-mundial-de-la-eficiencia-energ%C3%A9tica-c%C3%B3mo-hacer-que-tu-hogar-consuma-menos-y-rinda-m%C3%A1s\/ar-AAUCFqv\">D\u00eda Mundial de la Eficiencia Energ\u00e9tica: c\u00f3mo hacer que tu hogar consuma menos y rinda m\u00e1s. Se refieren Mar\u00eda Luisa del Campos, directora del Centro Tecnol\u00f3gico Kipus y Carlos Torres, acad\u00e9mico de la Facultad de Ingenier\u00eda.\u00a0<\/a><\/p><p class=\"x_MsoNormal\">\u00a0<\/p><p class=\"x_MsoNormal\"><strong>ELMAULEINFORMA.CL\u00a0<\/strong><\/p><p class=\"x_MsoNormal\"><a href=\"https:\/\/elmauleinforma.cl\/eficiencia-energetica-se-puede-ahorrar-hasta-un-30-en-cuentas-mensuales\/\">Eficiencia energ\u00e9tica: se puede ahorrar hasta un 30% en cuentas mensuales. Se refiere Mar\u00eda Luisa del Campo, directora del Centro Tecnol\u00f3gico Kipus.\u00a0<\/a><\/p><p class=\"x_MsoNormal\">\u00a0<\/p><p class=\"x_MsoNormal\"><strong>BIOBIOCHILE.CL\u00a0<\/strong><\/p><p class=\"x_MsoNormal\"><a href=\"https:\/\/www.biobiochile.cl\/noticias\/salud-y-bienestar\/mente\/2022\/03\/04\/invasion-rusa-a-ucrania-que-tanto-afecta-a-la-salud-mental-la-alta-exposicion-a-imagenes.shtml\">Invasi\u00f3n rusa a Ucrania: \u00bfQu\u00e9 tanto afecta a la salud mental la alta exposici\u00f3n a im\u00e1genes? Se refiere Natalia Uribe, acad\u00e9mica Facultad de Psicolog\u00eda.\u00a0<\/a><\/p><p class=\"x_MsoNormal\">\u00a0<\/p><p class=\"x_MsoNormal\"><strong>DIARIOTALCA.CL\u00a0<\/strong><\/p><p class=\"x_MsoNormal\"><a href=\"https:\/\/diariotalca.cl\/psicologa-advierte-efectos-negativos-en-la-sobrexposicion-a-la-imagenes-violentas-de-la-guerra\/\">Psic\u00f3loga advierte efectos negativos en la sobrexposici\u00f3n a las im\u00e1genes violentas de la guerra. Se refiere Natalia Uribe, acad\u00e9mica Facultad de Psicolog\u00eda.\u00a0<\/a><\/p><p class=\"x_MsoNormal\">\u00a0<\/p><p class=\"x_MsoNormal\"><strong>ATENTOS.CL\u00a0<\/strong><\/p><p class=\"x_MsoNormal\"><a href=\"https:\/\/www.atentos.cl\/psicologa-advierte-hay-efectos-negativos-en-la-excesiva-exposicion-a-imagenes-violentas-de-la-guerra\/\">Psic\u00f3loga advierte: Hay efectos negativos en la excesiva exposici\u00f3n a im\u00e1genes violentas de la guerra. Se refiere Natalia Uribe, acad\u00e9mica de la Facultad de Psicolog\u00eda. \u00a0<\/a><\/p><p class=\"x_MsoNormal\">\u00a0<\/p><p class=\"x_MsoNormal\"><strong>TVMAULE.CL\u00a0<\/strong><\/p><p class=\"x_MsoNormal\"><a href=\"https:\/\/www.tvmaule.cl\/excesiva-exposicion-a-imagenes-violentas-de-la-guerra-podria-generar-efectos-negativos\/\">Excesiva exposici\u00f3n a im\u00e1genes violentas de la guerra podr\u00eda generar efectos negativos. Se refiere Natalia Uribe, acad\u00e9mica de la Facultad de Psicolog\u00eda.\u00a0<\/a><\/p><p class=\"x_MsoNormal\">\u00a0<\/p><p class=\"x_MsoNormal\"><strong>RADIO COOPERATIVA\u00a0<\/strong><\/p><p class=\"x_MsoNormal\"><a href=\"https:\/\/www.litoralpress.cl\/sitio\/RadioTV_Detalles.cshtml?LPKey=PYGM2TA4AYPYQGNG64WKUPQS7FIX7S4GM4QWQAZWKFXMVYTC3OUQ\">Entrevista a Hern\u00e1n D\u00edaz, acad\u00e9mico de la Facultad de Econom\u00eda y Negocios (FEN).\u00a0<\/a><\/p><p class=\"x_MsoNormal\">\u00a0<\/p><p class=\"x_MsoNormal\"><strong>DIARIOTALCA.CL\u00a0<\/strong><\/p><p class=\"x_MsoNormal\"><a href=\"https:\/\/diariotalca.cl\/economista-advierte-complejo-escenario-inflacionario-de-extenderse-el-conflicto-entre-rusia-y-ucrania\/\">Economista advierte complejo escenario inflacionario de extenderse el conflicto entre Rusia y Ucrania. Se refiere Gabriel Pino, acad\u00e9mico de la Facultad de Econom\u00eda y Negocios. \u00a0<\/a><\/p><p class=\"x_MsoNormal\">\u00a0<\/p><p class=\"x_MsoNormal\"><strong>ELMAULEINFORMA.CL\u00a0<\/strong><\/p><p class=\"x_MsoNormal\"><a href=\"https:\/\/elmauleinforma.cl\/economista-utalca-el-panorama-inflacionario-en-el-pais-sera-complejo-de-extenderse-este-conflicto-armado\/\">Economista UTalca: \u201cEl panorama inflacionario en el pa\u00eds ser\u00e1 complejo de extenderse este conflicto armado\u201d. Se refiere Gabriel Pino, acad\u00e9mico de la Facultad de Econom\u00eda y Negocios.\u00a0<\/a><\/p><p class=\"x_MsoNormal\">\u00a0<\/p><p class=\"x_MsoNormal\"><strong>LA TERCERA\u00a0<\/strong><\/p><p class=\"x_MsoNormal\"><a href=\"https:\/\/www.litoralpress.cl\/paginaconsultas\/Servicios_NClip\/Get_Imagen_Nota.aspx?LPKey=K6ZI4AMML2G2JFBTN64XXO2KLNMZLQ3FUYN2WJPFFVQUUPPZKM6YB5G4AWUX2SE5PUPPBSYR7FR7O\">\u00bfCu\u00e1l es el balance del segundo gobierno de Sebasti\u00e1n Pi\u00f1era? Se refiere Mauricio Morales, director del Centro de An\u00e1lisis Pol\u00edtico (CAP).\u00a0<\/a><\/p><p class=\"x_MsoNormal\">\u00a0<\/p><p class=\"x_MsoNormal\"><strong>LATERCERA.COM\u00a0<\/strong><\/p><p class=\"x_MsoNormal\"><a href=\"https:\/\/www.latercera.com\/opinion\/noticia\/pinera-y-la-triple-crisis\/WRWNNSXDPRHPHD3JEHKMIQUPB4\/\">Pi\u00f1era y la triple crisis. Se refiere Mauricio Morales, director del Centro de An\u00e1lisis Pol\u00edtico (CAP).\u00a0<\/a><\/p><p class=\"x_MsoNormal\">\u00a0<\/p><p class=\"x_MsoNormal\"><strong>DIARIO EL HERALDO\u00a0<\/strong><\/p><p class=\"x_MsoNormal\"><a href=\"https:\/\/www.litoralpress.cl\/paginaconsultas\/Servicios_NClip\/Get_Imagen_Nota.aspx?LPKey=65MAUKHSSWHYF65JROTYSEC4CG2ZSUXLLEZ4U4RFC6XJAZYXCLHHWEDOLNI7ACEKCLZKH52ZMH3L4\">Sergio Monje Solar. Ha partido un artista de genial maestr\u00eda. Se menciona a la UTalca.\u00a0<\/a><\/p><p class=\"x_MsoNormal\">\u00a0<\/p><p class=\"x_MsoNormal\"><strong>DIARIOELHERALDO.CL\u00a0<\/strong><\/p><p class=\"x_MsoNormal\"><a href=\"http:\/\/www.diarioelheraldo.cl\/noticia\/sergio-monje-solar-ha-partido-un-artista-de-genial-maestria-\">Sergio Monje Solar. Ha partido un artista de genial maestr\u00eda. Se menciona a la UTalca.\u00a0<\/a><\/p><p class=\"x_MsoNormal\" aria-hidden=\"true\">\u00a0<\/p><p class=\"x_MsoNormal\"><strong>DIARIOELPULSO.CL\u00a0<\/strong><\/p><p class=\"x_MsoNormal\"><a href=\"https:\/\/www.diarioelpulso.cl\/2022\/03\/04\/nuevos-abogados-prestan-juramento-desde-la-corte-de-rancagua-3\/\">Nuevos abogados prestan juramento desde la Corte de Rancagua. Se menciona a la UTalca.\u00a0<\/a><\/p><p class=\"x_MsoNormal\">\u00a0<\/p><p class=\"x_MsoNormal\"><strong>ELTIPOGRAFO.CL\u00a0<\/strong><\/p><p class=\"x_MsoNormal\"><a href=\"https:\/\/eltipografo.cl\/2022\/03\/nuevos-abogados-prestan-juramento-en-la-corte-de-rancagua\">Nuevos abogados prestan juramento en la Corte de Rancagua. Se menciona a la UTalca.\u00a0<\/a><\/p><p class=\"x_MsoNormal\" aria-hidden=\"true\">\u00a0<\/p><p class=\"x_MsoNormal\"><strong>ELRANCAGUINO.CL\u00a0<\/strong><\/p><p class=\"x_MsoNormal\"><a href=\"https:\/\/www.elrancaguino.cl\/2022\/03\/04\/nuevos-abogados-prestan-juramento-desde-la-corte-de-apelaciones-de-rancagua-3\/\">Nuevos abogados prestan juramento desde la Corte de Rancagua. Se menciona a la UTalca.\u00a0<\/a><\/p><p class=\"x_MsoNormal\" aria-hidden=\"true\">\u00a0<\/p><p class=\"x_MsoNormal\"><strong>LASEXTA.CL\u00a0<\/strong><\/p><p class=\"x_MsoNormal\"><a href=\"http:\/\/www.lasexta.cl\/nuevos-abogados-prestan-juramento-desde-la-corte-de-rancagua\/\">Nuevos abogados prestan juramento desde la Corte de Rancagua. Se menciona a la UTalca.\u00a0<\/a><\/p>\t\t\t\t\t\t<\/div>\n\t\t\t\t<\/div>\n\t\t\t\t\t<\/div>\n\t\t<\/div>\n\t\t\t\t\t\t\t<\/div>\n\t\t<\/section>\n\t\t\t\t\t\t<\/div>\n\t\t\t\t\t<\/div>\n\t\t","protected":false},"excerpt":{"rendered":"<p>DIARIOTALCA.CL\u00a0 Novatos UTalca pasaron la prueba con la vuelta a clases presenciales.\u00a0Se refieren \u00c1lvaro Rojas, rector y Paula Caballero, vicerrectora de Desarrollo Estudiantil.\u00a0 \u00a0 DIARIO EL LECTOR\u00a0 Universidad de Talca dio la bienvenida a estudiantes novatos. Se refieren \u00c1lvaro Rojas, rector y Paula Caballero, vicerrectora de Desarrollo Estudiantil.\u00a0 \u00a0 RADIO COOPERATIVA\u00a0 19 mil 353 casos &hellip;<\/p>\n<p class=\"read-more\"> <a class=\"\" href=\"https:\/\/www.reportedeprensa.utalca.cl\/?p=3281\"> <span class=\"screen-reader-text\">07 de marzo de 2022<\/span> Read More &raquo;<\/a><\/p>\n","protected":false},"author":1,"featured_media":0,"comment_status":"closed","ping_status":"open","sticky":false,"template":"","format":"standard","meta":{"_monsterinsights_skip_tracking":false,"_monsterinsights_sitenote_active":false,"_monsterinsights_sitenote_note":"","_monsterinsights_sitenote_category":0},"categories":[19],"tags":[],"_links":{"self":[{"href":"https:\/\/www.reportedeprensa.utalca.cl\/index.php?rest_route=\/wp\/v2\/posts\/3281"}],"collection":[{"href":"https:\/\/www.reportedeprensa.utalca.cl\/index.php?rest_route=\/wp\/v2\/posts"}],"about":[{"href":"https:\/\/www.reportedeprensa.utalca.cl\/index.php?rest_route=\/wp\/v2\/types\/post"}],"author":[{"embeddable":true,"href":"https:\/\/www.reportedeprensa.utalca.cl\/index.php?rest_route=\/wp\/v2\/users\/1"}],"replies":[{"embeddable":true,"href":"https:\/\/www.reportedeprensa.utalca.cl\/index.php?rest_route=%2Fwp%2Fv2%2Fcomments&post=3281"}],"version-history":[{"count":4,"href":"https:\/\/www.reportedeprensa.utalca.cl\/index.php?rest_route=\/wp\/v2\/posts\/3281\/revisions"}],"predecessor-version":[{"id":3286,"href":"https:\/\/www.reportedeprensa.utalca.cl\/index.php?rest_route=\/wp\/v2\/posts\/3281\/revisions\/3286"}],"wp:attachment":[{"href":"https:\/\/www.reportedeprensa.utalca.cl\/index.php?rest_route=%2Fwp%2Fv2%2Fmedia&parent=3281"}],"wp:term":[{"taxonomy":"category","embeddable":true,"href":"https:\/\/www.reportedeprensa.utalca.cl\/index.php?rest_route=%2Fwp%2Fv2%2Fcategories&post=3281"},{"taxonomy":"post_tag","embeddable":true,"href":"https:\/\/www.reportedeprensa.utalca.cl\/index.php?rest_route=%2Fwp%2Fv2%2Ftags&post=3281"}],"curies":[{"name":"wp","href":"https:\/\/api.w.org\/{rel}","templated":true}]}}