{"id":3282,"date":"2022-03-07T09:38:00","date_gmt":"2022-03-07T12:38:00","guid":{"rendered":"https:\/\/www.reportedeprensa.utalca.cl\/?p=3282"},"modified":"2022-03-08T09:35:31","modified_gmt":"2022-03-08T12:35:31","slug":"08-de-marzo-de-2022","status":"publish","type":"post","link":"https:\/\/www.reportedeprensa.utalca.cl\/?p=3282","title":{"rendered":"08 de marzo de 2022"},"content":{"rendered":"\t\t<div data-elementor-type=\"wp-post\" data-elementor-id=\"3282\" class=\"elementor elementor-3282\" data-elementor-settings=\"[]\">\n\t\t\t\t\t\t\t<div class=\"elementor-section-wrap\">\n\t\t\t\t\t\t\t<section class=\"elementor-section elementor-top-section elementor-element elementor-element-17fae7ab elementor-section-boxed elementor-section-height-default elementor-section-height-default\" data-id=\"17fae7ab\" data-element_type=\"section\">\n\t\t\t\t\t\t<div class=\"elementor-container elementor-column-gap-default\">\n\t\t\t\t\t<div class=\"elementor-column elementor-col-100 elementor-top-column elementor-element elementor-element-60e202a0\" data-id=\"60e202a0\" data-element_type=\"column\">\n\t\t\t<div class=\"elementor-widget-wrap elementor-element-populated\">\n\t\t\t\t\t\t\t\t<div class=\"elementor-element elementor-element-387ad460 elementor-widget elementor-widget-text-editor\" data-id=\"387ad460\" data-element_type=\"widget\" data-widget_type=\"text-editor.default\">\n\t\t\t\t<div class=\"elementor-widget-container\">\n\t\t\t\t\t\t\t\t<p class=\"x_MsoNormal\"><strong>DIARIO TALCA\u00a0<\/strong><\/p><p class=\"x_MsoNormal\"><a href=\"https:\/\/www.litoralpress.cl\/paginaconsultas\/Servicios_NClip\/Get_Imagen_Nota.aspx?LPKey=STARZNHMCGC5BBTRJRRILNNH2PWTAHD6FGMQGGQEK4BOUQSZBQ6XOG54XTJFL52TR6U6M7THS2B32\">Universitarios novatos expectantes con la vuelta a clases presenciales. Se refieren \u00c1lvaro Rojas, rector y Paula Caballero, vicerrectora de Desarrollo Estudiantil.\u00a0<\/a><\/p><p class=\"x_MsoNormal\">\u00a0<\/p><p class=\"x_MsoNormal\"><strong>TV5.CL\u00a0<\/strong><\/p><p class=\"x_MsoNormal\"><a href=\"https:\/\/www.tv5.cl\/noticia\/universidad-de-talca-dio-la-bienvenida-a-estudiantes-novatos\/621f797a8bef3c000a7cf15d\">Universidad de Talca dio la bienvenida a estudiantes novatos. Se refiere \u00c1lvaro Rojas, rector.\u00a0<\/a><\/p><p class=\"x_MsoNormal\">\u00a0<\/p><p class=\"x_MsoNormal\"><strong>UNIVERSIDADESESTATALES.CL\u00a0<\/strong><\/p><p class=\"x_MsoNormal\"><a href=\"http:\/\/www.universidadesestatales.cl\/cue\/?q=node\/9417\">Actividades 8M #Uestatales. Se menciona a\u00a0la UTalca.\u00a0<\/a><\/p><p class=\"x_MsoNormal\">\u00a0<\/p><p class=\"x_MsoNormal\"><strong>CANAL MEGA\u00a0<\/strong><\/p><p class=\"x_MsoNormal\"><a href=\"https:\/\/www.litoralpress.cl\/sitio\/RadioTV_Detalles.cshtml?LPKey=SDPUN7YP4K2JJN7EUA3TW32QKTNDU5FRM6RWVVJLXD6C6X543DMQ\">Ucrania: Civiles se preparan para un ataque ruso en Odessa. Se refiere Alejandra M\u00e1rquez, acad\u00e9mica del Centro de An\u00e1lisis Pol\u00edtico (CAP). \u00a0<\/a><\/p><p class=\"x_MsoNormal\">\u00a0<\/p><p class=\"x_MsoNormal\"><strong>CANAL MEGA PLUS\u00a0<\/strong><\/p><p class=\"x_MsoNormal\"><a href=\"https:\/\/www.litoralpress.cl\/sitio\/RadioTV_Detalles.cshtml?LPKey=DPXFQNXT36XPFKCIJX5AOZV7GTZEYRJGEELOOUTU7MFNGSFISUVA\">Ucrania: Civiles se preparan para un ataque ruso en Odessa. Se refiere Alejandra M\u00e1rquez, acad\u00e9mica del Centro de An\u00e1lisis Pol\u00edtico (CAP).\u00a0<\/a><\/p><p class=\"x_MsoNormal\">\u00a0<\/p><p class=\"x_MsoNormal\"><strong>ELMOSTRADOR.CL\u00a0<\/strong><\/p><p class=\"x_MsoNormal\"><a href=\"https:\/\/www.elmostrador.cl\/destacado\/2022\/03\/04\/pluralismo-juridico-y-los-tribunales-indigenas-nada-nuevo-bajo-el-sol\/\">Pluralismo jur\u00eddico y los tribunales ind\u00edgenas, nada nuevo bajo el sol. Se refiere Dany Jaimovich, acad\u00e9mico de la Facultad de Econom\u00eda y Negocios (FEN). \u00a0<\/a><\/p><p class=\"x_MsoNormal\">\u00a0<\/p><p class=\"x_MsoNormal\"><strong>RADIO COOPERATIVA\u00a0<\/strong><\/p><p class=\"x_MsoNormal\"><a href=\"https:\/\/www.litoralpress.cl\/sitio\/RadioTV_Detalles.cshtml?LPKey=6TRJSCDN4COC2EHVUW5TFCNSCFYY6KALFW5ZDMYCHWQVKMUYV7HQ\">Covid19: Casos a la baja, pero con alza de muertos. Se refiere \u00c9rika Retamal, directora del Departamento de Salud P\u00fablica.\u00a0<\/a><\/p><p class=\"x_MsoNormal\">\u00a0<\/p><p class=\"x_MsoNormal\"><strong>DIARIO TALCA\u00a0<\/strong><\/p><p class=\"x_MsoNormal\"><a href=\"https:\/\/www.litoralpress.cl\/paginaconsultas\/Servicios_NClip\/Get_Imagen_Nota.aspx?LPKey=ZEIUXOWQKSSI3ZHIXV7RPCADPWSI6U5UUU53DAM5MGFLRAZWNCVGYP55D3UWDVZZE6LPK4C2KW3NK\">\u201cLa letalidad durante la pre vacuna era todav\u00eda m\u00e1s alta\u201d. Se refiere Daniel Jim\u00e9nez, director de Salud del Estudiante.\u00a0<\/a><\/p><p class=\"x_MsoNormal\">\u00a0<\/p><p class=\"x_MsoNormal\"><strong>CANAL TV5 \u00a0<\/strong><\/p><p class=\"x_MsoNormal\"><a href=\"https:\/\/www.litoralpress.cl\/sitio\/RadioTV_Detalles.cshtml?LPKey=DOY362LQ4ZKLHSPYBC6IEZVUSWI34JZVJ6RXAUIF4LQG7SG7GS5A\">Situaci\u00f3n del COVID-19 en Linares. Se refiere Daniel Jim\u00e9nez, director de Salud del Estudiante.\u00a0<\/a><\/p><p class=\"x_MsoNormal\">\u00a0<\/p><p class=\"x_MsoNormal\"><strong>DIARIO TALCA\u00a0<\/strong><\/p><p class=\"x_MsoNormal\"><a href=\"https:\/\/www.litoralpress.cl\/paginaconsultas\/Servicios_NClip\/Get_Imagen_Nota.aspx?LPKey=QYIQNEMWAWKM7W7NZDXXB53QY5LDE62CB7I3CDGLXM7D3JIGSNXAXXMAEAA6XQIFS5HRYB3QXRR6W\">Buscan soluciones matem\u00e1ticas y herramientas para la conservaci\u00f3n de especies. Se refiere Eduardo \u00c1lvarez, acad\u00e9mico de la Facultad de Econom\u00eda y Negocios. \u00a0<\/a><\/p><p class=\"x_MsoNormal\">\u00a0<\/p><p class=\"x_MsoNormal\"><strong>CIENCIAENCHILE.CL\u00a0<\/strong><\/p><p class=\"x_MsoNormal\"><a href=\"https:\/\/www.cienciaenchile.cl\/investigador-de-la-universidad-de-talca-trabaja-en-nuevas-terapias-antibacterianas\/\">Investigador de la Universidad de Talca trabaja en nuevas terapias antibacterianas. Se refiere Esteban Dur\u00e1n, acad\u00e9mico del Instituto de Qu\u00edmica de los Recursos Naturales.\u00a0<\/a><\/p><p class=\"x_MsoNormal\">\u00a0<\/p><p class=\"x_MsoNormal\"><strong>DIARIODEVALDIVIA.CL\u00a0<\/strong><\/p><p class=\"x_MsoNormal\"><a href=\"https:\/\/www.diariodevaldivia.cl\/noticia\/actualidad\/2022\/03\/investigador-de-la-universidad-de-talca-trabaja-en-nuevas-terapias-antibacterianas\">Investigador de la Universidad de Talca trabaja en nuevas terapias antibacterianas. Se refiere Esteban Dur\u00e1n, acad\u00e9mico del Instituto de Qu\u00edmica de los Recursos Naturales.\u00a0<\/a><\/p><p class=\"x_MsoNormal\">\u00a0<\/p><p class=\"x_MsoNormal\"><strong>DIARIOREGIONALAYSEN.CL\u00a0<\/strong><\/p><p class=\"x_MsoNormal\"><a href=\"https:\/\/www.diarioregionalaysen.cl\/noticia\/actualidad\/2022\/03\/investigador-de-la-universidad-de-talca-trabaja-en-nuevas-terapias-antibacterianas\">Investigador de la Universidad de Talca trabaja en nuevas terapias antibacterianas. Se refiere Esteban Dur\u00e1n, acad\u00e9mico del Instituto de Qu\u00edmica de los Recursos Naturales.\u00a0<\/a><\/p><p class=\"x_MsoNormal\" aria-hidden=\"true\">\u00a0<\/p><p class=\"x_MsoNormal\"><strong>VERTICE.TV\u00a0<\/strong><\/p><p class=\"x_MsoNormal\"><a href=\"https:\/\/www.vertice.tv\/noticia\/actualidad\/2022\/03\/investigador-de-la-universidad-de-talca-trabaja-en-nuevas-terapias-antibacterianas\">Investigador de la Universidad de Talca trabaja en nuevas terapias antibacterianas. Se refiere Esteban Dur\u00e1n, acad\u00e9mico del Instituto de Qu\u00edmica de los Recursos Naturales.\u00a0<\/a><\/p><p class=\"x_MsoNormal\">\u00a0<\/p><p class=\"x_MsoNormal\"><strong>BIOBIOCHILE.CL\u00a0<\/strong><\/p><p class=\"x_MsoNormal\"><a href=\"https:\/\/www.biobiochile.cl\/especial\/aqui-tierra\/noticias\/2022\/03\/07\/crisis-hidrica-en-la-region-de-valparaiso.shtml\">Crisis h\u00eddrica en Valpara\u00edso: expertos anticipan un nuevo a\u00f1o de d\u00e9ficit de lluvias para la regi\u00f3n. Se refiere Patricio Gonz\u00e1lez, acad\u00e9mico del Centro de Investigaci\u00f3n y Transferencia en Riego y Agroclimatolog\u00eda (CITRA).\u00a0<\/a><\/p><p class=\"x_MsoNormal\"><span class=\"x_MsoHyperlink\">\u00a0<\/span><\/p><p class=\"x_MsoNormal\"><strong><span class=\"x_MsoHyperlink\">RADIO AGRICULTURA\u00a0<\/span><\/strong><\/p><p class=\"x_MsoNormal\"><a href=\"https:\/\/www.litoralpress.cl\/sitio\/RadioTV_Detalles.cshtml?LPKey=TXWLYMSJYPRYVBOZ7XYRK4SMMUGVKFNVFWUERCGQ44EY7EB2DOPQ\"><span class=\"x_MsoHyperlink\">Valpara\u00edso: Expertos y acad\u00e9micos anticipan un a\u00f1o con d\u00e9ficit de lluvia para toda la regi\u00f3n, situaci\u00f3n que acrecentar\u00eda la crisis h\u00eddrica que ese vive hace m\u00e1s de 10 a\u00f1os. Se refiere Patricio Gonz\u00e1lez, acad\u00e9mico del Centro de Investigaci\u00f3n y Transferencia en Riego y Agroclimatolog\u00eda (CITRA).\u00a0<\/span><\/a><\/p><p class=\"x_MsoNormal\"><span class=\"x_MsoHyperlink\">\u00a0<\/span><\/p><p class=\"x_MsoNormal\"><strong><span class=\"x_MsoHyperlink\">DIARIO LA PRENSA\u00a0<\/span><\/strong><\/p><p class=\"x_MsoNormal\"><a href=\"https:\/\/www.litoralpress.cl\/paginaconsultas\/Servicios_NClip\/Get_Imagen_Nota.aspx?LPKey=RZTZJNNH6KP5YYTHB25GNCYYTEZMXNDRMOZWY2V7RV5EEEPJEXGTDO4YSHJVR6ER5L43DJG4UPRCO\"><span class=\"x_MsoHyperlink\">Expertas en nutrici\u00f3n advierten aumento de obesidad infantil durante la pandemia. Se refiere Emilia Giacaman, acad\u00e9mica de la Escuela de Nutrici\u00f3n y Diet\u00e9tica. \u00a0<\/span><\/a><\/p><p>\u00a0<\/p><p class=\"x_MsoNormal\"><strong><span class=\"x_MsoHyperlink\">DIARIOELHERALDO.CL\u00a0<\/span><\/strong><\/p><p class=\"x_MsoNormal\"><a href=\"http:\/\/www.diarioelheraldo.cl\/noticia\/academico-e-investigador-de-la-u-de-talca-pedro-emilio-zamorano-perez-postulado-a-la-academia-chilena-de-la-historia\"><span class=\"x_MsoHyperlink\">Acad\u00e9mico e investigador de la U. de Talca, Pedro Emilio Zamorano P\u00e9rez postulado a la Academia Chilena de la Historia. \u00a0<\/span><\/a><\/p><p class=\"x_MsoNormal\"><span class=\"x_MsoHyperlink\">\u00a0<\/span><\/p><p class=\"x_MsoNormal\"><strong>CANAL MEGA PLUS\u00a0<\/strong><\/p><p class=\"x_MsoNormal\"><a href=\"https:\/\/www.litoralpress.cl\/sitio\/RadioTV_Detalles.cshtml?LPKey=RGHPFXDGGMMTABUBLOFBPVW7X5MZ452HFCTJZMAWY4VZLP7FILDA\">S\u00f3lo seis normas fueron aprobadas por la comisi\u00f3n de medio ambiente de la convenci\u00f3n constitucional. Se refiere\u00a0Mauricio Morales, director del Centro de An\u00e1lisis Pol\u00edtico (CAP).\u00a0<\/a><\/p><p class=\"x_MsoNormal\">\u00a0<\/p><p class=\"x_MsoNormal\"><strong>CANAL MEGA PLUS\u00a0<\/strong><\/p><p class=\"x_MsoNormal\"><a href=\"https:\/\/www.litoralpress.cl\/sitio\/RadioTV_Detalles.cshtml?LPKey=7SQDQUGDMEVFFS3TJJGO6BLPOFWVENQO7N.4HJUXUQ3EGYULVQL6Q\">La Convenci\u00f3n Constitucional rechaz\u00f3 los dichos de Diego Schalper. Se refiere Mauricio Morales, director del Centro de An\u00e1lisis Pol\u00edtico (CAP).\u00a0<\/a><\/p><p class=\"x_MsoNormal\">\u00a0<\/p><p class=\"x_MsoNormal\"><strong><span class=\"x_MsoHyperlink\">CANAL MEGA PLUS\u00a0<\/span><\/strong><\/p><p class=\"x_MsoNormal\"><a href=\"https:\/\/www.litoralpress.cl\/sitio\/RadioTV_Detalles.cshtml?LPKey=NF6XVMLHM7SIQ5DA5FHIEHQQUKHUSO2RQDETUU363OU3AS76AO7A\">Entrevista a Mario Herrera, acad\u00e9mico del Centro de An\u00e1lisis Pol\u00edtico (CAP). \u00a0<\/a><\/p><p>\u00a0<\/p><p class=\"x_MsoNormal\"><strong>FUTURO.CL\u00a0<\/strong><\/p><p class=\"x_MsoNormal\"><a href=\"https:\/\/www.futuro.cl\/2022\/03\/mauricio-morales-la-triple-crisis-que-deja-el-gobierno-de-pinera-sera-un-desafio-para-el-presidente-boric\/\">Entrevista a Mauricio Morales, director del Centro de An\u00e1lisis Pol\u00edtico (CAP).\u00a0<\/a><\/p><p class=\"x_MsoNormal\">\u00a0<\/p><p class=\"x_MsoNormal\"><strong>DIARIO FINANCIERO\u00a0<\/strong><\/p><p class=\"x_MsoNormal\"><a href=\"https:\/\/www.litoralpress.cl\/paginaconsultas\/Servicios_NClip\/Get_Imagen_Nota.aspx?LPKey=AGNSGV32HFGLDRHAKGZ3GGKL7LRD3NNKTUAWHBIBFL2XCZX3JGTY2PIMDYXGUL4H235AGSHW3O476\">Seis visiones del aporte de los desaf\u00edos latentes en la miner\u00eda local. Se refiere Carolina Saavedra, estudiante de Mag\u00edster en Ingenier\u00eda Mec\u00e1nica.\u00a0<\/a><\/p><p class=\"x_MsoNormal\">\u00a0<\/p><p class=\"x_MsoNormal\"><strong>DIARIO EL RANCAG\u00dcINO\u00a0<\/strong><\/p><p class=\"x_MsoNormal\"><a href=\"https:\/\/www.litoralpress.cl\/paginaconsultas\/Servicios_NClip\/Get_Imagen_Nota.aspx?LPKey=MPODUQJY5SLE6W2ADTP76AJPB6NVLZY46U4DFINKVYL47SNMPTMQWFM5KSMBXUVZYPB7N74P373JQ\">Nuevos abogados prestan juramento desde la Corte de Apelaciones de Rancagua. Se menciona a la UTalca.\u00a0<\/a><\/p><p class=\"x_MsoNormal\">\u00a0<\/p>\t\t\t\t\t\t<\/div>\n\t\t\t\t<\/div>\n\t\t\t\t\t<\/div>\n\t\t<\/div>\n\t\t\t\t\t\t\t<\/div>\n\t\t<\/section>\n\t\t\t\t\t\t<\/div>\n\t\t\t\t\t<\/div>\n\t\t","protected":false},"excerpt":{"rendered":"<p>DIARIO TALCA\u00a0 Universitarios novatos expectantes con la vuelta a clases presenciales. Se refieren \u00c1lvaro Rojas, rector y Paula Caballero, vicerrectora de Desarrollo Estudiantil.\u00a0 \u00a0 TV5.CL\u00a0 Universidad de Talca dio la bienvenida a estudiantes novatos. Se refiere \u00c1lvaro Rojas, rector.\u00a0 \u00a0 UNIVERSIDADESESTATALES.CL\u00a0 Actividades 8M #Uestatales. Se menciona a\u00a0la UTalca.\u00a0 \u00a0 CANAL MEGA\u00a0 Ucrania: Civiles se preparan &hellip;<\/p>\n<p class=\"read-more\"> <a class=\"\" href=\"https:\/\/www.reportedeprensa.utalca.cl\/?p=3282\"> <span class=\"screen-reader-text\">08 de marzo de 2022<\/span> Read More &raquo;<\/a><\/p>\n","protected":false},"author":1,"featured_media":0,"comment_status":"closed","ping_status":"open","sticky":false,"template":"","format":"standard","meta":{"_monsterinsights_skip_tracking":false,"_monsterinsights_sitenote_active":false,"_monsterinsights_sitenote_note":"","_monsterinsights_sitenote_category":0},"categories":[19],"tags":[],"_links":{"self":[{"href":"https:\/\/www.reportedeprensa.utalca.cl\/index.php?rest_route=\/wp\/v2\/posts\/3282"}],"collection":[{"href":"https:\/\/www.reportedeprensa.utalca.cl\/index.php?rest_route=\/wp\/v2\/posts"}],"about":[{"href":"https:\/\/www.reportedeprensa.utalca.cl\/index.php?rest_route=\/wp\/v2\/types\/post"}],"author":[{"embeddable":true,"href":"https:\/\/www.reportedeprensa.utalca.cl\/index.php?rest_route=\/wp\/v2\/users\/1"}],"replies":[{"embeddable":true,"href":"https:\/\/www.reportedeprensa.utalca.cl\/index.php?rest_route=%2Fwp%2Fv2%2Fcomments&post=3282"}],"version-history":[{"count":4,"href":"https:\/\/www.reportedeprensa.utalca.cl\/index.php?rest_route=\/wp\/v2\/posts\/3282\/revisions"}],"predecessor-version":[{"id":3298,"href":"https:\/\/www.reportedeprensa.utalca.cl\/index.php?rest_route=\/wp\/v2\/posts\/3282\/revisions\/3298"}],"wp:attachment":[{"href":"https:\/\/www.reportedeprensa.utalca.cl\/index.php?rest_route=%2Fwp%2Fv2%2Fmedia&parent=3282"}],"wp:term":[{"taxonomy":"category","embeddable":true,"href":"https:\/\/www.reportedeprensa.utalca.cl\/index.php?rest_route=%2Fwp%2Fv2%2Fcategories&post=3282"},{"taxonomy":"post_tag","embeddable":true,"href":"https:\/\/www.reportedeprensa.utalca.cl\/index.php?rest_route=%2Fwp%2Fv2%2Ftags&post=3282"}],"curies":[{"name":"wp","href":"https:\/\/api.w.org\/{rel}","templated":true}]}}