{"id":3306,"date":"2022-03-09T09:14:12","date_gmt":"2022-03-09T12:14:12","guid":{"rendered":"https:\/\/www.reportedeprensa.utalca.cl\/?p=3306"},"modified":"2022-03-09T09:17:51","modified_gmt":"2022-03-09T12:17:51","slug":"09-de-marzo-de-2022","status":"publish","type":"post","link":"https:\/\/www.reportedeprensa.utalca.cl\/?p=3306","title":{"rendered":"09 de marzo de 2022"},"content":{"rendered":"\t\t<div data-elementor-type=\"wp-post\" data-elementor-id=\"3306\" class=\"elementor elementor-3306\" data-elementor-settings=\"[]\">\n\t\t\t\t\t\t\t<div class=\"elementor-section-wrap\">\n\t\t\t\t\t\t\t<section class=\"elementor-section elementor-top-section elementor-element elementor-element-17fae7ab elementor-section-boxed elementor-section-height-default elementor-section-height-default\" data-id=\"17fae7ab\" data-element_type=\"section\">\n\t\t\t\t\t\t<div class=\"elementor-container elementor-column-gap-default\">\n\t\t\t\t\t<div class=\"elementor-column elementor-col-100 elementor-top-column elementor-element elementor-element-60e202a0\" data-id=\"60e202a0\" data-element_type=\"column\">\n\t\t\t<div class=\"elementor-widget-wrap elementor-element-populated\">\n\t\t\t\t\t\t\t\t<div class=\"elementor-element elementor-element-387ad460 elementor-widget elementor-widget-text-editor\" data-id=\"387ad460\" data-element_type=\"widget\" data-widget_type=\"text-editor.default\">\n\t\t\t\t<div class=\"elementor-widget-container\">\n\t\t\t\t\t\t\t\t<p class=\"x_MsoNormal\"><strong>RADIO COOPERATIVA\u00a0<\/strong><\/p><p class=\"x_MsoNormal\"><a href=\"https:\/\/www.litoralpress.cl\/sitio\/RadioTV_Detalles.cshtml?LPKey=KP2RVOMUPLEUAILI3SWMBJUU753B2MKDTL4IZOG24DLEZQAYDRZA\">Regreso a clases de alumnos de educaci\u00f3n superior. Se menciona a la UTalca.\u00a0<\/a><\/p><p class=\"x_MsoNormal\">\u00a0<\/p><p class=\"x_MsoNormal\"><strong>RADIO BIOB\u00cdO VALPARAISO\u00a0<\/strong><\/p><p class=\"x_MsoNormal\"><a href=\"https:\/\/www.litoralpress.cl\/sitio\/RadioTV_Detalles.cshtml?LPKey=BVBZT4GPMJCVZBARAHSFGTHKRLBIIAED7ZVY3CP3BUZ5OSWKS3NQ\">Entrevista a Patricio Gonz\u00e1lez, acad\u00e9mico del Centro de Investigaci\u00f3n y Transferencia en Riego y Agroclimatolog\u00eda (CITRA).\u00a0<\/a><\/p><p class=\"x_MsoNormal\">\u00a0<\/p><p class=\"x_MsoNormal\"><strong>ELMAULEINFORMA.CL\u00a0<\/strong><\/p><p class=\"x_MsoNormal\"><a href=\"https:\/\/elmauleinforma.cl\/humberto-nogueira-analiza-avances-y-desafios-de-la-convencion-constitucional\/\">Acad\u00e9mico\u00a0analiza avances y desaf\u00edos de la Convenci\u00f3n Constitucional. Se refiere Humberto Nogueira, director del Centro de Estudios Constitucionales de Chile (CECOCH).\u00a0<\/a><\/p><p class=\"x_MsoNormal\">\u00a0<\/p><p class=\"x_MsoNormal\"><strong>DIARIO EL HERALDO\u00a0<\/strong><\/p><p class=\"x_MsoNormal\"><a href=\"https:\/\/www.litoralpress.cl\/paginaconsultas\/Servicios_NClip\/Get_Imagen_Nota.aspx?LPKey=2LPWRHMPIRTCG4CVZ6C5TK4TRUN3Y4WFOWBMB4GAC53CUHQH3IVPCEKLSFCEDNTGROCRKDVR4AG5K\">Acad\u00e9mico e investigador de la UTalca postulado a la Academia Chilena de la Historia. Se menciona a Pedro Zamorano, director del Instituto de Estudios Human\u00edsticos Juan Ignacio Molina.\u00a0<\/a><\/p><p class=\"x_MsoNormal\">\u00a0<\/p><p class=\"x_MsoNormal\"><strong>TOURINNOVACION.CL\u00a0<\/strong><\/p><p class=\"x_MsoNormal\"><a href=\"https:\/\/www.tourinnovacion.cl\/tourrinnovacion-ediciones-especiales\/dia-internacional-de-la-mujer\/silvana-herrera-academica-y-ceo-de-mov-la-diversidad-de-pensamiento-y-la-vision-desde-el-punto-de-vista-de-genero-es-super-importante\/\">\u201cLa diversidad de pensamiento y la visi\u00f3n desde el punto de vista de g\u00e9nero es s\u00faper importante\u201d. Se refiere Silvana Herrera, acad\u00e9mica de la Escuela de Dise\u00f1o.\u00a0<\/a><\/p><p class=\"x_MsoNormal\">\u00a0<\/p><p class=\"x_MsoNormal\"><strong>CANAL TVN RED MAULE\u00a0<\/strong><\/p><p class=\"x_MsoNormal\"><a href=\"https:\/\/www.litoralpress.cl\/sitio\/RadioTV_Detalles.cshtml?LPKey=JZXMT23F7Q2QQV72HNCSYL64OWEUDEGSWLDZ7VUKJJWKRXWZ55EQ\">Hombre fallece picado por una abeja en San Clemente. Se refiere Julieta Navea, acad\u00e9mica de la Escuela de Enfermer\u00eda.\u00a0<\/a><\/p><p class=\"x_MsoNormal\">\u00a0<\/p><p class=\"x_MsoNormal\"><strong>LATERCERA.COM\u00a0<\/strong><\/p><p class=\"x_MsoNormal\"><a href=\"https:\/\/www.latercera.com\/que-pasa\/noticia\/las-infecciones-por-sars-cov-2-superan-por-mucho-lo-reportado-segun-los-casos-confirmados\/3U6ESOPVZRFIRP4WL6YLTXS6WA\/\">Las infecciones por SARS-CoV-2 superan por mucho lo reportado seg\u00fan los casos confirmados. Se refiere Carlos Villalobos, acad\u00e9mico de la Facultad de Econom\u00eda y Negocios (FEN). \u00a0<\/a><\/p><p class=\"x_MsoNormal\">\u00a0<\/p><p class=\"x_MsoNormal\"><strong>RADIO FUTURO\u00a0<\/strong><\/p><p class=\"x_MsoNormal\"><a href=\"https:\/\/www.litoralpress.cl\/sitio\/RadioTV_Detalles.cshtml?LPKey=GIQ566FQ7K23DUI6B6EIZY4L6T3P7V62KKKXILGQJM44UWT5577Q\">Entrevista a Mauricio Morales, director del Centro de An\u00e1lisis Pol\u00edtico (CAP).\u00a0<\/a><\/p><p class=\"x_MsoNormal\">\u00a0<\/p><p class=\"x_MsoNormal\"><strong>T13.CL\u00a0<\/strong><\/p><p class=\"x_MsoNormal\"><a href=\"https:\/\/www.t13.cl\/noticia\/convencion-constitucional\/politica\/maria-elisa-quinteros-hay-campanas-desinformacion-desacreditan-trabajo-convencion\">&#8220;Hay campa\u00f1as de desinformaci\u00f3n que desacreditan el trabajo de la Convenci\u00f3n&#8221;. Se refiere Mar\u00eda Elisa Quinteros, acad\u00e9mica del Departamento de Salud P\u00fablica y Presidenta de la Convenci\u00f3n Constitucional.\u00a0<\/a><\/p><p class=\"x_MsoNormal\">\u00a0<\/p><p class=\"x_MsoNormal\"><strong>CNNCHILE.COM\u00a0<\/strong><\/p><p class=\"x_MsoNormal\"><a href=\"https:\/\/www.cnnchile.com\/8m\/avances-legislativos-mujer-equidad-genero_20220308\/\">Nunca m\u00e1s sin nosotras: Los avances legislativos en materia de mujer y equidad de g\u00e9nero. Se menciona a Mar\u00eda Elisa Quinteros, acad\u00e9mica del Departamento de Salud P\u00fablica y Presidenta de la Convenci\u00f3n Constitucional.\u00a0<\/a><\/p><p class=\"x_MsoNormal\">\u00a0<\/p><p class=\"x_MsoNormal\"><strong>CAMBIO21.CL\u00a0<\/strong><\/p><p class=\"x_MsoNormal\"><a href=\"https:\/\/cambio21.cl\/politica\/presidenta-de-la-convencin-hay-campaas-de-desinformacin-que-desacreditan-nuestro-trabajo-622516e2aa2d742d885c48f4\">&#8220;Hay campa\u00f1as de desinformaci\u00f3n que desacreditan nuestro trabajo&#8221;. Se refiere Mar\u00eda Elisa Quinteros, acad\u00e9mica del Departamento de Salud P\u00fablica y Presidenta de la Convenci\u00f3n Constitucional.\u00a0<\/a><\/p><p class=\"x_MsoNormal\">\u00a0<\/p><p class=\"x_MsoNormal\"><strong>ELMOSTRADOR.CL\u00a0<\/strong><\/p><p class=\"x_MsoNormal\"><a href=\"https:\/\/www.elmostrador.cl\/noticias\/sin-editar\/2022\/03\/09\/los-nombres-que-rondan-en-el-futuro-gobierno-del-presidente-boric-para-integrar-el-tribunal-constitucional\/\">Los nombres que rondan en el futuro Gobierno del Presidente Boric para integrar el Tribunal Constitucional. Se menciona a Iv\u00e1n Obando, acad\u00e9mico de la Facultad de Ciencias Jur\u00eddicas y Sociales. \u00a0<\/a><\/p><p class=\"x_MsoNormal\">\u00a0<\/p><p class=\"x_MsoNormal\"><strong>IMPACTOREGIONAL.CL\u00a0<\/strong><\/p><p class=\"x_MsoNormal\"><a href=\"http:\/\/www.impactoregional.cl\/?p=4766\">Entrevistas de actualidad. Se refieren Mario Herrera, acad\u00e9mico del Centro de An\u00e1lisis Pol\u00edtico (CAP) y Carolina Loren, profesora del Departamento de Salud P\u00fablica. \u00a0<\/a><\/p><p class=\"x_MsoNormal\">\u00a0<\/p><p class=\"x_MsoNormal\"><strong>DIARIO LA PRENSA\u00a0<\/strong><\/p><p class=\"x_MsoNormal\"><a href=\"https:\/\/www.litoralpress.cl\/paginaconsultas\/Servicios_NClip\/Get_Imagen_Nota.aspx?LPKey=SZWBEEJZVAFVIISSAH4JS3MW3KOK7NGEO55QJVBGAVY4EZHEWA2ZX6PTF6XOPGYNX7UN2M25KIEMO\">Crean grifo eficiente de tipo subterr\u00e1neo. Se refiere Carlos Sanhueza, coordinador de la Unidad de Emprendimientos.\u00a0<\/a><\/p><p class=\"x_MsoNormal\">\u00a0<\/p>\t\t\t\t\t\t<\/div>\n\t\t\t\t<\/div>\n\t\t\t\t\t<\/div>\n\t\t<\/div>\n\t\t\t\t\t\t\t<\/div>\n\t\t<\/section>\n\t\t\t\t\t\t<\/div>\n\t\t\t\t\t<\/div>\n\t\t","protected":false},"excerpt":{"rendered":"<p>RADIO COOPERATIVA\u00a0 Regreso a clases de alumnos de educaci\u00f3n superior. Se menciona a la UTalca.\u00a0 \u00a0 RADIO BIOB\u00cdO VALPARAISO\u00a0 Entrevista a Patricio Gonz\u00e1lez, acad\u00e9mico del Centro de Investigaci\u00f3n y Transferencia en Riego y Agroclimatolog\u00eda (CITRA).\u00a0 \u00a0 ELMAULEINFORMA.CL\u00a0 Acad\u00e9mico\u00a0analiza avances y desaf\u00edos de la Convenci\u00f3n Constitucional. Se refiere Humberto Nogueira, director del Centro de Estudios Constitucionales &hellip;<\/p>\n<p class=\"read-more\"> <a class=\"\" href=\"https:\/\/www.reportedeprensa.utalca.cl\/?p=3306\"> <span class=\"screen-reader-text\">09 de marzo de 2022<\/span> Read More &raquo;<\/a><\/p>\n","protected":false},"author":1,"featured_media":0,"comment_status":"closed","ping_status":"open","sticky":false,"template":"","format":"standard","meta":{"_monsterinsights_skip_tracking":false,"_monsterinsights_sitenote_active":false,"_monsterinsights_sitenote_note":"","_monsterinsights_sitenote_category":0},"categories":[19],"tags":[],"_links":{"self":[{"href":"https:\/\/www.reportedeprensa.utalca.cl\/index.php?rest_route=\/wp\/v2\/posts\/3306"}],"collection":[{"href":"https:\/\/www.reportedeprensa.utalca.cl\/index.php?rest_route=\/wp\/v2\/posts"}],"about":[{"href":"https:\/\/www.reportedeprensa.utalca.cl\/index.php?rest_route=\/wp\/v2\/types\/post"}],"author":[{"embeddable":true,"href":"https:\/\/www.reportedeprensa.utalca.cl\/index.php?rest_route=\/wp\/v2\/users\/1"}],"replies":[{"embeddable":true,"href":"https:\/\/www.reportedeprensa.utalca.cl\/index.php?rest_route=%2Fwp%2Fv2%2Fcomments&post=3306"}],"version-history":[{"count":4,"href":"https:\/\/www.reportedeprensa.utalca.cl\/index.php?rest_route=\/wp\/v2\/posts\/3306\/revisions"}],"predecessor-version":[{"id":3310,"href":"https:\/\/www.reportedeprensa.utalca.cl\/index.php?rest_route=\/wp\/v2\/posts\/3306\/revisions\/3310"}],"wp:attachment":[{"href":"https:\/\/www.reportedeprensa.utalca.cl\/index.php?rest_route=%2Fwp%2Fv2%2Fmedia&parent=3306"}],"wp:term":[{"taxonomy":"category","embeddable":true,"href":"https:\/\/www.reportedeprensa.utalca.cl\/index.php?rest_route=%2Fwp%2Fv2%2Fcategories&post=3306"},{"taxonomy":"post_tag","embeddable":true,"href":"https:\/\/www.reportedeprensa.utalca.cl\/index.php?rest_route=%2Fwp%2Fv2%2Ftags&post=3306"}],"curies":[{"name":"wp","href":"https:\/\/api.w.org\/{rel}","templated":true}]}}