{"id":3318,"date":"2022-03-10T09:20:49","date_gmt":"2022-03-10T12:20:49","guid":{"rendered":"https:\/\/www.reportedeprensa.utalca.cl\/?p=3318"},"modified":"2022-03-10T09:24:09","modified_gmt":"2022-03-10T12:24:09","slug":"10-de-marzo-de-2022","status":"publish","type":"post","link":"https:\/\/www.reportedeprensa.utalca.cl\/?p=3318","title":{"rendered":"10 de marzo de 2022"},"content":{"rendered":"\t\t<div data-elementor-type=\"wp-post\" data-elementor-id=\"3318\" class=\"elementor elementor-3318\" data-elementor-settings=\"[]\">\n\t\t\t\t\t\t\t<div class=\"elementor-section-wrap\">\n\t\t\t\t\t\t\t<section class=\"elementor-section elementor-top-section elementor-element elementor-element-17fae7ab elementor-section-boxed elementor-section-height-default elementor-section-height-default\" data-id=\"17fae7ab\" data-element_type=\"section\">\n\t\t\t\t\t\t<div class=\"elementor-container elementor-column-gap-default\">\n\t\t\t\t\t<div class=\"elementor-column elementor-col-100 elementor-top-column elementor-element elementor-element-60e202a0\" data-id=\"60e202a0\" data-element_type=\"column\">\n\t\t\t<div class=\"elementor-widget-wrap elementor-element-populated\">\n\t\t\t\t\t\t\t\t<div class=\"elementor-element elementor-element-387ad460 elementor-widget elementor-widget-text-editor\" data-id=\"387ad460\" data-element_type=\"widget\" data-widget_type=\"text-editor.default\">\n\t\t\t\t<div class=\"elementor-widget-container\">\n\t\t\t\t\t\t\t\t<p class=\"x_MsoNormal\"><strong>RADIO COOPERATIVA\u00a0<\/strong><\/p><p class=\"x_MsoNormal\"><a href=\"https:\/\/www.litoralpress.cl\/sitio\/RadioTV_Detalles.cshtml?lpkey=ASJLFY57DX4F5L4LNIMPOIY5OVGVKZ66VPC3C3T3IN5C3XFGH63Q\">La educaci\u00f3n escolar y las universidades en contexto de pandemia por Covid19. Se menciona a la UTalca.\u00a0<\/a><\/p><p class=\"x_MsoNormal\">\u00a0<\/p><p class=\"x_MsoNormal\"><strong>ADPRENSA.CL\u00a0<\/strong><\/p><p class=\"x_MsoNormal\"><a href=\"https:\/\/www.adprensa.cl\/cronica\/utalca-vuelve-a-recibir-estudiantes-extranjeros\/\">UTalca vuelve a recibir estudiantes extranjeros. Director de Relaciones Internacionales, Gonzalo Arenas.\u00a0<\/a><\/p><p class=\"x_MsoNormal\">\u00a0<\/p><p class=\"x_MsoNormal\"><strong>RADIO COOPERATIVA\u00a0<\/strong><\/p><p class=\"x_MsoNormal\"><a href=\"https:\/\/www.litoralpress.cl\/sitio\/RadioTV_Detalles.cshtml?LPKey=IY6CIQSEZVHLIDWHTGRWF4A2SWDMS5HYE3C5IBBR5EX4HV4IGXPA\">El ministro de Salud advirti\u00f3 de los riesgos de \u00d3micron II. Se refiere \u00c9rika Retamal, directora del Departamento de Salud P\u00fablica.\u00a0<\/a><\/p><p class=\"x_MsoNormal\">\u00a0<\/p><p class=\"x_MsoNormal\"><strong>RADIO COOPERATIVA\u00a0<\/strong><\/p><p class=\"x_MsoNormal\"><a href=\"https:\/\/www.litoralpress.cl\/sitio\/RadioTV_Detalles.cshtml?LPKey=JREYGVJMCTFB57U3CJLM5X2PUEINTTZJYX6QDEX5DXZDKC5DPGTA\">16 mil 341 casos nuevos de COVID-19 se registran durante la \u00faltima jornada en todo Chile. Se refiere \u00c9rika Retamal, directora del Departamento de Salud P\u00fablica.\u00a0<\/a><\/p><p class=\"x_MsoNormal\">\u00a0<\/p><p class=\"x_MsoNormal\"><strong>RADIO COOPERATIVA\u00a0<\/strong><\/p><p class=\"x_MsoNormal\"><a href=\"https:\/\/www.litoralpress.cl\/sitio\/RadioTV_Detalles.cshtml?LPKey=IN7BNQEN3DQHXGQUXYXAXBAR47NJG4RUMSNYAMAUYGQ65OI6DNWQ\">Virus de la influenza ya suma m\u00e1s casos que en los \u00faltimos dos a\u00f1os. Se refiere \u00c9rika Retamal, directora del Departamento de Salud P\u00fablica.\u00a0<\/a><\/p><p class=\"x_MsoNormal\">\u00a0<\/p><p class=\"x_MsoNormal\"><strong>COOPERATIVA.CL\u00a0<\/strong><\/p><p class=\"x_MsoNormal\"><a href=\"https:\/\/www.cooperativa.cl\/noticias\/pais\/salud\/reaparece-la-influenza-se-duplicaron-los-casos-en-los-ultimos-meses\/2022-03-09\/142125.html\">Reaparece la influenza: Se duplicaron los casos en los \u00faltimos meses.\u00a0Se refiere \u00c9rika Retamal, directora del Departamento de Salud P\u00fablica.\u00a0<\/a><\/p><p class=\"x_MsoNormal\">\u00a0<\/p><p class=\"x_MsoNormal\"><strong>RADIO DE CARABINEROS DE CHILE\u00a0<\/strong><\/p><p class=\"x_MsoNormal\"><a href=\"https:\/\/www.litoralpress.cl\/sitio\/RadioTV_Detalles.cshtml?LPKey=UEUXFSYN7IRLQXYQZQSGNJUDQA7QXOJCDDB25BM2TTROXCFGBG3A\">Entrevista a Daniel Jim\u00e9nez, director de Salud del Estudiante. \u00a0<\/a><\/p><p class=\"x_MsoNormal\">\u00a0<\/p><p class=\"x_MsoNormal\"><strong>RADIO AMIGA\u00a0<\/strong><\/p><p class=\"x_MsoNormal\"><a href=\"https:\/\/www.litoralpress.cl\/sitio\/RadioTV_Detalles.cshtml?LPKey=YZIMCM3XI4FLRGJQQGFOM6AK4VV6ODPFQCCJ6ADSPVNJHQ6LUNLA\">Entrevista a Carolina Loren, acad\u00e9mica del Departamento de Salud P\u00fablica.\u00a0<\/a><\/p><p class=\"x_MsoNormal\">\u00a0<\/p><p class=\"x_MsoNormal\"><strong>RADIO M\u00c1GICA\u00a0<\/strong><\/p><p class=\"x_MsoNormal\"><a href=\"https:\/\/www.litoralpress.cl\/sitio\/RadioTV_Detalles.cshtml?LPKey=ZZM6E3YFE7ZD7KFAU6QLXIJ4P3B7ARXDC7RXH3T4TFJHIKZC6X3Q\">Entrevista a Carolina Loren, acad\u00e9mica del Departamento de Salud P\u00fablica.\u00a0<\/a><\/p><p class=\"x_MsoNormal\">\u00a0\u00a0<\/p><p class=\"x_MsoNormal\"><strong>CANAL CHILEVISI\u00d3N\u00a0<\/strong><\/p><p class=\"x_MsoNormal\"><a href=\"https:\/\/www.litoralpress.cl\/sitio\/RadioTV_Detalles.cshtml?LPKey=7HWWPM7EJYLGDR5C5PR3747EGXO3DSMAHC2W3PHMJJJ4QYTL3LKQ\">Conflicto en la Macrozona Sur: Di\u00e1logo en vez de Estado de Excepci\u00f3n. Se refiere Dany Jaimovich, acad\u00e9mico de la Facultad de Econom\u00eda y Negocios (FEN).\u00a0<\/a><\/p><p class=\"x_MsoNormal\">\u00a0<\/p><p class=\"x_MsoNormal\"><strong>DIARIO LA ESTRELLA DE CHILO\u00c9\u00a0<\/strong><\/p><p class=\"x_MsoNormal\"><a href=\"https:\/\/www.litoralpress.cl\/paginaconsultas\/Servicios_NClip\/Get_Imagen_Nota.aspx?LPKey=3TSTOPRGECU5VZQDVUKRC4XZOFFECRSAS7DJCTJISAWIIF6Z4SKMTHSNVA3DKHMX675BENAMUXFCO\">Avances y desaf\u00edos en el D\u00eda de la Mujer. Se refiere Karin Saavedra, acad\u00e9mica de la Facultad de Ingenier\u00eda. \u00a0<\/a><\/p><p class=\"x_MsoNormal\">\u00a0<\/p><p class=\"x_MsoNormal\"><strong>TVMAULE.CL\u00a0<\/strong><\/p><p class=\"x_MsoNormal\"><a href=\"https:\/\/www.tvmaule.cl\/experta-afirma-que-nueva-constitucion-debe-asegurar-la-igualdad-de-genero\/\">Experta afirma que nueva Constituci\u00f3n debe asegurar la igualdad de g\u00e9nero. Se refiere Marcia Vallejo, abogada de la Direcci\u00f3n de G\u00e9nero.\u00a0<\/a><\/p><p class=\"x_MsoNormal\" aria-hidden=\"true\">\u00a0<\/p><p class=\"x_MsoNormal\"><strong>ELALFA.CL\u00a0<\/strong><\/p><p class=\"x_MsoNormal\"><a href=\"https:\/\/elalfa.cl\/index.php\/2022\/03\/08\/afirman-que-nueva-constitucion-debe-asegurar-la-igualdad-sustantiva-en-materia-de-genero\/\">Afirman que Nueva Constituci\u00f3n debe asegurar la igualdad sustantiva en materia de g\u00e9nero. Se refiere Marcia Vallejo, abogada de la Direcci\u00f3n de G\u00e9nero.\u00a0<\/a><\/p><p>\u00a0<\/p><p class=\"x_MsoNormal\"><strong>DIARIOCAUQUENES.CL\u00a0<\/strong><\/p><p class=\"x_MsoNormal\"><a href=\"https:\/\/diariocauquenes.cl\/economista-advierte-complejo-escenario-inflacionario-de-extenderse-el-conflicto-entre-rusia-y-ucrania\/\">Economista advierte complejo escenario inflacionario de extenderse el conflicto entre Rusia y Ucrania. Se refiere Gabriel Pino, acad\u00e9mico de la Facultad de Econom\u00eda y Negocios (FEN).\u00a0<\/a><\/p><p class=\"x_MsoNormal\">\u00a0<\/p><p class=\"x_MsoNormal\"><strong>DIARIO EL L\u00cdDER\u00a0<\/strong><\/p><p class=\"x_MsoNormal\"><a href=\"https:\/\/www.litoralpress.cl\/paginaconsultas\/Servicios_NClip\/Get_Imagen_Nota.aspx?LPKey=JTIW3OPYW6DV5WKVRAER5AMSM3NFWR5NDNLEEJ42IK3HTE4S2RDXBRW3QUOGREVUNJ3MVTCOMW45I\">Prev\u00e9n un oto\u00f1o seco: decretan escasez h\u00eddrica para la provincia de San Antonio. Se refiere Patricio Gonz\u00e1lez, acad\u00e9mico del Centro de Investigaci\u00f3n y Transferencia en Riego y Agroclimatolog\u00eda (CITRA).\u00a0<\/a><\/p><p class=\"x_MsoNormal\">\u00a0<\/p><p class=\"x_MsoNormal\"><strong>CANAL 24 HORAS\u00a0<\/strong><\/p><p class=\"x_MsoNormal\"><a href=\"https:\/\/www.litoralpress.cl\/sitio\/RadioTV_Detalles.cshtml?LPKey=ONW5S3N6UUOLAARBU2RYO33EN6TZRTSEQ36EDUZVS63274A777KA\">Entrevista a Mauricio Morales, director del Centro de An\u00e1lisis Pol\u00edtico (CAP).\u00a0<\/a><\/p><p class=\"x_MsoNormal\">\u00a0<\/p><p class=\"x_MsoNormal\"><strong>CANAL MEGA PLUS\u00a0<\/strong><\/p><p class=\"x_MsoNormal\"><a href=\"https:\/\/www.litoralpress.cl\/sitio\/RadioTV_Detalles.cshtml?LPKey=YK5U3RDGUVKSADVVSA7MP7RN72YQWJ3M6OUPGNVICA7QGZGHMI7A\">Entrevista a Mauricio Morales, director del Centro de An\u00e1lisis Pol\u00edtico (CAP).\u00a0<\/a><\/p><p class=\"x_MsoNormal\">\u00a0<\/p><p class=\"x_MsoNormal\"><strong>EL MERCURIO\u00a0<\/strong><\/p><p class=\"x_MsoNormal\"><a href=\"https:\/\/www.litoralpress.cl\/paginaconsultas\/Servicios_NClip\/Get_Imagen_Nota.aspx?LPKey=BJZFVIPFB3526KX25U5S4BVLGZGZULIIQK7NVLE4CXL5GZSL7Q4FSIZUROBACCFELD3NNBQ7BPLKO\">TV abierta se vuelca al cambio de mando. Se menciona a Mauricio Morales, director del Centro de An\u00e1lisis Pol\u00edtico (CAP).\u00a0<\/a><\/p><p class=\"x_MsoNormal\">\u00a0<\/p><p class=\"x_MsoNormal\"><strong>EMOL.COM\u00a0<\/strong><\/p><p class=\"x_MsoNormal\"><a href=\"https:\/\/www.emol.com\/noticias\/Nacional\/2022\/03\/09\/1048718\/ossandon-elizalde-presidencia-senado.html\">\u00bfOssand\u00f3n o Elizalde?: Expertos analizan qui\u00e9n debe liderar el Senado en medio de cambios que propone la Convenci\u00f3n. Se refiere Mauricio Morales, director del Centro de An\u00e1lisis Pol\u00edtico (CAP).\u00a0<\/a><\/p><p class=\"x_MsoNormal\"><span class=\"x_MsoHyperlink\">\u00a0<\/span><\/p><p class=\"x_MsoNormal\"><strong>24HORAS.CL\u00a0<\/strong><\/p><p class=\"x_MsoNormal\"><a href=\"https:\/\/www.24horas.cl\/programas\/entrevistas\/experto-por-cambio-de-mando-tiene-la-brecha-ideologica-mas-grande-desde-el-inicio-de-la-democracia-5216348\">Experto por cambio de mando: &#8220;Tiene la brecha ideol\u00f3gica m\u00e1s grande desde el inicio de la democracia&#8221;. Se refiere Mauricio Morales, director del Centro de An\u00e1lisis Pol\u00edtico (CAP).\u00a0<\/a><\/p><p class=\"x_MsoNormal\">\u00a0<\/p><p class=\"x_MsoNormal\"><strong>G5NOTICIAS.CL\u00a0<\/strong><\/p><p class=\"x_MsoNormal\"><a href=\"https:\/\/g5noticias.cl\/2022\/03\/10\/analista-politico-destaca-los-principales-desafios-del-proximo-gobierno-en-sus-primeros-100-dias\/\">Analista pol\u00edtico destaca los principales desaf\u00edos del pr\u00f3ximo Gobierno en sus primeros 100 d\u00edas. Se refiere Mauricio Morales, director del Centro de An\u00e1lisis Pol\u00edtico (CAP).\u00a0<\/a><\/p><p class=\"x_MsoNormal\">\u00a0<\/p><p class=\"x_MsoNormal\"><strong>RADIO M\u00c1GICA\u00a0<\/strong><\/p><p class=\"x_MsoNormal\"><a href=\"https:\/\/www.litoralpress.cl\/sitio\/RadioTV_Detalles.cshtml?LPKey=FHNYNEZQLOGBNP2PZWZBKOTHXONCZYC24R6A2EZKM755HD7QQYJQ\">Entrevista a Mario Herrera, acad\u00e9mico del Centro de An\u00e1lisis Pol\u00edtico (CAP).\u00a0<\/a><\/p><p class=\"x_MsoNormal\">\u00a0<\/p><p class=\"x_MsoNormal\"><strong>RADIO AMIGA\u00a0<\/strong><\/p><p class=\"x_MsoNormal\"><a href=\"https:\/\/www.litoralpress.cl\/sitio\/RadioTV_Detalles.cshtml?LPKey=UZXLS7YZL6NK5ZPTDNPLDDVGDVJH2RTAHWAUOTZPVXPWACSSW5GA\">Entrevista a Mario Herrera, acad\u00e9mico del Centro de An\u00e1lisis Pol\u00edtico (CAP).\u00a0<\/a><\/p><p class=\"x_MsoNormal\">\u00a0<\/p>\t\t\t\t\t\t<\/div>\n\t\t\t\t<\/div>\n\t\t\t\t\t<\/div>\n\t\t<\/div>\n\t\t\t\t\t\t\t<\/div>\n\t\t<\/section>\n\t\t\t\t\t\t<\/div>\n\t\t\t\t\t<\/div>\n\t\t","protected":false},"excerpt":{"rendered":"<p>RADIO COOPERATIVA\u00a0 La educaci\u00f3n escolar y las universidades en contexto de pandemia por Covid19. Se menciona a la UTalca.\u00a0 \u00a0 ADPRENSA.CL\u00a0 UTalca vuelve a recibir estudiantes extranjeros. Director de Relaciones Internacionales, Gonzalo Arenas.\u00a0 \u00a0 RADIO COOPERATIVA\u00a0 El ministro de Salud advirti\u00f3 de los riesgos de \u00d3micron II. Se refiere \u00c9rika Retamal, directora del Departamento de &hellip;<\/p>\n<p class=\"read-more\"> <a class=\"\" href=\"https:\/\/www.reportedeprensa.utalca.cl\/?p=3318\"> <span class=\"screen-reader-text\">10 de marzo de 2022<\/span> Read More &raquo;<\/a><\/p>\n","protected":false},"author":1,"featured_media":0,"comment_status":"closed","ping_status":"open","sticky":false,"template":"","format":"standard","meta":{"_monsterinsights_skip_tracking":false,"_monsterinsights_sitenote_active":false,"_monsterinsights_sitenote_note":"","_monsterinsights_sitenote_category":0},"categories":[19],"tags":[],"_links":{"self":[{"href":"https:\/\/www.reportedeprensa.utalca.cl\/index.php?rest_route=\/wp\/v2\/posts\/3318"}],"collection":[{"href":"https:\/\/www.reportedeprensa.utalca.cl\/index.php?rest_route=\/wp\/v2\/posts"}],"about":[{"href":"https:\/\/www.reportedeprensa.utalca.cl\/index.php?rest_route=\/wp\/v2\/types\/post"}],"author":[{"embeddable":true,"href":"https:\/\/www.reportedeprensa.utalca.cl\/index.php?rest_route=\/wp\/v2\/users\/1"}],"replies":[{"embeddable":true,"href":"https:\/\/www.reportedeprensa.utalca.cl\/index.php?rest_route=%2Fwp%2Fv2%2Fcomments&post=3318"}],"version-history":[{"count":4,"href":"https:\/\/www.reportedeprensa.utalca.cl\/index.php?rest_route=\/wp\/v2\/posts\/3318\/revisions"}],"predecessor-version":[{"id":3322,"href":"https:\/\/www.reportedeprensa.utalca.cl\/index.php?rest_route=\/wp\/v2\/posts\/3318\/revisions\/3322"}],"wp:attachment":[{"href":"https:\/\/www.reportedeprensa.utalca.cl\/index.php?rest_route=%2Fwp%2Fv2%2Fmedia&parent=3318"}],"wp:term":[{"taxonomy":"category","embeddable":true,"href":"https:\/\/www.reportedeprensa.utalca.cl\/index.php?rest_route=%2Fwp%2Fv2%2Fcategories&post=3318"},{"taxonomy":"post_tag","embeddable":true,"href":"https:\/\/www.reportedeprensa.utalca.cl\/index.php?rest_route=%2Fwp%2Fv2%2Ftags&post=3318"}],"curies":[{"name":"wp","href":"https:\/\/api.w.org\/{rel}","templated":true}]}}