{"id":3330,"date":"2022-03-11T09:20:01","date_gmt":"2022-03-11T12:20:01","guid":{"rendered":"https:\/\/www.reportedeprensa.utalca.cl\/?p=3330"},"modified":"2022-03-11T09:23:42","modified_gmt":"2022-03-11T12:23:42","slug":"11-de-marzo-de-2022","status":"publish","type":"post","link":"https:\/\/www.reportedeprensa.utalca.cl\/?p=3330","title":{"rendered":"11 de marzo de 2022"},"content":{"rendered":"\t\t<div data-elementor-type=\"wp-post\" data-elementor-id=\"3330\" class=\"elementor elementor-3330\" data-elementor-settings=\"[]\">\n\t\t\t\t\t\t\t<div class=\"elementor-section-wrap\">\n\t\t\t\t\t\t\t<section class=\"elementor-section elementor-top-section elementor-element elementor-element-17fae7ab elementor-section-boxed elementor-section-height-default elementor-section-height-default\" data-id=\"17fae7ab\" data-element_type=\"section\">\n\t\t\t\t\t\t<div class=\"elementor-container elementor-column-gap-default\">\n\t\t\t\t\t<div class=\"elementor-column elementor-col-100 elementor-top-column elementor-element elementor-element-60e202a0\" data-id=\"60e202a0\" data-element_type=\"column\">\n\t\t\t<div class=\"elementor-widget-wrap elementor-element-populated\">\n\t\t\t\t\t\t\t\t<div class=\"elementor-element elementor-element-387ad460 elementor-widget elementor-widget-text-editor\" data-id=\"387ad460\" data-element_type=\"widget\" data-widget_type=\"text-editor.default\">\n\t\t\t\t<div class=\"elementor-widget-container\">\n\t\t\t\t\t\t\t\t<p class=\"x_MsoNormal\"><strong>ELMAULEINFORMA.CL\u00a0<\/strong><\/p><p class=\"x_MsoNormal\"><a href=\"https:\/\/elmauleinforma.cl\/candidatos-a-rector-de-la-utalca-presentaron-sus-programas-de-gobierno\/\">Candidatos a rector de la UTalca presentaron sus programas de gobierno.\u00a0<\/a><\/p><p class=\"x_MsoNormal\">\u00a0<\/p><p class=\"x_MsoNormal\"><strong>CANAL CHILEVISI\u00d3N\u00a0<\/strong><\/p><p class=\"x_MsoNormal\"><a href=\"https:\/\/www.litoralpress.cl\/sitio\/RadioTV_Detalles.cshtml?LPKey=3NU5Z5U7X27HPHEUW6BXKZUNDEZ7K2WOMY7VS5LT5JVA3VEEGRTA\">15 d\u00edas de la invasi\u00f3n rusa en Ucrania: Mariupol cercada por tropas rusas. Se refiere Alejandra M\u00e1rquez, acad\u00e9mica del Centro de An\u00e1lisis Pol\u00edtico (CAP).\u00a0<\/a><\/p><p class=\"x_MsoNormal\">\u00a0<\/p><p class=\"x_MsoNormal\"><strong>CANAL CNN\u00a0<\/strong><\/p><p class=\"x_MsoNormal\"><a href=\"https:\/\/www.litoralpress.cl\/sitio\/RadioTV_Detalles.cshtml?LPKey=RLL37TGQLTOK4JIUBJSM3DOTVVTZPMJ4U7ZBGZYTNFONRZPDZL6A\">15 d\u00edas de la invasi\u00f3n rusa en Ucrania: Mariupol cercada por tropas rusas. Se refiere Alejandra M\u00e1rquez, acad\u00e9mica del Centro de An\u00e1lisis Pol\u00edtico (CAP).\u00a0<\/a><\/p><p class=\"x_MsoNormal\">\u00a0<\/p><p class=\"x_MsoNormal\"><strong>EL MERCURIO\u00a0<\/strong><\/p><p class=\"x_MsoNormal\"><a href=\"https:\/\/www.litoralpress.cl\/paginaconsultas\/Servicios_NClip\/Get_Imagen_Nota.aspx?LPKey=GPVUYVHGIV6XQH7JBP2GUKR4NZB5NIRG3TGEG3U5N3LOGROEII4KMHI3WH7NPHPFBXXF7JYQKW7TS\">Alfredo Moreno dice que \u201cla radiaci\u00f3n de los tel\u00e9fonos celulares desorienta a las abejas\u201d. Se refiere Marco Molina, vicerrector Acad\u00e9mico y profesor del Instituto de Ciencias Biol\u00f3gicas.\u00a0<\/a><\/p><p class=\"x_MsoNormal\">\u00a0<\/p><p class=\"x_MsoNormal\"><strong>CANAL UCHILE TV\u00a0<\/strong><\/p><p class=\"x_MsoNormal\"><a href=\"https:\/\/www.litoralpress.cl\/sitio\/RadioTV_Detalles.cshtml?LPKey=MEOOZPUJH4ZCOEMAXSBDE2IIYYVAXV6TJZLT7DHS2BEHEZCQNNUA\">Entrevista a \u00c9rika Retamal, directora del Departamento de Salud P\u00fablica.\u00a0<\/a><\/p><p class=\"x_MsoNormal\">\u00a0<\/p><p class=\"x_MsoNormal\"><strong>ELCOMUNICADOR.CL\u00a0<\/strong><\/p><p class=\"x_MsoNormal\"><a href=\"https:\/\/elcomunicador.cl\/reaparece-la-influenza-se-duplicaron-los-casos-en-los-ultimos-meses\/\">Reaparece la Influenza: Se duplicaron los casos en los \u00faltimos meses. Se refiere \u00c9rika Retamal, directora del Departamento de Salud P\u00fablica.\u00a0<\/a><\/p><p class=\"x_MsoNormal\">\u00a0<\/p><p class=\"x_MsoNormal\"><strong>DIARIO CHA\u00d1ARCILLO\u00a0<\/strong><\/p><p class=\"x_MsoNormal\"><a href=\"https:\/\/www.litoralpress.cl\/paginaconsultas\/Servicios_NClip\/Get_Imagen_Nota.aspx?LPKey=MC3RC3EYS22REVUNODPKJ2YW4RVD7UVJW7L2HNF3BJFPVLQVR2FIFPOH7SAVJJDKNSQODXY7G2M6S\">Reaparece la influenza: Se duplicaron los casos en los \u00faltimos meses. Se refiere \u00c9rika Retamal, directora del Departamento de Salud P\u00fablica.\u00a0<\/a><\/p><p class=\"x_MsoNormal\">\u00a0<\/p><p class=\"x_MsoNormal\"><strong>LATERCERA.COM\u00a0<\/strong><\/p><p class=\"x_MsoNormal\"><a href=\"https:\/\/www.latercera.com\/que-pasa\/noticia\/cuales-son-las-probabilidades-de-que-su-hijo-ya-haya-tenido-covid-y-usted-simplemente-no-se-dio-cuenta\/FXV4LS7GCZD6LNIEEEBHIARM6A\/\">\u00bfCu\u00e1les son las probabilidades de que su hijo ya haya tenido Covid y usted simplemente no se dio cuenta? Se menciona a Carlos Villalobos, acad\u00e9mico de la Facultad de Econom\u00eda y Negocios (FEN).\u00a0<\/a><\/p><p class=\"x_MsoNormal\">\u00a0<\/p><p class=\"x_MsoNormal\"><strong>CANAL CNN\u00a0<\/strong><\/p><p class=\"x_MsoNormal\"><a href=\"https:\/\/www.litoralpress.cl\/sitio\/RadioTV_Detalles.cshtml?LPKey=VM45H4TZHQ5JP32SN4FLZCW4HEOBRF3JDFM4DBYF4EDL5YQ3BYSQ\">Conflicto en la Macrozona Sur: Di\u00e1logo en vez de Estado de Excepci\u00f3n. Se refiere Dany Jaimovich, acad\u00e9mico de la Facultad de Econom\u00eda y Negocios (FEN).\u00a0<\/a><\/p><p class=\"x_MsoNormal\"><span class=\"x_MsoHyperlink\">\u00a0<\/span><\/p><p class=\"x_MsoNormal\"><strong>DIARIOELHERALDO.CL\u00a0<\/strong><\/p><p class=\"x_MsoNormal\"><a href=\"http:\/\/www.diarioelheraldo.cl\/noticia\/la-planificacion-es-fundamental-para-una-alimentacion-saludable-en-el-regreso-a-clases\">La planificaci\u00f3n es fundamental para una alimentaci\u00f3n saludable en el regreso a clases. Se refiere Fabiola Romero, acad\u00e9mica de la Escuela de Nutrici\u00f3n y Diet\u00e9tica.\u00a0<\/a><\/p><p class=\"x_MsoNormal\">\u00a0<\/p><p class=\"x_MsoNormal\"><strong>ELDESCONCIERTO.CL\u00a0<\/strong><\/p><p class=\"x_MsoNormal\"><a href=\"https:\/\/www.eldesconcierto.cl\/reportajes\/2022\/03\/10\/cambio-de-mando-las-grandes-promesas-incumplidas-de-sebastian-pinera.html\">Cambio de mando: Las grandes promesas incumplidas de Sebasti\u00e1n Pi\u00f1era. Se refiere \u00c9rika Retamal, directora del Departamento de Salud P\u00fablica.\u00a0<\/a><\/p><p class=\"x_MsoNormal\">\u00a0<\/p><p class=\"x_MsoNormal\"><strong>CANAL MEGA\u00a0<\/strong><\/p><p class=\"x_MsoNormal\"><a href=\"https:\/\/www.litoralpress.cl\/sitio\/RadioTV_Detalles.cshtml?LPKey=YARJELSLXTBQRLRDUPFNEAC6A7DZ6KOFMI3KRAP5OM36DQKPRCGQ\">Hoy se realiza cambio de mando presidencial. Se refiere Mauricio Morales, director del Centro de An\u00e1lisis Pol\u00edtico (CAP).\u00a0<\/a><\/p><p class=\"x_MsoNormal\">\u00a0<\/p><p class=\"x_MsoNormal\"><strong>CANAL CHILEVISI\u00d3N\u00a0<\/strong><\/p><p class=\"x_MsoNormal\"><a href=\"https:\/\/www.litoralpress.cl\/sitio\/RadioTV_Detalles.cshtml?LPKey=ECY5UM2PHGOMKBS6UEMKDWENZAQPGCGF2NQT2HO23OKRYDPBGT4A\">An\u00e9cdotas en los cambios de mando. Se refiere Mauricio Morales, director del Centro de An\u00e1lisis Pol\u00edtico (CAP).\u00a0<\/a><\/p><p class=\"x_MsoNormal\">\u00a0<\/p><p class=\"x_MsoNormal\"><strong>CANAL CNN\u00a0<\/strong><\/p><p class=\"x_MsoNormal\"><a href=\"https:\/\/www.litoralpress.cl\/sitio\/RadioTV_Detalles.cshtml?LPKey=VKI3LUHB6PGJBAZAGTET6TULK5KBTLEBU3CHNP3X23YHOVY6U35Q\">An\u00e9cdotas en los cambios de mando. Se refiere Mauricio Morales, director del Centro de An\u00e1lisis Pol\u00edtico (CAP).\u00a0<\/a><\/p><p class=\"x_MsoNormal\">\u00a0<\/p><p class=\"x_MsoNormal\"><strong>CANAL MEGA PLUS\u00a0<\/strong><\/p><p class=\"x_MsoNormal\"><a href=\"https:\/\/www.litoralpress.cl\/sitio\/RadioTV_Detalles.cshtml?LPKey=UJJQWNZH7LALGURCEMXSG3Z6UBJ3ZB2EX5OF2WNBJGG3FXLBFEJQ\">Entrevista a Mauricio Morales, director del Centro de An\u00e1lisis Pol\u00edtico (CAP).\u00a0<\/a><\/p><p class=\"x_MsoNormal\">\u00a0<\/p><p class=\"x_MsoNormal\"><strong>RADIO INFINITA\u00a0<\/strong><\/p><p class=\"x_MsoNormal\"><a href=\"https:\/\/www.litoralpress.cl\/sitio\/RadioTV_Detalles.cshtml?LPKey=BYJS3RJVYFTRHVYSCF3MDVN4L3WAITGVMHPEMYU5TXULCRD7EOJA\">Entrevista a Mauricio Morales, director del Centro de An\u00e1lisis Pol\u00edtico (CAP).\u00a0<\/a><\/p><p class=\"x_MsoNormal\">\u00a0<\/p><p class=\"x_MsoNormal\"><strong>RADIO BIOB\u00cdO VALPARA\u00cdSO\u00a0<\/strong><\/p><p class=\"x_MsoNormal\"><a href=\"https:\/\/www.litoralpress.cl\/sitio\/RadioTV_Detalles.cshtml?LPKey=2G3JD2ES7LJPWTZEB45JXXZXGFYKHUHD623P7T2YA4E7DPLI7BSA\">Entrevista a Mario Herrera, acad\u00e9mico del Centro de An\u00e1lisis Pol\u00edtico (CAP).\u00a0<\/a><\/p><p class=\"x_MsoNormal\">\u00a0<\/p><p class=\"x_MsoNormal\"><strong>DIARIO EL LECTOR\u00a0<\/strong><\/p><p class=\"x_MsoNormal\"><a href=\"https:\/\/www.litoralpress.cl\/paginaconsultas\/Servicios_NClip\/Get_Imagen_Nota.aspx?LPKey=Z542TZBIW6INPKWUON4R56TFZCNRNER7ZXPYWQZBXJI5GFMLJWZWNCHP34NUDSKN235U77B7NS3KU\">Analista pol\u00edtico destaca los principales desaf\u00edos del pr\u00f3ximo Gobierno en sus primeros 100 d\u00edas. Se refiere Mauricio Morales, director del Centro de An\u00e1lisis Pol\u00edtico (CAP).\u00a0<\/a><\/p><p class=\"x_MsoNormal\">\u00a0<\/p><p class=\"x_MsoNormal\"><strong>PAGINA7.CL\u00a0<\/strong><\/p><p class=\"x_MsoNormal\"><a href=\"https:\/\/www.pagina7.cl\/notas\/entretencion-y-espectaculos\/2022\/03\/10\/cambio-de-mando-2022-programacion-canales-television.shtml\">Cambio de mando 2022: as\u00ed se preparan los canales para transmitir la ceremonia presidencial. Se menciona a Mauricio Morales, director del Centro de An\u00e1lisis Pol\u00edtico (CAP).\u00a0<\/a><\/p><p class=\"x_MsoNormal\">\u00a0<\/p><p class=\"x_MsoNormal\"><strong>ENCANCHA.CL\u00a0<\/strong><\/p><p class=\"x_MsoNormal\"><a href=\"https:\/\/www.encancha.cl\/tiempo-x\/television\/2022\/3\/10\/con-julio-cesar-rodriguez-priscilla-vargas-jose-antonio-neme-mas-la-transmision-especial-de-los-canales-de-tv-por-el-cambio-de-mando-148904.html\">Con Julio C\u00e9sar Rodr\u00edguez, Priscilla Vargas, Jos\u00e9 Antonio Neme y m\u00e1s: La transmisi\u00f3n especial de los canales de tv por el cambio de mando. Se menciona a Mauricio Morales, director del Centro de An\u00e1lisis Pol\u00edtico (CAP).\u00a0<\/a><\/p><p class=\"x_MsoNormal\" aria-hidden=\"true\">\u00a0<\/p><p class=\"x_MsoNormal\"><strong>FOTECH.CL\u00a0<\/strong><\/p><p class=\"x_MsoNormal\"><a href=\"https:\/\/www.fotech.cl\/asi-sera-la-cobertura-de-los-canales-de-tv-al-cambio-de-mando-presidencial\/2022\/03\/10\/\">As\u00ed ser\u00e1 la cobertura de los canales de TV al cambio de mando presidencial. Se menciona a Mauricio Morales, director del Centro de An\u00e1lisis Pol\u00edtico (CAP).\u00a0<\/a><\/p><p class=\"x_MsoNormal\">\u00a0<\/p><p class=\"x_MsoNormal\"><strong>VI.CL\u00a0<\/strong><\/p><p class=\"x_MsoNormal\"><a href=\"http:\/\/www.vi.cl\/actualidad\/delegacion-del-ecosistema-de-emprendimiento-regional-de-o-higgins-establece-vinculos-colaborativos-con-el-centro-tecnologico-para-la-innovacion-alimentaria-ceta-17042\">Delegaci\u00f3n del ecosistema de emprendimiento regional de O\u00b4Higgins establece v\u00ednculos colaborativos con el Centro Tecnol\u00f3gico para la Innovaci\u00f3n Alimentaria-CeTA. Se menciona a la UTalca.\u00a0<\/a><\/p><p class=\"x_MsoNormal\">\u00a0<\/p><p class=\"x_MsoNormal\"><strong>ELCACHAPOAL.CL\u00a0<\/strong><\/p><p class=\"x_MsoNormal\"><a href=\"https:\/\/elcachapoal.cl\/ec\/2022\/03\/10\/96568\/\">Delegaci\u00f3n del ecosistema de emprendimiento regional de O\u00b4Higgins establece v\u00ednculos colaborativos con el Centro Tecnol\u00f3gico para la Innovaci\u00f3n Alimentaria-CeTA. Se menciona a la UTalca.\u00a0<\/a><\/p>\t\t\t\t\t\t<\/div>\n\t\t\t\t<\/div>\n\t\t\t\t\t<\/div>\n\t\t<\/div>\n\t\t\t\t\t\t\t<\/div>\n\t\t<\/section>\n\t\t\t\t\t\t<\/div>\n\t\t\t\t\t<\/div>\n\t\t","protected":false},"excerpt":{"rendered":"<p>ELMAULEINFORMA.CL\u00a0 Candidatos a rector de la UTalca presentaron sus programas de gobierno.\u00a0 \u00a0 CANAL CHILEVISI\u00d3N\u00a0 15 d\u00edas de la invasi\u00f3n rusa en Ucrania: Mariupol cercada por tropas rusas. Se refiere Alejandra M\u00e1rquez, acad\u00e9mica del Centro de An\u00e1lisis Pol\u00edtico (CAP).\u00a0 \u00a0 CANAL CNN\u00a0 15 d\u00edas de la invasi\u00f3n rusa en Ucrania: Mariupol cercada por tropas rusas. &hellip;<\/p>\n<p class=\"read-more\"> <a class=\"\" href=\"https:\/\/www.reportedeprensa.utalca.cl\/?p=3330\"> <span class=\"screen-reader-text\">11 de marzo de 2022<\/span> Read More &raquo;<\/a><\/p>\n","protected":false},"author":1,"featured_media":0,"comment_status":"closed","ping_status":"open","sticky":false,"template":"","format":"standard","meta":{"_monsterinsights_skip_tracking":false,"_monsterinsights_sitenote_active":false,"_monsterinsights_sitenote_note":"","_monsterinsights_sitenote_category":0},"categories":[19],"tags":[],"_links":{"self":[{"href":"https:\/\/www.reportedeprensa.utalca.cl\/index.php?rest_route=\/wp\/v2\/posts\/3330"}],"collection":[{"href":"https:\/\/www.reportedeprensa.utalca.cl\/index.php?rest_route=\/wp\/v2\/posts"}],"about":[{"href":"https:\/\/www.reportedeprensa.utalca.cl\/index.php?rest_route=\/wp\/v2\/types\/post"}],"author":[{"embeddable":true,"href":"https:\/\/www.reportedeprensa.utalca.cl\/index.php?rest_route=\/wp\/v2\/users\/1"}],"replies":[{"embeddable":true,"href":"https:\/\/www.reportedeprensa.utalca.cl\/index.php?rest_route=%2Fwp%2Fv2%2Fcomments&post=3330"}],"version-history":[{"count":4,"href":"https:\/\/www.reportedeprensa.utalca.cl\/index.php?rest_route=\/wp\/v2\/posts\/3330\/revisions"}],"predecessor-version":[{"id":3334,"href":"https:\/\/www.reportedeprensa.utalca.cl\/index.php?rest_route=\/wp\/v2\/posts\/3330\/revisions\/3334"}],"wp:attachment":[{"href":"https:\/\/www.reportedeprensa.utalca.cl\/index.php?rest_route=%2Fwp%2Fv2%2Fmedia&parent=3330"}],"wp:term":[{"taxonomy":"category","embeddable":true,"href":"https:\/\/www.reportedeprensa.utalca.cl\/index.php?rest_route=%2Fwp%2Fv2%2Fcategories&post=3330"},{"taxonomy":"post_tag","embeddable":true,"href":"https:\/\/www.reportedeprensa.utalca.cl\/index.php?rest_route=%2Fwp%2Fv2%2Ftags&post=3330"}],"curies":[{"name":"wp","href":"https:\/\/api.w.org\/{rel}","templated":true}]}}