{"id":3342,"date":"2022-03-14T09:19:38","date_gmt":"2022-03-14T12:19:38","guid":{"rendered":"https:\/\/www.reportedeprensa.utalca.cl\/?p=3342"},"modified":"2022-03-14T09:44:59","modified_gmt":"2022-03-14T12:44:59","slug":"14-de-marzo-de-2022","status":"publish","type":"post","link":"https:\/\/www.reportedeprensa.utalca.cl\/?p=3342","title":{"rendered":"14 de marzo de 2022"},"content":{"rendered":"\t\t<div data-elementor-type=\"wp-post\" data-elementor-id=\"3342\" class=\"elementor elementor-3342\" data-elementor-settings=\"[]\">\n\t\t\t\t\t\t\t<div class=\"elementor-section-wrap\">\n\t\t\t\t\t\t\t<section class=\"elementor-section elementor-top-section elementor-element elementor-element-17fae7ab elementor-section-boxed elementor-section-height-default elementor-section-height-default\" data-id=\"17fae7ab\" data-element_type=\"section\">\n\t\t\t\t\t\t<div class=\"elementor-container elementor-column-gap-default\">\n\t\t\t\t\t<div class=\"elementor-column elementor-col-100 elementor-top-column elementor-element elementor-element-60e202a0\" data-id=\"60e202a0\" data-element_type=\"column\">\n\t\t\t<div class=\"elementor-widget-wrap elementor-element-populated\">\n\t\t\t\t\t\t\t\t<div class=\"elementor-element elementor-element-387ad460 elementor-widget elementor-widget-text-editor\" data-id=\"387ad460\" data-element_type=\"widget\" data-widget_type=\"text-editor.default\">\n\t\t\t\t<div class=\"elementor-widget-container\">\n\t\t\t\t\t\t\t\t<p class=\"x_MsoNormal\"><strong>DIARIO LA PRENSA\u00a0<\/strong><\/p><p class=\"x_MsoNormal\"><a href=\"https:\/\/www.litoralpress.cl\/paginaconsultas\/Servicios_NClip\/Get_Imagen_Nota.aspx?LPKey=Q4C4NVBDVBAEZHB6YHKIXYL2QQLH6MNRPMSSLWPFL3FSLSSRJAR4VWO3LPLJ4ZXT3BPM3G3BXQ3NW\">Universidad de Talca: Concretan actualizaci\u00f3n de modelo educativo. Se refiere Paula Manr\u00edquez, vicerrectora de Pregrado.\u00a0<\/a><\/p><p class=\"x_MsoNormal\">\u00a0<\/p><p class=\"x_MsoNormal\"><strong>DIARIO EL HERALDO\u00a0<\/strong><\/p><p class=\"x_MsoNormal\"><a href=\"https:\/\/www.litoralpress.cl\/paginaconsultas\/Servicios_NClip\/Get_Imagen_Nota.aspx?LPKey=6N5TD3GDT5DDXUKD2ZEM4TY47VBJCUVWI7XNBSLTX7VSPIG5UOA6I4D2DHHCJY2T2RKR4YIQ3AHKU\">Universidad de Talca actualiza su modelo educativo. Se refiere Paula Manr\u00edquez, vicerrectora de Pregrado. \u00a0<\/a><\/p><p class=\"x_MsoNormal\">\u00a0<\/p><p class=\"x_MsoNormal\"><strong>DIARIO EL LECTOR\u00a0<\/strong><\/p><p class=\"x_MsoNormal\"><a href=\"https:\/\/www.litoralpress.cl\/paginaconsultas\/Servicios_NClip\/Get_Imagen_Nota.aspx?LPKey=LHVNFTKPGY7HAC4MAHIGKUPE3QWKYJWVZDVCLYD342HPLLROGMLSEA6KTONMXN5K4FZ3PDA3773NY\">Universidad de Talca actualiza su modelo educativo. Se refiere Paula Manr\u00edquez, vicerrectora de Pregrado.\u00a0<\/a><\/p><p class=\"x_MsoNormal\" aria-hidden=\"true\">\u00a0<\/p><p class=\"x_MsoNormal\"><strong>DIARIOELHERALDO.CL\u00a0<\/strong><\/p><p class=\"x_MsoNormal\"><a href=\"http:\/\/www.diarioelheraldo.cl\/noticia\/universidad-de-talca-actualiza-su-modelo-educativo-\">Universidad de Talca actualiza su modelo educativo. Se refiere Paula Manr\u00edquez, vicerrectora de Pregrado.\u00a0<\/a><\/p><p class=\"x_MsoNormal\" aria-hidden=\"true\">\u00a0<\/p><p class=\"x_MsoNormal\"><strong>MAULEHOY.CL\u00a0<\/strong><\/p><p class=\"x_MsoNormal\"><a href=\"https:\/\/maulehoy.cl\/2022\/03\/12\/universidad-de-talca-actualiza-su-modelo-educativo\/\">Universidad de Talca actualiza su modelo educativo. Se refiere Paula Manr\u00edquez, vicerrectora de Pregrado.\u00a0<\/a><\/p><p class=\"x_MsoNormal\">\u00a0<\/p><p class=\"x_MsoNormal\"><strong>DIARIO LA PRENSA\u00a0<\/strong><\/p><p class=\"x_MsoNormal\"><a href=\"https:\/\/www.litoralpress.cl\/paginaconsultas\/Servicios_NClip\/Get_Imagen_Nota.aspx?LPKey=B2YTEDE5C2VW7IGQKZWC6INM2SVTY2KCF6AXKLJKJB2MXVNAJU5J3R27SIWD47CTJSDXFVTRYEOUS\">Candidatos a la rector\u00eda de la presentaron sus programas.\u00a0<\/a><\/p><p class=\"x_MsoNormal\">\u00a0<\/p><p class=\"x_MsoNormal\"><strong>TV5.CL\u00a0<\/strong><\/p><p class=\"x_MsoNormal\"><a href=\"https:\/\/www.tv5.cl\/noticia\/candidatos-a-rector-de-la-utalca-presentaron-sus-programas-de-gobierno\/622aa82ea80d47000a9dcdbd\">Candidatos a rector de la UTalca presentaron sus programas de gobierno.\u00a0<\/a><\/p><p class=\"x_MsoNormal\">\u00a0<\/p><p class=\"x_MsoNormal\"><strong>DIARIOLAMA\u00d1ANA.CL\u00a0<\/strong><\/p><p class=\"x_MsoNormal\"><a href=\"https:\/\/xn--diariolamaana-rkb.cl\/2022\/03\/10\/candidatos-a-rector-de-la-utalca-presentaron-sus-programas-de-gobierno\/\">Candidatos a rector de la UTalca presentaron sus programas de gobierno.\u00a0<\/a><\/p><p class=\"x_MsoNormal\">\u00a0<\/p><p class=\"x_MsoNormal\"><strong>DIARIOTALCA.CL\u00a0<\/strong><\/p><p class=\"x_MsoNormal\"><a href=\"https:\/\/diariotalca.cl\/candidatos-a-rector-de-la-universidad-de-talca-debatieron-por-ultima-vez\/\">Candidatos a rector de la Universidad de Talca debatieron por \u00faltima vez.\u00a0<\/a><\/p><p class=\"x_MsoNormal\">\u00a0<\/p><p class=\"x_MsoNormal\"><strong>MAULEHOY.CL\u00a0<\/strong><\/p><p class=\"x_MsoNormal\"><a href=\"https:\/\/maulehoy.cl\/2022\/03\/12\/candidatos-a-rector-de-la-universidad-de-talca-presentaron-sus-programas-de-gobierno\/\">Candidatos a rector de la UTalca presentaron sus programas de gobierno.\u00a0<\/a><\/p><p class=\"x_MsoNormal\" aria-hidden=\"true\">\u00a0<\/p><p class=\"x_MsoNormal\"><strong>EMOL.COM\u00a0<\/strong><\/p><p class=\"x_MsoNormal\"><a href=\"https:\/\/www.emol.com\/noticias\/Nacional\/2022\/03\/13\/1048965\/espana-contara-casos-graves-covid.html\">Contabilizar s\u00f3lo casos graves: La definici\u00f3n de Espa\u00f1a y el debate entre expertos ante una vigilancia &#8220;menos exhaustiva&#8221;. Se refiere Daniel Jim\u00e9nez, director de Salud del Estudiante.\u00a0<\/a><\/p><p class=\"x_MsoNormal\">\u00a0<\/p><p class=\"x_MsoNormal\"><strong>IMPACTOREGIONAL.CL\u00a0<\/strong><\/p><p class=\"x_MsoNormal\"><a href=\"http:\/\/www.impactoregional.cl\/?p=4779\">Seg\u00fan el Minsal, Regi\u00f3n del Maule supera los dos mil fallecidos por COVID-19. Se refiere \u00c9rika Retamal, directora del Departamento de Salud P\u00fablica. \u00a0<\/a><\/p><p class=\"x_MsoNormal\">\u00a0<\/p><p class=\"x_MsoNormal\"><strong>RADIO BIOB\u00cdO\u00a0<\/strong><\/p><p class=\"x_MsoNormal\"><a href=\"https:\/\/www.litoralpress.cl\/sitio\/RadioTV_Detalles.cshtml?LPKey=BZH6MZ2ERTWKEB22FIW6PRNYXS234TO3VEPDIQZB5JMGDHCNHQHA\">Expertos aseguraron que la nueva ley marco del cambio clim\u00e1tico es un hito hist\u00f3rico. Se refiere Patricio Gonz\u00e1lez, acad\u00e9mico del Centro de Investigaci\u00f3n y Transferencia en Riego y Agroclimatolog\u00eda (CITRA).\u00a0<\/a><\/p><p class=\"x_MsoNormal\">\u00a0<\/p><p class=\"x_MsoNormal\"><strong>BIOBIOCHILE.CL\u00a0<\/strong><\/p><p class=\"x_MsoNormal\"><a href=\"https:\/\/www.biobiochile.cl\/especial\/aqui-tierra\/noticias\/2022\/03\/11\/expertos-valoran-ley-marco-de-cambio-climatico-pero-plantean-algunos-reparos.shtml\">Expertos valoran ley Marco de Cambio Clim\u00e1tico, pero plantean algunos reparos. Se refiere Patricio Gonz\u00e1lez, acad\u00e9mico del Centro de Investigaci\u00f3n y Transferencia en Riego y Agroclimatolog\u00eda (CITRA).\u00a0<\/a><\/p><p class=\"x_MsoNormal\">\u00a0<\/p><p class=\"x_MsoNormal\"><strong>ADPRENSA.CL\u00a0<\/strong><\/p><p class=\"x_MsoNormal\"><a href=\"https:\/\/www.adprensa.cl\/cronica\/la-planificacion-es-fundamental-para-una-alimentacion-saludable-en-el-regreso-a-clases\/\">La planificaci\u00f3n es fundamental para una alimentaci\u00f3n saludable en el regreso a clases. Se refiere Fabiola Romero, acad\u00e9mica de la Escuela de Nutrici\u00f3n y Diet\u00e9tica.\u00a0<\/a><\/p><p class=\"x_MsoNormal\">\u00a0<\/p><p class=\"x_MsoNormal\"><strong>DIARIO EL HERALDO\u00a0<\/strong><\/p><p class=\"x_MsoNormal\"><a href=\"https:\/\/www.litoralpress.cl\/paginaconsultas\/Servicios_NClip\/Get_Imagen_Nota.aspx?LPKey=I2WYPRSEFWM3T7PVHNBO3HMHOUW2ILKIR3SNEKVJG5GAFZ7XL3SQOUHVXKNJZ6LVIFUW3KQNP3FSK\">La planificaci\u00f3n es fundamental para una alimentaci\u00f3n saludable en el regreso a clases. Se refiere Fabiola Romero, acad\u00e9mica de la Escuela de Nutrici\u00f3n y Diet\u00e9tica.\u00a0<\/a><\/p><p class=\"x_MsoNormal\">\u00a0<\/p><p class=\"x_MsoNormal\"><strong>DIARIO EL LECTOR\u00a0<\/strong><\/p><p class=\"x_MsoNormal\"><a href=\"https:\/\/www.litoralpress.cl\/paginaconsultas\/Servicios_NClip\/Get_Imagen_Nota.aspx?LPKey=22QX2P7SG3SVVY56V6YMN23PAFC37KG2FEHOQSGJHSPQW3ASYTHQZPU5WFKYI52SPYS7YDDZV2MTK\">La planificaci\u00f3n es fundamental para una alimentaci\u00f3n saludable en el regreso a clases. Se refiere Fabiola Romero, acad\u00e9mica de la Escuela de Nutrici\u00f3n y Diet\u00e9tica.\u00a0<\/a><\/p><p class=\"x_MsoNormal\" aria-hidden=\"true\">\u00a0<\/p><p class=\"x_MsoNormal\"><strong>DIARIOELHERALDO.CL\u00a0<\/strong><\/p><p class=\"x_MsoNormal\"><a href=\"http:\/\/www.diarioelheraldo.cl\/noticia\/la-planificacion-es-fundamental-para-una-alimentacion-saludable-en-el-regreso-a-clases\">La planificaci\u00f3n es fundamental para una alimentaci\u00f3n saludable en el regreso a clases. Se refiere Fabiola Romero, acad\u00e9mica de la Escuela de Nutrici\u00f3n y Diet\u00e9tica.\u00a0<\/a><\/p><p class=\"x_MsoNormal\" aria-hidden=\"true\">\u00a0<\/p><p class=\"x_MsoNormal\"><strong>ELMAULEINFORMA.CL\u00a0<\/strong><\/p><p class=\"x_MsoNormal\"><a href=\"https:\/\/elmauleinforma.cl\/la-planificacion-es-fundamental-para-una-alimentacion-saludable-en-el-regreso-a-clases\/\">La planificaci\u00f3n es fundamental para una alimentaci\u00f3n saludable en el regreso a clases. Se refiere Fabiola Romero, acad\u00e9mica de la Escuela de Nutrici\u00f3n y Diet\u00e9tica.\u00a0<\/a><\/p><p class=\"x_MsoNormal\" aria-hidden=\"true\">\u00a0<\/p><p class=\"x_MsoNormal\"><strong>ATENTOSCHILE.CL\u00a0<\/strong><\/p><p class=\"x_MsoNormal\"><a href=\"https:\/\/www.litoralpress.cl\/sitio\/RadioTV_Detalles.cshtml?LPKey=GT723C4MAUBSKXD2ASTKS4CQ442YJL2XQNLKXSBMAVKOTCRWGGEA\">Recomendaci\u00f3n de alimentaci\u00f3n saludable en el regreso a clases. Se refiere Fabiola Romero, acad\u00e9mica de la Escuela de Nutrici\u00f3n y Diet\u00e9tica.\u00a0<\/a><\/p><p class=\"x_MsoNormal\">\u00a0<\/p><p class=\"x_MsoNormal\"><strong>RADIO MARISOL\u00a0<\/strong><\/p><p class=\"x_MsoNormal\"><a href=\"https:\/\/www.litoralpress.cl\/sitio\/RadioTV_Detalles.cshtml?LPKey=4LOESSOXBJ6CXU2R3ATYFV7Y2TXDOKMQ2BF77ZAIXAGMPCKMSW6Q\">Recomendaci\u00f3n de alimentaci\u00f3n saludable en el regreso a clases. Se refiere Fabiola Romero, acad\u00e9mica de la Escuela de Nutrici\u00f3n y Diet\u00e9tica.\u00a0<\/a><\/p><p class=\"x_MsoNormal\" aria-hidden=\"true\">\u00a0<\/p><p class=\"x_MsoNormal\"><strong>G5NOTICIAS.CL\u00a0<\/strong><\/p><p class=\"x_MsoNormal\"><a href=\"https:\/\/g5noticias.cl\/2022\/03\/11\/la-planificacion-es-fundamental-para-una-alimentacion-saludable-en-el-regreso-a-clases\/\">La planificaci\u00f3n es fundamental para una alimentaci\u00f3n saludable en el regreso a clases. Se refiere Fabiola Romero, acad\u00e9mica de la Escuela de Nutrici\u00f3n y Diet\u00e9tica.\u00a0<\/a><\/p><p class=\"x_MsoNormal\" aria-hidden=\"true\">\u00a0<\/p><p class=\"x_MsoNormal\"><strong>EL MERCURIO\u00a0<\/strong><\/p><p class=\"x_MsoNormal\"><a href=\"https:\/\/www.litoralpress.cl\/paginaconsultas\/Servicios_NClip\/Get_Imagen_Nota.aspx?LPKey=O7UQAZ6CXJVECF3B5APTCHRWQKG2NTQEYYT5DPLEPWHPQF6IXWKYYA6C5UTRKEKJKUK3H2CCC4ARQ\">Animales, personas y Constituci\u00f3n. Se refiere Michel Leporati, director de Innovaci\u00f3n y Transferencia.\u00a0<\/a><\/p><p class=\"x_MsoNormal\">\u00a0<\/p><p class=\"x_MsoNormal\"><strong>CANAL MEGA\u00a0<\/strong><\/p><p class=\"x_MsoNormal\"><a href=\"https:\/\/www.litoralpress.cl\/sitio\/RadioTV_Detalles.cshtml?LPKey=6756OHVA63V2OZRVTBHDPNNLRRAMUVXBKEH5H5NIPW5SE2NES54A\">Acuerdo en la C\u00e1mara de Diputados y en el Senado para la elecci\u00f3n de la presidencia de la mesa. Se refiere Mauricio Morales, director del Centro de An\u00e1lisis Pol\u00edtico (CAP).\u00a0<\/a><\/p><p class=\"x_MsoNormal\">\u00a0<\/p><p class=\"x_MsoNormal\"><strong>CANAL MEGA\u00a0<\/strong><\/p><p class=\"x_MsoNormal\"><a href=\"https:\/\/www.litoralpress.cl\/sitio\/RadioTV_Detalles.cshtml?LPKey=PA3NED5MUDGWGDQW2P4RI4ZP2XAIZXFPXWIQU7TIF6Y4SJKODLQQ\">Presidente Pi\u00f1era se despide de La Moneda y se dirige al Congreso Nacional. Se refiere Mauricio Morales, director del Centro de An\u00e1lisis Pol\u00edtico (CAP).\u00a0<\/a><\/p><p class=\"x_MsoNormal\">\u00a0<\/p><p class=\"x_MsoNormal\"><strong>CANAL MEGA\u00a0<\/strong><\/p><p class=\"x_MsoNormal\"><a href=\"https:\/\/www.litoralpress.cl\/sitio\/RadioTV_Detalles.cshtml?LPKey=LUBZHUUZO52OPKXIZQM67L3LFNKJNK6SNU4HTHESA33F2P5LW27A\">Gabriel Boric se re\u00fane con su gabinete para tomarse la fotograf\u00eda oficial. Se refiere Mauricio Morales, director del Centro de An\u00e1lisis Pol\u00edtico (CAP).\u00a0<\/a><\/p><p class=\"x_MsoNormal\">\u00a0<\/p><p class=\"x_MsoNormal\"><strong>CANAL MEGA\u00a0<\/strong><\/p><p class=\"x_MsoNormal\"><a href=\"https:\/\/www.litoralpress.cl\/sitio\/RadioTV_Detalles.cshtml?LPKey=AOYOX26CDICFGYSUQY4MCRWNRIRBNC2D2KX4MSDU2KKVBF6TTWZA\">\u00c1lvaro Elizalde es elegido nuevo Presidente del Senado. Se refiere Mauricio Morales, director del Centro de An\u00e1lisis Pol\u00edtico (CAP).\u00a0<\/a><\/p><p class=\"x_MsoNormal\">\u00a0<\/p><p class=\"x_MsoNormal\"><strong>CANAL MEGA\u00a0<\/strong><\/p><p class=\"x_MsoNormal\"><a href=\"https:\/\/www.litoralpress.cl\/sitio\/RadioTV_Detalles.cshtml?LPKey=QRMOC4LG4SMZN2EEES5RVHUQ3XXYSUPRLWZLYMLJXIUJK5SDORCA\">Gabriel Boric a minutos de asumir como Presidente de la Rep\u00fablica. Se refiere Mauricio Morales, director del Centro de An\u00e1lisis Pol\u00edtico (CAP).\u00a0<\/a><\/p><p class=\"x_MsoNormal\">\u00a0<\/p><p class=\"x_MsoNormal\"><strong>CANAL MEGA\u00a0<\/strong><\/p><p class=\"x_MsoNormal\"><a href=\"https:\/\/www.litoralpress.cl\/sitio\/RadioTV_Detalles.cshtml?LPKey=6UVWQV3FF66JYXC76U7PKULR537HDOVPEVD54JQ2G7VY25KTCCYA\">Gabriel Boric asume como Presidente de la Rep\u00fablica. Se refiere Mauricio Morales, director del Centro de An\u00e1lisis Pol\u00edtico (CAP).\u00a0<\/a><\/p><p class=\"x_MsoNormal\">\u00a0<\/p><p class=\"x_MsoNormal\"><strong>CANAL MEGA\u00a0<\/strong><\/p><p class=\"x_MsoNormal\"><a href=\"https:\/\/www.litoralpress.cl\/sitio\/RadioTV_Detalles.cshtml?LPKey=SW673YAZHJPMLDPPM6SFFSMPO6EPWEUWRG4HWG2VKVINKN4BTBYQ\">Manejo de expectativas sobre el nuevo Gobierno. Se refiere Mauricio Morales, director del Centro de An\u00e1lisis Pol\u00edtico (CAP).\u00a0<\/a><\/p><p class=\"x_MsoNormal\">\u00a0<\/p><p class=\"x_MsoNormal\"><strong>CANAL MEGA\u00a0<\/strong><\/p><p class=\"x_MsoNormal\"><a href=\"https:\/\/www.litoralpress.cl\/sitio\/RadioTV_Detalles.cshtml?LPKey=I5RXRXT6ICKFVKTEQOY6PIA7CG5L6G6NT44MZG7JGZMYAJYOOEWQ\">Cortes de tr\u00e1nsito en la Alameda por llegada del Presidente Boric. Se refiere Mauricio Morales, director del Centro de An\u00e1lisis Pol\u00edtico (CAP).\u00a0<\/a><\/p><p class=\"x_MsoNormal\">\u00a0<\/p><p class=\"x_MsoNormal\"><strong>CANAL MEGA\u00a0<\/strong><\/p><p class=\"x_MsoNormal\"><a href=\"https:\/\/www.litoralpress.cl\/sitio\/RadioTV_Detalles.cshtml?LPKey=RYCELXHUGQDH7C7WPEAZPLSKMTKWUAUQKXCSNGIMY3L4FWBSFOJQ\">La mujer Rapa Nui que acompa\u00f1\u00f3 a Gabriel Boric es jefa de protocolo y directora ceremonial. Se refiere Mauricio Morales, director del Centro de An\u00e1lisis Pol\u00edtico (CAP).\u00a0<\/a><\/p><p class=\"x_MsoNormal\">\u00a0<\/p><p class=\"x_MsoNormal\"><strong>CANAL MEGA\u00a0<\/strong><\/p><p class=\"x_MsoNormal\"><a href=\"https:\/\/www.litoralpress.cl\/sitio\/RadioTV_Detalles.cshtml?LPKey=BOZJRNGX6RG3C35FQAPOAYYFJDV3K6YVCXZ7WOP3KFN2NY5E775A\">El camino de Gabriel Boric para ser Presidente de la Rep\u00fablica. Se refiere Mauricio Morales, director del Centro de An\u00e1lisis Pol\u00edtico (CAP).\u00a0<\/a><\/p><p class=\"x_MsoNormal\">\u00a0<\/p><p class=\"x_MsoNormal\"><strong>CANAL MEGA\u00a0<\/strong><\/p><p class=\"x_MsoNormal\"><a href=\"https:\/\/www.litoralpress.cl\/sitio\/RadioTV_Detalles.cshtml?LPKey=3NATZR7KBVLVRLTBJNKCM6AUYXAUE5KLUAZFAAPLLJCV5UKJPETQ\">La desconocida vida del nuevo Presidente Gabriel Boric. Se refiere Mauricio Morales, director del Centro de An\u00e1lisis Pol\u00edtico (CAP).\u00a0<\/a><\/p><p class=\"x_MsoNormal\">\u00a0<\/p><p class=\"x_MsoNormal\"><strong>CANAL MEGA\u00a0<\/strong><\/p><p class=\"x_MsoNormal\"><a href=\"https:\/\/www.litoralpress.cl\/sitio\/RadioTV_Detalles.cshtml?LPKey=7MQ7QHXCTQUXVCOP3LSMNDYRNE44WTNCBWLSGOFOD4GP33JLKB2Q\">El camino de Boric a la Presidencia.\u00a0Se refiere Mauricio Morales, director del Centro de An\u00e1lisis Pol\u00edtico (CAP).\u00a0<\/a><\/p><p class=\"x_MsoNormal\">\u00a0<\/p><p class=\"x_MsoNormal\"><strong>CANAL MEGA\u00a0<\/strong><\/p><p class=\"x_MsoNormal\"><a href=\"https:\/\/www.litoralpress.cl\/sitio\/RadioTV_Detalles.cshtml?LPKey=TOBXQPIRBULHMAWMM7MCDS4H6NHE3MGGQALS3KHYH7IG7DE26JAQ\">90 nuevos diputados llegaron al Congreso. Se refiere Mauricio Morales, director del Centro de An\u00e1lisis Pol\u00edtico (CAP).\u00a0<\/a><\/p><p class=\"x_MsoNormal\">\u00a0<\/p><p class=\"x_MsoNormal\"><strong>CANAL MEGA\u00a0<\/strong><\/p><p class=\"x_MsoNormal\"><a href=\"https:\/\/www.litoralpress.cl\/sitio\/RadioTV_Detalles.cshtml?LPKey=ZCOFRZVQQQFZZCKGE5HNCBZBYVFZ4U6FKT7GDDRZ7Y5MLAIKUEKQ\">El Senado de la era Boric. Se refiere Mauricio Morales, director del Centro de An\u00e1lisis Pol\u00edtico (CAP).\u00a0<\/a><\/p><p class=\"x_MsoNormal\">\u00a0<\/p><p class=\"x_MsoNormal\"><strong>CANAL MEGA\u00a0<\/strong><\/p><p class=\"x_MsoNormal\"><a href=\"https:\/\/www.litoralpress.cl\/sitio\/RadioTV_Detalles.cshtml?LPKey=6WGQ36GCLYVIG2IKMUZT23LPM4BOER6QUPWM33OOMPGKSND5VLAA\">El c\u00edrculo de hierro de Boric. Se refiere Mauricio Morales, director del Centro de An\u00e1lisis Pol\u00edtico (CAP).\u00a0<\/a><\/p><p class=\"x_MsoNormal\">\u00a0<\/p><p class=\"x_MsoNormal\"><strong>CANAL MEGA\u00a0<\/strong><\/p><p class=\"x_MsoNormal\"><a href=\"https:\/\/www.litoralpress.cl\/sitio\/RadioTV_Detalles.cshtml?LPKey=ZOMQ5ERKRXIHSSCMIEEE45P5YVVC46VNTEOJIFCQRGOEILD7WI7A\">Primer d\u00eda de trabajo de Presidente Boric. Se refiere Mauricio Morales, director del Centro de An\u00e1lisis Pol\u00edtico (CAP).\u00a0<\/a><\/p><p class=\"x_MsoNormal\">\u00a0<\/p><p class=\"x_MsoNormal\"><strong>CANAL MEGA\u00a0<\/strong><\/p><p class=\"x_MsoNormal\"><a href=\"https:\/\/www.litoralpress.cl\/sitio\/RadioTV_Detalles.cshtml?LPKey=QWJRNRBWTC7727WP6RFAGNDBD4AGUX3FFKZBFSNVOBWTGXCX7BVQ\">An\u00e1lisis pol\u00edtico de los desaf\u00edos del Gobierno. Se refiere Mauricio Morales, director del Centro de An\u00e1lisis Pol\u00edtico (CAP).\u00a0<\/a><\/p><p class=\"x_MsoNormal\">\u00a0<\/p><p class=\"x_MsoNormal\"><strong>CANAL MEGA\u00a0<\/strong><\/p><p class=\"x_MsoNormal\"><a href=\"https:\/\/www.litoralpress.cl\/sitio\/RadioTV_Detalles.cshtml?LPKey=2ZCCSNLP7KXJB5JHKUA43HPVGGTYYYYWU53RXFWPBZNDBNADW4VA\">Se realiza la ceremonia con los pueblos originarios en La Moneda. Se refiere Mauricio Morales, director del Centro de An\u00e1lisis Pol\u00edtico (CAP).\u00a0<\/a><\/p><p class=\"x_MsoNormal\" aria-hidden=\"true\">\u00a0<\/p><p class=\"x_MsoNormal\"><strong>CANAL MEGA\u00a0<\/strong><\/p><p class=\"x_MsoNormal\"><a href=\"https:\/\/www.litoralpress.cl\/sitio\/RadioTV_Detalles.cshtml?LPKey=QMALX2PW2WHZAEJ6PVS22OZKXFGV7IB3HHUDTM4JA4J27TJ6KHIQ\">Oraci\u00f3n por Chile en la Catedral de Santiago. Se refiere Mauricio Morales, director del Centro de An\u00e1lisis Pol\u00edtico (CAP).\u00a0<\/a><\/p><p class=\"x_MsoNormal\">\u00a0<\/p><p class=\"x_MsoNormal\"><strong>CANAL MEGA\u00a0<\/strong><\/p><p class=\"x_MsoNormal\"><a href=\"https:\/\/www.litoralpress.cl\/sitio\/RadioTV_Detalles.cshtml?LPKey=5BDERDZWI4QAW47SLTDPB72P2EVKKN4N3XSQTLFQKGOOYUV3HPRQ\">Foto oficial del Presidente Gabriel Boric con su gabinete. Se refiere Mauricio Morales, director del Centro de An\u00e1lisis Pol\u00edtico (CAP).\u00a0<\/a><\/p><p class=\"x_MsoNormal\">\u00a0<\/p><p class=\"x_MsoNormal\"><strong>CANAL MEGA\u00a0<\/strong><\/p><p class=\"x_MsoNormal\"><a href=\"https:\/\/www.litoralpress.cl\/sitio\/RadioTV_Detalles.cshtml?LPKey=4IUPF7NYD7DOB43IEFBVI5N7M54AGN3SRFOKMLSBHM7X2ILDYU6A\">Presidente Gabriel Boric recibe honores a su salida de La Moneda. Se refiere Mauricio Morales, director del Centro de An\u00e1lisis Pol\u00edtico (CAP).\u00a0<\/a><\/p><p class=\"x_MsoNormal\">\u00a0<\/p><p class=\"x_MsoNormal\"><strong>CANAL MEGA\u00a0<\/strong><\/p><p class=\"x_MsoNormal\"><a href=\"https:\/\/www.litoralpress.cl\/sitio\/RadioTV_Detalles.cshtml?LPKey=LIOHIJV5RTFEHQBSJTVJFHDWJLAS4PMZKD4C5HV6UQWAVZTFUTNQ\">Vecinos de barrio Yungay organizaron fiesta de bienvenida para Presidente Boric. Se refiere Mauricio Morales, director del Centro de An\u00e1lisis Pol\u00edtico (CAP).\u00a0<\/a><\/p><p class=\"x_MsoNormal\">\u00a0<\/p><p class=\"x_MsoNormal\"><strong>CANAL MEGA\u00a0<\/strong><\/p><p class=\"x_MsoNormal\"><a href=\"https:\/\/www.litoralpress.cl\/sitio\/RadioTV_Detalles.cshtml?LPKey=VB73BLFBCBFMOK2HLDRPLJGK47CCQZUHA2ZHDDLK5OTXRAKWYHOQ\">Desaf\u00edos del mandato de Gabriel Boric para estos cuatro a\u00f1os. Se refiere Mauricio Morales, director del Centro de An\u00e1lisis Pol\u00edtico (CAP).\u00a0<\/a><\/p><p class=\"x_MsoNormal\" aria-hidden=\"true\">\u00a0<\/p><p class=\"x_MsoNormal\"><strong>CANAL MEGA\u00a0<\/strong><\/p><p class=\"x_MsoNormal\"><a href=\"https:\/\/www.litoralpress.cl\/sitio\/RadioTV_Detalles.cshtml?LPKey=AE4PDV55L6KX3NCD3PTCKVP7N5HAPJVISP3NEVKGLUOSTSMVRLKA\">La carrera presidencial de Boric. Se refiere Mauricio Morales, director del Centro de An\u00e1lisis Pol\u00edtico (CAP).\u00a0<\/a><\/p><p class=\"x_MsoNormal\">\u00a0<\/p><p class=\"x_MsoNormal\"><strong>CANAL MEGA\u00a0<\/strong><\/p><p class=\"x_MsoNormal\"><a href=\"https:\/\/www.litoralpress.cl\/sitio\/RadioTV_Detalles.cshtml?LPKey=RRQHJ3FMVJT7HSNH75TPWEMPELM2M2ACOFSOZPZHSECBH36H4DDA\">Proyectan los desaf\u00edos del nuevo gobierno en el palacio de La Moneda. Se refiere Mauricio Morales, director del Centro de An\u00e1lisis Pol\u00edtico (CAP).\u00a0<\/a><\/p><p class=\"x_MsoNormal\">\u00a0<\/p><p class=\"x_MsoNormal\"><strong>LAS \u00daLTIMAS NOTICIAS\u00a0<\/strong><\/p><p class=\"x_MsoNormal\"><a href=\"https:\/\/www.litoralpress.cl\/paginaconsultas\/Servicios_NClip\/Get_Imagen_Nota.aspx?LPKey=4PFJZMW2DUJNWQMCK4AOI7RSIAPK72DEDNOV42JGPR5CELKGPENN2PRLTEZFOQFXD4HB5NV43XZPG\">Qui\u00e9n es Gabriel Boric: desde su curr\u00edculum pol\u00edtico hasta su libro preferido. Se refiere Mauricio Morales, director del Centro de An\u00e1lisis Pol\u00edtico (CAP).\u00a0<\/a><\/p><p class=\"x_MsoNormal\">\u00a0<\/p><p class=\"x_MsoNormal\"><strong>PUBLIMETRO\u00a0<\/strong><\/p><p class=\"x_MsoNormal\"><a href=\"https:\/\/www.litoralpress.cl\/paginaconsultas\/Servicios_NClip\/Get_Imagen_Nota.aspx?LPKey=X5ZF2KG3Q7MNDBEPUMSVI2SRVTEHZYASFYY62VDLSPFMUV4L6W5CPENDXKNQTZYLJZVYRPKQUG7Q4\">3 Preguntas a Mauricio Morales, director del Centro de An\u00e1lisis Pol\u00edtico (CAP).\u00a0<\/a><\/p><p class=\"x_MsoNormal\">\u00a0<\/p><p class=\"x_MsoNormal\"><strong>RADIO INFINITA\u00a0<\/strong><\/p><p class=\"x_MsoNormal\"><a href=\"https:\/\/www.litoralpress.cl\/sitio\/RadioTV_Detalles.cshtml?LPKey=T6SPZ5JFXEL3C7TBEGIBKOCTDD225EMQKJBFM3WNOLCKTZS5JUAQ\">An\u00e1lisis de la actualidad pol\u00edtica. Se refiere Mauricio Morales, director del Centro de An\u00e1lisis Pol\u00edtico (CAP).\u00a0<\/a><\/p><p class=\"x_MsoNormal\">\u00a0<\/p><p class=\"x_MsoNormal\"><strong>RADIO INFINITA\u00a0<\/strong><\/p><p class=\"x_MsoNormal\"><a href=\"https:\/\/www.litoralpress.cl\/sitio\/RadioTV_Detalles.cshtml?LPKey=T6SPZ5JFXEL3C7TBEGIBKOCTDD225EMQKJBFM3WNOLCKTZS5JUAQ\">Cambio de mando. Se refiere Mauricio Morales, director del Centro de An\u00e1lisis Pol\u00edtico (CAP).\u00a0<\/a><\/p><p class=\"x_MsoNormal\">\u00a0<\/p><p class=\"x_MsoNormal\"><strong>ELMOSTRADOR.CL\u00a0<\/strong><\/p><p class=\"x_MsoNormal\"><a href=\"https:\/\/www.elmostrador.cl\/noticias\/pais\/2022\/03\/11\/los-horizontes-del-presidente-gabriel-boric-entre-la-epica-de-un-nuevo-relato-politico-y-la-dura-realidad\/\">Los horizontes del Presidente Gabriel Boric: entre la \u00e9pica de un nuevo relato pol\u00edtico y la dura realidad. Se refiere Mauricio Morales, director del Centro de An\u00e1lisis Pol\u00edtico (CAP).\u00a0<\/a><\/p><p class=\"x_MsoNormal\">\u00a0<\/p><p class=\"x_MsoNormal\"><strong>ELDESCONCIERTO.CL\u00a0<\/strong><\/p><p class=\"x_MsoNormal\"><a href=\"https:\/\/www.eldesconcierto.cl\/reportajes\/2022\/03\/10\/cambio-de-mando-las-grandes-promesas-incumplidas-de-sebastian-pinera.html\">Cambio de mando: Las grandes promesas incumplidas de Sebasti\u00e1n Pi\u00f1era. Se refieren \u00c9rika Retamal, directora del Departamento de Salud P\u00fablica y Dany Jaimovich, acad\u00e9mico de la Facultad de Econom\u00eda y Negocios (FEN). \u00a0<\/a><\/p><p class=\"x_MsoNormal\">\u00a0<\/p><p class=\"x_MsoNormal\"><strong>EL MERCURIO DE VALPARA\u00cdSO\u00a0<\/strong><\/p><p class=\"x_MsoNormal\"><a href=\"https:\/\/www.litoralpress.cl\/sitio\/Prensa_Detalles.cshtml?LPKey=ATY6FQOR2BKQZX7XBE7BUCFNTZXYFCRFSQTHG6SUC6RUNHPG7MPQ\">Cinco informes y otros m\u00e1s por venir: Avances del borrador de nueva Carta Fundamental. Se refiere Mario Herrera, acad\u00e9mico del Centro de An\u00e1lisis Pol\u00edtico (CAP).\u00a0<\/a><\/p><p class=\"x_MsoNormal\" aria-hidden=\"true\">\u00a0<\/p><p class=\"x_MsoNormal\"><strong>El MERCURIO DE VALPARA\u00cdSO\u00a0<\/strong><\/p><p class=\"x_MsoNormal\"><a href=\"https:\/\/www.litoralpress.cl\/paginaconsultas\/Servicios_NClip\/Get_Imagen_Nota.aspx?LPKey=MPPXYGHLPLJCB5GD6DXRS2ZS23MAQOFQJ4BWSZJYNNRKWEYCUT7UWZIMAI5MRN4C3JQMHB2Z3DAIW\">Mayor\u00eda de los convencionales locales no apoya solicitar una extensi\u00f3n de plazo al Congreso. Se refiere Mauricio Morales, director del Centro de An\u00e1lisis Pol\u00edtico (CAP).\u00a0<\/a><\/p><p class=\"x_MsoNormal\">\u00a0<\/p><p class=\"x_MsoNormal\"><strong>CANAL TVN RED AUSTRAL\u00a0<\/strong><\/p><p class=\"x_MsoNormal\"><a href=\"https:\/\/www.litoralpress.cl\/sitio\/RadioTV_Detalles.cshtml?LPKey=HDQ4YKWQ5WLNJEMGIUGOEYF4ETW2SSGDTJZ3FQPG7RSFNK2G7H5A\">Los magall\u00e1nicos siguieron el Cambio de Mando con la llegada del Presidente Gabriel Boric. Se refiere Mario Herrera, acad\u00e9mico del Centro de An\u00e1lisis Pol\u00edtico (CAP).\u00a0<\/a><\/p><p class=\"x_MsoNormal\">\u00a0<\/p><p class=\"x_MsoNormal\"><strong>DIARIO EL D\u00cdA\u00a0<\/strong><\/p><p class=\"x_MsoNormal\"><a href=\"https:\/\/www.litoralpress.cl\/paginaconsultas\/Servicios_NClip\/Get_Imagen_Nota.aspx?LPKey=GP55PYT22JLNYYNJDB3Z6QJ47KSDAEMUMUXVFYWPTCWPYYKIOTCX5IZHIKHMZ4QFJFS46JTSCH3S6\">Boric: una investidura cargada de s\u00edmbolos para una nueva era en Chile. Se refiere Mauricio Morales, director del Centro de An\u00e1lisis Pol\u00edtico (CAP).\u00a0<\/a><\/p><p class=\"x_MsoNormal\">\u00a0<\/p><p class=\"x_MsoNormal\"><strong>CANAL TVR\u00a0<\/strong><\/p><p class=\"x_MsoNormal\"><a href=\"https:\/\/www.litoralpress.cl\/sitio\/RadioTV_Detalles.cshtml?LPKey=KXMUON5ZSLAH7NYM4QKBSNJOWFRIERPN4RV2ZPLL2FLGD3XQ7UYA\">Gabriel Boric se convirti\u00f3 en el Presidente m\u00e1s joven del mundo y de toda la historia de Chile. Se refiere Mario Herrera, acad\u00e9mico del Centro de An\u00e1lisis Pol\u00edtico (CAP).\u00a0<\/a><\/p><p class=\"x_MsoNormal\" aria-hidden=\"true\">\u00a0<\/p><p class=\"x_MsoNormal\"><strong>DIARIO LA PRENSA\u00a0<\/strong><\/p><p class=\"x_MsoNormal\"><a href=\"https:\/\/www.litoralpress.cl\/paginaconsultas\/Servicios_NClip\/Get_Imagen_Nota.aspx?LPKey=BGLFUNGI4X543JFPDMUXHDZULXHJNOC3ZMI6KJ7JH5G57JXHB453ZQL5VYEVFEC6GXFAZ4TNQ2KF2\">\u201cEl Presidente Gabriel Boric deber\u00e1 reducir las expectativas que despierta su mandato\u201d. Se refiere Mauricio Morales, director del Centro de An\u00e1lisis Pol\u00edtico (CAP).\u00a0<\/a><\/p><p class=\"x_MsoNormal\">\u00a0<\/p><p class=\"x_MsoNormal\"><strong>DIARIOLAPRENSA.CL\u00a0<\/strong><\/p><p class=\"x_MsoNormal\"><a href=\"https:\/\/new.diariolaprensa.cl\/index.php\/2022\/03\/11\/el-presidente-gabriel-boric-debera-reducir-las-expectativas-que-despierta-su-mandato\/\">\u201cEl Presidente Gabriel Boric deber\u00e1 reducir las expectativas que despierta su mandato\u201d. Se refiere Mauricio Morales, director del Centro de An\u00e1lisis Pol\u00edtico (CAP).\u00a0<\/a><\/p><p class=\"x_MsoNormal\">\u00a0<\/p><p class=\"x_MsoNormal\"><strong>ELMAULEINFORMA.CL\u00a0<\/strong><\/p><p class=\"x_MsoNormal\"><a href=\"https:\/\/elmauleinforma.cl\/nuevo-presidente-de-chile\/\">Nuevo Presidente de Chile. Se refiere Jorge Navarrete, acad\u00e9mico de la Facultad de Econom\u00eda y Negocios (FEN).\u00a0<\/a><\/p><p class=\"x_MsoNormal\">\u00a0<\/p><p class=\"x_MsoNormal\"><strong>ATENTOSCHILE.CL\u00a0<\/strong><\/p><p class=\"x_MsoNormal\"><a href=\"https:\/\/www.litoralpress.cl\/sitio\/RadioTV_Detalles.cshtml?LPKey=KVCQ57IPTFVXCVARA3PQ6LFMYLUKUKKSQV43GGUCPHUSDLCTSULQ\">Entrevista a Mario Herrera, acad\u00e9mico del Centro de An\u00e1lisis Pol\u00edtico (CAP).\u00a0<\/a><\/p><p class=\"x_MsoNormal\">\u00a0<\/p><p class=\"x_MsoNormal\"><strong>RADIO MARISOL\u00a0<\/strong><\/p><p class=\"x_MsoNormal\"><a href=\"https:\/\/www.litoralpress.cl\/sitio\/RadioTV_Detalles.cshtml?LPKey=7CZDXM64FYDUHDHEH4Q6BGSRN5ZPCQUAWY6U4YMUE7Z4ZZJETXKQ\">Entrevista a Mario Herrera, acad\u00e9mico del Centro de An\u00e1lisis Pol\u00edtico (CAP).\u00a0<\/a><\/p><p class=\"x_MsoNormal\"><span class=\"x_MsoHyperlink\">\u00a0<\/span><\/p><p class=\"x_MsoNormal\"><strong>RADIOPOLAR.COM\u00a0<\/strong><\/p><p class=\"x_MsoNormal\"><a href=\"https:\/\/radiopolar.com\/noticia_174160.html\">Analista pol\u00edtico destaca los primeros desaf\u00edos del pr\u00f3ximo Gobierno en sus 100 d\u00edas. Se refiere Mauricio Morales, director del Centro de An\u00e1lisis Pol\u00edtico (CAP).\u00a0<\/a><\/p><p class=\"x_MsoNormal\">\u00a0<\/p><p class=\"x_MsoNormal\"><strong>DIARIO EL HERALDO\u00a0<\/strong><\/p><p class=\"x_MsoNormal\"><a href=\"https:\/\/www.litoralpress.cl\/paginaconsultas\/Servicios_NClip\/Get_Imagen_Nota.aspx?LPKey=MZIZYTWJ6EGNLVEBFNYMN2O4ZFEMTD7HDYQYWT47HD66HVAB32SN2YLL6VPH2WWVK23RYTTEEEKAQ\">Cl\u00ednica de Fonoaudiolog\u00eda de la UTalca inicia atenci\u00f3n presencial. Se refiere Claudia Montoya, directora de Cl\u00ednica Fonoaudiol\u00f3gica.\u00a0<\/a><\/p><p class=\"x_MsoNormal\">\u00a0<\/p><p class=\"x_MsoNormal\"><strong>DIARIOTALCA.CL\u00a0<\/strong><\/p><p class=\"x_MsoNormal\"><a href=\"https:\/\/diariotalca.cl\/necesita-atencion-de-fonoaudiologia-escuela-utalca-abre-sus-puertas\/\">\u00bfNecesita atenci\u00f3n de fonoaudiolog\u00eda? Escuela UTalca abre sus puertas. Se refiere Claudia Montoya, directora de Cl\u00ednica Fonoaudiol\u00f3gica.\u00a0<\/a><\/p><p class=\"x_MsoNormal\">\u00a0<\/p><p class=\"x_MsoNormal\"><strong>DIARIO EL LECTOR\u00a0<\/strong><\/p><p class=\"x_MsoNormal\"><a href=\"https:\/\/www.litoralpress.cl\/paginaconsultas\/Servicios_NClip\/Get_Imagen_Nota.aspx?LPKey=U4K4HSG3HCMOR2R2M5BFRZR3GNSSY25Q52FRCWLHXACKUF3OTUJWI27PPP5L4ZAIKTBB5X6EODJBO\">Cl\u00ednica de Fonoaudiolog\u00eda de la UTalca inicia atenci\u00f3n presencial. Se refiere Claudia Montoya, directora de Cl\u00ednica Fonoaudiol\u00f3gica.\u00a0<\/a><\/p><p class=\"x_MsoNormal\">\u00a0<\/p><p class=\"x_MsoNormal\"><strong>MAULEINFORMA.CL\u00a0<\/strong><\/p><p class=\"x_MsoNormal\"><a href=\"https:\/\/elmauleinforma.cl\/clinica-de-fonoaudiologia-de-la-utalca-inicia-atencion-presencial\/\">Cl\u00ednica de Fonoaudiolog\u00eda de la UTalca inicia atenci\u00f3n presencial. Se refiere Claudia Montoya, directora de Cl\u00ednica Fonoaudiol\u00f3gica. \u00a0<\/a><\/p><p class=\"x_MsoNormal\">\u00a0<\/p><p class=\"x_MsoNormal\"><strong>CANAL TVN RED MAULE\u00a0<\/strong><\/p><p class=\"x_MsoNormal\"><a href=\"https:\/\/www.litoralpress.cl\/sitio\/RadioTV_Detalles.cshtml?LPKey=UP6SLZQUAYANRBELMD3N4IG2LEU3MJ4MDECEKP646J2JVEGZ6QVA\">Aumenta violencia f\u00edsica entre escolares. Se refiere Felipe Figueroa, psic\u00f3logo y profesional del programa PACE UTalca.\u00a0<\/a><\/p><p class=\"x_MsoNormal\">\u00a0<\/p><p class=\"x_MsoNormal\"><strong>PORTALAGROCHILE.CL\u00a0<\/strong><\/p><p class=\"x_MsoNormal\"><a href=\"https:\/\/www.portalagrochile.cl\/2022\/03\/11\/enfermedad-de-sharka\/\">Enfermedad de Sharka. Se menciona a la UTalca.\u00a0<\/a><\/p><p class=\"x_MsoNormal\">\u00a0<\/p><p class=\"x_MsoNormal\"><strong>DIARIO EL LABRADOR\u00a0<\/strong><\/p><p class=\"x_MsoNormal\"><a href=\"https:\/\/www.litoralpress.cl\/paginaconsultas\/Servicios_NClip\/Get_Imagen_Nota.aspx?LPKey=SLITDHFJD2YO23TWJDO2RCV24IAVAYGKPKWNVDVXXV2DQ2SGPSGOZNB46P4F5WIEJTHBYEHULBH3A\">Enfermedad de Sharka. Se menciona a la UTalca.\u00a0<\/a><\/p><p class=\"x_MsoNormal\">\u00a0<\/p><p class=\"x_MsoNormal\"><strong>TRENDTIC.CL\u00a0<\/strong><\/p><p class=\"x_MsoNormal\"><a href=\"https:\/\/www.trendtic.cl\/2022\/03\/subtel-realiza-balance-del-observatorio-5g\/\">Subtel realiza balance del \u201cObservatorio 5G\u201d. Se menciona a la UTalca.\u00a0<\/a><\/p>\t\t\t\t\t\t<\/div>\n\t\t\t\t<\/div>\n\t\t\t\t\t<\/div>\n\t\t<\/div>\n\t\t\t\t\t\t\t<\/div>\n\t\t<\/section>\n\t\t\t\t\t\t<\/div>\n\t\t\t\t\t<\/div>\n\t\t","protected":false},"excerpt":{"rendered":"<p>DIARIO LA PRENSA\u00a0 Universidad de Talca: Concretan actualizaci\u00f3n de modelo educativo. Se refiere Paula Manr\u00edquez, vicerrectora de Pregrado.\u00a0 \u00a0 DIARIO EL HERALDO\u00a0 Universidad de Talca actualiza su modelo educativo. Se refiere Paula Manr\u00edquez, vicerrectora de Pregrado. \u00a0 \u00a0 DIARIO EL LECTOR\u00a0 Universidad de Talca actualiza su modelo educativo. Se refiere Paula Manr\u00edquez, vicerrectora de Pregrado.\u00a0 &hellip;<\/p>\n<p class=\"read-more\"> <a class=\"\" href=\"https:\/\/www.reportedeprensa.utalca.cl\/?p=3342\"> <span class=\"screen-reader-text\">14 de marzo de 2022<\/span> Read More &raquo;<\/a><\/p>\n","protected":false},"author":1,"featured_media":0,"comment_status":"closed","ping_status":"open","sticky":false,"template":"","format":"standard","meta":{"_monsterinsights_skip_tracking":false,"_monsterinsights_sitenote_active":false,"_monsterinsights_sitenote_note":"","_monsterinsights_sitenote_category":0},"categories":[19],"tags":[],"_links":{"self":[{"href":"https:\/\/www.reportedeprensa.utalca.cl\/index.php?rest_route=\/wp\/v2\/posts\/3342"}],"collection":[{"href":"https:\/\/www.reportedeprensa.utalca.cl\/index.php?rest_route=\/wp\/v2\/posts"}],"about":[{"href":"https:\/\/www.reportedeprensa.utalca.cl\/index.php?rest_route=\/wp\/v2\/types\/post"}],"author":[{"embeddable":true,"href":"https:\/\/www.reportedeprensa.utalca.cl\/index.php?rest_route=\/wp\/v2\/users\/1"}],"replies":[{"embeddable":true,"href":"https:\/\/www.reportedeprensa.utalca.cl\/index.php?rest_route=%2Fwp%2Fv2%2Fcomments&post=3342"}],"version-history":[{"count":4,"href":"https:\/\/www.reportedeprensa.utalca.cl\/index.php?rest_route=\/wp\/v2\/posts\/3342\/revisions"}],"predecessor-version":[{"id":3349,"href":"https:\/\/www.reportedeprensa.utalca.cl\/index.php?rest_route=\/wp\/v2\/posts\/3342\/revisions\/3349"}],"wp:attachment":[{"href":"https:\/\/www.reportedeprensa.utalca.cl\/index.php?rest_route=%2Fwp%2Fv2%2Fmedia&parent=3342"}],"wp:term":[{"taxonomy":"category","embeddable":true,"href":"https:\/\/www.reportedeprensa.utalca.cl\/index.php?rest_route=%2Fwp%2Fv2%2Fcategories&post=3342"},{"taxonomy":"post_tag","embeddable":true,"href":"https:\/\/www.reportedeprensa.utalca.cl\/index.php?rest_route=%2Fwp%2Fv2%2Ftags&post=3342"}],"curies":[{"name":"wp","href":"https:\/\/api.w.org\/{rel}","templated":true}]}}