{"id":3357,"date":"2022-03-15T09:17:23","date_gmt":"2022-03-15T12:17:23","guid":{"rendered":"https:\/\/www.reportedeprensa.utalca.cl\/?p=3357"},"modified":"2022-03-15T09:20:06","modified_gmt":"2022-03-15T12:20:06","slug":"15-de-marzo-de-2022","status":"publish","type":"post","link":"https:\/\/www.reportedeprensa.utalca.cl\/?p=3357","title":{"rendered":"15 de marzo de 2022"},"content":{"rendered":"\t\t<div data-elementor-type=\"wp-post\" data-elementor-id=\"3357\" class=\"elementor elementor-3357\" data-elementor-settings=\"[]\">\n\t\t\t\t\t\t\t<div class=\"elementor-section-wrap\">\n\t\t\t\t\t\t\t<section class=\"elementor-section elementor-top-section elementor-element elementor-element-17fae7ab elementor-section-boxed elementor-section-height-default elementor-section-height-default\" data-id=\"17fae7ab\" data-element_type=\"section\">\n\t\t\t\t\t\t<div class=\"elementor-container elementor-column-gap-default\">\n\t\t\t\t\t<div class=\"elementor-column elementor-col-100 elementor-top-column elementor-element elementor-element-60e202a0\" data-id=\"60e202a0\" data-element_type=\"column\">\n\t\t\t<div class=\"elementor-widget-wrap elementor-element-populated\">\n\t\t\t\t\t\t\t\t<div class=\"elementor-element elementor-element-387ad460 elementor-widget elementor-widget-text-editor\" data-id=\"387ad460\" data-element_type=\"widget\" data-widget_type=\"text-editor.default\">\n\t\t\t\t<div class=\"elementor-widget-container\">\n\t\t\t\t\t\t\t\t<p class=\"x_MsoNormal\"><strong>EL MERCURIO\u00a0<\/strong><\/p><p class=\"x_MsoNormal\"><a href=\"https:\/\/www.litoralpress.cl\/paginaconsultas\/Servicios_NClip\/Get_Imagen_Nota.aspx?LPKey=L4SUZDIDQLBPC3X24PMB6DJK6OLUZ6ISZRKQS772VLPAMSQ475ZDKY3DIWJGJOOXILX6AP6C7IGUW\">Mejores habilidades digitales y m\u00e1s participaci\u00f3n son cambios positivos que profesores notan en los escolares. Se refiere Cristi\u00e1n Rojas, decano de la Facultad de Ciencias de la Educaci\u00f3n.\u00a0<\/a><\/p><p class=\"x_MsoNormal\">\u00a0<\/p><p class=\"x_MsoNormal\"><strong>DIARIO TALCA\u00a0<\/strong><\/p><p class=\"x_MsoNormal\"><a href=\"https:\/\/www.litoralpress.cl\/paginaconsultas\/Servicios_NClip\/Get_Imagen_Nota.aspx?LPKey=A7U267C4SIVBKASUMKJRIN4J5WP46VIFINUYVJEZJHUF5CQTYLBCHDBY7FE7L5CTWYXEYV2PIJBD4\">Candidatos a rector de la UTalca presentaron sus programas.<\/a><\/p><p class=\"x_MsoNormal\">\u00a0<\/p><p class=\"x_MsoNormal\"><strong>LA TERCERA\u00a0<\/strong><\/p><p class=\"x_MsoNormal\"><a href=\"https:\/\/www.litoralpress.cl\/paginaconsultas\/Servicios_NClip\/Get_Imagen_Nota.aspx?LPKey=LV3T5KLPEM2NC3ON4FJNCQ7CADGDWQDDE3ZPUHXTD5M4JDTL5O65GG327C3OP6ERBBPCL4L4NR5TK\">Retorno sin requisitos: universidades optaron por no pedir el Pase de Movilidad para ingresar a clases. Se menciona a la UTalca.\u00a0<\/a><\/p><p class=\"x_MsoNormal\">\u00a0<\/p><p class=\"x_MsoNormal\"><strong>LATERCERA.COM\u00a0<\/strong><\/p><p class=\"x_MsoNormal\"><a href=\"https:\/\/www.latercera.com\/nacional\/noticia\/retorno-sin-requisitos-universidades-optaron-por-no-pedir-el-pase-de-movilidad-para-ingresar-a-clases\/4QRWNF6DQZGNHBHCBQGLJIKG2E\/\">Retorno sin requisitos: universidades optaron por no pedir el Pase de Movilidad para ingresar a clases. Se menciona a la UTalca.\u00a0<\/a><\/p><p class=\"x_MsoNormal\">\u00a0<\/p><p class=\"x_MsoNormal\"><strong>DIARIOTALCA.CL\u00a0<\/strong><\/p><p class=\"x_MsoNormal\"><a href=\"https:\/\/diariotalca.cl\/experta-recomienda-que-elegir-para-las-colaciones-escolares\/\">Experta recomienda qu\u00e9 elegir para las colaciones escolares. Se refiere Fabiola Romero, acad\u00e9mica de la Escuela de Nutrici\u00f3n y Diet\u00e9tica.\u00a0<\/a><\/p><p class=\"x_MsoNormal\">\u00a0<\/p><p class=\"x_MsoNormal\"><strong>RADIOMAGALLANES.CL\u00a0<\/strong><\/p><p class=\"x_MsoNormal\"><a href=\"https:\/\/www.radiomagallanes.cl\/noticia.php?id_not=100351\">Tratados internacionales son insuficientes para asegurar los derechos de ni\u00f1os y ni\u00f1as ucranianos. Se refiere Isaac Ravetllat,\u00a0\u00a0director del Centro de Estudios de los Derechos de la Infancia y la Adolescencia (CEDIA). \u00a0<\/a><\/p><p class=\"x_MsoNormal\">\u00a0<\/p><p class=\"x_MsoNormal\"><strong>RADIO ALFAOMEGA\u00a0<\/strong><\/p><p class=\"x_MsoNormal\"><a href=\"https:\/\/www.litoralpress.cl\/sitio\/RadioTV_Detalles.cshtml?LPKey=YTKSDIGLSJIIQRQ3EC6XWGXL43UUOYUAPYP3OOMTIRSOABTXEJPA\">Entrevista a Alejandra M\u00e1rquez, acad\u00e9mica de la Escuela de Ciencias Pol\u00edticas y Administraci\u00f3n P\u00fablica.\u00a0<\/a><\/p><p class=\"x_MsoNormal\">\u00a0<\/p><p class=\"x_MsoNormal\"><strong>DIARIO TALCA\u00a0<\/strong><\/p><p class=\"x_MsoNormal\"><a href=\"https:\/\/www.litoralpress.cl\/paginaconsultas\/Servicios_NClip\/Get_Imagen_Nota.aspx?LPKey=S6ZMLPFQGBBDH7GW4XIT2DCEPUVFII2SINQAVEAKY3XO5GFCF2VQMWW6XKRHXL3X6SJLQNX7RADHY\">La triada de ilustrados maulinos que marc\u00f3 el pensamiento econ\u00f3mico en la Independencia. Se refiere Dany Jaimovich, acad\u00e9mico de la Facultad de Econom\u00eda y Negocios (FEN).\u00a0<\/a><\/p><p class=\"x_MsoNormal\">\u00a0<\/p><p class=\"x_MsoNormal\"><strong>ELZORRONORTINO.CL\u00a0<\/strong><\/p><p class=\"x_MsoNormal\"><a href=\"https:\/\/www.elzorronortino.cl\/energia-y-mineria\/expertos-valoran-ley-marco-de-cambio-climatico-pero-plantean-algunos-reparos\/\">Expertos valoran ley Marco de Cambio Clim\u00e1tico, pero plantean algunos reparos. Patricio Gonz\u00e1lez, acad\u00e9mico del Centro de Investigaci\u00f3n y Transferencia en Riego y Agroclimatolog\u00eda (CITRA).\u00a0<\/a><\/p><p class=\"x_MsoNormal\">\u00a0<\/p><p class=\"x_MsoNormal\"><strong>RADIOAGRICULTURA.CL\u00a0<\/strong><\/p><p class=\"x_MsoNormal\"><a href=\"https:\/\/www.radioagricultura.cl\/elagro\/2022\/03\/14\/enfermedad-de-sharka-investigadores-y-equipo-tecnico-comparten-resultados-sobre-estrategias-de-mitigacion.html\">Enfermedad de Sharka: Investigadores y equipo t\u00e9cnico comparten resultados sobre estrategias de mitigaci\u00f3n. Se menciona a la UTalca.\u00a0<\/a><\/p><p class=\"x_MsoNormal\">\u00a0<\/p><p class=\"x_MsoNormal\"><strong>EL MERCURIO\u00a0<\/strong><\/p><p class=\"x_MsoNormal\"><a href=\"https:\/\/www.litoralpress.cl\/paginaconsultas\/Servicios_NClip\/Get_Imagen_Nota.aspx?LPKey=TAA7LBVO5J7PEYS67N4NZYXUVJT3AES36VSMVYPKOQP5GE3TTMFCCYW5QVRAVZ5YY4HM3O5PEHVE4\">Presidente deber\u00e1 tramitar 75 proyectos de ley en el Congreso para cumplir su programa. Se refiere Mauricio Morales, director del Centro de An\u00e1lisis Pol\u00edtico (CAP).\u00a0<\/a><\/p><p class=\"x_MsoNormal\">\u00a0<\/p><p class=\"x_MsoNormal\"><strong>CANAL MEGA\u00a0<\/strong><\/p><p class=\"x_MsoNormal\"><a href=\"https:\/\/www.litoralpress.cl\/sitio\/RadioTV_Detalles.cshtml?LPKey=NLHUNEFGUILJYXSCSJJS6YQAEQF6HQ5AOMFW2JQUNDOWTOZW36SA\">Entrevista a Mauricio Morales, director del Centro de An\u00e1lisis Pol\u00edtico (CAP).\u00a0<\/a><\/p><p class=\"x_MsoNormal\">\u00a0<\/p><p class=\"x_MsoNormal\"><strong>CANAL MEGA\u00a0<\/strong><\/p><p class=\"x_MsoNormal\"><a href=\"https:\/\/www.litoralpress.cl\/sitio\/RadioTV_Detalles.cshtml?LPKey=ZSNPOAESMUOYZZLIFTBRHXL2TWUYYU2T4IOJSNZIWD3SV7SR72DA\">Entrevista a Mauricio Morales, director del Centro de An\u00e1lisis Pol\u00edtico (CAP).\u00a0<\/a><\/p><p class=\"x_MsoNormal\" aria-hidden=\"true\">\u00a0<\/p><p class=\"x_MsoNormal\"><strong>CANAL MEGA PLUS\u00a0<\/strong><\/p><p class=\"x_MsoNormal\"><a href=\"https:\/\/www.litoralpress.cl\/sitio\/RadioTV_Detalles.cshtml?LPKey=2A5OM6N4NAPGATQVCORJLUYV6KVWBNNCHAUFZSB5HECQHFTNGGZA\">Entrevista a Mauricio Morales, director del Centro de An\u00e1lisis Pol\u00edtico (CAP).\u00a0<\/a><\/p><p class=\"x_MsoNormal\" aria-hidden=\"true\">\u00a0<\/p><p class=\"x_MsoNormal\"><strong>DIARIOELDIA.CL\u00a0<\/strong><\/p><p class=\"x_MsoNormal\"><a href=\"https:\/\/www.diarioeldia.cl\/pais\/2022\/3\/12\/investidura-de-boric-una-ceremonia-cargada-de-simbolismos-para-una-nueva-era-en-chile-87387.html\">Investidura de Boric: Una ceremonia cargada de simbolismos para una nueva era en Chile. Se refiere Mauricio Morales, director del Centro de An\u00e1lisis Pol\u00edtico (CAP).\u00a0<\/a><\/p><p class=\"x_MsoNormal\" aria-hidden=\"true\">\u00a0<\/p><p class=\"x_MsoNormal\"><strong>CANAL ANTOFAGASTA TELEVISI\u00d3N\u00a0<\/strong><\/p><p class=\"x_MsoNormal\"><a href=\"https:\/\/www.litoralpress.cl\/sitio\/RadioTV_Detalles.cshtml?LPKey=C5HVKFFNXWK5XQXREB4MG234IS4KDJDUIK5NORHA7AZJNJVZO63Q\">Cambio de mando 2022. Se refiere Mario Herrera, acad\u00e9mico del Centro de An\u00e1lisis Pol\u00edtico (CAP).\u00a0<\/a><\/p><p class=\"x_MsoNormal\">\u00a0<\/p><p class=\"x_MsoNormal\"><strong>ATENTOSCHILE.CL\u00a0<\/strong><\/p><p class=\"x_MsoNormal\"><a href=\"https:\/\/www.litoralpress.cl\/sitio\/RadioTV_Detalles.cshtml?LPKey=PMAEJBZJAAA4STBSNZ4TZLK45PNED7ZOGSIONCJSWBKFW5YRSDDQ\">Entrevista a Mario Herrera, acad\u00e9mico del Centro de An\u00e1lisis Pol\u00edtico (CAP).\u00a0<\/a><\/p><p class=\"x_MsoNormal\" aria-hidden=\"true\">\u00a0<\/p><p class=\"x_MsoNormal\"><strong>DIARIORANCAGUA.CL\u00a0<\/strong><\/p><p class=\"x_MsoNormal\"><a href=\"http:\/\/diariorancagua.cl\/delegacion-del-ecosistema-de-emprendimiento-regional-de-ohiggins-establece-vinculos-colaborativos-con-el-centro-tecnologico-para-la-innovacion-alimentaria-ceta\/\">Delegaci\u00f3n del ecosistema de emprendimiento regional de O\u00b4Higgins establece v\u00ednculos colaborativos con el Centro Tecnol\u00f3gico para la Innovaci\u00f3n Alimentaria-CeTA.\u00a0<\/a><\/p><p class=\"x_MsoNormal\">\u00a0<\/p><p class=\"x_MsoNormal\"><strong>REVISTA INDUAMBIENTE\u00a0<\/strong><\/p><p class=\"x_MsoNormal\"><a href=\"https:\/\/www.litoralpress.cl\/sitio\/Prensa_Detalles.cshtml?LPKey=NGXWF3XMJ5XAWY7U2IKW6KK2TPEZDOZKLH55PLN4BXBKMYKR67PQ\">Freno al fuego. Se menciona a\u00a0la UTalca.\u00a0<\/a><\/p><p class=\"x_MsoNormal\">\u00a0<\/p><p class=\"x_MsoNormal\"><strong>DIARIO TALCA\u00a0<\/strong><\/p><p class=\"x_MsoNormal\"><a href=\"https:\/\/www.litoralpress.cl\/paginaconsultas\/Servicios_NClip\/Get_Imagen_Nota.aspx?LPKey=D2HN5SDULKK22LWDCHRALIZHZIYTAZOLN5XH6V346KALBM2L75YV4TAX5FPIITYWPDE3NPOM2NTVM\">\u00a1\u00daltimos d\u00edas de surrealismo en Talca! Se menciona a la UTalca.\u00a0<\/a><\/p><p class=\"x_MsoNormal\">\u00a0<\/p><p class=\"x_MsoNormal\"><strong>DIARIO CAUQUENES\u00a0<\/strong><\/p><p class=\"x_MsoNormal\"><a href=\"https:\/\/www.litoralpress.cl\/paginaconsultas\/Servicios_NClip\/Get_Imagen_Nota.aspx?LPKey=Q4WGCEQYND3E7VJHR4VU5W3GIJXSALFQWNX6N2RWUI4K3HB3GUW67DJM6MH2BYWCWYVTMJINNXXGW\">Talleres culturales ser\u00e1n parte de la propuesta 2022 del Museo de Cauquenes. Se menciona a la UTalca.\u00a0<\/a><\/p><p class=\"x_MsoNormal\">\u00a0<\/p>\t\t\t\t\t\t<\/div>\n\t\t\t\t<\/div>\n\t\t\t\t\t<\/div>\n\t\t<\/div>\n\t\t\t\t\t\t\t<\/div>\n\t\t<\/section>\n\t\t\t\t\t\t<\/div>\n\t\t\t\t\t<\/div>\n\t\t","protected":false},"excerpt":{"rendered":"<p>EL MERCURIO\u00a0 Mejores habilidades digitales y m\u00e1s participaci\u00f3n son cambios positivos que profesores notan en los escolares. Se refiere Cristi\u00e1n Rojas, decano de la Facultad de Ciencias de la Educaci\u00f3n.\u00a0 \u00a0 DIARIO TALCA\u00a0 Candidatos a rector de la UTalca presentaron sus programas. \u00a0 LA TERCERA\u00a0 Retorno sin requisitos: universidades optaron por no pedir el Pase &hellip;<\/p>\n<p class=\"read-more\"> <a class=\"\" href=\"https:\/\/www.reportedeprensa.utalca.cl\/?p=3357\"> <span class=\"screen-reader-text\">15 de marzo de 2022<\/span> Read More &raquo;<\/a><\/p>\n","protected":false},"author":1,"featured_media":0,"comment_status":"closed","ping_status":"open","sticky":false,"template":"","format":"standard","meta":{"_monsterinsights_skip_tracking":false,"_monsterinsights_sitenote_active":false,"_monsterinsights_sitenote_note":"","_monsterinsights_sitenote_category":0},"categories":[19],"tags":[],"_links":{"self":[{"href":"https:\/\/www.reportedeprensa.utalca.cl\/index.php?rest_route=\/wp\/v2\/posts\/3357"}],"collection":[{"href":"https:\/\/www.reportedeprensa.utalca.cl\/index.php?rest_route=\/wp\/v2\/posts"}],"about":[{"href":"https:\/\/www.reportedeprensa.utalca.cl\/index.php?rest_route=\/wp\/v2\/types\/post"}],"author":[{"embeddable":true,"href":"https:\/\/www.reportedeprensa.utalca.cl\/index.php?rest_route=\/wp\/v2\/users\/1"}],"replies":[{"embeddable":true,"href":"https:\/\/www.reportedeprensa.utalca.cl\/index.php?rest_route=%2Fwp%2Fv2%2Fcomments&post=3357"}],"version-history":[{"count":4,"href":"https:\/\/www.reportedeprensa.utalca.cl\/index.php?rest_route=\/wp\/v2\/posts\/3357\/revisions"}],"predecessor-version":[{"id":3361,"href":"https:\/\/www.reportedeprensa.utalca.cl\/index.php?rest_route=\/wp\/v2\/posts\/3357\/revisions\/3361"}],"wp:attachment":[{"href":"https:\/\/www.reportedeprensa.utalca.cl\/index.php?rest_route=%2Fwp%2Fv2%2Fmedia&parent=3357"}],"wp:term":[{"taxonomy":"category","embeddable":true,"href":"https:\/\/www.reportedeprensa.utalca.cl\/index.php?rest_route=%2Fwp%2Fv2%2Fcategories&post=3357"},{"taxonomy":"post_tag","embeddable":true,"href":"https:\/\/www.reportedeprensa.utalca.cl\/index.php?rest_route=%2Fwp%2Fv2%2Ftags&post=3357"}],"curies":[{"name":"wp","href":"https:\/\/api.w.org\/{rel}","templated":true}]}}