{"id":3369,"date":"2022-03-16T09:28:03","date_gmt":"2022-03-16T12:28:03","guid":{"rendered":"https:\/\/www.reportedeprensa.utalca.cl\/?p=3369"},"modified":"2022-03-16T09:31:43","modified_gmt":"2022-03-16T12:31:43","slug":"16-de-marzo-de-2022","status":"publish","type":"post","link":"https:\/\/www.reportedeprensa.utalca.cl\/?p=3369","title":{"rendered":"16 de marzo de 2022"},"content":{"rendered":"\t\t<div data-elementor-type=\"wp-post\" data-elementor-id=\"3369\" class=\"elementor elementor-3369\" data-elementor-settings=\"[]\">\n\t\t\t\t\t\t\t<div class=\"elementor-section-wrap\">\n\t\t\t\t\t\t\t<section class=\"elementor-section elementor-top-section elementor-element elementor-element-17fae7ab elementor-section-boxed elementor-section-height-default elementor-section-height-default\" data-id=\"17fae7ab\" data-element_type=\"section\">\n\t\t\t\t\t\t<div class=\"elementor-container elementor-column-gap-default\">\n\t\t\t\t\t<div class=\"elementor-column elementor-col-100 elementor-top-column elementor-element elementor-element-60e202a0\" data-id=\"60e202a0\" data-element_type=\"column\">\n\t\t\t<div class=\"elementor-widget-wrap elementor-element-populated\">\n\t\t\t\t\t\t\t\t<div class=\"elementor-element elementor-element-387ad460 elementor-widget elementor-widget-text-editor\" data-id=\"387ad460\" data-element_type=\"widget\" data-widget_type=\"text-editor.default\">\n\t\t\t\t<div class=\"elementor-widget-container\">\n\t\t\t\t\t\t\t\t<p class=\"x_MsoNormal\"><strong>DIARIO LA PRENSA<\/strong><\/p><p class=\"x_MsoNormal\"><a href=\"https:\/\/www.litoralpress.cl\/paginaconsultas\/Servicios_NClip\/Get_Imagen_Nota.aspx?LPKey=FLR2TQAIJYF6OBCMAVV5TAKBW4X5TUIK4QPMGFFFHZTIKVPW3VLL5AMQXY6WGV45IS3ZSLXM3436G\">Vuelve atenci\u00f3n presencial en Cl\u00ednica de Fonoaudiolog\u00eda. Se refiere Claudia Montoya, directora de la Cl\u00ednica. \u00a0<\/a><\/p><p class=\"x_MsoNormal\">\u00a0<\/p><p class=\"x_MsoNormal\"><strong>CANAL TVN RED MAULE\u00a0<\/strong><\/p><p class=\"x_MsoNormal\"><a href=\"https:\/\/www.litoralpress.cl\/sitio\/RadioTV_Detalles.cshtml?LPKey=ZXSTDRTEJYZ5LLDQYNFQLAOMIQAII5TFFM53Q6L5V2WCR43IJEYQ\">Cl\u00ednica de Fonoaudiolog\u00eda de la Universidad de Talca comenz\u00f3 a atender de forma presencial.\u00a0<\/a><\/p><p class=\"x_MsoNormal\">\u00a0<\/p><p class=\"x_MsoNormal\"><strong>DIARIOLAPRENSA.CL\u00a0<\/strong><\/p><p class=\"x_MsoNormal\"><a href=\"https:\/\/new.diariolaprensa.cl\/index.php\/2022\/03\/15\/vuelve-atencion-presencial-en-clinica-de-fonoaudiologia\/\">Vuelve atenci\u00f3n presencial en Cl\u00ednica de Fonoaudiolog\u00eda. Se refiere Claudia Montoya, directora de la Cl\u00ednica.\u00a0<\/a><\/p><p class=\"x_MsoNormal\">\u00a0<\/p><p class=\"x_MsoNormal\"><strong>DIARIO LA PRENSA\u00a0<\/strong><\/p><p class=\"x_MsoNormal\"><a href=\"https:\/\/www.litoralpress.cl\/paginaconsultas\/Servicios_NClip\/Get_Imagen_Nota.aspx?LPKey=YDG6PPOP627UJBXRCEOSGOGZDB4USK5SQKNNZZMHQKUCCB3MWLZLIUFD5KKSOWEZD34HQ6YCQYYKW\">Entrevista a Humberto Nogueira, director del Centro de Estudios Constitucionales de Chile (CECOCH).\u00a0<\/a><\/p><p class=\"x_MsoNormal\">\u00a0<\/p><p class=\"x_MsoNormal\"><strong>RADIO DE CARABINEROS DE CHILE\u00a0<\/strong><\/p><p class=\"x_MsoNormal\"><a href=\"https:\/\/www.litoralpress.cl\/sitio\/RadioTV_Detalles.cshtml?LPKey=BUWWINMDTC4VAIVDWHADT6BLFJL2T3IO4CPTRMVSOB2CXK4PF2DQ\">Entrevista a Fabiola Romero, acad\u00e9mica de la Escuela de Nutrici\u00f3n y Diet\u00e9tica.\u00a0<\/a><\/p><p class=\"x_MsoNormal\">\u00a0<\/p><p class=\"x_MsoNormal\"><strong>G5NOTICIAS.CL\u00a0<\/strong><\/p><p class=\"x_MsoNormal\"><a href=\"https:\/\/g5noticias.cl\/2022\/03\/15\/tratados-internacionales-son-insuficientes-para-asegurar-los-derechos-de-ninos-y-ninas-ucranianos\/\">Tratados internacionales son insuficientes para asegurar los derechos de ni\u00f1os y ni\u00f1as ucranianos.\u00a0Se refiere Isaac Ravetllat,\u00a0director del Centro de Estudios de los Derechos de la Infancia y la Adolescencia (CEDIA).\u00a0\u00a0\u00a0<\/a><\/p><p class=\"x_MsoNormal\">\u00a0<\/p><p class=\"x_MsoNormal\"><strong>UNIVERSIDADESESTATALES.CL\u00a0<\/strong><\/p><p class=\"x_MsoNormal\"><a href=\"http:\/\/www.universidadesestatales.cl\/cue\/?q=node\/9427\">Candidatos a rector de la UTalca presentaron sus programas de gobierno.\u00a0<\/a><\/p><p class=\"x_MsoNormal\">\u00a0<\/p><p class=\"x_MsoNormal\"><strong>DIARIOTALCA.CL\u00a0<\/strong><\/p><p class=\"x_MsoNormal\"><a href=\"https:\/\/diariotalca.cl\/cual-es-el-principal-desafio-de-la-industria-del-vino-en-2022\/\">\u00bfCu\u00e1l es el principal desaf\u00edo de la industria del vino en 2022? Se refiere Patricio G\u00f3mez, director acad\u00e9mico del campus Colchagua. \u00a0<\/a><\/p><p class=\"x_MsoNormal\">\u00a0<\/p><p class=\"x_MsoNormal\"><strong>CANAL TV5 LINARES\u00a0<\/strong><\/p><p class=\"x_MsoNormal\"><a href=\"https:\/\/www.litoralpress.cl\/sitio\/RadioTV_Detalles.cshtml?LPKey=5HI57XGSCEO57L5BONXUZMTWQBNKQSCLUZ7J2FJXR25E65FSZJOA\">Videos de violencia escolar en Linares inquieta a la comunidad y a las autoridades. Se refiere Felipe Figueroa, psic\u00f3logo del programa PACE-UTalca.\u00a0<\/a><\/p><p class=\"x_MsoNormal\" aria-hidden=\"true\">\u00a0<\/p><p class=\"x_MsoNormal\"><strong>CANAL ANTOFAGASTA TELEVISI\u00d3N \u00a0<\/strong><\/p><p class=\"x_MsoNormal\"><a href=\"https:\/\/www.litoralpress.cl\/sitio\/RadioTV_Detalles.cshtml?LPKey=ZWR36QOSCGIHAHFXEQAW63R5USMZ36HPYAUOWXCHPT6KD4LYWVHA\">Linares: Se viralizaron v\u00eddeos de violentas peleas entre alumnos de distintos colegios. Se refiere Felipe Figueroa, psic\u00f3logo del programa PACE-UTalca.\u00a0<\/a><\/p><p class=\"x_MsoNormal\">\u00a0<\/p><p class=\"x_MsoNormal\"><strong>PORTALFRUTICOLA.COM\u00a0<\/strong><\/p><p class=\"x_MsoNormal\"><a href=\"https:\/\/www.portalfruticola.com\/noticias\/2022\/03\/15\/enfermedad-de-sharka\/\">Enfermedad de Sharka:\u00a0Investigadores y equipo t\u00e9cnico comparten estrategias de mitigaci\u00f3n. Se menciona a la UTalca.\u00a0<\/a><\/p><p class=\"x_MsoNormal\" aria-hidden=\"true\">\u00a0<\/p><p class=\"x_MsoNormal\"><strong>SIMFRUIT.CL\u00a0<\/strong><\/p><p class=\"x_MsoNormal\"><a href=\"https:\/\/www.simfruit.cl\/enfermedad-de-sharka-investigadores-y-equipo-tecnico-comparten-resultados-sobre-estrategias-de-mitigacion\/\">Enfermedad de Sharka: Investigadores y equipo t\u00e9cnico comparten estrategias de mitigaci\u00f3n. Se menciona a la UTalca.\u00a0<\/a><\/p><p class=\"x_MsoNormal\">\u00a0<\/p><p class=\"x_MsoNormal\"><strong>ELDIARIODESANTIAGO.CL\u00a0<\/strong><\/p><p class=\"x_MsoNormal\"><a href=\"https:\/\/eldiariodesantiago.cl\/archivo\/111628\">Retorno sin requisitos: universidades optaron por no pedir el Pase de Movilidad para ingresar a clases.\u00a0Se menciona a la UTalca.\u00a0<\/a><\/p><p class=\"x_MsoNormal\">\u00a0<\/p><p class=\"x_MsoNormal\"><strong>NUEVOPODER.CL\u00a0<\/strong><\/p><p class=\"x_MsoNormal\"><a href=\"https:\/\/www.nuevopoder.cl\/ues-optan-por-no-pedir-el-pase-de-movilidad-para-ingresar-a-clases\/\">Universidades optan por no pedir el Pase de Movilidad para ingresar a clases. Se menciona a la UTalca.\u00a0<\/a><\/p><p class=\"x_MsoNormal\">\u00a0<\/p><p class=\"x_MsoNormal\"><strong>CHILEESNOTICIA.COM\u00a0<\/strong><\/p><p class=\"x_MsoNormal\"><a href=\"https:\/\/chileesnoticia.com\/2022\/03\/15\/retorno-sin-requisitos-universidades-optaron-por-no-pedir-el-pase-de-movilidad-para-ingresar-a-clases\/\">Retorno sin requisitos: universidades optaron por no pedir el Pase de Movilidad para ingresar a clases. Se menciona a la UTalca.\u00a0<\/a><\/p><p class=\"x_MsoNormal\" aria-hidden=\"true\">\u00a0<\/p><p class=\"x_MsoNormal\"><strong>RADIOSOL.CL\u00a0<\/strong><\/p><p class=\"x_MsoNormal\"><a href=\"https:\/\/radiosol.cl\/retorno-sin-requisitos-universidades-optaron-por-no-pedir-el-pase-de-movilidad-para-ingresar-a-clases\/\">Retorno sin requisitos: universidades optaron por no pedir el Pase de Movilidad para ingresar a clases. Se menciona a la UTalca.\u00a0<\/a><\/p><p class=\"x_MsoNormal\">\u00a0<\/p><p class=\"x_MsoNormal\"><strong>LA SEGUNDA\u00a0<\/strong><\/p><p class=\"x_MsoNormal\"><a href=\"https:\/\/www.litoralpress.cl\/paginaconsultas\/Servicios_NClip\/Get_Imagen_Nota.aspx?LPKey=EDKOZU6LOUO6243CBL7PLGBNWLVMCPYQTQC2A2SUNO2M67VFYVRJ7M7ERAYLEN2IL4XJRRZ7WCSMK\">El problema pol\u00edtico que se incuba con el alza del precio de la energ\u00eda. Se refiere Mauricio Morales, director del Centro de An\u00e1lisis Pol\u00edtico (CAP).\u00a0<\/a><\/p><p class=\"x_MsoNormal\">\u00a0<\/p><p class=\"x_MsoNormal\"><strong>RADIO BIOB\u00cdO\u00a0<\/strong><\/p><p class=\"x_MsoNormal\"><a href=\"https:\/\/www.litoralpress.cl\/sitio\/RadioTV_Detalles.cshtml?LPKey=VDZDQI2ELFLA44SO4AZT7DZAA4ATNJERB7KUXCLKXXLJY6KOYLOQ\">El gobierno de Gabriel Boric debe sacar adelante su programa con minor\u00eda parlamentaria. Se menciona a Mauricio Morales, director del Centro de An\u00e1lisis Pol\u00edtico (CAP).\u00a0<\/a><\/p><p class=\"x_MsoNormal\" aria-hidden=\"true\">\u00a0<\/p><p class=\"x_MsoNormal\"><strong>DIARIO CR\u00d3NICA DE CHILL\u00c1N\u00a0<\/strong><\/p><p class=\"x_MsoNormal\"><a href=\"https:\/\/www.litoralpress.cl\/paginaconsultas\/Servicios_NClip\/Get_Imagen_Nota.aspx?LPKey=7SSD3H267AXS3XUGN76VPKDH7RUMGNZ6FZRJ2ZE5OYT33S2Q66C6M65UYU2LT3YVLIK5ASDWAA4RK\">Cinco informes y otros m\u00e1s por venir: Avances del borrador de nueva Carta Fundamental. Se refiere Mario Herrera, acad\u00e9mico del Centro de An\u00e1lisis Pol\u00edtico (CAP).\u00a0<\/a><\/p><p class=\"x_MsoNormal\">\u00a0<\/p><p class=\"x_MsoNormal\"><strong>RADIOPOLAR.COM\u00a0<\/strong><\/p><p class=\"x_MsoNormal\"><a href=\"https:\/\/radiopolar.com\/noticia_174249.html\">Tierra del fuego cuenta con nuevo fiscal jefe. Se menciona a la UTalca.\u00a0<\/a><\/p><p class=\"x_MsoNormal\">\u00a0<\/p><p class=\"x_MsoNormal\"><strong>DIARIO LA PRENSA\u00a0<\/strong><\/p><p class=\"x_MsoNormal\"><a href=\"https:\/\/www.litoralpress.cl\/paginaconsultas\/Servicios_NClip\/Get_Imagen_Nota.aspx?LPKey=MVTPRSNDBAK26MZLMEJV4C4EB3ZJBYDJBFJHWRNMYKPTW5EVMBKLPE6UY6X4PDI5TLEKCJBVCHZBS\">&#8220;Esperamos que las ayudas t\u00e9cnicas puedan llegar a tiempo&#8221;. Se menciona a la UTalca.\u00a0<\/a><\/p><p class=\"x_MsoNormal\">\u00a0<\/p><p class=\"x_MsoNormal\"><strong>DIARIOLAPRENSA.CL\u00a0<\/strong><\/p><p class=\"x_MsoNormal\"><a href=\"https:\/\/new.diariolaprensa.cl\/index.php\/2022\/03\/15\/esperamos-que-las-ayudas-tecnicas-puedan-llegar-a-tiempo\/\">&#8220;Esperamos que las ayudas t\u00e9cnicas puedan llegar a tiempo&#8221;. Se menciona a la UTalca.\u00a0<\/a><\/p><p class=\"x_MsoNormal\">\u00a0<\/p>\t\t\t\t\t\t<\/div>\n\t\t\t\t<\/div>\n\t\t\t\t\t<\/div>\n\t\t<\/div>\n\t\t\t\t\t\t\t<\/div>\n\t\t<\/section>\n\t\t\t\t\t\t<\/div>\n\t\t\t\t\t<\/div>\n\t\t","protected":false},"excerpt":{"rendered":"<p>DIARIO LA PRENSA Vuelve atenci\u00f3n presencial en Cl\u00ednica de Fonoaudiolog\u00eda. Se refiere Claudia Montoya, directora de la Cl\u00ednica. \u00a0 \u00a0 CANAL TVN RED MAULE\u00a0 Cl\u00ednica de Fonoaudiolog\u00eda de la Universidad de Talca comenz\u00f3 a atender de forma presencial.\u00a0 \u00a0 DIARIOLAPRENSA.CL\u00a0 Vuelve atenci\u00f3n presencial en Cl\u00ednica de Fonoaudiolog\u00eda. Se refiere Claudia Montoya, directora de la Cl\u00ednica.\u00a0 &hellip;<\/p>\n<p class=\"read-more\"> <a class=\"\" href=\"https:\/\/www.reportedeprensa.utalca.cl\/?p=3369\"> <span class=\"screen-reader-text\">16 de marzo de 2022<\/span> Read More &raquo;<\/a><\/p>\n","protected":false},"author":1,"featured_media":0,"comment_status":"closed","ping_status":"open","sticky":false,"template":"","format":"standard","meta":{"_monsterinsights_skip_tracking":false,"_monsterinsights_sitenote_active":false,"_monsterinsights_sitenote_note":"","_monsterinsights_sitenote_category":0},"categories":[19],"tags":[],"_links":{"self":[{"href":"https:\/\/www.reportedeprensa.utalca.cl\/index.php?rest_route=\/wp\/v2\/posts\/3369"}],"collection":[{"href":"https:\/\/www.reportedeprensa.utalca.cl\/index.php?rest_route=\/wp\/v2\/posts"}],"about":[{"href":"https:\/\/www.reportedeprensa.utalca.cl\/index.php?rest_route=\/wp\/v2\/types\/post"}],"author":[{"embeddable":true,"href":"https:\/\/www.reportedeprensa.utalca.cl\/index.php?rest_route=\/wp\/v2\/users\/1"}],"replies":[{"embeddable":true,"href":"https:\/\/www.reportedeprensa.utalca.cl\/index.php?rest_route=%2Fwp%2Fv2%2Fcomments&post=3369"}],"version-history":[{"count":4,"href":"https:\/\/www.reportedeprensa.utalca.cl\/index.php?rest_route=\/wp\/v2\/posts\/3369\/revisions"}],"predecessor-version":[{"id":3373,"href":"https:\/\/www.reportedeprensa.utalca.cl\/index.php?rest_route=\/wp\/v2\/posts\/3369\/revisions\/3373"}],"wp:attachment":[{"href":"https:\/\/www.reportedeprensa.utalca.cl\/index.php?rest_route=%2Fwp%2Fv2%2Fmedia&parent=3369"}],"wp:term":[{"taxonomy":"category","embeddable":true,"href":"https:\/\/www.reportedeprensa.utalca.cl\/index.php?rest_route=%2Fwp%2Fv2%2Fcategories&post=3369"},{"taxonomy":"post_tag","embeddable":true,"href":"https:\/\/www.reportedeprensa.utalca.cl\/index.php?rest_route=%2Fwp%2Fv2%2Ftags&post=3369"}],"curies":[{"name":"wp","href":"https:\/\/api.w.org\/{rel}","templated":true}]}}