{"id":3381,"date":"2022-03-17T09:27:11","date_gmt":"2022-03-17T12:27:11","guid":{"rendered":"https:\/\/www.reportedeprensa.utalca.cl\/?p=3381"},"modified":"2022-03-17T09:30:19","modified_gmt":"2022-03-17T12:30:19","slug":"17-de-marzo-de-2022","status":"publish","type":"post","link":"https:\/\/www.reportedeprensa.utalca.cl\/?p=3381","title":{"rendered":"17 de marzo de 2022"},"content":{"rendered":"\t\t<div data-elementor-type=\"wp-post\" data-elementor-id=\"3381\" class=\"elementor elementor-3381\" data-elementor-settings=\"[]\">\n\t\t\t\t\t\t\t<div class=\"elementor-section-wrap\">\n\t\t\t\t\t\t\t<section class=\"elementor-section elementor-top-section elementor-element elementor-element-17fae7ab elementor-section-boxed elementor-section-height-default elementor-section-height-default\" data-id=\"17fae7ab\" data-element_type=\"section\">\n\t\t\t\t\t\t<div class=\"elementor-container elementor-column-gap-default\">\n\t\t\t\t\t<div class=\"elementor-column elementor-col-100 elementor-top-column elementor-element elementor-element-60e202a0\" data-id=\"60e202a0\" data-element_type=\"column\">\n\t\t\t<div class=\"elementor-widget-wrap elementor-element-populated\">\n\t\t\t\t\t\t\t\t<div class=\"elementor-element elementor-element-387ad460 elementor-widget elementor-widget-text-editor\" data-id=\"387ad460\" data-element_type=\"widget\" data-widget_type=\"text-editor.default\">\n\t\t\t\t<div class=\"elementor-widget-container\">\n\t\t\t\t\t\t\t\t<div><p class=\"x_MsoNormal\"><strong>DIARIO LA PRENSA\u00a0<\/strong><\/p><p class=\"x_MsoNormal\"><a href=\"https:\/\/www.litoralpress.cl\/paginaconsultas\/Servicios_NClip\/Get_Imagen_Nota.aspx?LPKey=CJH3YJPVQKIJUILP336XPSGEJ5BBLCKDP7MQNTYQFKXRE7INNRLQYBZKOWKT3IODBQVDZRCN3A4V6\">UTalca volvi\u00f3 a las actividades presenciales. Se refieren \u00c1lvaro Rojas, rector y Paula Caballero, vicerrectora de Desarrollo Estudiantil.\u00a0<\/a><\/p><p class=\"x_MsoNormal\">\u00a0<\/p><p class=\"x_MsoNormal\"><strong>CANAL CONTIVISI\u00d3N\u00a0<\/strong><\/p><p class=\"x_MsoNormal\"><a href=\"https:\/\/www.litoralpress.cl\/sitio\/RadioTV_Detalles.cshtml?LPKey=MLNEF2JTJFTLDVJH26OCUULDFJRCDYIXBRSGE4SJ45LHM362VADA\">Comenzaron clases presenciales en la Universidad de Talca. Se refieren \u00c1lvaro Rojas, rector y Paula Caballero, vicerrectora de Desarrollo Estudiantil.\u00a0<\/a><\/p><p class=\"x_MsoNormal\">\u00a0<\/p><p class=\"x_MsoNormal\"><strong>DIARIO EL LECTOR\u00a0<\/strong><\/p><p class=\"x_MsoNormal\"><a href=\"https:\/\/www.litoralpress.cl\/paginaconsultas\/Servicios_NClip\/Get_Imagen_Nota.aspx?LPKey=CWWVGCFOT2NF4T6O7GPDGWE2GGHJEREG5YXEPBCKZHM4EHGTTGKHNI7VGY7KRJ7KGIU3PJXKXXD3G\">Universidad de Talca retom\u00f3 actividades estudiantiles presenciales. Se refieren \u00c1lvaro Rojas, rector y Paula Caballero, vicerrectora de Desarrollo Estudiantil.\u00a0<\/a><\/p><p class=\"x_MsoNormal\">\u00a0<\/p><p class=\"x_MsoNormal\"><strong>DIARIOTALCA.CL\u00a0<\/strong><\/p><p class=\"x_MsoNormal\"><a href=\"https:\/\/diariotalca.cl\/cuatro-candidatos-competiran-hoy-por-el-cargo-de-rector-de-utalca\/\">Cuatro candidatos competir\u00e1n hoy por el cargo de rector de UTalca. Se refiere Isabel Hern\u00e1ndez, secretaria General.\u00a0<\/a><\/p><p class=\"x_MsoNormal\">\u00a0<\/p><p class=\"x_MsoNormal\"><strong>DIARIOELHERALDO.CL\u00a0<\/strong><\/p><p class=\"x_MsoNormal\"><a href=\"http:\/\/www.diarioelheraldo.cl\/noticia\/universidad-de-talca-realiza-eleccion-de-nuevo-rector-\">Universidad de Talca realiza elecci\u00f3n de nuevo rector. Se refiere Isabel Hern\u00e1ndez, secretaria General.\u00a0<\/a><\/p><p class=\"x_MsoNormal\">\u00a0<\/p><p class=\"x_MsoNormal\"><strong>ELMAULEINFORMA.CL\u00a0<\/strong><\/p><p class=\"x_MsoNormal\"><a href=\"https:\/\/elmauleinforma.cl\/universidad-de-talca-realiza-eleccion-de-nuevo-rector\/\">Universidad de Talca realiza elecci\u00f3n de nuevo rector. Se refiere Isabel Hern\u00e1ndez, secretaria General. \u00a0<\/a><\/p><p class=\"x_MsoNormal\" aria-hidden=\"true\">\u00a0<\/p><p class=\"x_MsoNormal\"><strong>TVMAULE.CL\u00a0<\/strong><\/p><p class=\"x_MsoNormal\"><a href=\"https:\/\/www.tvmaule.cl\/nuevo-rector-de-la-universidad-de-talca-sera-elegido-este-jueves\/\">Nuevo rector de la Universidad de Talca ser\u00e1 elegido este jueves. Se refiere Isabel Hern\u00e1ndez, secretaria General.\u00a0<\/a><\/p><p class=\"x_MsoNormal\">\u00a0<\/p><p class=\"x_MsoNormal\"><strong>EL MERCURIO\u00a0<\/strong><\/p><p class=\"x_MsoNormal\"><a href=\"https:\/\/www.litoralpress.cl\/paginaconsultas\/Servicios_NClip\/Get_Imagen_Nota.aspx?LPKey=PEDHCPVWXOTAS2FTX57U2VL3KBBAPQGJ6WAI23OOQD4OGVNQ3RXTYMVE45WGEPIMEA5AKEIJXOGQO\">El colegio es un buen espacio para escuchar los temores de los estudiantes sobre la guerra y contenerlos. Se refiere Nibaldo Benavides, director (s) del Instituto de Investigaci\u00f3n y Desarrollo Educacional (IIDE).\u00a0<\/a><\/p><p class=\"x_MsoNormal\">\u00a0<\/p><p class=\"x_MsoNormal\"><strong>DIARIO LA PRENSA\u00a0<\/strong><\/p><p class=\"x_MsoNormal\"><a href=\"https:\/\/www.litoralpress.cl\/paginaconsultas\/Servicios_NClip\/Get_Imagen_Nota.aspx?LPKey=PEU56AXFV2RPETGGK4F52TSQJRYQSBBFATNLLJJBPSNJL3WEMLP436QFTTQIYE3QZPZ6NQN3IKISW\">Preocupaci\u00f3n por derechos de los ni\u00f1os en Ucrania. Se refiere Isaac Ravetllat, director del Centro de Estudios de los Derechos de la Infancia y la Adolescencia (CEDIA).\u00a0<\/a><\/p><p class=\"x_MsoNormal\">\u00a0<\/p><p class=\"x_MsoNormal\"><strong>RADIO BIOB\u00cdO\u00a0<\/strong><\/p><p class=\"x_MsoNormal\"><a href=\"https:\/\/www.litoralpress.cl\/sitio\/RadioTV_Detalles.cshtml?LPKey=CRZE7EJH4H7RZSXNQY5I4MLEIM5WBKHLAK2HTNJXSXW7INF42YFA\">No descartaron racionamiento de agua en tres comunas de la zona oriente de la capital. Se refiere Patricio Gonz\u00e1lez, acad\u00e9mico del Centro de Investigaci\u00f3n y Transferencia en Riego y Agroclimatolog\u00eda (CITRA).\u00a0<\/a><\/p><p class=\"x_MsoNormal\">\u00a0<\/p><p class=\"x_MsoNormal\"><strong>ELMAULEINFORMA.CL\u00a0<\/strong><\/p><p class=\"x_MsoNormal\"><a href=\"https:\/\/elmauleinforma.cl\/experto-explica-como-funcionaria-la-descentralizacion-que-se-debate-en-la-convencion-constitucional\/\">Experto explica c\u00f3mo funcionar\u00eda la descentralizaci\u00f3n que se debate en la Convenci\u00f3n Constitucional. Se refiere Osvaldo Henr\u00edquez, acad\u00e9mico de la Escuela de Administraci\u00f3n P\u00fablica.\u00a0<\/a><\/p><p class=\"x_MsoNormal\">\u00a0<\/p><p class=\"x_MsoNormal\"><strong>ATENTOSCHILE.CL\u00a0<\/strong><\/p><p class=\"x_MsoNormal\"><a href=\"https:\/\/www.litoralpress.cl\/sitio\/RadioTV_Detalles.cshtml?LPKey=CIVUGWXVLDQRBVGVR6HBNIDXG6PK6W6DG2WGYYGL4VIR4GLY2WPA\">Entrevista a Mar\u00eda Ignacia Sandoval, acad\u00e9mica del Centro de Estudios Constitucionales de Chile (CECOCH).\u00a0<\/a><\/p><p class=\"x_MsoNormal\">\u00a0<\/p><p class=\"x_MsoNormal\"><strong>RADIO MARISOL\u00a0<\/strong><\/p><p class=\"x_MsoNormal\"><a href=\"https:\/\/www.litoralpress.cl\/sitio\/RadioTV_Detalles.cshtml?LPKey=5KURMGTMCDPCDVT5WSXDRUGE5KB3FYQZRSOTH5JXF6DGBY6TNPUA\">Entrevista a Mar\u00eda Ignacia Sandoval, acad\u00e9mica del Centro de Estudios Constitucionales de Chile (CECOCH).\u00a0<\/a><\/p><p class=\"x_MsoNormal\" aria-hidden=\"true\">\u00a0<\/p><p class=\"x_MsoNormal\"><strong>RADIO COOPERATIVA\u00a0<\/strong><\/p><p class=\"x_MsoNormal\"><a href=\"https:\/\/www.litoralpress.cl\/sitio\/RadioTV_Detalles.cshtml?LPKey=24MCBGFB5IR37AEHNXVEP563GQYDX2YR67LBNGGCQ7UYOQ76GBZQ\">Violencia en los establecimientos educacionales. Se refiere Carolina Iturra, acad\u00e9mica de la Facultad de Psicolog\u00eda. \u00a0<\/a><\/p><p class=\"x_MsoNormal\">\u00a0<\/p><p class=\"x_MsoNormal\"><strong>CANAL CONTIVISI\u00d3N\u00a0<\/strong><\/p><p class=\"x_MsoNormal\"><a href=\"https:\/\/www.litoralpress.cl\/sitio\/RadioTV_Detalles.cshtml?LPKey=2CKP5PFDPIKXYLUTXYCNDJZT2AABBDD22EL3GEAVAZJ3RD6TVU3A\">Violencia en los establecimientos educacionales. Se refiere Felipe Figueroa, psic\u00f3logo programa PACE UTalca.\u00a0<\/a><\/p><p class=\"x_MsoNormal\">\u00a0<\/p><p class=\"x_MsoNormal\"><strong>VERITASCAPITUR.CL\u00a0<\/strong><\/p><p class=\"x_MsoNormal\"><a href=\"https:\/\/veritascapitur.cl\/expertos-descartan-escenario-estanflacionario-en-el-corto-plazo\/\">Expertos descartan escenario estanflacionario en el corto plazo. Se refiere Alejandro Rodr\u00edguez, acad\u00e9mico de la Facultad de Ingenier\u00eda. \u00a0<\/a><\/p><p class=\"x_MsoNormal\">\u00a0<\/p><p class=\"x_MsoNormal\"><strong>DIARIO FINANCIERO\u00a0<\/strong><\/p><p class=\"x_MsoNormal\"><a href=\"https:\/\/www.litoralpress.cl\/paginaconsultas\/Servicios_NClip\/Get_Imagen_Nota.aspx?LPKey=WTM7YEHA3SAFMPK7VTW5S7MHFOKYZYJAJ22VZZ32PHAVV5QWJ5CWVMG75KPOPYJO3CQWQ3VYDMG3U\">Las empresas que se unieron para dar la pelea y reducir la brecha de g\u00e9nero. Se menciona a la UTalca.\u00a0<\/a><\/p><p class=\"x_MsoNormal\">\u00a0<\/p><p class=\"x_MsoNormal\"><strong>DF.CL\u00a0<\/strong><\/p><p class=\"x_MsoNormal\"><a href=\"https:\/\/www.df.cl\/noticias\/economia-y-politica\/laboral-personas\/las-empresas-que-se-unieron-para-dar-la-pelea-y-reducir-la-brecha-de\/2022-03-15\/204624.html\">Las empresas que se unieron para dar la pelea y reducir la brecha de g\u00e9nero. Se menciona a la UTalca.\u00a0<\/a><\/p><p class=\"x_MsoNormal\">\u00a0<\/p><p class=\"x_MsoNormal\"><strong>RADIO INFINITA\u00a0<\/strong><\/p><p class=\"x_MsoNormal\"><a href=\"https:\/\/www.litoralpress.cl\/sitio\/RadioTV_Detalles.cshtml?LPKey=CRZE7EJH4H7RZSXNQY5I4MLEIM5WBKHLAK2HTNJXSXW7INF42YFA\">An\u00e1lisis Pol\u00edtico en \u201cLo que faltaba\u201d. Se refiere Mauricio Morales, director del Centro de An\u00e1lisis Pol\u00edtico (CAP).\u00a0<\/a><\/p><p class=\"x_MsoNormal\">\u00a0<\/p><p class=\"x_MsoNormal\"><strong>INFINITA.CL\u00a0<\/strong><\/p><p class=\"x_MsoNormal\"><a href=\"https:\/\/www.litoralpress.cl\/sitio\/RadioTV_Detalles.cshtml?LPKey=PGM6C5SAKLSQRUHYWV5XBVH2AXLLOR3SY6Q2TCAHG4I7ICF4MV4A\">An\u00e1lisis Pol\u00edtico en \u201cLo que faltaba\u201d. Se refiere Mauricio Morales, director del Centro de An\u00e1lisis Pol\u00edtico (CAP).\u00a0<\/a><\/p><p class=\"x_MsoNormal\">\u00a0<\/p><p class=\"x_MsoNormal\"><strong>DIARIO EL D\u00cdA\u00a0<\/strong><\/p><p class=\"x_MsoNormal\"><a href=\"https:\/\/www.litoralpress.cl\/paginaconsultas\/Servicios_NClip\/Get_Imagen_Nota.aspx?LPKey=KWUN4ABQINZSRQ3JJ7KKWFATT7DI6AY4NAEWMOUZON22UVJOPK4NHXHQWAGK2WSRHNQVWHHVB2OFS\">Izkia Siches: &#8220;EI Gobierno no va a retroceder en buscar el di\u00e1logo y encuentro&#8221;. Se refiere Mauricio Morales, director del Centro de An\u00e1lisis Pol\u00edtico (CAP).\u00a0<\/a><\/p><p class=\"x_MsoNormal\">\u00a0<\/p><p class=\"x_MsoNormal\"><strong>CANAL UATV DE TEMUCO\u00a0<\/strong><\/p><p class=\"x_MsoNormal\"><a href=\"https:\/\/www.litoralpress.cl\/sitio\/RadioTV_Detalles.cshtml?LPKey=SC5KIE3IV4GIMOTV4DI6UXZGBCRRMGXHEJ77V6DNZWLEU7XXTTIA\">RN se retir\u00f3 de toda coordinaci\u00f3n con la UDI y Ev\u00f3poli. Se refiere Mauricio Morales, director del Centro de An\u00e1lisis Pol\u00edtico (CAP).\u00a0<\/a><\/p><p class=\"x_MsoNormal\">\u00a0<\/p><p class=\"x_MsoNormal\"><strong>LADERASUR.COM\u00a0<\/strong><\/p><p class=\"x_MsoNormal\"><a href=\"https:\/\/laderasur.com\/estapasando\/premios-verdes-2022-conoce-algunos-de-los-proyectos-e-iniciativas-mas-destacables-que-concursan-por-latinoamerica\/\">Premios Verdes 2022: Conoce algunos de los proyectos e iniciativas m\u00e1s destacables que concursan por Latinoam\u00e9rica. Se menciona a la UTalca.\u00a0<\/a><\/p><\/div>\t\t\t\t\t\t<\/div>\n\t\t\t\t<\/div>\n\t\t\t\t\t<\/div>\n\t\t<\/div>\n\t\t\t\t\t\t\t<\/div>\n\t\t<\/section>\n\t\t\t\t\t\t<\/div>\n\t\t\t\t\t<\/div>\n\t\t","protected":false},"excerpt":{"rendered":"<p>DIARIO LA PRENSA\u00a0 UTalca volvi\u00f3 a las actividades presenciales. Se refieren \u00c1lvaro Rojas, rector y Paula Caballero, vicerrectora de Desarrollo Estudiantil.\u00a0 \u00a0 CANAL CONTIVISI\u00d3N\u00a0 Comenzaron clases presenciales en la Universidad de Talca. Se refieren \u00c1lvaro Rojas, rector y Paula Caballero, vicerrectora de Desarrollo Estudiantil.\u00a0 \u00a0 DIARIO EL LECTOR\u00a0 Universidad de Talca retom\u00f3 actividades estudiantiles presenciales. &hellip;<\/p>\n<p class=\"read-more\"> <a class=\"\" href=\"https:\/\/www.reportedeprensa.utalca.cl\/?p=3381\"> <span class=\"screen-reader-text\">17 de marzo de 2022<\/span> Read More &raquo;<\/a><\/p>\n","protected":false},"author":1,"featured_media":0,"comment_status":"closed","ping_status":"open","sticky":false,"template":"","format":"standard","meta":{"_monsterinsights_skip_tracking":false,"_monsterinsights_sitenote_active":false,"_monsterinsights_sitenote_note":"","_monsterinsights_sitenote_category":0},"categories":[19],"tags":[],"_links":{"self":[{"href":"https:\/\/www.reportedeprensa.utalca.cl\/index.php?rest_route=\/wp\/v2\/posts\/3381"}],"collection":[{"href":"https:\/\/www.reportedeprensa.utalca.cl\/index.php?rest_route=\/wp\/v2\/posts"}],"about":[{"href":"https:\/\/www.reportedeprensa.utalca.cl\/index.php?rest_route=\/wp\/v2\/types\/post"}],"author":[{"embeddable":true,"href":"https:\/\/www.reportedeprensa.utalca.cl\/index.php?rest_route=\/wp\/v2\/users\/1"}],"replies":[{"embeddable":true,"href":"https:\/\/www.reportedeprensa.utalca.cl\/index.php?rest_route=%2Fwp%2Fv2%2Fcomments&post=3381"}],"version-history":[{"count":4,"href":"https:\/\/www.reportedeprensa.utalca.cl\/index.php?rest_route=\/wp\/v2\/posts\/3381\/revisions"}],"predecessor-version":[{"id":3385,"href":"https:\/\/www.reportedeprensa.utalca.cl\/index.php?rest_route=\/wp\/v2\/posts\/3381\/revisions\/3385"}],"wp:attachment":[{"href":"https:\/\/www.reportedeprensa.utalca.cl\/index.php?rest_route=%2Fwp%2Fv2%2Fmedia&parent=3381"}],"wp:term":[{"taxonomy":"category","embeddable":true,"href":"https:\/\/www.reportedeprensa.utalca.cl\/index.php?rest_route=%2Fwp%2Fv2%2Fcategories&post=3381"},{"taxonomy":"post_tag","embeddable":true,"href":"https:\/\/www.reportedeprensa.utalca.cl\/index.php?rest_route=%2Fwp%2Fv2%2Ftags&post=3381"}],"curies":[{"name":"wp","href":"https:\/\/api.w.org\/{rel}","templated":true}]}}