{"id":3393,"date":"2022-03-18T09:13:19","date_gmt":"2022-03-18T12:13:19","guid":{"rendered":"https:\/\/www.reportedeprensa.utalca.cl\/?p=3393"},"modified":"2022-03-18T09:19:41","modified_gmt":"2022-03-18T12:19:41","slug":"18-de-marzo-de-2022","status":"publish","type":"post","link":"https:\/\/www.reportedeprensa.utalca.cl\/?p=3393","title":{"rendered":"18 de marzo de 2022"},"content":{"rendered":"\t\t<div data-elementor-type=\"wp-post\" data-elementor-id=\"3393\" class=\"elementor elementor-3393\" data-elementor-settings=\"[]\">\n\t\t\t\t\t\t\t<div class=\"elementor-section-wrap\">\n\t\t\t\t\t\t\t<section class=\"elementor-section elementor-top-section elementor-element elementor-element-17fae7ab elementor-section-boxed elementor-section-height-default elementor-section-height-default\" data-id=\"17fae7ab\" data-element_type=\"section\">\n\t\t\t\t\t\t<div class=\"elementor-container elementor-column-gap-default\">\n\t\t\t\t\t<div class=\"elementor-column elementor-col-100 elementor-top-column elementor-element elementor-element-60e202a0\" data-id=\"60e202a0\" data-element_type=\"column\">\n\t\t\t<div class=\"elementor-widget-wrap elementor-element-populated\">\n\t\t\t\t\t\t\t\t<div class=\"elementor-element elementor-element-387ad460 elementor-widget elementor-widget-text-editor\" data-id=\"387ad460\" data-element_type=\"widget\" data-widget_type=\"text-editor.default\">\n\t\t\t\t<div class=\"elementor-widget-container\">\n\t\t\t\t\t\t\t\t<p class=\"x_MsoNormal\"><strong>DIARIOTALCA.CL\u00a0<\/strong><\/p><p class=\"x_MsoNormal\"><a href=\"https:\/\/diariotalca.cl\/definitivo-habra-segunda-vuelta-para-eleccion-de-rector-en-la-utalca\/\">Definitivo: habr\u00e1 segunda vuelta para elecci\u00f3n de rector en la UTalca. \u00a0<\/a><\/p><p class=\"x_MsoNormal\">\u00a0<\/p><p class=\"x_MsoNormal\"><strong>ELMAULEINFORMA.CL\u00a0<\/strong><\/p><p class=\"x_MsoNormal\"><a href=\"https:\/\/elmauleinforma.cl\/carlos-torres-y-arcadio-cerda-iran-a-segunda-vuelta-en-eleccion-de-rector-de-la-utalca\/\">Carlos Torres y Arcadio Cerda ir\u00e1n a segunda vuelta en elecci\u00f3n de rector de la UTalca. \u00a0<\/a><\/p><p class=\"x_MsoNormal\">\u00a0<\/p><p class=\"x_MsoNormal\"><strong>G5NOTICIAS.CL\u00a0<\/strong><\/p><p class=\"x_MsoNormal\"><a href=\"https:\/\/g5noticias.cl\/2022\/03\/17\/u-talca-eleccion-de-rector-se-definira-en-segunda-vuelta\/\">UTalca: Elecci\u00f3n de rector se definir\u00e1 en segunda vuelta. \u00a0<\/a><\/p><p class=\"x_MsoNormal\">\u00a0<\/p><p class=\"x_MsoNormal\"><strong>DIARIO LA PRENSA\u00a0<\/strong><\/p><p class=\"x_MsoNormal\"><a href=\"https:\/\/www.litoralpress.cl\/paginaconsultas\/Servicios_NClip\/Get_Imagen_Nota.aspx?LPKey=PJGPF5AHECTT7A332QQHZXS4CRDIZA7OLB4YHR5L57B6PRQ6JKVYXUWNXTBITLRRXOMSBBSEPSBQC\">Universidad de Talca: Acad\u00e9micos eligen a nuevo rector por per\u00edodo de cuatro a\u00f1os.\u00a0<\/a><\/p><p class=\"x_MsoNormal\">\u00a0<\/p><p class=\"x_MsoNormal\"><strong>DIARIO EL HERALDO\u00a0<\/strong><\/p><p class=\"x_MsoNormal\"><a href=\"https:\/\/www.litoralpress.cl\/paginaconsultas\/Servicios_NClip\/Get_Imagen_Nota.aspx?LPKey=3S2JVSJQQDOFZGPTOSLQW4GYZWVXP7VS6MSGTNLCPRVMKNQSRVVC4XPFN5UUY3523ILGCDD7HIASM\">Universidad de Talca realiza elecci\u00f3n de nuevo rector. \u00a0<\/a><\/p><p class=\"x_MsoNormal\" aria-hidden=\"true\">\u00a0<\/p><p class=\"x_MsoNormal\"><strong>CANAL TVN RED MAULE\u00a0<\/strong><\/p><p class=\"x_MsoNormal\"><a href=\"https:\/\/www.litoralpress.cl\/sitio\/RadioTV_Detalles.cshtml?LPKey=LZ3V4FEQAD7Y3AEMFHTW6GC7742T7UNOO5NQVVELYVBRJFHTSCFQ\">Ma\u00f1ana se define al nuevo Rector en U de Talca.\u00a0<\/a><\/p><p class=\"x_MsoNormal\">\u00a0<\/p><p class=\"x_MsoNormal\"><strong>DIARIO EL LECTOR\u00a0<\/strong><\/p><p class=\"x_MsoNormal\"><a href=\"https:\/\/www.litoralpress.cl\/paginaconsultas\/Servicios_NClip\/Get_Imagen_Nota.aspx?LPKey=4L7KJNM57ZVP3F3OCJ2ATUDY36CNLURNPDH7UJK66MZQEBDIBYGTZFLXTSNZMEDUMMFT3DFYPS2ZK\">Universidad de Talca realiza elecci\u00f3n de nuevo rector.\u00a0<\/a><\/p><p class=\"x_MsoNormal\">\u00a0<\/p><p class=\"x_MsoNormal\"><strong>REVISTA EL CENTRO\u00a0<\/strong><\/p><p class=\"x_MsoNormal\"><a href=\"https:\/\/www.litoralpress.cl\/paginaconsultas\/Servicios_NClip\/Get_Imagen_Nota.aspx?LPKey=CALFPXRZVL23TGGQIFRQCEERWSPA7RB6VUFVGWYXK4ASPKTMINO3SOBUY3SNTHCDGTDIOLXF6V7MU\">Investigadores de la Universidad de Talca crear\u00e1n plataforma satelital para estimar consumo de agua en Chile. Se refiere Samuel Ortega, director del Centro de Investigaci\u00f3n y Transferencia en Riego y Agroclimatolog\u00eda (CITRA).\u00a0<\/a><\/p><p class=\"x_MsoNormal\">\u00a0<\/p><p class=\"x_MsoNormal\"><strong>G5NOTICIAS\u00a0<\/strong><\/p><p class=\"x_MsoNormal\"><a href=\"https:\/\/g5noticias.cl\/2022\/03\/17\/universidad-de-talca-vuelve-a-recibir-estudiantes-extranjeros\/\">Universidad de Talca vuelve a recibir estudiantes extranjeros.\u00a0\u00a0<\/a><\/p><p>\u00a0<\/p><p class=\"x_MsoNormal\"><strong>EMOL.COM\u00a0<\/strong><\/p><p class=\"x_MsoNormal\"><a href=\"https:\/\/www.emol.com\/noticias\/Economia\/2022\/03\/18\/1055286\/beneficiados-nuevo-retiro-10.html\">\u00bfCu\u00e1ntos podr\u00edan retirar? \u00bfQu\u00e9 n\u00famero de afiliados quedar\u00eda sin fondos?: Las cifras de un eventual nuevo 10%. Se refiere Rodrigo Herrera, decano de la Facultad de Econom\u00eda y Negocios.\u00a0<\/a><\/p><p class=\"x_MsoNormal\">\u00a0<\/p><p class=\"x_MsoNormal\"><strong>CANAL UCHILE TV\u00a0<\/strong><\/p><p class=\"x_MsoNormal\"><a href=\"https:\/\/www.litoralpress.cl\/sitio\/RadioTV_Detalles.cshtml?LPKey=FXX3XNKNAH6SBCM3TOLRRZ3SREHUZXN4UTVQBOBI226AWUC3RH7Q\">Entrevista a Natalia Uribe, acad\u00e9mica de la Facultad de Psicolog\u00eda.\u00a0<\/a><\/p><p class=\"x_MsoNormal\">\u00a0<\/p><p class=\"x_MsoNormal\"><strong>LATERCERA.COM\u00a0<\/strong><\/p><p class=\"x_MsoNormal\"><a href=\"https:\/\/www.latercera.com\/que-pasa\/noticia\/estudio-detecto-mas-de-36-mil-pequenos-terremotos-en-la-peninsula-antartica-en-casi-un-ano\/GIPQKE67CBAAFLI7YVSD33FG2M\/\">Estudio detect\u00f3 m\u00e1s de 36 mil peque\u00f1os terremotos en la pen\u00ednsula Ant\u00e1rtica en casi un a\u00f1o. Se menciona a Joaqu\u00edn V\u00e1squez, acad\u00e9mico de la Facultad de Ciencias de la Salud.\u00a0<\/a><\/p><p class=\"x_MsoNormal\">\u00a0<\/p><p class=\"x_MsoNormal\"><strong>DIARIOTALCA.CL\u00a0<\/strong><\/p><p class=\"x_MsoNormal\"><a href=\"https:\/\/diariotalca.cl\/le-gusta-la-robotica-a-tus-hijos-conoce-donde-participar-en-talleres-gratuitos\/\">\u00bfLe gusta la rob\u00f3tica a tus hijos? Conoce donde participar en talleres gratuitos. Se refiere Karin Saavedra, acad\u00e9mica de la Facultad de Ingenier\u00eda.\u00a0<\/a><\/p><p class=\"x_MsoNormal\">\u00a0<\/p><p class=\"x_MsoNormal\"><strong>DIARIOELHERALDO.CL\u00a0<\/strong><\/p><p class=\"x_MsoNormal\"><a href=\"http:\/\/www.diarioelheraldo.cl\/noticia\/robotica-educativa-utalca-invita-a-jovenes-a-participar-de-talleres-\">Rob\u00f3tica educativa: UTalca invita a j\u00f3venes a participar de talleres. Se refiere Karin Saavedra, acad\u00e9mica de la Facultad de Ingenier\u00eda.\u00a0<\/a><\/p><p class=\"x_MsoNormal\">\u00a0<\/p><p class=\"x_MsoNormal\"><strong>BIOBIOCHILE.CL\u00a0<\/strong><\/p><p class=\"x_MsoNormal\"><a href=\"https:\/\/www.biobiochile.cl\/noticias\/artes-y-cultura\/actualidad-cultural\/2022\/03\/17\/se-inaugura-rebeldes-laboratorio-experimental-de-practicas-feministas-para-el-dialogo-y-la-accion.shtml\">Se inaugura &#8220;Rebeldes&#8221;, laboratorio experimental de pr\u00e1cticas feministas para el di\u00e1logo y la acci\u00f3n. Se menciona a la UTalca.\u00a0<\/a><\/p><p class=\"x_MsoNormal\">\u00a0<\/p><p class=\"x_MsoNormal\"><strong>RADIOCOOPERATIVA.CL\u00a0<\/strong><\/p><p class=\"x_MsoNormal\"><a href=\"https:\/\/www.cooperativa.cl\/noticias\/pais\/region-del-maule\/gobierno-designo-en-salud-a-la-primera-autoridad-del-nuevo-gobierno-en\/2022-03-17\/141802.html\">Gobierno design\u00f3 en Salud a la primera autoridad del nuevo Gobierno en el Maule. Se menciona a Mar\u00eda Gloria Icaza, acad\u00e9mica del Instituto de Matem\u00e1ticas.\u00a0<\/a><\/p><p class=\"x_MsoNormal\">\u00a0<\/p><p class=\"x_MsoNormal\"><strong>DIARIOTALCA.CL\u00a0<\/strong><\/p><p class=\"x_MsoNormal\"><a href=\"https:\/\/diariotalca.cl\/quien-es-maria-gloria-icaza-la-nueva-seremi-de-salud-del-maule\/\">\u00bfQui\u00e9n es Mar\u00eda Gloria Icaza la nueva seremi de Salud del Maule? Acad\u00e9mica del Instituto de Matem\u00e1ticas. \u00a0<\/a><\/p><p class=\"x_MsoNormal\">\u00a0<\/p><p class=\"x_MsoNormal\"><strong>DIARIOELHERALDO.CL\u00a0<\/strong><\/p><p class=\"x_MsoNormal\"><a href=\"http:\/\/www.diarioelheraldo.cl\/noticia\/academica-maria-gloria-icaza-es-designada-como-nueva-seremi-de-salud-de-la-region-del-maule\">Acad\u00e9mica Mar\u00eda Gloria Icaza es designada como nueva seremi de Salud de la Regi\u00f3n del Maule. Profesora del Instituto de Matem\u00e1ticas.\u00a0<\/a><\/p><p class=\"x_MsoNormal\">\u00a0<\/p><p class=\"x_MsoNormal\"><strong>TVMAULE.CL\u00a0<\/strong><\/p><p class=\"x_MsoNormal\"><a href=\"https:\/\/www.tvmaule.cl\/maria-gloria-icaza-es-la-nueva-seremi-de-salud-de-la-region-del-maule\/\">Mar\u00eda Gloria Icaza es la nueva seremi de Salud de la Regi\u00f3n del Maule. Acad\u00e9mica del Instituto de Matem\u00e1ticas.\u00a0<\/a><\/p><p class=\"x_MsoNormal\">\u00a0<\/p><p class=\"x_MsoNormal\"><strong>ELMAULEINFORMA.CL\u00a0<\/strong><\/p><p class=\"x_MsoNormal\"><a href=\"https:\/\/elmauleinforma.cl\/academica-maria-gloria-icaza-es-designada-como-nueva-seremi-de-salud-de-la-region-del-maule\/\">Acad\u00e9mica Mar\u00eda Gloria Icaza es designada como nueva seremi de Salud de la Regi\u00f3n del Maule. Profesora del Instituto de Matem\u00e1ticas. \u00a0<\/a><\/p><div class=\"x__Entity x__EType_OWALinkPreview x__EId_OWALinkPreview x__EReadonly_1\">\u00a0<\/div><p class=\"x_MsoNormal\"><strong>CENTROSURNOTICIAS.CL\u00a0<\/strong><\/p><p class=\"x_MsoNormal\"><a href=\"https:\/\/centrosurnoticias.cl\/academica-maria-gloria-icaza-es-designada-como-nueva-seremi-de-salud-de-la-region-del-maule\/\">Acad\u00e9mica Mar\u00eda Gloria Icaza es designada como nueva Seremi de Salud de la Regi\u00f3n del Maule. Profesora del Instituto de Matem\u00e1ticas.\u00a0<\/a><\/p><p class=\"x_MsoNormal\" aria-hidden=\"true\">\u00a0<\/p><p class=\"x_MsoNormal\"><strong>ELAMAULE.CL\u00a0<\/strong><\/p><p class=\"x_MsoNormal\"><a href=\"https:\/\/www.elamaule.cl\/noticia\/sociedad\/designan-nueva-seremi-de-salud-en-la-region-del-maule\">Designan nueva Seremi de Salud en la regi\u00f3n del Maule. Se menciona a Mar\u00eda Gloria Icaza, acad\u00e9mica del Instituto de Matem\u00e1ticas.\u00a0<\/a><\/p><p class=\"x_MsoNormal\" aria-hidden=\"true\">\u00a0<\/p><p class=\"x_MsoNormal\"><strong>PARRALACTUAL.COM\u00a0<\/strong><\/p><p class=\"x_MsoNormal\"><a href=\"https:\/\/www.parralactual.com\/academica-maria-gloria-icaza-es-designada-como-nueva-seremi-de-salud-de-la-region-del-maule\/\">Acad\u00e9mica Mar\u00eda Gloria Icaza es designada como nueva Seremi de Salud de la Regi\u00f3n del Maule. Profesora del Instituto de Matem\u00e1ticas.\u00a0<\/a><\/p><p class=\"x_MsoNormal\" aria-hidden=\"true\">\u00a0<\/p><p class=\"x_MsoNormal\"><strong>MUSICAYNOTICIAS.CL\u00a0<\/strong><\/p><p class=\"x_MsoNormal\"><a href=\"https:\/\/www.musicaynoticias.cl\/san-rafael\/destacada-academica-maria-gloria-icaza-es-designada-como-nueva-seremi-de-salud-de-la-region-del-maule\">Destacada acad\u00e9mica Mar\u00eda Gloria Icaza es designada como nueva Seremi de Salud de la Regi\u00f3n del Maule. Profesora del Instituto de Matem\u00e1ticas.\u00a0<\/a><\/p><p class=\"x_MsoNormal\">\u00a0<\/p><p class=\"x_MsoNormal\"><strong>RADIO INFINITA\u00a0<\/strong><\/p><p class=\"x_MsoNormal\"><a href=\"https:\/\/www.litoralpress.cl\/sitio\/RadioTV_Detalles.cshtml?LPKey=FXX3XNKNAH6SBCM3TOLRRZ3SREHUZXN4UTVQBOBI226AWUC3RH7Q\">An\u00e1lisis Pol\u00edtico en programa \u201cLo que faltaba\u201d. Se refiere Mauricio Morales, director del Centro de An\u00e1lisis Pol\u00edtico (CAP).\u00a0<\/a><\/p><p class=\"x_MsoNormal\">\u00a0<\/p><p class=\"x_MsoNormal\"><strong>DCONSTRUCCION.CL\u00a0<\/strong><\/p><p class=\"x_MsoNormal\"><a href=\"http:\/\/www.dconstruccion.cl\/?p=37325\">Cenamad, la transferencia con la industria y su empuje hacia una mejor habitabilidad de la vivienda a trav\u00e9s de la madera. Se menciona a la UTalca.\u00a0<\/a><\/p><p class=\"x_MsoNormal\">\u00a0<\/p>\t\t\t\t\t\t<\/div>\n\t\t\t\t<\/div>\n\t\t\t\t\t<\/div>\n\t\t<\/div>\n\t\t\t\t\t\t\t<\/div>\n\t\t<\/section>\n\t\t\t\t\t\t<\/div>\n\t\t\t\t\t<\/div>\n\t\t","protected":false},"excerpt":{"rendered":"<p>DIARIOTALCA.CL\u00a0 Definitivo: habr\u00e1 segunda vuelta para elecci\u00f3n de rector en la UTalca. \u00a0 \u00a0 ELMAULEINFORMA.CL\u00a0 Carlos Torres y Arcadio Cerda ir\u00e1n a segunda vuelta en elecci\u00f3n de rector de la UTalca. \u00a0 \u00a0 G5NOTICIAS.CL\u00a0 UTalca: Elecci\u00f3n de rector se definir\u00e1 en segunda vuelta. \u00a0 \u00a0 DIARIO LA PRENSA\u00a0 Universidad de Talca: Acad\u00e9micos eligen a nuevo &hellip;<\/p>\n<p class=\"read-more\"> <a class=\"\" href=\"https:\/\/www.reportedeprensa.utalca.cl\/?p=3393\"> <span class=\"screen-reader-text\">18 de marzo de 2022<\/span> Read More &raquo;<\/a><\/p>\n","protected":false},"author":1,"featured_media":0,"comment_status":"closed","ping_status":"open","sticky":false,"template":"","format":"standard","meta":{"_monsterinsights_skip_tracking":false,"_monsterinsights_sitenote_active":false,"_monsterinsights_sitenote_note":"","_monsterinsights_sitenote_category":0},"categories":[19],"tags":[],"_links":{"self":[{"href":"https:\/\/www.reportedeprensa.utalca.cl\/index.php?rest_route=\/wp\/v2\/posts\/3393"}],"collection":[{"href":"https:\/\/www.reportedeprensa.utalca.cl\/index.php?rest_route=\/wp\/v2\/posts"}],"about":[{"href":"https:\/\/www.reportedeprensa.utalca.cl\/index.php?rest_route=\/wp\/v2\/types\/post"}],"author":[{"embeddable":true,"href":"https:\/\/www.reportedeprensa.utalca.cl\/index.php?rest_route=\/wp\/v2\/users\/1"}],"replies":[{"embeddable":true,"href":"https:\/\/www.reportedeprensa.utalca.cl\/index.php?rest_route=%2Fwp%2Fv2%2Fcomments&post=3393"}],"version-history":[{"count":4,"href":"https:\/\/www.reportedeprensa.utalca.cl\/index.php?rest_route=\/wp\/v2\/posts\/3393\/revisions"}],"predecessor-version":[{"id":3397,"href":"https:\/\/www.reportedeprensa.utalca.cl\/index.php?rest_route=\/wp\/v2\/posts\/3393\/revisions\/3397"}],"wp:attachment":[{"href":"https:\/\/www.reportedeprensa.utalca.cl\/index.php?rest_route=%2Fwp%2Fv2%2Fmedia&parent=3393"}],"wp:term":[{"taxonomy":"category","embeddable":true,"href":"https:\/\/www.reportedeprensa.utalca.cl\/index.php?rest_route=%2Fwp%2Fv2%2Fcategories&post=3393"},{"taxonomy":"post_tag","embeddable":true,"href":"https:\/\/www.reportedeprensa.utalca.cl\/index.php?rest_route=%2Fwp%2Fv2%2Ftags&post=3393"}],"curies":[{"name":"wp","href":"https:\/\/api.w.org\/{rel}","templated":true}]}}