{"id":3405,"date":"2022-03-21T09:18:14","date_gmt":"2022-03-21T12:18:14","guid":{"rendered":"https:\/\/www.reportedeprensa.utalca.cl\/?p=3405"},"modified":"2022-03-21T09:23:39","modified_gmt":"2022-03-21T12:23:39","slug":"21-de-marzo-de-2022","status":"publish","type":"post","link":"https:\/\/www.reportedeprensa.utalca.cl\/?p=3405","title":{"rendered":"21 de marzo de 2022"},"content":{"rendered":"\t\t<div data-elementor-type=\"wp-post\" data-elementor-id=\"3405\" class=\"elementor elementor-3405\" data-elementor-settings=\"[]\">\n\t\t\t\t\t\t\t<div class=\"elementor-section-wrap\">\n\t\t\t\t\t\t\t<section class=\"elementor-section elementor-top-section elementor-element elementor-element-17fae7ab elementor-section-boxed elementor-section-height-default elementor-section-height-default\" data-id=\"17fae7ab\" data-element_type=\"section\">\n\t\t\t\t\t\t<div class=\"elementor-container elementor-column-gap-default\">\n\t\t\t\t\t<div class=\"elementor-column elementor-col-100 elementor-top-column elementor-element elementor-element-60e202a0\" data-id=\"60e202a0\" data-element_type=\"column\">\n\t\t\t<div class=\"elementor-widget-wrap elementor-element-populated\">\n\t\t\t\t\t\t\t\t<div class=\"elementor-element elementor-element-387ad460 elementor-widget elementor-widget-text-editor\" data-id=\"387ad460\" data-element_type=\"widget\" data-widget_type=\"text-editor.default\">\n\t\t\t\t<div class=\"elementor-widget-container\">\n\t\t\t\t\t\t\t\t<p class=\"x_MsoNormal\"><strong>DIARIOTALCA.CL\u00a0<\/strong><\/p><p class=\"x_MsoNormal\"><a href=\"https:\/\/diariotalca.cl\/50-universitarios-talquinos-viajaran-a-estudiar-al-extranjero\/\">50 universitarios talquinos viajar\u00e1n a estudiar al extranjero.\u00a0<\/a><\/p><p class=\"x_MsoNormal\">\u00a0<\/p><p class=\"x_MsoNormal\"><strong>DIARIO LA PRENSA\u00a0<\/strong><\/p><p class=\"x_MsoNormal\"><a href=\"https:\/\/www.litoralpress.cl\/paginaconsultas\/Servicios_NClip\/Get_Imagen_Nota.aspx?LPKey=MLOO6LY3HGUPGYNKIRUZBGIE2UJQDH64UGYKIERDUKYPXURZ5262BNVIJVHMMX4Z7FHTDVIM6R6QA\">UTalca vuelve a recibir estudiantes extranjeros.\u00a0<\/a><\/p><p class=\"x_MsoNormal\">\u00a0<\/p><p class=\"x_MsoNormal\"><strong>COOPERATIVA.CL\u00a0<\/strong><\/p><p class=\"x_MsoNormal\"><a href=\"https:\/\/www.cooperativa.cl\/noticias\/pais\/region-del-maule\/eleccion-de-nuevo-rector-de-la-utalca-se-definira-en-segunda-vuelta\/2022-03-19\/190118.html\">Elecci\u00f3n de nuevo rector de la UTalca se definir\u00e1 en segunda vuelta.\u00a0<\/a><\/p><p class=\"x_MsoNormal\">\u00a0<\/p><p class=\"x_MsoNormal\"><strong>DIARIO LA PRENSA\u00a0<\/strong><\/p><p class=\"x_MsoNormal\"><a href=\"https:\/\/www.litoralpress.cl\/paginaconsultas\/Servicios_NClip\/Get_Imagen_Nota.aspx?LPKey=63TT24Y7WQQHWZT7F3AXVTELXCKPAIML4VE7KI7K56NEDGI5SPLLMITFU6STDV7MXBLR4MQF4W4XY\">Nuevo rector de la U. de Talca ser\u00e1 elegido en segunda vuelta.\u00a0<\/a><\/p><p class=\"x_MsoNormal\">\u00a0<\/p><p class=\"x_MsoNormal\"><strong>ELPERIODISTA.CL\u00a0<\/strong><\/p><p class=\"x_MsoNormal\"><a href=\"https:\/\/www.elperiodista.cl\/2022\/03\/utalca-eleccion-de-rector-se-definira-en-segunda-vuelta\/\">UTalca: Elecci\u00f3n de rector se definir\u00e1 en segunda vuelta.\u00a0<\/a><\/p><p class=\"x_MsoNormal\">\u00a0<\/p><p class=\"x_MsoNormal\"><strong>DIARIO EL LECTOR\u00a0<\/strong><\/p><p class=\"x_MsoNormal\"><a href=\"https:\/\/www.litoralpress.cl\/paginaconsultas\/Servicios_NClip\/Get_Imagen_Nota.aspx?LPKey=J2JLMFTZDHHWAGPPJJQJCIGDPS55MFKP6UHLPWFZYEPND6F6OPZ53H6U6WJHQ52JADLRE7OEEXULC\">UTalca: Elecci\u00f3n de rector se definir\u00e1 en segunda vuelta.<\/a><\/p><p class=\"x_MsoNormal\">\u00a0<\/p><p class=\"x_MsoNormal\"><strong>ELDIARIODESANTIAGO.CL\u00a0<\/strong><\/p><p class=\"x_MsoNormal\"><a href=\"https:\/\/eldiariodesantiago.cl\/archivo\/126999\">\u00bfCu\u00e1ntos podr\u00edan retirar? \u00bfQu\u00e9 n\u00famero de afiliados quedar\u00eda sin fondos?: Las cifras de un eventual nuevo 10%. Se refiere Rodrigo Herrera, decano de la Facultad de Econom\u00eda y Negocios (FEN).\u00a0<\/a><\/p><p class=\"x_MsoNormal\">\u00a0<\/p><p class=\"x_MsoNormal\"><strong>RADIO BIOB\u00cdO\u00a0<\/strong><\/p><p class=\"x_MsoNormal\"><a href=\"https:\/\/www.litoralpress.cl\/sitio\/RadioTV_Detalles.cshtml?LPKey=7XL5KWETDTILF6UZLNL36EE7VO7LNN3HQWNQUT2PJEYD3JM47YHA\">Economistas cuestionaron la propuesta de usar excedentes del cobre para rebajar el impuesto a los combustibles. Se refiere Paulo Cox, acad\u00e9mico de la Facultad de Econom\u00eda y Negocios.\u00a0<\/a><\/p><p class=\"x_MsoNormal\">\u00a0<\/p><p class=\"x_MsoNormal\"><strong>RADIO COOPERATIVA\u00a0<\/strong><\/p><p class=\"x_MsoNormal\"><a href=\"https:\/\/www.litoralpress.cl\/sitio\/RadioTV_Detalles.cshtml?LPKey=LGBL2I67ORK3XIEMY2IT6H67CIG6X3FXQXS7NFPU7J2TBWZPPADQ\">El retorno de la presencialidad escolar ha redundado en m\u00faltiples ri\u00f1as. Se refiere Natalia Uribe, acad\u00e9mica de la Facultad de Psicolog\u00eda.\u00a0<\/a><\/p><p class=\"x_MsoNormal\"><span class=\"x_MsoHyperlink\">\u00a0<\/span><\/p><p class=\"x_MsoNormal\"><strong>RADIO COOPERATIVA\u00a0<\/strong><\/p><p class=\"x_MsoNormal\"><a href=\"https:\/\/www.litoralpress.cl\/sitio\/RadioTV_Detalles.cshtml?LPKey=6SIIZKLHV6LD6BBXUENTKO544NOLFJURGRV74ARGXFBD5ATZ4HQA\">Con prohibici\u00f3n de acercarse a la v\u00edctima qued\u00f3 una alumna que atac\u00f3 a otra estudiante con arma blanca en Talca. Se refiere Natalia Uribe, acad\u00e9mica de la Facultad de Psicolog\u00eda.\u00a0<\/a><\/p><p class=\"x_MsoNormal\">\u00a0<\/p><p class=\"x_MsoNormal\"><strong>RADIO COOPERATIVA\u00a0<\/strong><\/p><p class=\"x_MsoNormal\"><a href=\"https:\/\/www.litoralpress.cl\/sitio\/RadioTV_Detalles.cshtml?LPKey=QTDSEZZ7HJ7JQCGTBE3ITIPEZHZGY3MOIF7U3R3ETY2OK5AHI2GQ\">Minsal informo que est\u00e1 trabajando en la nueva estrategia de manejo de la pandemia. Se refiere \u00c9rika Retamal, directora del Departamento de Salud P\u00fablica.\u00a0<\/a><\/p><p class=\"x_MsoNormal\">\u00a0\u00a0<\/p><p class=\"x_MsoNormal\"><strong>EMOL.COM\u00a0<\/strong><\/p><p class=\"x_MsoNormal\"><a href=\"https:\/\/www.emol.com\/noticias\/Nacional\/2022\/03\/19\/1055440\/minsal-vacunacion-aforos-clases-expertos.html\">&#8220;Discutir obligatoriedad en vacunas&#8221; y correcto &#8220;foco territorial&#8221;: Expertos analizan nuevo criterio del Minsal para aforos en aulas. Se refiere \u00c9rika Retamal, directora del Departamento de Salud P\u00fablica.\u00a0<\/a><\/p><p class=\"x_MsoNormal\">\u00a0<\/p><p class=\"x_MsoNormal\"><strong>COOPERATIVA.CL\u00a0<\/strong><\/p><p class=\"x_MsoNormal\"><a href=\"https:\/\/www.cooperativa.cl\/noticias\/pais\/gobierno\/gabinete\/minsal-alista-creacion-de-comision-nacional-de-respuesta-para-la\/2022-03-20\/133531.html\">Minsal alista creaci\u00f3n de comisi\u00f3n nacional de respuesta para la pandemia.\u00a0Se refiere \u00c9rika Retamal, directora del Departamento de Salud P\u00fablica.\u00a0<\/a><\/p><p class=\"x_MsoNormal\">\u00a0<\/p><p class=\"x_MsoNormal\"><strong>MARAY.CL\u00a0<\/strong><\/p><p class=\"x_MsoNormal\"><a href=\"https:\/\/www.maray.cl\/2022\/03\/20\/minsal-alista-creacion-de-comision-nacional-de-respuesta-para-la-pandemia\/\">Minsal alista creaci\u00f3n de comisi\u00f3n nacional de respuesta para la pandemia. Se refiere \u00c9rika Retamal, directora del Departamento de Salud P\u00fablica.\u00a0<\/a><\/p><p class=\"x_MsoNormal\">\u00a0<\/p><p class=\"x_MsoNormal\"><strong>LATERCERA.COM\u00a0<\/strong><\/p><p class=\"x_MsoNormal\"><a href=\"https:\/\/www.latercera.com\/que-pasa\/noticia\/cuantas-personas-se-han-contagiado-de-coronavirus-en-chile\/LRZDEKROUBCDZAHAYYY5XFAWTI\/\">\u00bfCu\u00e1ntas personas se han contagiado de coronavirus en Chile? Se refiere Carlos Villalobos, acad\u00e9mico de la Facultad de Econom\u00eda y Negocios (FEN).\u00a0<\/a><\/p><p class=\"x_MsoNormal\">\u00a0<\/p><p class=\"x_MsoNormal\"><strong>EMOL.COM\u00a0<\/strong><\/p><p class=\"x_MsoNormal\"><a href=\"https:\/\/www.emol.com\/noticias\/Nacional\/2022\/03\/20\/1055410\/tacos-regiones-presencialidad-parque-automotriz.html\">Presencialidad y parque automotriz: Regiones registran aumento de tacos y ciudades ser\u00edan 15 minutos m\u00e1s lentas. Se refiere Jos\u00e9 Manuel C\u00e1rdenas, acad\u00e9mico de la Facultad de Psicolog\u00eda.\u00a0<\/a><\/p><p class=\"x_MsoNormal\">\u00a0<\/p><p class=\"x_MsoNormal\"><strong>MARAY.CL\u00a0<\/strong><\/p><p class=\"x_MsoNormal\"><a href=\"https:\/\/www.maray.cl\/2022\/03\/20\/presencialidad-y-parque-automotriz-regiones-registran-aumento-de-tacos-y-ciudades-serian-15-minutos-mas-lentas\/\">Presencialidad y parque automotriz: Regiones registran aumento de tacos y ciudades ser\u00edan 15 minutos m\u00e1s lentas. Se refiere Jos\u00e9 Manuel C\u00e1rdenas, acad\u00e9mico de la Facultad de Psicolog\u00eda.\u00a0<\/a><\/p><p class=\"x_MsoNormal\">\u00a0<\/p><p class=\"x_MsoNormal\"><strong>DIARIOTALCA.CL\u00a0<\/strong><\/p><p class=\"x_MsoNormal\"><a href=\"https:\/\/diariotalca.cl\/por-que-cerca-del-15-de-la-poblacion-sufre-trastornos-del-sueno\/\">\u00bfPor qu\u00e9 cerca del 15% de la poblaci\u00f3n sufre trastornos del sue\u00f1o? Se refieren Marcela Mar\u00edn y Sergio Wehinger, acad\u00e9micos de la Facultad de Ciencias de la Salud.\u00a0<\/a><\/p><p class=\"x_MsoNormal\">\u00a0<\/p><p class=\"x_MsoNormal\"><strong>REDMAULE.COM\u00a0<\/strong><\/p><p class=\"x_MsoNormal\"><a href=\"https:\/\/www.redmaule.com\/regional\/especialistas-de-utalca-indican-que-cerca-del-15-de-la-poblacion-sufre\">Especialistas de la UTalca indican que cerca del 15% de la poblaci\u00f3n tiene trastornos del sue\u00f1o. Se refieren Marcela Mar\u00edn y Sergio Wehinger, acad\u00e9micos de la Facultad de Ciencias de la Salud.\u00a0<\/a><\/p><p class=\"x_MsoNormal\">\u00a0<\/p><p class=\"x_MsoNormal\"><strong>G5NOTICIAS.CL\u00a0<\/strong><\/p><p class=\"x_MsoNormal\"><a href=\"https:\/\/g5noticias.cl\/2022\/03\/18\/cerca-del-15-de-la-poblacion-tiene-trastornos-del-sueno\/\">Cerca del 15% de la poblaci\u00f3n tiene trastornos del sue\u00f1o. Se refieren Marcela Mar\u00edn y Sergio Wehinger, acad\u00e9micos de la Facultad de Ciencias de la Salud.\u00a0<\/a><\/p><p class=\"x_MsoNormal\" aria-hidden=\"true\">\u00a0<\/p><p class=\"x_MsoNormal\"><strong>LINARESENLINEA.CL\u00a0<\/strong><\/p><p class=\"x_MsoNormal\"><a href=\"https:\/\/www.linaresenlinea.cl\/2022\/03\/18\/estudios-revelan-que-cerca-del-15-de-la-poblacion-tiene-trastornos-del-sueno\/\">Estudios revelan que cerca del 15% de la poblaci\u00f3n tiene trastornos del sue\u00f1o. Se refieren Marcela Mar\u00edn y Sergio Wehinger, acad\u00e9micos de la Facultad de Ciencias de la Salud.\u00a0<\/a><\/p><p class=\"x_MsoNormal\">\u00a0<\/p><p class=\"x_MsoNormal\"><strong>RADIO COOPERATIVA\u00a0<\/strong><\/p><p class=\"x_MsoNormal\"><a href=\"https:\/\/www.litoralpress.cl\/sitio\/RadioTV_Detalles.cshtml?LPKey=TFSRELQUQ4MV4MKJNY2UXOCUNUCJ7QY7CG44MMSC6OKI2LYU2UOA\">Panel sobre el recurso h\u00eddrico en Chile. Se refiere Roberto Pizarro, acad\u00e9mico de la UTalca.\u00a0<\/a><\/p><p class=\"x_MsoNormal\">\u00a0<\/p><p class=\"x_MsoNormal\"><strong>DIARIO EL HERALDO\u00a0<\/strong><\/p><p class=\"x_MsoNormal\"><a href=\"https:\/\/www.litoralpress.cl\/paginaconsultas\/Servicios_NClip\/Get_Imagen_Nota.aspx?LPKey=DKJWORTDGGVNWTPHOBECO6WCXPFIHHRBCLJ42GPTBACFPIQKW5HEYOZYTIMT3XWZRUO6BZCN7T662\">Rob\u00f3tica educativa: UTalca invita a j\u00f3venes a participar de talleres. Se refiere Karin Saavedra, acad\u00e9mica de la Facultad de Ingenier\u00eda.\u00a0<\/a><\/p><p class=\"x_MsoNormal\">\u00a0<\/p><p class=\"x_MsoNormal\"><strong>ELMAULEINFORMA.CL\u00a0<\/strong><\/p><p class=\"x_MsoNormal\"><a href=\"https:\/\/elmauleinforma.cl\/robotica-educativa-utalca-invita-a-jovenes-a-participar-de-talleres\/\">Rob\u00f3tica educativa: UTalca invita a j\u00f3venes a participar de talleres. Se refiere Karin Saavedra, acad\u00e9mica de la Facultad de Ingenier\u00eda.\u00a0<\/a><\/p><p class=\"x_MsoNormal\">\u00a0<\/p><p class=\"x_MsoNormal\"><strong>MAULEHOY.CL\u00a0<\/strong><\/p><p class=\"x_MsoNormal\"><a href=\"https:\/\/maulehoy.cl\/2022\/03\/18\/robotica-educativa-utalca-invita-a-jovenes-a-participar-de-talleres\/\">Rob\u00f3tica educativa: UTalca invita a j\u00f3venes a participar de talleres. Se refiere Karin Saavedra, acad\u00e9mica de la Facultad de Ingenier\u00eda.\u00a0<\/a><\/p><p class=\"x_MsoNormal\">\u00a0<\/p><p class=\"x_MsoNormal\"><strong>CANAL TVN RED MAULE\u00a0<\/strong><\/p><p class=\"x_MsoNormal\"><a href=\"https:\/\/www.litoralpress.cl\/sitio\/RadioTV_Detalles.cshtml?LPKey=I2MSYJQ4Z3GED4SLMVW7RJAV4G4CKCUWN56DPTCTXSAWLQ5LI4PQ\">Hoy fue presentada la nueva seremi de Salud del Maule. Se refiere Mar\u00eda Gloria Icaza, acad\u00e9mica del Instituto de Matem\u00e1ticas y Seremi de Salud del Maule.\u00a0<\/a><\/p><p class=\"x_MsoNormal\" aria-hidden=\"true\">\u00a0<\/p><p class=\"x_MsoNormal\"><strong>DIARIO LA PRENSA\u00a0<\/strong><\/p><p class=\"x_MsoNormal\"><a href=\"https:\/\/www.litoralpress.cl\/paginaconsultas\/Servicios_NClip\/Get_Imagen_Nota.aspx?LPKey=5CAMJVGZPZLUVVP62OTB7YGFNRFYVQJ7YLEACCVAISLMY2PUCCIWUC5O6UL7GFZKESIR27TF4AJ2Y\">Acad\u00e9mica de UTalca Mar\u00eda Gloria Icaza es la nueva seremi de Salud del Maule. Profesora del Instituto de Matem\u00e1ticas.\u00a0<\/a><\/p><p class=\"x_MsoNormal\">\u00a0\u00a0<\/p><p class=\"x_MsoNormal\"><strong>DIARIO EL HERALDO\u00a0<\/strong><\/p><p class=\"x_MsoNormal\"><a href=\"https:\/\/www.litoralpress.cl\/paginaconsultas\/Servicios_NClip\/Get_Imagen_Nota.aspx?LPKey=I55XOSF22JLVQRUX46MGAGQEV4JVJ4JM6ZUMN7OIFTVJC7CKQLC37GDCJPTPP2PQKEMO3NO53JEBO\">Acad\u00e9mica Mar\u00eda Gloria Icaza es designada como nueva Seremi de Salud de la Regi\u00f3n del Maule. Profesora del Instituto de Matem\u00e1ticas. \u00a0<\/a><\/p><p class=\"x_MsoNormal\" aria-hidden=\"true\">\u00a0<\/p><p class=\"x_MsoNormal\"><strong>DIARIO EL LECTOR\u00a0<\/strong><\/p><p class=\"x_MsoNormal\"><a href=\"https:\/\/www.litoralpress.cl\/paginaconsultas\/Servicios_NClip\/Get_Imagen_Nota.aspx?LPKey=HKK4HFJI5GY5WZJIFZ67QMX3AJRZANJ5L5E43OHXW3UPMU3ZLZ5SX6LZEIETBE3EIONOZPZ45IY7O\">Acad\u00e9mica Mar\u00eda Gloria Icaza es designada como nueva seremi de Salud de la Regi\u00f3n del Maule. Profesora del Instituto de Matem\u00e1ticas.\u00a0<\/a><\/p><p class=\"x_MsoNormal\" aria-hidden=\"true\">\u00a0<\/p><p class=\"x_MsoNormal\"><strong>CANAL CONTIVISION\u00a0<\/strong><\/p><p class=\"x_MsoNormal\"><a href=\"https:\/\/www.litoralpress.cl\/sitio\/RadioTV_Detalles.cshtml?LPKey=CTRKQDA24V2IU6VNXVAWUU5BTBY27UGTWK63EMR5KYACIBWQ44WQ\">Con la presencia de la nueva seremi de Salud del Maule se inici\u00f3 la campa\u00f1a de vacunaci\u00f3n contra la influenza. Se refiere Mar\u00eda Gloria Icaza, acad\u00e9mica del Instituto de Matem\u00e1ticas y Seremi de Salud del Maule. \u00a0<\/a><\/p><p class=\"x_MsoNormal\" aria-hidden=\"true\">\u00a0<\/p><p class=\"x_MsoNormal\"><strong>ATENTOSCHILE.CL\u00a0<\/strong><\/p><p class=\"x_MsoNormal\"><a href=\"https:\/\/www.litoralpress.cl\/sitio\/RadioTV_Detalles.cshtml?LPKey=XHNVPGTMB2JSH3PYZ2XT6Q5UDZQHYQ6QBSYJSREDEV57NG7Y7DUA\">Entrevista a Mar\u00eda Gloria Icaza, acad\u00e9mica del Instituto de Matem\u00e1ticas y Seremi de Salud del Maule.\u00a0<\/a><\/p><p class=\"x_MsoNormal\" aria-hidden=\"true\">\u00a0<\/p><p class=\"x_MsoNormal\"><strong>CANAL TVR\u00a0<\/strong><\/p><p class=\"x_MsoNormal\"><a href=\"https:\/\/www.litoralpress.cl\/sitio\/RadioTV_Detalles.cshtml?LPKey=OP32EH3R55JK76X5IXZGIX35VCFCYE47DR62DG7RM3A4YTCRULWA\">Constituci\u00f3n: Comenz\u00f3 la campa\u00f1a de vacunaci\u00f3n contra la influenza. Se refiere Mar\u00eda Gloria Icaza, acad\u00e9mica del Instituto de Matem\u00e1ticas y Seremi de Salud del Maule.\u00a0<\/a><\/p><p class=\"x_MsoNormal\" aria-hidden=\"true\">\u00a0<\/p><p class=\"x_MsoNormal\"><strong>MEDIABANCO.COM\u00a0<\/strong><\/p><p class=\"x_MsoNormal\"><a href=\"https:\/\/www.mediabanco.com\/academica-maria-gloria-icaza-es-designada-como-nueva-seremi-de-salud-de-la-region-del-maule\/\">Acad\u00e9mica Mar\u00eda Gloria Icaza es designada como nueva seremi de Salud de la Regi\u00f3n del Maule. Profesora del Instituto de Matem\u00e1ticas.\u00a0<\/a><\/p><p class=\"x_MsoNormal\" aria-hidden=\"true\">\u00a0<\/p><p class=\"x_MsoNormal\"><strong>RADIO MARISOL\u00a0<\/strong><\/p><p class=\"x_MsoNormal\"><a href=\"https:\/\/www.litoralpress.cl\/sitio\/RadioTV_Detalles.cshtml?LPKey=DM7JMA3VRJ5TIAEHWYAX73YMSEW7W7LWSLPG4EXLBEGZRSQN5VSQ\">Entrevista a Mar\u00eda Gloria Icaza, acad\u00e9mica del Instituto de Matem\u00e1ticas y Seremi de Salud del Maule.\u00a0<\/a><\/p><p class=\"x_MsoNormal\" aria-hidden=\"true\">\u00a0<\/p><p class=\"x_MsoNormal\"><strong>RADIO AMIGA\u00a0<\/strong><\/p><p class=\"x_MsoNormal\"><a href=\"https:\/\/www.litoralpress.cl\/sitio\/RadioTV_Detalles.cshtml?LPKey=5Z3RKVF6KLWGPCBVHIC5WWMR2QHKTMM2FJHJAWIQW2LNND5WSEPA\">Mar\u00eda Gloria Icaza nueva seremi de Salud. Acad\u00e9mica del Instituto de Matem\u00e1ticas.\u00a0<\/a><\/p><p class=\"x_MsoNormal\" aria-hidden=\"true\">\u00a0<\/p><p class=\"x_MsoNormal\"><strong>ENLINEAMAULE.CL\u00a0<\/strong><\/p><p class=\"x_MsoNormal\"><a href=\"https:\/\/www.litoralpress.cl\/sitio\/RadioTV_Detalles.cshtml?LPKey=VDNJQNUQI44AMAJ64YSJOKL6572VZHTFJADVWHLMTQTLDJI7EVLA\">Acad\u00e9mica Mar\u00eda Gloria Icaza es designada como nueva seremi de Salud de la Regi\u00f3n del Maule. Profesora del Instituto de Matem\u00e1ticas. \u00a0<\/a><\/p><p class=\"x_MsoNormal\" aria-hidden=\"true\">\u00a0<\/p><p class=\"x_MsoNormal\"><strong>PRENSACURICO.CL\u00a0<\/strong><\/p><p class=\"x_MsoNormal\"><a href=\"https:\/\/prensacurico.cl\/portal\/academica-maria-gloria-icaza-es-designada-como-nueva-seremi-de-salud-de-la-region-del-maule\/\">Acad\u00e9mica Mar\u00eda Gloria Icaza es designada como nueva seremi de Salud de la Regi\u00f3n del Maule. Profesora del Instituto de Matem\u00e1ticas.\u00a0<\/a><\/p><p class=\"x_MsoNormal\" aria-hidden=\"true\">\u00a0<\/p><p class=\"x_MsoNormal\"><strong>CANAL MEGA\u00a0<\/strong><\/p><p class=\"x_MsoNormal\"><a href=\"https:\/\/www.litoralpress.cl\/sitio\/RadioTV_Detalles.cshtml?LPKey=5UMNGSH4I2JTHYJLQPNYPRP5RJAG3LQJLEVPCYE4LN2TO2OODGCQ\">Entrevista a Mauricio Morales, director del Centro de An\u00e1lisis Pol\u00edtico (CAP).\u00a0<\/a><\/p><p class=\"x_MsoNormal\">\u00a0<\/p><p class=\"x_MsoNormal\"><strong>CANAL CHILEVISION\u00a0<\/strong><\/p><p class=\"x_MsoNormal\"><a href=\"https:\/\/www.litoralpress.cl\/sitio\/RadioTV_Detalles.cshtml?LPKey=ZSDGMWUSXBZTXCRAAA4Q6CM7G73D6NWQQAV5XCLMXIHM4VJYZVUA\">Gabriel Boric cumpli\u00f3 su primera semana como Presidente de la Rep\u00fablica. Se refiere Mauricio Morales, director del Centro de An\u00e1lisis Pol\u00edtico (CAP).\u00a0<\/a><\/p><p class=\"x_MsoNormal\">\u00a0<\/p><p class=\"x_MsoNormal\"><strong>CANAL TVN\u00a0<\/strong><\/p><p class=\"x_MsoNormal\"><a href=\"https:\/\/www.litoralpress.cl\/sitio\/RadioTV_Detalles.cshtml?LPKey=65Q34G4BWBIWRNLPU5IPS24DIKSNEBCCZGRH5S7SEM6POX6FIGJQ\">Los primeros 7 d\u00edas del presidente Gabriel Boric en La Moneda.\u00a0Se refiere Mauricio Morales, director del Centro de An\u00e1lisis Pol\u00edtico (CAP).\u00a0<\/a><\/p><p class=\"x_MsoNormal\">\u00a0<\/p><p class=\"x_MsoNormal\"><strong>CANAL CNN\u00a0<\/strong><\/p><p class=\"x_MsoNormal\"><a href=\"https:\/\/www.litoralpress.cl\/sitio\/RadioTV_Detalles.cshtml?LPKey=UAUDOBQQROBGSKFIQ3WLWVYKQOEJDCCTPCH3VIZRBTGR7YCT5YBQ\">Gabriel Boric cumpli\u00f3 su primera semana como Presidente de la Rep\u00fablica.\u00a0Se refiere Mauricio Morales, director del Centro de An\u00e1lisis Pol\u00edtico (CAP).\u00a0<\/a><\/p><p class=\"x_MsoNormal\">\u00a0<\/p><p class=\"x_MsoNormal\"><strong>CANAL 24 HORAS\u00a0<\/strong><\/p><p class=\"x_MsoNormal\"><a href=\"https:\/\/www.litoralpress.cl\/sitio\/RadioTV_Detalles.cshtml?LPKey=CRZG27KFDF7QXLTZN5ZQBY6IZZHAOKSHTOEWFGCW77OOWEBONS2A\">Los primeros 7 d\u00edas del presidente Gabriel Boric en La Moneda. Se refiere Mauricio Morales, director del Centro de An\u00e1lisis Pol\u00edtico (CAP).\u00a0<\/a><\/p><p class=\"x_MsoNormal\">\u00a0<\/p><p class=\"x_MsoNormal\"><strong>CANAL CHILEVISION\u00a0<\/strong><\/p><p class=\"x_MsoNormal\"><a href=\"https:\/\/www.litoralpress.cl\/sitio\/RadioTV_Detalles.cshtml?LPKey=C4V6HXDDIVOUAD33SRR7JV3WOBQULP3KZRXPHEGMEY5OMJBESOTQ\">El nuevo estilo comunicacional de Gabriel Boric en su primera semana de mandato.\u00a0Se refiere Mauricio Morales, director del Centro de An\u00e1lisis Pol\u00edtico (CAP).\u00a0<\/a><\/p><p class=\"x_MsoNormal\">\u00a0<\/p><p class=\"x_MsoNormal\"><strong>RADIO INFINITA\u00a0<\/strong><\/p><p class=\"x_MsoNormal\"><a href=\"https:\/\/www.litoralpress.cl\/sitio\/RadioTV_Detalles.cshtml?LPKey=E2QSRXYRWZ2IRVLBK7Y7RCWMNQQT2OAV3EY2WXGNQTBO6P4PJTGA\">Comentario de pol\u00edtica de Mauricio Morales, director del Centro de An\u00e1lisis Pol\u00edtico. \u00a0<\/a><\/p><p class=\"x_MsoNormal\"><span class=\"x_MsoHyperlink\">\u00a0<\/span><\/p><p class=\"x_MsoNormal\"><strong>THECLINIC.CL\u00a0<\/strong><\/p><p class=\"x_MsoNormal\"><a href=\"https:\/\/www.theclinic.cl\/2022\/03\/19\/descoordinacion-gestos-innecesarios-y-ansiedad-en-el-gabinete-siete-hitos-que-marcaron-la-primera-semana-del-gobierno-de-boric\/\">\u201cDescoordinaci\u00f3n\u201d, \u201cgestos innecesarios\u201d y \u201cansiedad\u201d en el gabinete: siete hitos que marcaron la primera semana del gobierno de Boric. Se refiere Mauricio Morales, director del Centro de An\u00e1lisis Pol\u00edtico (CAP).\u00a0<\/a><\/p><p class=\"x_MsoNormal\">\u00a0<\/p><p class=\"x_MsoNormal\"><strong>DIARIO EL LECTOR\u00a0<\/strong><\/p><p class=\"x_MsoNormal\"><a href=\"https:\/\/www.litoralpress.cl\/paginaconsultas\/Servicios_NClip\/Get_Imagen_Nota.aspx?LPKey=OLZOMY4IGMK4DFC4NU4BHRZKV5WGMKAZYFP44U4TFOGIGAURZWXLNUOO5NDAUNRSFJJMQNKZEALHA\">Cambio generacional en la pol\u00edtica: los atributos presentes en el nuevo Gobierno. Se refiere Mario Herrera, acad\u00e9mico del Centro de An\u00e1lisis Pol\u00edtico (CAP).\u00a0<\/a><\/p><p class=\"x_MsoNormal\">\u00a0<\/p><p class=\"x_MsoNormal\"><strong>LINARESENLINEA.CL\u00a0<\/strong><\/p><p class=\"x_MsoNormal\"><a href=\"https:\/\/www.linaresenlinea.cl\/2022\/03\/19\/cambio-generacional-en-la-politica-los-atributos-presentes-en-el-nuevo-gobierno\/\">Cambio generacional en la pol\u00edtica: los atributos presentes en el nuevo Gobierno. Se refiere Mario Herrera, acad\u00e9mico del Centro de An\u00e1lisis Pol\u00edtico (CAP).\u00a0<\/a><\/p><p class=\"x_MsoNormal\" aria-hidden=\"true\">\u00a0<\/p><p class=\"x_MsoNormal\"><strong>RADIOPOLAR.COM\u00a0<\/strong><\/p><p class=\"x_MsoNormal\"><a href=\"https:\/\/radiopolar.com\/noticia_174384.html\">Cambio generacional en la pol\u00edtica: los atributos presentes en el nuevo Gobierno. Se refiere Mario Herrera, acad\u00e9mico del Centro de An\u00e1lisis Pol\u00edtico (CAP).\u00a0<\/a><\/p><p class=\"x_MsoNormal\" aria-hidden=\"true\">\u00a0<\/p><p class=\"x_MsoNormal\"><strong>RADIO AMIGA\u00a0<\/strong><\/p><p class=\"x_MsoNormal\"><a href=\"https:\/\/www.litoralpress.cl\/sitio\/RadioTV_Detalles.cshtml?LPKey=KOOBEYY57FNDGDKHOVBARZMVKRNFDKHR3JVVZZ77K72SZTKRGMVQ\">Comentario pol\u00edtico de Mario Herrera, acad\u00e9mico del Centro de An\u00e1lisis Pol\u00edtico (CAP). \u00a0<\/a><\/p><p class=\"x_MsoNormal\">\u00a0<\/p><p class=\"x_MsoNormal\"><strong>DIARIO VI REGI\u00d3N\u00a0<\/strong><\/p><p class=\"x_MsoNormal\"><a href=\"https:\/\/www.litoralpress.cl\/paginaconsultas\/Servicios_NClip\/Get_Imagen_Nota.aspx?LPKey=GGUPDNKRQ54R42OCYVVCG3CDY4GWGYGGCZK6UXDGSKKU534SNDLREJN6C6BUSEI6WTPQCDOTCBZDU\">12 universidades apuestan por potenciar la innovaci\u00f3n en pymes forestales y madereras. Se menciona a la UTalca.\u00a0<\/a><\/p><p class=\"x_MsoNormal\">\u00a0<\/p>\t\t\t\t\t\t<\/div>\n\t\t\t\t<\/div>\n\t\t\t\t\t<\/div>\n\t\t<\/div>\n\t\t\t\t\t\t\t<\/div>\n\t\t<\/section>\n\t\t\t\t\t\t<\/div>\n\t\t\t\t\t<\/div>\n\t\t","protected":false},"excerpt":{"rendered":"<p>DIARIOTALCA.CL\u00a0 50 universitarios talquinos viajar\u00e1n a estudiar al extranjero.\u00a0 \u00a0 DIARIO LA PRENSA\u00a0 UTalca vuelve a recibir estudiantes extranjeros.\u00a0 \u00a0 COOPERATIVA.CL\u00a0 Elecci\u00f3n de nuevo rector de la UTalca se definir\u00e1 en segunda vuelta.\u00a0 \u00a0 DIARIO LA PRENSA\u00a0 Nuevo rector de la U. de Talca ser\u00e1 elegido en segunda vuelta.\u00a0 \u00a0 ELPERIODISTA.CL\u00a0 UTalca: Elecci\u00f3n de rector &hellip;<\/p>\n<p class=\"read-more\"> <a class=\"\" href=\"https:\/\/www.reportedeprensa.utalca.cl\/?p=3405\"> <span class=\"screen-reader-text\">21 de marzo de 2022<\/span> Read More &raquo;<\/a><\/p>\n","protected":false},"author":1,"featured_media":0,"comment_status":"closed","ping_status":"open","sticky":false,"template":"","format":"standard","meta":{"_monsterinsights_skip_tracking":false,"_monsterinsights_sitenote_active":false,"_monsterinsights_sitenote_note":"","_monsterinsights_sitenote_category":0},"categories":[19],"tags":[],"_links":{"self":[{"href":"https:\/\/www.reportedeprensa.utalca.cl\/index.php?rest_route=\/wp\/v2\/posts\/3405"}],"collection":[{"href":"https:\/\/www.reportedeprensa.utalca.cl\/index.php?rest_route=\/wp\/v2\/posts"}],"about":[{"href":"https:\/\/www.reportedeprensa.utalca.cl\/index.php?rest_route=\/wp\/v2\/types\/post"}],"author":[{"embeddable":true,"href":"https:\/\/www.reportedeprensa.utalca.cl\/index.php?rest_route=\/wp\/v2\/users\/1"}],"replies":[{"embeddable":true,"href":"https:\/\/www.reportedeprensa.utalca.cl\/index.php?rest_route=%2Fwp%2Fv2%2Fcomments&post=3405"}],"version-history":[{"count":4,"href":"https:\/\/www.reportedeprensa.utalca.cl\/index.php?rest_route=\/wp\/v2\/posts\/3405\/revisions"}],"predecessor-version":[{"id":3409,"href":"https:\/\/www.reportedeprensa.utalca.cl\/index.php?rest_route=\/wp\/v2\/posts\/3405\/revisions\/3409"}],"wp:attachment":[{"href":"https:\/\/www.reportedeprensa.utalca.cl\/index.php?rest_route=%2Fwp%2Fv2%2Fmedia&parent=3405"}],"wp:term":[{"taxonomy":"category","embeddable":true,"href":"https:\/\/www.reportedeprensa.utalca.cl\/index.php?rest_route=%2Fwp%2Fv2%2Fcategories&post=3405"},{"taxonomy":"post_tag","embeddable":true,"href":"https:\/\/www.reportedeprensa.utalca.cl\/index.php?rest_route=%2Fwp%2Fv2%2Ftags&post=3405"}],"curies":[{"name":"wp","href":"https:\/\/api.w.org\/{rel}","templated":true}]}}