{"id":3417,"date":"2022-03-22T09:19:30","date_gmt":"2022-03-22T12:19:30","guid":{"rendered":"https:\/\/www.reportedeprensa.utalca.cl\/?p=3417"},"modified":"2022-03-22T09:23:49","modified_gmt":"2022-03-22T12:23:49","slug":"22-de-marzo-de-2022","status":"publish","type":"post","link":"https:\/\/www.reportedeprensa.utalca.cl\/?p=3417","title":{"rendered":"22 de marzo de 2022"},"content":{"rendered":"\t\t<div data-elementor-type=\"wp-post\" data-elementor-id=\"3417\" class=\"elementor elementor-3417\" data-elementor-settings=\"[]\">\n\t\t\t\t\t\t\t<div class=\"elementor-section-wrap\">\n\t\t\t\t\t\t\t<section class=\"elementor-section elementor-top-section elementor-element elementor-element-17fae7ab elementor-section-boxed elementor-section-height-default elementor-section-height-default\" data-id=\"17fae7ab\" data-element_type=\"section\">\n\t\t\t\t\t\t<div class=\"elementor-container elementor-column-gap-default\">\n\t\t\t\t\t<div class=\"elementor-column elementor-col-100 elementor-top-column elementor-element elementor-element-60e202a0\" data-id=\"60e202a0\" data-element_type=\"column\">\n\t\t\t<div class=\"elementor-widget-wrap elementor-element-populated\">\n\t\t\t\t\t\t\t\t<div class=\"elementor-element elementor-element-387ad460 elementor-widget elementor-widget-text-editor\" data-id=\"387ad460\" data-element_type=\"widget\" data-widget_type=\"text-editor.default\">\n\t\t\t\t<div class=\"elementor-widget-container\">\n\t\t\t\t\t\t\t\t<p class=\"x_MsoNormal\"><strong>DIARIOTALCA.CL\u00a0<\/strong><\/p><p class=\"x_MsoNormal\"><a href=\"https:\/\/diariotalca.cl\/entregan-computadores-para-1-311-estudiantes-universitarios\/\">Entregan computadores para 1.311 estudiantes universitarios. Se refiere Paula Caballero, vicerrectora de Desarrollo Estudiantil.\u00a0<\/a><\/p><p class=\"x_MsoNormal\">\u00a0<\/p><p class=\"x_MsoNormal\"><strong>RADIO COOPERATIVA\u00a0<\/strong><\/p><p class=\"x_MsoNormal\"><a href=\"https:\/\/www.litoralpress.cl\/sitio\/RadioTV_Detalles.cshtml?LPKey=JGCSQCT5J2D5IKZMZ7NDA3DFJCCZWLAOZZW4MLS435ZINNQA4KBQ\">Minsal trabaja en la instalaci\u00f3n del nuevo trato de la pandemia. Se refiere \u00c9rika Retamal, directora del Departamento de Salud P\u00fablica.\u00a0<\/a><\/p><p class=\"x_MsoNormal\">\u00a0<\/p><p class=\"x_MsoNormal\"><strong>RADIO AGRICULTURA\u00a0<\/strong><\/p><p class=\"x_MsoNormal\"><a href=\"https:\/\/www.litoralpress.cl\/sitio\/RadioTV_Detalles.cshtml?LPKey=GFBHNSXPGEJI6MD2DVDWZWONBGJVA422UGP47ID3HEHBGHABEYZA\">Entrevista a Daniel Jim\u00e9nez, director salud estudiantil U de Talca.\u00a0<\/a><\/p><p class=\"x_MsoNormal\">\u00a0<\/p><p class=\"x_MsoNormal\"><strong>RADIO ADN\u00a0<\/strong><\/p><p class=\"x_MsoNormal\"><a href=\"https:\/\/www.litoralpress.cl\/sitio\/RadioTV_Detalles.cshtml?LPKey=SISQRQYG4WE2EVDHGKJ3UKTS4CU3VS522PPP3FBTNRST6NQVY7UQ\">Entrevista a Isaac Ravetllat, director Centro Estudios sobre Derechos de la Infancia y Adolescencia (CEDIA).\u00a0<\/a><\/p><p class=\"x_MsoNormal\">\u00a0<\/p><p class=\"x_MsoNormal\"><strong>ADNRADIO.CL\u00a0<\/strong><\/p><p class=\"x_MsoNormal\"><a href=\"https:\/\/www.adnradio.cl\/nacional\/2022\/03\/21\/experto-de-la-universidad-de-talca-y-mural-en-parque-san-borja-cualquier-actividad-civico-reivindicativa-nunca-cuenta-con-el-impacto-que-tendra-en-ninos.html\">Experto de la Universidad de Talca y mural en parque San Borja: \u201cCualquier actividad c\u00edvico-reivindicativa nunca cuenta con el impacto que tendr\u00e1 en ni\u00f1os\u201d. Se refiere Isaac Ravetllat, director Centro Estudios sobre Derechos de la Infancia y Adolescencia (CEDIA).\u00a0<\/a><\/p><p class=\"x_MsoNormal\">\u00a0<\/p><p class=\"x_MsoNormal\"><strong>RADIO COOPERATIVA\u00a0<\/strong><\/p><p class=\"x_MsoNormal\"><a href=\"https:\/\/www.litoralpress.cl\/sitio\/RadioTV_Detalles.cshtml?LPKey=XRORRX3CJS6AHWJELMG5SN6FMAXIOBVVEGHMENCS2T6DVCLBRFNQ\">El futuro del Estado de Excepci\u00f3n en La Araucan\u00eda. Se refiere Dany Jaimovich, acad\u00e9mico de la Facultad de Econom\u00eda y Negocios.\u00a0<\/a><\/p><p class=\"x_MsoNormal\">\u00a0<\/p><p class=\"x_MsoNormal\"><strong>RADIO ADN\u00a0<\/strong><\/p><p class=\"x_MsoNormal\"><a href=\"https:\/\/www.litoralpress.cl\/sitio\/RadioTV_Detalles.cshtml?LPKey=ODZF3QNOSVHVFLY2R74QQ6MUMTH3PBW4P6F6AXZQLLYRK3W3EQDA\">Autoridades comunales y regionales realizan llamado al uso consciente del agua ante escasez h\u00eddrica. Se refiere Patricio Gonz\u00e1lez, acad\u00e9mico del Centro de Investigaci\u00f3n y Transferencia en Riego y Agroclimatolog\u00eda (CITRA).\u00a0<\/a><\/p><p class=\"x_MsoNormal\">\u00a0<\/p><p class=\"x_MsoNormal\"><strong>RADIO COOPERATIVA\u00a0<\/strong><\/p><p class=\"x_MsoNormal\"><a href=\"https:\/\/www.litoralpress.cl\/sitio\/RadioTV_Detalles.cshtml?LPKey=L5KS65MZEWCVZUIRHQXFLDPADBA6EZZUGPLHZKPSQW42EJLH7SKQ\">Entrevista a Patricio Gonz\u00e1lez, acad\u00e9mico del Centro de Investigaci\u00f3n y Transferencia en Riego y Agroclimatolog\u00eda (CITRA).\u00a0<\/a><\/p><p class=\"x_MsoNormal\">\u00a0<\/p><p class=\"x_MsoNormal\"><strong>COOPERATIVA.CL\u00a0<\/strong><\/p><p class=\"x_MsoNormal\"><a href=\"https:\/\/www.cooperativa.cl\/noticias\/pais\/desastres-naturales\/sequia\/experto-santiago-no-va-a-escapar-del-racionamiento-de-agua\/2022-03-21\/132117.html\">Experto: Santiago no va a escapar del racionamiento de agua. Se refiere Patricio Gonz\u00e1lez, acad\u00e9mico del Centro de Investigaci\u00f3n y Transferencia en Riego y Agroclimatolog\u00eda (CITRA).\u00a0<\/a><\/p><p class=\"x_MsoNormal\">\u00a0<\/p><p class=\"x_MsoNormal\"><strong>ATENTOSCHILE.CL\u00a0<\/strong><\/p><p class=\"x_MsoNormal\"><a href=\"https:\/\/www.litoralpress.cl\/sitio\/RadioTV_Detalles.cshtml?LPKey=ZYVTI7WSFYM3RYZXRWTFJO7XXZIFAHWWUS3XXEF32APTRQX2GRNA\">Entrevista a Patricio Gonz\u00e1lez, acad\u00e9mico del Centro de Investigaci\u00f3n y Transferencia en Riego y Agroclimatolog\u00eda (CITRA).\u00a0<\/a><\/p><p class=\"x_MsoNormal\">\u00a0<\/p><p class=\"x_MsoNormal\"><strong>RADIO MARISOL\u00a0<\/strong><\/p><p class=\"x_MsoNormal\"><a href=\"https:\/\/www.litoralpress.cl\/sitio\/RadioTV_Detalles.cshtml?LPKey=ZUR34OU6UHTA6NOO3NBMCQNWVF7YDLZEBUUONCGD6K7AX677SLOA\">Entrevista a Patricio Gonz\u00e1lez, acad\u00e9mico del Centro de Investigaci\u00f3n y Transferencia en Riego y Agroclimatolog\u00eda (CITRA).\u00a0<\/a><\/p><p class=\"x_MsoNormal\">\u00a0<\/p><p class=\"x_MsoNormal\"><strong>G5NOTICIAS.CL\u00a0<\/strong><\/p><p class=\"x_MsoNormal\"><a href=\"https:\/\/g5noticias.cl\/2022\/03\/21\/dia-de-la-astronomia-chile-sera-la-capital-de-esta-disciplina-el-2030\/\">D\u00eda de la Astronom\u00eda: Chile ser\u00e1 la capital de esta disciplina el 2030. Se refiere Gustavo Orellana, acad\u00e9mico del Instituto de Investigaci\u00f3n Interdisciplinaria.\u00a0<\/a><\/p><p class=\"x_MsoNormal\">\u00a0<\/p><p class=\"x_MsoNormal\"><strong>LA TERCERA\u00a0<\/strong><\/p><p class=\"x_MsoNormal\"><a href=\"https:\/\/www.litoralpress.cl\/paginaconsultas\/Servicios_NClip\/Get_Imagen_Nota.aspx?LPKey=7ACJDNDGSD4AH52MJC2X7OD6J6HVJQ6MXSTFLTTIRBKSYX7P4I4XNIVTUN7D6JMPPGPIUSLBYHWY4\">\u00bfCu\u00e1ntas personas se han contagiado de coronavirus en Chile? Se refiere Carlos Villalobos, acad\u00e9mico de la Facultad de Econom\u00eda y Negocios (FEN).\u00a0<\/a><\/p><p class=\"x_MsoNormal\">\u00a0<\/p><p class=\"x_MsoNormal\"><strong>ATENTOSCHILE.CL\u00a0<\/strong><\/p><p class=\"x_MsoNormal\"><a href=\"https:\/\/www.litoralpress.cl\/sitio\/RadioTV_Detalles.cshtml?LPKey=B4X63L2NEA54LED66R2N5MBCJJWVMLDQL5UI3VKPNQOV6DNZISZQ\">Entrevista a Sergio Wehinger, acad\u00e9mico de la Facultad de Ciencias de la Salud.\u00a0<\/a><\/p><p class=\"x_MsoNormal\">\u00a0<\/p><p class=\"x_MsoNormal\"><strong>RADIO MARISOL\u00a0<\/strong><\/p><p class=\"x_MsoNormal\"><a href=\"https:\/\/www.litoralpress.cl\/sitio\/RadioTV_Detalles.cshtml?LPKey=2CMVDKFHJJM2B4DE4VBDT572GYCHNVKQWNTASUEWTX5VG7L7V23A\">Entrevista a Sergio Wehinger, acad\u00e9mico de la Facultad de Ciencias de la Salud.\u00a0<\/a><\/p><p class=\"x_MsoNormal\">\u00a0<\/p><p class=\"x_MsoNormal\"><strong>CANAL CNN\u00a0<\/strong><\/p><p class=\"x_MsoNormal\"><a href=\"https:\/\/www.litoralpress.cl\/sitio\/RadioTV_Detalles.cshtml?LPKey=GGGZS74CNRIMCWNDD5N6GGXFZDAYMMC5PQ7X3CIIMO25I3HGMWDQ\">Boric debuta con el 50% de aprobaci\u00f3n seg\u00fan encuesta Cadem. Se refiere Mauricio Morales, director del Centro de An\u00e1lisis Pol\u00edtico (CAP).\u00a0<\/a><\/p><p class=\"x_MsoNormal\">\u00a0<\/p><p class=\"x_MsoNormal\"><strong>CANAL CHILEVISI\u00d3N\u00a0<\/strong><\/p><p class=\"x_MsoNormal\"><a href=\"https:\/\/www.litoralpress.cl\/sitio\/RadioTV_Detalles.cshtml?LPKey=6Q2XIK3JA3YSJN5OXFYTY6BWIRQSNOAUYQQNWVH46Z5ZTWANSFUA\">Boric debuta con el 50% de aprobaci\u00f3n seg\u00fan encuesta Cadem. Se refiere Mauricio Morales, director del Centro de An\u00e1lisis Pol\u00edtico (CAP).\u00a0<\/a><\/p><p class=\"x_MsoNormal\">\u00a0<\/p><p class=\"x_MsoNormal\"><strong>CANAL MEGA\u00a0<\/strong><\/p><p class=\"x_MsoNormal\"><a href=\"https:\/\/www.litoralpress.cl\/sitio\/RadioTV_Detalles.cshtml?LPKey=RD2DATVUCX5YTLIXB2BTKAEV4BCCJHRBIXF77OZIAPWB3DLSE7CQ\">Parlamentarios y convencionales buscan &#8220;tercera v\u00eda&#8221; en el plebiscito de salida. Se refiere Mauricio Morales, director del Centro de An\u00e1lisis Pol\u00edtico (CAP).\u00a0<\/a><\/p><p class=\"x_MsoNormal\">\u00a0<\/p><p class=\"x_MsoNormal\"><strong>CANAL TVN\u00a0<\/strong><\/p><p class=\"x_MsoNormal\"><a href=\"https:\/\/www.litoralpress.cl\/sitio\/RadioTV_Detalles.cshtml?LPKey=VRYJFXA6BERQ2HO6ELG6BNKVHCXNYT42DZZTHUBPG3V7YC4NKWSA\">El quinto retiro de las AFP vuelve a tomarse la agenda del Congreso Nacional. Se refiere Mauricio Morales, director del Centro de An\u00e1lisis Pol\u00edtico (CAP).\u00a0<\/a><\/p><p class=\"x_MsoNormal\">\u00a0<\/p><p class=\"x_MsoNormal\"><strong>CANAL 24 HORAS\u00a0<\/strong><\/p><p class=\"x_MsoNormal\"><a href=\"https:\/\/www.litoralpress.cl\/sitio\/RadioTV_Detalles.cshtml?LPKey=R4WSZU2DT74UIDGWFBQ7V4APGWOY3ZJWWN33KZRFKE5LSR64VQVQ\">El quinto retiro de las AFP vuelve a tomarse la agenda del Congreso Nacional. Se refiere Mauricio Morales, director del Centro de An\u00e1lisis Pol\u00edtico (CAP).\u00a0<\/a><\/p><p class=\"x_MsoNormal\">\u00a0<\/p><p class=\"x_MsoNormal\"><strong>CANAL TVN\u00a0<\/strong><\/p><p class=\"x_MsoNormal\"><a href=\"https:\/\/www.litoralpress.cl\/sitio\/RadioTV_Detalles.cshtml?LPKey=7VJOITVSEEQE5ULYTDDUYMKJXBRI3MW2CDN3XWKNY6VOMRGY33EQ\">Parlamentarios exigen debatir un nuevo retiro de fondos. Se refiere Mauricio Morales, director del Centro de An\u00e1lisis Pol\u00edtico (CAP).\u00a0<\/a><\/p><p class=\"x_MsoNormal\">\u00a0<\/p><p class=\"x_MsoNormal\"><strong>CANAL TVN\u00a0<\/strong><\/p><p class=\"x_MsoNormal\"><a href=\"https:\/\/www.litoralpress.cl\/sitio\/RadioTV_Detalles.cshtml?LPKey=VMNFS5EMTXAJ6M6J3LSREK3ATHDXVG2J722HDIWAWIKO3HRG7UWA\">Ingresan proyecto de quinto retiro de los fondos de AFP.\u00a0Se refiere Mauricio Morales, director del Centro de An\u00e1lisis Pol\u00edtico (CAP).\u00a0<\/a><\/p><p class=\"x_MsoNormal\">\u00a0<\/p><p class=\"x_MsoNormal\"><strong>CANAL MEGA PLUS\u00a0<\/strong><\/p><p class=\"x_MsoNormal\"><a href=\"https:\/\/www.litoralpress.cl\/sitio\/RadioTV_Detalles.cshtml?LPKey=425CWMF2PVB2SA3OA3EGTZLDGSEH5EP75NSKYBQTJZKZBZ6Z6PIQ\">An\u00e1lisis de Mauricio Morales, director del Centro de An\u00e1lisis Pol\u00edtico (CAP).\u00a0<\/a><\/p><p class=\"x_MsoNormal\">\u00a0<\/p><p class=\"x_MsoNormal\"><strong>EMOL TV\u00a0<\/strong><\/p><p class=\"x_MsoNormal\"><a href=\"https:\/\/www.litoralpress.cl\/sitio\/RadioTV_Detalles.cshtml?LPKey=J2PNXYDD6TM72BG2A5EIZZX7O5PATBUXQ6YQQYUUJX3ICJC4WI5Q\">Entrevista a Mauricio Morales, acad\u00e9mico del Centro de An\u00e1lisis Pol\u00edtico (CAP). \u00a0<\/a><\/p><p class=\"x_MsoNormal\">\u00a0<\/p><p class=\"x_MsoNormal\"><strong>RADIO INFINITA\u00a0<\/strong><\/p><p class=\"x_MsoNormal\"><a href=\"https:\/\/www.litoralpress.cl\/sitio\/RadioTV_Detalles.cshtml?LPKey=MWSSP43EGMGEXTKK3IGIRH3FMCWWWGUEU7DRSYFW2T7V7ON42XGQ\">An\u00e1lisis pol\u00edtico de Mauricio Morales, director del Centro de An\u00e1lisis Pol\u00edtico (CAP).\u00a0<\/a><\/p><p class=\"x_MsoNormal\">\u00a0<\/p><p class=\"x_MsoNormal\"><strong>RADIO COOPERATIVA\u00a0<\/strong><\/p><p class=\"x_MsoNormal\"><a href=\"https:\/\/www.litoralpress.cl\/sitio\/RadioTV_Detalles.cshtml?LPKey=W6ROFBSSDX5OGLMBNJ72GC6OYWHZDXIVXCGYXFNYPXYV4YQXS3CA\">Los diversos nombramientos del Gobierno \u00bfqu\u00e9 ocurre con las seremis? Se refiere Mario Herrera, acad\u00e9mico del Centro de An\u00e1lisis Pol\u00edtico (CAP).\u00a0<\/a><\/p><p class=\"x_MsoNormal\">\u00a0<\/p><p class=\"x_MsoNormal\"><strong>COOPERATIVA.CL\u00a0<\/strong><\/p><p class=\"x_MsoNormal\"><a href=\"https:\/\/www.cooperativa.cl\/noticias\/pais\/gobierno\/falta-de-seremis-complica-el-trabajo-del-gobierno-a-nivel-regional-y\/2022-03-21\/184831.html\">Falta de seremis complica el trabajo del Gobierno a nivel regional y levanta cuestionamientos. Se refiere Mario Herrera, acad\u00e9mico del Centro de An\u00e1lisis Pol\u00edtico (CAP).\u00a0<\/a><\/p><p class=\"x_MsoNormal\" aria-hidden=\"true\">\u00a0<\/p><p class=\"x_MsoNormal\"><strong>RADIO AGRICULTURA\u00a0<\/strong><\/p><p class=\"x_MsoNormal\"><a href=\"https:\/\/www.litoralpress.cl\/sitio\/RadioTV_Detalles.cshtml?LPKey=RNZ4GU645AZU6FYTPHQZRGLBNHIEO5NULOEVQIPIS2RQJNWCBDAQ\">Confech hizo el primer llamado a movilizaci\u00f3n para este 2022. Se refiere Mauricio Morales, director del Centro de An\u00e1lisis Pol\u00edtico (CAP).\u00a0<\/a><\/p><p class=\"x_MsoNormal\" aria-hidden=\"true\">\u00a0<\/p><p class=\"x_MsoNormal\"><strong>DIARIOELHERALDO.CL\u00a0<\/strong><\/p><p class=\"x_MsoNormal\"><a href=\"http:\/\/www.diarioelheraldo.cl\/noticia\/cambio-generacional-en-la-politica-los-atributos-presentes-en-el-nuevo-gobierno-\">Cambio generacional en la pol\u00edtica: los atributos presentes en el nuevo Gobierno. Se refiere Mario Herrera, acad\u00e9mico del Centro de An\u00e1lisis Pol\u00edtico (CAP).\u00a0<\/a><\/p><p class=\"x_MsoNormal\" aria-hidden=\"true\">\u00a0<\/p><p class=\"x_MsoNormal\"><strong>ELMAULEINFORMA.CL\u00a0<\/strong><\/p><p class=\"x_MsoNormal\"><a href=\"https:\/\/elmauleinforma.cl\/cambio-generacional-en-la-politica-los-atributos-presentes-en-el-nuevo-gobierno\/\">Cambio generacional en la pol\u00edtica: los atributos presentes en el nuevo Gobierno. Se refiere Mario Herrera, acad\u00e9mico del Centro de An\u00e1lisis Pol\u00edtico (CAP).\u00a0<\/a><\/p><p class=\"x_MsoNormal\" aria-hidden=\"true\">\u00a0<\/p><p class=\"x_MsoNormal\"><strong>ENLINEAMAULE.CL\u00a0<\/strong><\/p><p class=\"x_MsoNormal\"><a href=\"https:\/\/enlineamaule.cl\/archivo\/47815\">Experto de la UTalca analiz\u00f3 el recambio generacional que presenta el gobierno de Gabriel Boric. Se refiere Mario Herrera, acad\u00e9mico del Centro de An\u00e1lisis Pol\u00edtico (CAP).\u00a0<\/a><\/p><p class=\"x_MsoNormal\" aria-hidden=\"true\">\u00a0<\/p><p class=\"x_MsoNormal\"><strong>TVMAULE.CL\u00a0<\/strong><\/p><p class=\"x_MsoNormal\"><a href=\"https:\/\/www.tvmaule.cl\/cartelera-cultural-dela-utalca-trae-conversatorios-talleres-artisticos-y-exposiciones\/\">Cartelera cultural de la UTalca trae conversatorios, talleres art\u00edsticos y exposiciones. Se refiere Marcela Albornoz, director de Extensi\u00f3n Art\u00edstica y Cultural.\u00a0<\/a><\/p><p class=\"x_MsoNormal\">\u00a0<\/p>\t\t\t\t\t\t<\/div>\n\t\t\t\t<\/div>\n\t\t\t\t\t<\/div>\n\t\t<\/div>\n\t\t\t\t\t\t\t<\/div>\n\t\t<\/section>\n\t\t\t\t\t\t<\/div>\n\t\t\t\t\t<\/div>\n\t\t","protected":false},"excerpt":{"rendered":"<p>DIARIOTALCA.CL\u00a0 Entregan computadores para 1.311 estudiantes universitarios. Se refiere Paula Caballero, vicerrectora de Desarrollo Estudiantil.\u00a0 \u00a0 RADIO COOPERATIVA\u00a0 Minsal trabaja en la instalaci\u00f3n del nuevo trato de la pandemia. Se refiere \u00c9rika Retamal, directora del Departamento de Salud P\u00fablica.\u00a0 \u00a0 RADIO AGRICULTURA\u00a0 Entrevista a Daniel Jim\u00e9nez, director salud estudiantil U de Talca.\u00a0 \u00a0 RADIO ADN\u00a0 &hellip;<\/p>\n<p class=\"read-more\"> <a class=\"\" href=\"https:\/\/www.reportedeprensa.utalca.cl\/?p=3417\"> <span class=\"screen-reader-text\">22 de marzo de 2022<\/span> Read More &raquo;<\/a><\/p>\n","protected":false},"author":1,"featured_media":0,"comment_status":"closed","ping_status":"open","sticky":false,"template":"","format":"standard","meta":{"_monsterinsights_skip_tracking":false,"_monsterinsights_sitenote_active":false,"_monsterinsights_sitenote_note":"","_monsterinsights_sitenote_category":0},"categories":[19],"tags":[],"_links":{"self":[{"href":"https:\/\/www.reportedeprensa.utalca.cl\/index.php?rest_route=\/wp\/v2\/posts\/3417"}],"collection":[{"href":"https:\/\/www.reportedeprensa.utalca.cl\/index.php?rest_route=\/wp\/v2\/posts"}],"about":[{"href":"https:\/\/www.reportedeprensa.utalca.cl\/index.php?rest_route=\/wp\/v2\/types\/post"}],"author":[{"embeddable":true,"href":"https:\/\/www.reportedeprensa.utalca.cl\/index.php?rest_route=\/wp\/v2\/users\/1"}],"replies":[{"embeddable":true,"href":"https:\/\/www.reportedeprensa.utalca.cl\/index.php?rest_route=%2Fwp%2Fv2%2Fcomments&post=3417"}],"version-history":[{"count":4,"href":"https:\/\/www.reportedeprensa.utalca.cl\/index.php?rest_route=\/wp\/v2\/posts\/3417\/revisions"}],"predecessor-version":[{"id":3421,"href":"https:\/\/www.reportedeprensa.utalca.cl\/index.php?rest_route=\/wp\/v2\/posts\/3417\/revisions\/3421"}],"wp:attachment":[{"href":"https:\/\/www.reportedeprensa.utalca.cl\/index.php?rest_route=%2Fwp%2Fv2%2Fmedia&parent=3417"}],"wp:term":[{"taxonomy":"category","embeddable":true,"href":"https:\/\/www.reportedeprensa.utalca.cl\/index.php?rest_route=%2Fwp%2Fv2%2Fcategories&post=3417"},{"taxonomy":"post_tag","embeddable":true,"href":"https:\/\/www.reportedeprensa.utalca.cl\/index.php?rest_route=%2Fwp%2Fv2%2Ftags&post=3417"}],"curies":[{"name":"wp","href":"https:\/\/api.w.org\/{rel}","templated":true}]}}