{"id":3429,"date":"2022-03-23T09:16:29","date_gmt":"2022-03-23T12:16:29","guid":{"rendered":"https:\/\/www.reportedeprensa.utalca.cl\/?p=3429"},"modified":"2022-03-23T09:20:48","modified_gmt":"2022-03-23T12:20:48","slug":"23-de-marzo-de-2022","status":"publish","type":"post","link":"https:\/\/www.reportedeprensa.utalca.cl\/?p=3429","title":{"rendered":"23 de marzo de 2022"},"content":{"rendered":"\t\t<div data-elementor-type=\"wp-post\" data-elementor-id=\"3429\" class=\"elementor elementor-3429\" data-elementor-settings=\"[]\">\n\t\t\t\t\t\t\t<div class=\"elementor-section-wrap\">\n\t\t\t\t\t\t\t<section class=\"elementor-section elementor-top-section elementor-element elementor-element-17fae7ab elementor-section-boxed elementor-section-height-default elementor-section-height-default\" data-id=\"17fae7ab\" data-element_type=\"section\">\n\t\t\t\t\t\t<div class=\"elementor-container elementor-column-gap-default\">\n\t\t\t\t\t<div class=\"elementor-column elementor-col-100 elementor-top-column elementor-element elementor-element-60e202a0\" data-id=\"60e202a0\" data-element_type=\"column\">\n\t\t\t<div class=\"elementor-widget-wrap elementor-element-populated\">\n\t\t\t\t\t\t\t\t<div class=\"elementor-element elementor-element-387ad460 elementor-widget elementor-widget-text-editor\" data-id=\"387ad460\" data-element_type=\"widget\" data-widget_type=\"text-editor.default\">\n\t\t\t\t<div class=\"elementor-widget-container\">\n\t\t\t\t\t\t\t\t<p class=\"x_MsoNormal\"><strong>ADPRENSA.CL\u00a0<\/strong><\/p><p class=\"x_MsoNormal\"><a href=\"https:\/\/www.adprensa.cl\/cronica\/entregan-computadores-portatiles-a-estudiantes-de-la-universidad-de-talca\/\">Entregan computadores port\u00e1tiles a estudiantes de la Universidad de Talca. Se refiere Paula Caballero, vicerrectora de Desarrollo Estudiantil. \u00a0<\/a><\/p><p class=\"x_MsoNormal\">\u00a0<\/p><p class=\"x_MsoNormal\"><strong>RADIO COOPERATIVA\u00a0<\/strong><\/p><p class=\"x_MsoNormal\"><a href=\"https:\/\/www.litoralpress.cl\/sitio\/RadioTV_Detalles.cshtml?LPKey=YQDTIYFTUYI52CBTOPUVY6HPVDW56OTEP5X5KMSYGUVS73XI5AOQ\">Alarma por el estado del agua en Chile. Se refiere\u00a0Patricio Gonz\u00e1lez, acad\u00e9mico del Centro de Investigaci\u00f3n y Transferencia en Riego y Agroclimatolog\u00eda (CITRA).\u00a0<\/a><\/p><p class=\"x_MsoNormal\">\u00a0<\/p><p class=\"x_MsoNormal\"><strong>RADIO COOPERATIVA\u00a0<\/strong><\/p><p class=\"x_MsoNormal\"><a href=\"https:\/\/www.litoralpress.cl\/sitio\/RadioTV_Detalles.cshtml?LPKey=RXCZJGNWD7USLVKW7IOEHY5KDOYXQ3W5JHJMDO5IBW67V27MKMGA\">D\u00eda mundial del Agua. Se menciona a Patricio Gonz\u00e1lez, acad\u00e9mico del Centro de Investigaci\u00f3n y Transferencia en Riego y Agroclimatolog\u00eda (CITRA).\u00a0<\/a><\/p><p class=\"x_MsoNormal\">\u00a0<\/p><p class=\"x_MsoNormal\"><strong>DIARIO EL TIP\u00d3GRAFO\u00a0<\/strong><\/p><p class=\"x_MsoNormal\"><a href=\"https:\/\/www.litoralpress.cl\/paginaconsultas\/Documentos\/Crear_Achivo_Pdf.aspx?LPKey=J2MQBBZ2I6XNPECY2G2L2M7W7E3E4K773Q4IKB7OVNUBNX5L7JGQ\">Megasequ\u00eda en la regi\u00f3n de O&#8217;Higgins. Se refiere Patricio Gonz\u00e1lez, acad\u00e9mico del Centro de Investigaci\u00f3n y Transferencia en Riego y Agroclimatolog\u00eda (CITRA).\u00a0<\/a><\/p><p class=\"x_MsoNormal\">\u00a0<\/p><p class=\"x_MsoNormal\"><strong>COOPERATIVA.CL\u00a0<\/strong><\/p><p class=\"x_MsoNormal\"><a href=\"https:\/\/www.cooperativa.cl\/noticias\/pais\/gobierno\/gabinete\/minsal-alista-creacion-de-comision-nacional-de-respuesta-pandemica\/2022-03-20\/133531.html\">Minsal alista creaci\u00f3n de comisi\u00f3n nacional de respuesta para la pandemia. Se refiere \u00c9rika Retamal, director del Departamento de Salud P\u00fablica.\u00a0<\/a><\/p><p class=\"x_MsoNormal\">\u00a0<\/p><p class=\"x_MsoNormal\"><strong>DIARIO EL LABRADOR\u00a0<\/strong><\/p><p class=\"x_MsoNormal\"><a href=\"https:\/\/www.litoralpress.cl\/paginaconsultas\/Servicios_NClip\/Get_Imagen_Nota.aspx?LPKey=PZA5DPRZCQ4E44F46SWEDSCYTSBER5KMYYJ6DITBNIDXMVYHD4JQN4W6QEED5L2UMOT7CDL3UID2C\">Minsal alista creaci\u00f3n de comisi\u00f3n nacional de respuesta para la pandemia. Se refiere \u00c9rika Retamal, director del Departamento de Salud P\u00fablica.\u00a0<\/a><\/p><p class=\"x_MsoNormal\">\u00a0<\/p><p class=\"x_MsoNormal\"><strong>ATENTOSCHILE.CL\u00a0<\/strong><\/p><p class=\"x_MsoNormal\"><a href=\"https:\/\/www.litoralpress.cl\/sitio\/RadioTV_Detalles.cshtml?LPKey=QUKCFTQIS6DZ6AQA3ARG36R6LUN2LSO2QRL7MY32E2NE3TNCSA3A\">Entrevista a Osvaldo Henr\u00edquez, acad\u00e9mico de la Escuela de Administraci\u00f3n P\u00fablica.\u00a0<\/a><\/p><p class=\"x_MsoNormal\">\u00a0<\/p><p class=\"x_MsoNormal\"><strong>RADIO MARISOL\u00a0<\/strong><\/p><p class=\"x_MsoNormal\"><a href=\"https:\/\/www.litoralpress.cl\/sitio\/RadioTV_Detalles.cshtml?LPKey=3TC5CHPFKI6KDEOVE5JUYJX3LRFUBZCKVNCUXKZ3323RJHX22VVQ\">Entrevista a Osvaldo Henr\u00edquez, acad\u00e9mico de la Escuela de Administraci\u00f3n P\u00fablica.\u00a0<\/a><\/p><p class=\"x_MsoNormal\">\u00a0<\/p><p class=\"x_MsoNormal\"><strong>ELMOSTRADOR.CL\u00a0<\/strong><\/p><p class=\"x_MsoNormal\"><a href=\"https:\/\/www.elmostrador.cl\/agenda-pais\/2022\/03\/22\/investigador-chileno-trabaja-en-nuevas-terapias-antibacterianas\/\">Investigador chileno trabaja en nuevas terapias antibacterianas. Se refiere Esteban Dur\u00e1n, acad\u00e9mico del Instituto de Qu\u00edmica de Recursos Naturales.\u00a0<\/a><\/p><p class=\"x_MsoNormal\">\u00a0<\/p><p class=\"x_MsoNormal\"><strong>DIARIO EL LECTOR\u00a0<\/strong><\/p><p class=\"x_MsoNormal\"><a href=\"https:\/\/www.litoralpress.cl\/paginaconsultas\/Servicios_NClip\/Get_Imagen_Nota.aspx?LPKey=SPVGOPYVEX7KWABXMGJCW6KWEPKSSOMXCVC4VCBZWJHZDKYCKIGGFSZXUEDSNYUYZGWYXHSUC4RE4\">D\u00eda de la Astronom\u00eda: Chile ser\u00e1 la capital de esta disciplina el 2030. Se refiere Gustavo Orellana, cient\u00edfico del Instituto de Investigaci\u00f3n Interdisciplinaria.\u00a0<\/a><\/p><p class=\"x_MsoNormal\">\u00a0<\/p><p class=\"x_MsoNormal\"><strong>EMOL.COM\u00a0<\/strong><\/p><p class=\"x_MsoNormal\"><a href=\"https:\/\/www.emol.com\/noticias\/Economia\/2022\/03\/22\/1055611\/economistas-40horas-y-salario-minimo.html\">Alza del salario m\u00ednimo y &#8220;40 horas&#8221;: \u00bfC\u00f3mo se conjuga la agenda laboral del Gobierno con la productividad en Chile? Se refiere Paulo Cox, acad\u00e9mico de la Facultad de Econom\u00eda y Negocios (FEN).\u00a0<\/a><\/p><p class=\"x_MsoNormal\">\u00a0<\/p><p class=\"x_MsoNormal\"><strong>ELDIARIODESANTIAGO.CL\u00a0<\/strong><\/p><p class=\"x_MsoNormal\"><a href=\"https:\/\/eldiariodesantiago.cl\/archivo\/128213\">Alza del salario m\u00ednimo y &#8220;40 horas&#8221;: \u00bfC\u00f3mo se conjuga la agenda laboral del Gobierno con la productividad en Chile? Se refiere Paulo Cox, acad\u00e9mico de la Facultad de Econom\u00eda y Negocios (FEN).\u00a0<\/a><\/p><p class=\"x_MsoNormal\">\u00a0<\/p><p class=\"x_MsoNormal\"><strong>CANAL CONTIVISI\u00d3N\u00a0<\/strong><\/p><p class=\"x_MsoNormal\"><a href=\"https:\/\/www.litoralpress.cl\/sitio\/RadioTV_Detalles.cshtml?LPKey=GYH3Q7ARHNWIDUFN53QXBBYKU2TCYH66RG5FI3IKJLQPV3QH5H7Q\">Alto precio los combustibles generan molestia en poblaci\u00f3n. Se refiere Juan Andr\u00e9s Riquelme, acad\u00e9mico de la Facultad de Econom\u00eda y Negocios (FEN).\u00a0<\/a><\/p><p>\u00a0<\/p><p class=\"x_MsoNormal\"><strong>CANAL TVR\u00a0<\/strong><\/p><p class=\"x_MsoNormal\"><a href=\"https:\/\/www.litoralpress.cl\/sitio\/RadioTV_Detalles.cshtml?LPKey=YYOATUZQVJNRZRJVXHQGMJBRGA35LZPWY2VG7EKK52O2C4XE6UVQ\">C\u00e1mara de Diputados aprob\u00f3 proyecto del gobierno para duplicar Fondo de Estabilizaci\u00f3n de los Combustibles. Se refiere Juan Andr\u00e9s Riquelme, acad\u00e9mico de la Facultad de Econom\u00eda y Negocios (FEN).\u00a0<\/a><\/p><p class=\"x_MsoNormal\" aria-hidden=\"true\">\u00a0<\/p><p class=\"x_MsoNormal\"><strong>COOPERATIVA.CL\u00a0<\/strong><\/p><p class=\"x_MsoNormal\"><a href=\"https:\/\/www.cooperativa.cl\/noticias\/pais\/educacion\/violencia-escolar\/adolescente-esta-en-riesgo-vital-tras-ser-apunalado-en-marcha-contra-la\/2022-03-22\/122335.html\">Adolescente atacado en marcha contra la violencia escolar en Talca. Se refieren Carolina Iturra, acad\u00e9mica de la Facultad de Psicolog\u00eda y Felipe Figueroa, psic\u00f3logo del programa Pace-UTalca.\u00a0<\/a><\/p><p class=\"x_MsoNormal\"><span class=\"x_MsoHyperlink\">\u00a0<\/span><\/p><p class=\"x_MsoNormal\"><strong>DIARIO EL HERALDO\u00a0<\/strong><\/p><p class=\"x_MsoNormal\"><a href=\"https:\/\/www.litoralpress.cl\/paginaconsultas\/Servicios_NClip\/Get_Imagen_Nota.aspx?LPKey=YJVFGSDXLD4Z4TWLCADYD47ICSRWPAQ6ORXATRLZ6AE4PFQFFRAFSFHI7TXX2DZVUGIGUAL3EIG4Q\">Explican posibles razones de situaciones de violencia en colegios.\u00a0Se refieren Carolina Iturra, acad\u00e9mica de la Facultad de Psicolog\u00eda y Felipe Figueroa, psic\u00f3logo del programa Pace-UTalca.\u00a0<\/a><\/p><p class=\"x_MsoNormal\">\u00a0<\/p><p class=\"x_MsoNormal\"><strong>ELMAULEINFORMA.CL\u00a0<\/strong><\/p><p class=\"x_MsoNormal\"><a href=\"https:\/\/elmauleinforma.cl\/explican-posibles-razones-de-situaciones-de-violencia-en-colegios\/\">Explican posibles razones de situaciones de violencia en colegios. Se refieren Carolina Iturra, acad\u00e9mica de la Facultad de Psicolog\u00eda y Felipe Figueroa, psic\u00f3logo del programa Pace-UTalca.\u00a0<\/a><\/p><p class=\"x_MsoNormal\" aria-hidden=\"true\">\u00a0<\/p><p class=\"x_MsoNormal\"><strong>ELNOTICIERODELHUASCO.CL\u00a0<\/strong><\/p><p class=\"x_MsoNormal\"><a href=\"http:\/\/elnoticierodelhuasco.cl\/2022\/03\/presencialidad-y-parque-automotriz-regiones-registran-aumento-de-tacos-y-ciudades-serian-15-minutos-mas-lentas\/\">Presencialidad y parque automotriz: Regiones registran aumento de tacos y ciudades ser\u00edan 15 minutos m\u00e1s lentas. Se refiere\u00a0Jos\u00e9 Manuel C\u00e1rdenas, acad\u00e9mico de la Facultad de Psicolog\u00eda.\u00a0<\/a><\/p><p class=\"x_MsoNormal\">\u00a0<\/p><p class=\"x_MsoNormal\"><strong>CANAL CNN\u00a0<\/strong><\/p><p class=\"x_MsoNormal\"><a href=\"https:\/\/www.litoralpress.cl\/sitio\/RadioTV_Detalles.cshtml?LPKey=3BGDCIXWFAMP32P52U2XQDZVVQ3ENEDCYUHEHK42EZ5Y3RIOCX5Q\">Boric debuta con 50% de aprobaci\u00f3n. Se refiere Mauricio Morales, director del Centro de An\u00e1lisis Pol\u00edtico (CAP).\u00a0<\/a><\/p><p class=\"x_MsoNormal\">\u00a0<\/p><p class=\"x_MsoNormal\"><strong>CANAL TVN\u00a0<\/strong><\/p><p class=\"x_MsoNormal\"><a href=\"https:\/\/www.litoralpress.cl\/sitio\/RadioTV_Detalles.cshtml?LPKey=Z2A7ZE2OI7P2QT6LOZQNRMHJ2UDIBW5Y5NAMKPZDEPKFXLSUQ6JA\">Senadores PS criticaron duramente al ministro Jackson por proyecto de amnist\u00eda a presos del estallido social.\u00a0Se refiere Mauricio Morales, director del Centro de An\u00e1lisis Pol\u00edtico (CAP).\u00a0<\/a><\/p><p class=\"x_MsoNormal\">\u00a0<\/p><p class=\"x_MsoNormal\"><strong>CANAL 24 HORAS\u00a0<\/strong><\/p><p class=\"x_MsoNormal\"><a href=\"https:\/\/www.litoralpress.cl\/sitio\/RadioTV_Detalles.cshtml?LPKey=AVPU77IGDI7M2FEQOAJYW33Y6RH44HR4BTNU33CFDXZBPQLT6KEA\">Senadores PS critican duramente al ministro Jackson por proyecto de amnist\u00eda a los presos de estallido social.\u00a0Se refiere Mauricio Morales, director del Centro de An\u00e1lisis Pol\u00edtico (CAP).\u00a0<\/a><\/p><p class=\"x_MsoNormal\">\u00a0<\/p><p class=\"x_MsoNormal\"><strong>PUBLIMETRO\u00a0<\/strong><\/p><p class=\"x_MsoNormal\"><a href=\"https:\/\/www.litoralpress.cl\/paginaconsultas\/Servicios_NClip\/Get_Imagen_Nota.aspx?LPKey=KQHOOCWNBT4XJD4U764BM6OBEOHYPBYIB34BCI4CHEZRJR5YJWD5KSOKB32V5EWAZ3DZXCVX64M2I\">Sin ayuda estatal. La parafina seguir\u00e1 siendo tan cara como la bencina. Se refiere Mario Herrera, acad\u00e9mico del Centro de An\u00e1lisis Pol\u00edtico (CAP).\u00a0<\/a><\/p><p class=\"x_MsoNormal\">\u00a0<\/p><p class=\"x_MsoNormal\"><strong>CANAL TVN RED MAULE\u00a0<\/strong><\/p><p class=\"x_MsoNormal\"><a href=\"https:\/\/www.litoralpress.cl\/sitio\/RadioTV_Detalles.cshtml?LPKey=TB2QVDOBBKFINKJWIFUDCWUCW7EUSQEYJ2XD4AT2TPGBUF77ME2A\">S\u00f3lo hay un seremi nombrado a nivel regional por parte del nuevo gobierno. Se refiere Mario Herrera, acad\u00e9mico del Centro de An\u00e1lisis Pol\u00edtico (CAP).\u00a0<\/a><\/p><p class=\"x_MsoNormal\">\u00a0<\/p><p class=\"x_MsoNormal\"><strong>DIARIO LA PRENSA\u00a0<\/strong><\/p><p class=\"x_MsoNormal\"><a href=\"https:\/\/www.litoralpress.cl\/paginaconsultas\/Servicios_NClip\/Get_Imagen_Nota.aspx?LPKey=MLPK7F6YDXPGCLD2YUNVWKCT2BHQYUT3E7DPWFI27F74VMTYXWKP57424DSS4MITHG4FCKHQMPVFG\">&#8220;Mayor presencia femenina en gabinete de Boric da mayor chance a una presidenciable del sector&#8221;. Se refiere Mario Herrera, acad\u00e9mico del Centro de An\u00e1lisis Pol\u00edtico (CAP).\u00a0<\/a><\/p><p class=\"x_MsoNormal\">\u00a0<\/p><p class=\"x_MsoNormal\"><strong>DIARIO EL HERALDO\u00a0<\/strong><\/p><p class=\"x_MsoNormal\"><a href=\"https:\/\/www.litoralpress.cl\/paginaconsultas\/Servicios_NClip\/Get_Imagen_Nota.aspx?LPKey=7RPETH3G5O7FNDIUE3IMWPMCTWKKPYGSBO2TIKZ3JJPM6GHQFEUWT7CDL2SC6BKSOHJFU6IRKJPOQ\">Cambio generacional en la pol\u00edtica: los atributos presentes en el nuevo Gobierno. Se refiere Mario Herrera, acad\u00e9mico del Centro de An\u00e1lisis Pol\u00edtico (CAP).\u00a0<\/a><\/p><p class=\"x_MsoNormal\">\u00a0<\/p><p class=\"x_MsoNormal\"><strong>DIARIOLAPRENSA.CL\u00a0<\/strong><\/p><p class=\"x_MsoNormal\"><a href=\"https:\/\/new.diariolaprensa.cl\/index.php\/2022\/03\/22\/mayor-presencia-femenina-en-gabinete-de-boric-da-mayor-chance-a-una-presidenciable-del-sector\/\">Mario Herrera: \u201cMayor presencia femenina en gabinete de Boric da mayor chance a una presidenciable del sector\u201d. Se refiere Mario Herrera, acad\u00e9mico del Centro de An\u00e1lisis Pol\u00edtico (CAP).\u00a0<\/a><\/p><p class=\"x_MsoNormal\" aria-hidden=\"true\">\u00a0<\/p><p class=\"x_MsoNormal\"><strong>DIARIOELHERALDO.CL\u00a0<\/strong><\/p><p class=\"x_MsoNormal\"><a href=\"http:\/\/www.diarioelheraldo.cl\/noticia\/cambio-generacional-en-la-politica-los-atributos-presentes-en-el-nuevo-gobierno-\">Cambio generacional en la pol\u00edtica: los atributos presentes en el nuevo Gobierno. Se refiere Mario Herrera, acad\u00e9mico del Centro de An\u00e1lisis Pol\u00edtico (CAP).\u00a0<\/a><\/p><p class=\"x_MsoNormal\">\u00a0<\/p><p class=\"x_MsoNormal\"><strong>RADIO AMIGA\u00a0<\/strong><\/p><p class=\"x_MsoNormal\"><a href=\"https:\/\/www.litoralpress.cl\/sitio\/RadioTV_Detalles.cshtml?LPKey=ELE6RV56EF62TPQDW5EHQDDTBKPOL532RTYYAYIJPF2F4XJOETPA\">Analizan recambio generacional del gobierno de Boric. Se refiere Mario Herrera, acad\u00e9mico del Centro de An\u00e1lisis Pol\u00edtico (CAP).\u00a0<\/a><\/p><p class=\"x_MsoNormal\" aria-hidden=\"true\">\u00a0<\/p><p class=\"x_MsoNormal\"><strong>DIARIO LA PRENSA\u00a0<\/strong><\/p><p class=\"x_MsoNormal\"><a href=\"https:\/\/www.litoralpress.cl\/paginaconsultas\/Servicios_NClip\/Get_Imagen_Nota.aspx?LPKey=BGLXX2YLPAZKQVI5JZW6RZN6QMN4VPASGCPQUNP3YXAUCMGGNNCBLJ73MXBQKYABXPV7YVUD2PCXM\">Universidad de Talca: cartelera cultural ofrece variadas actividades durante marzo. Se refiere Marcela Albornoz, directora de Extensi\u00f3n Art\u00edstica y Cultural.\u00a0<\/a><\/p><p class=\"x_MsoNormal\">\u00a0<\/p><p class=\"x_MsoNormal\"><strong>ENLINEAMAULE.CL\u00a0<\/strong><\/p><p class=\"x_MsoNormal\"><a href=\"https:\/\/enlineamaule.cl\/archivo\/47843\">Exposici\u00f3n \u201cMujeres\u201d estar\u00e1 disponible hasta abril en la biblioteca municipal en Talca. Se refiere Iv\u00e1n Palomo, acad\u00e9mico de la Facultad de Ciencias de la Salud.\u00a0<\/a><\/p><p class=\"x_MsoNormal\">\u00a0<\/p>\t\t\t\t\t\t<\/div>\n\t\t\t\t<\/div>\n\t\t\t\t\t<\/div>\n\t\t<\/div>\n\t\t\t\t\t\t\t<\/div>\n\t\t<\/section>\n\t\t\t\t\t\t<\/div>\n\t\t\t\t\t<\/div>\n\t\t","protected":false},"excerpt":{"rendered":"<p>ADPRENSA.CL\u00a0 Entregan computadores port\u00e1tiles a estudiantes de la Universidad de Talca. Se refiere Paula Caballero, vicerrectora de Desarrollo Estudiantil. \u00a0 \u00a0 RADIO COOPERATIVA\u00a0 Alarma por el estado del agua en Chile. Se refiere\u00a0Patricio Gonz\u00e1lez, acad\u00e9mico del Centro de Investigaci\u00f3n y Transferencia en Riego y Agroclimatolog\u00eda (CITRA).\u00a0 \u00a0 RADIO COOPERATIVA\u00a0 D\u00eda mundial del Agua. Se menciona &hellip;<\/p>\n<p class=\"read-more\"> <a class=\"\" href=\"https:\/\/www.reportedeprensa.utalca.cl\/?p=3429\"> <span class=\"screen-reader-text\">23 de marzo de 2022<\/span> Read More &raquo;<\/a><\/p>\n","protected":false},"author":1,"featured_media":0,"comment_status":"closed","ping_status":"open","sticky":false,"template":"","format":"standard","meta":{"_monsterinsights_skip_tracking":false,"_monsterinsights_sitenote_active":false,"_monsterinsights_sitenote_note":"","_monsterinsights_sitenote_category":0},"categories":[19],"tags":[],"_links":{"self":[{"href":"https:\/\/www.reportedeprensa.utalca.cl\/index.php?rest_route=\/wp\/v2\/posts\/3429"}],"collection":[{"href":"https:\/\/www.reportedeprensa.utalca.cl\/index.php?rest_route=\/wp\/v2\/posts"}],"about":[{"href":"https:\/\/www.reportedeprensa.utalca.cl\/index.php?rest_route=\/wp\/v2\/types\/post"}],"author":[{"embeddable":true,"href":"https:\/\/www.reportedeprensa.utalca.cl\/index.php?rest_route=\/wp\/v2\/users\/1"}],"replies":[{"embeddable":true,"href":"https:\/\/www.reportedeprensa.utalca.cl\/index.php?rest_route=%2Fwp%2Fv2%2Fcomments&post=3429"}],"version-history":[{"count":4,"href":"https:\/\/www.reportedeprensa.utalca.cl\/index.php?rest_route=\/wp\/v2\/posts\/3429\/revisions"}],"predecessor-version":[{"id":3433,"href":"https:\/\/www.reportedeprensa.utalca.cl\/index.php?rest_route=\/wp\/v2\/posts\/3429\/revisions\/3433"}],"wp:attachment":[{"href":"https:\/\/www.reportedeprensa.utalca.cl\/index.php?rest_route=%2Fwp%2Fv2%2Fmedia&parent=3429"}],"wp:term":[{"taxonomy":"category","embeddable":true,"href":"https:\/\/www.reportedeprensa.utalca.cl\/index.php?rest_route=%2Fwp%2Fv2%2Fcategories&post=3429"},{"taxonomy":"post_tag","embeddable":true,"href":"https:\/\/www.reportedeprensa.utalca.cl\/index.php?rest_route=%2Fwp%2Fv2%2Ftags&post=3429"}],"curies":[{"name":"wp","href":"https:\/\/api.w.org\/{rel}","templated":true}]}}