{"id":3452,"date":"2022-03-24T09:24:14","date_gmt":"2022-03-24T12:24:14","guid":{"rendered":"https:\/\/www.reportedeprensa.utalca.cl\/?p=3452"},"modified":"2022-03-24T09:25:11","modified_gmt":"2022-03-24T12:25:11","slug":"24-de-marzo-de-2022","status":"publish","type":"post","link":"https:\/\/www.reportedeprensa.utalca.cl\/?p=3452","title":{"rendered":"24 de marzo de 2022"},"content":{"rendered":"\t\t<div data-elementor-type=\"wp-post\" data-elementor-id=\"3452\" class=\"elementor elementor-3452\" data-elementor-settings=\"[]\">\n\t\t\t\t\t\t\t<div class=\"elementor-section-wrap\">\n\t\t\t\t\t\t\t<section class=\"elementor-section elementor-top-section elementor-element elementor-element-551691d7 elementor-section-boxed elementor-section-height-default elementor-section-height-default\" data-id=\"551691d7\" data-element_type=\"section\">\n\t\t\t\t\t\t<div class=\"elementor-container elementor-column-gap-default\">\n\t\t\t\t\t<div class=\"elementor-column elementor-col-100 elementor-top-column elementor-element elementor-element-249cced\" data-id=\"249cced\" data-element_type=\"column\">\n\t\t\t<div class=\"elementor-widget-wrap elementor-element-populated\">\n\t\t\t\t\t\t\t\t<div class=\"elementor-element elementor-element-60e9cf41 elementor-widget elementor-widget-text-editor\" data-id=\"60e9cf41\" data-element_type=\"widget\" data-widget_type=\"text-editor.default\">\n\t\t\t\t<div class=\"elementor-widget-container\">\n\t\t\t\t\t\t\t\t<p class=\"x_MsoNormal\"><strong>DIARIO TALCA\u00a0<\/strong><\/p><p class=\"x_MsoNormal\"><a href=\"https:\/\/diariotalca.cl\/delegado-aqueveque-y-rector-utalca-coordinan-trabajo-por-la-descentralizacion\/\">Delegado Aqueveque y rector UTalca coordinan trabajo por la descentralizaci\u00f3n.\u00a0<\/a><\/p><p class=\"x_MsoNormal\">\u00a0<\/p><p class=\"x_MsoNormal\"><strong>ADPRENSA.CL\u00a0<\/strong><\/p><p class=\"x_MsoNormal\"><a href=\"https:\/\/www.adprensa.cl\/cronica\/entregan-computadores-portatiles-a-estudiantes-de-la-universidad-de-talca\/\">Entregan computadores port\u00e1tiles a estudiantes de la Universidad de Talca.\u00a0<\/a><\/p><p class=\"x_MsoNormal\">\u00a0<\/p><p class=\"x_MsoNormal\"><strong>DIARIO LA PRENSA\u00a0<\/strong><\/p><p class=\"x_MsoNormal\"><a href=\"https:\/\/www.litoralpress.cl\/paginaconsultas\/Servicios_NClip\/Get_Imagen_Nota.aspx?LPKey=OLU5RDUUI2G35I4MMODL7KAKPELVK3MRBNJIQG7B6RDARKLRE5PAMEB7ALBDUDO3NIMBZ3373MVEQ\">Entregan computadores port\u00e1tiles a estudiantes de la UTalca.\u00a0<\/a><\/p><p class=\"x_MsoNormal\">\u00a0<\/p><p class=\"x_MsoNormal\"><strong>LANOTICIA.CL\u00a0<\/strong><\/p><p class=\"x_MsoNormal\"><a href=\"https:\/\/lanoticia.cl\/entregan-computadores-portatiles-a-estudiantes-de-la-universidad-de-talca\/\">Entregan computadores port\u00e1tiles a estudiantes de la Universidad de Talca.\u00a0<\/a><\/p><p class=\"x_MsoNormal\">\u00a0<\/p><p class=\"x_MsoNormal\"><strong>DIARIO EL HERALDO\u00a0<\/strong><\/p><p class=\"x_MsoNormal\"><a href=\"https:\/\/www.litoralpress.cl\/sitio\/Prensa_Detalles.cshtml?LPKey=IWVB24YICFCKQJ34X4RWGTR25I46JGFLJVRATPVRGVWWT4QQJGFA\">Explican posibles razones de situaciones de violencia en colegios. Se refieren\u00a0Carolina Iturra, acad\u00e9mica de la Facultad de Psicolog\u00eda y Felipe Figueroa, psic\u00f3logo del programa PACE-UTalca.\u00a0<\/a><\/p><p class=\"x_MsoNormal\">\u00a0<\/p><p class=\"x_MsoNormal\"><strong>DIARIO LA PRENSA\u00a0<\/strong><\/p><p class=\"x_MsoNormal\"><a href=\"https:\/\/www.litoralpress.cl\/paginaconsultas\/Servicios_NClip\/Get_Imagen_Nota.aspx?LPKey=RX7GQSIORH3IF7GTVGRHCHLSXTIXXUPU64IP437XYILXOWQNFVFHL5W44LZ7UNNW2AYCJSIRZ72A6\">Regreso a clases generar\u00eda sensaci\u00f3n de inseguridad. Se refiere Carolina Iturra, acad\u00e9mica de la Facultad de Psicolog\u00eda.\u00a0<\/a><\/p><p class=\"x_MsoNormal\">\u00a0<\/p><p class=\"x_MsoNormal\"><strong>DIARIOELHERALDO.CL\u00a0<\/strong><\/p><p class=\"x_MsoNormal\"><a href=\"http:\/\/www.diarioelheraldo.cl\/noticia\/explican-posibles-razones-de-situaciones-de-violencia-en-colegios-\">Explican posibles razones de situaciones de violencia en colegios. Se refieren Carolina Iturra, acad\u00e9mica de la Facultad de Psicolog\u00eda y Felipe Figueroa, psic\u00f3logo del programa PACE-UTalca.\u00a0<\/a><\/p><p class=\"x_MsoNormal\">\u00a0<\/p><p class=\"x_MsoNormal\"><strong>CANAL TVR\u00a0<\/strong><\/p><p class=\"x_MsoNormal\"><a href=\"https:\/\/www.litoralpress.cl\/sitio\/RadioTV_Detalles.cshtml?LPKey=ZOKV7J437KHT5Q2K2OBH7WHXVRHOYKCLEFHILXYH2RDINGSYO7PQ\">Formalizaron a estudiante que apu\u00f1al\u00f3 a otro alumno durante una marcha por la Alameda en Talca. Se refiere Carolina Iturra, acad\u00e9mica de la Facultad de Psicolog\u00eda.\u00a0<\/a><\/p><p class=\"x_MsoNormal\">\u00a0<\/p><p class=\"x_MsoNormal\"><strong>G5NOTICIAS.CL\u00a0<\/strong><\/p><p class=\"x_MsoNormal\"><a href=\"https:\/\/g5noticias.cl\/2022\/03\/23\/explican-posibles-razones-de-situaciones-de-violencia-en-colegios\/\">Explican posibles razones de situaciones de violencia en colegios. Se refieren Carolina Iturra, acad\u00e9mica de la Facultad de Psicolog\u00eda y Felipe Figueroa, psic\u00f3logo del programa PACE-UTalca.\u00a0<\/a><\/p><p class=\"x_MsoNormal\">\u00a0<\/p><p class=\"x_MsoNormal\"><strong>REDMAULE.COM\u00a0<\/strong><\/p><p class=\"x_MsoNormal\"><a href=\"https:\/\/www.redmaule.com\/regional\/expertos-de-utalca-explican-posibles-razones-ante-la-existencia-de\">Expertos de la UTalca explican posibles razones de situaciones de violencia en colegios. Se refieren Carolina Iturra, acad\u00e9mica de la Facultad de Psicolog\u00eda y Felipe Figueroa, psic\u00f3logo del programa PACE-UTalca.\u00a0<\/a><\/p><p class=\"x_MsoNormal\" aria-hidden=\"true\">\u00a0<\/p><p class=\"x_MsoNormal\"><strong>RADIO AMIGA\u00a0<\/strong><\/p><p class=\"x_MsoNormal\"><a href=\"https:\/\/www.litoralpress.cl\/sitio\/RadioTV_Detalles.cshtml?LPKey=ARYK3CMVV3J3Z4VCYFW635OINTDDCSGI3SCVXR6HOOHAB4CZOXRQ\">Agresiones en colegios estar\u00edan vinculadas con incapacidad de estudiantes de resolver conflictos. Se refiere Carolina Iturra, acad\u00e9mica de la Facultad de Psicolog\u00eda. \u00a0<\/a><\/p><p class=\"x_MsoNormal\" aria-hidden=\"true\">\u00a0<\/p><p class=\"x_MsoNormal\"><strong>LINARESENLINEA.CL\u00a0<\/strong><\/p><p class=\"x_MsoNormal\"><a href=\"https:\/\/www.linaresenlinea.cl\/2022\/03\/23\/academica-explica-posibles-razones-de-situaciones-de-violencia-en-establecimientos-educacionales\/\">Acad\u00e9mica explica posibles razones de situaciones de violencia en establecimientos educacionales. Se refieren Carolina Iturra, acad\u00e9mica de la Facultad de Psicolog\u00eda y Felipe Figueroa, psic\u00f3logo del programa PACE-UTalca.\u00a0<\/a><\/p><p class=\"x_MsoNormal\" aria-hidden=\"true\">\u00a0<\/p><p class=\"x_MsoNormal\"><strong>ENLINEAMAULE.CL\u00a0<\/strong><\/p><p class=\"x_MsoNormal\"><a href=\"https:\/\/enlineamaule.cl\/archivo\/47849\">Psic\u00f3loga de la UTalca por violencia en colegios: \u201cSi estas agresiones son sistem\u00e1ticas alteran el desarrollo\u201d. Se refiere Carolina Iturra, acad\u00e9mica de la Facultad de Psicolog\u00eda.\u00a0<\/a><\/p><p class=\"x_MsoNormal\" aria-hidden=\"true\">\u00a0<\/p><p class=\"x_MsoNormal\"><strong>PARRALACTUAL.COM\u00a0<\/strong><\/p><p class=\"x_MsoNormal\"><a href=\"https:\/\/www.parralactual.com\/explican-posibles-razones-de-situaciones-de-violencia-en-colegios\/\">Explican posibles razones de situaciones de violencia en colegios. Se refieren Carolina Iturra, acad\u00e9mica de la Facultad de Psicolog\u00eda y Felipe Figueroa, psic\u00f3logo del programa PACE-UTalca.\u00a0<\/a><\/p><p class=\"x_MsoNormal\">\u00a0<\/p><p class=\"x_MsoNormal\"><strong>CIPERCHILE.CL\u00a0<\/strong><\/p><p class=\"x_MsoNormal\"><a href=\"https:\/\/www.ciperchile.cl\/2022\/03\/23\/debate-constituyente-experiencia-de-ee-uu-puede-ser-clave-para-la-eventual-instalacion-de-la-justicia-indigena-en-chile\/\">Debate constituyente: experiencia de EE.UU. puede ser clave para la eventual instalaci\u00f3n de la justicia ind\u00edgena en Chile. Se refiere Dany Jaimovich, acad\u00e9mico de la Facultad de Econom\u00eda y Negocios (FEN).\u00a0<\/a><\/p><p class=\"x_MsoNormal\">\u00a0<\/p><p class=\"x_MsoNormal\"><strong>ATENTOSCHILE.CL\u00a0<\/strong><\/p><p class=\"x_MsoNormal\"><a href=\"https:\/\/www.litoralpress.cl\/sitio\/RadioTV_Detalles.cshtml?LPKey=AHLTLZWD4CH2YNVHX24GOVIEXKC53QO6UTIAYRKBVHZFJFIHSACQ\">Entrevista a Juan Andr\u00e9s Riquelme, director del Mag\u00edster en Econom\u00eda.\u00a0<\/a><\/p><p class=\"x_MsoNormal\">\u00a0<\/p><p class=\"x_MsoNormal\"><strong>RADIO MARISOL\u00a0<\/strong><\/p><p class=\"x_MsoNormal\"><a href=\"https:\/\/www.litoralpress.cl\/sitio\/RadioTV_Detalles.cshtml?LPKey=436W3YHHVNUTH6QBOHSAVYOLMLVJAW75DSEZC6VCUMHNJRZOS2CQ\">Entrevista a Juan Andr\u00e9s Riquelme, director del Mag\u00edster en Econom\u00eda.\u00a0<\/a><\/p><p class=\"x_MsoNormal\">\u00a0<\/p><p class=\"x_MsoNormal\"><strong>LATERCERA.COM\u00a0<\/strong><\/p><p class=\"x_MsoNormal\"><a href=\"https:\/\/www.latercera.com\/que-pasa\/noticia\/dia-de-astronomia-2022-equipo-cientifico-de-sofia-conversara-con-estudiantes-de-chile\/ETXNA7UFRNDKVA5QBFJW62Y76E\/\">D\u00eda de Astronom\u00eda 2022: equipo cient\u00edfico de SOFIA conversar\u00e1 con estudiantes de Chile. Se menciona a American Academy of Science and Technology de la UTalca.\u00a0<\/a><\/p><p class=\"x_MsoNormal\">\u00a0<\/p><p class=\"x_MsoNormal\"><strong>DIARIO EL LECTOR\u00a0<\/strong><\/p><p class=\"x_MsoNormal\"><a href=\"https:\/\/www.litoralpress.cl\/sitio\/Prensa_Detalles.cshtml?LPKey=XUP2DP57TS66PSE3CWJEEUAEAPSQPLTUTK5N6EUCULHL7HBXFZZA\">D\u00eda de la Astronom\u00eda: Chile ser\u00e1 la capital de esta disciplina el 2030. Se refiere Gustavo Orellana, cient\u00edfico del Instituto de Investigaci\u00f3n Interdisciplinaria.\u00a0<\/a><\/p><p class=\"x_MsoNormal\">\u00a0<\/p><p class=\"x_MsoNormal\"><strong>RADIO COOPERATIVA\u00a0<\/strong><\/p><p class=\"x_MsoNormal\"><a href=\"https:\/\/www.litoralpress.cl\/sitio\/RadioTV_Detalles.cshtml?LPKey=I2KC3DEYKCX23GBHDSJBVU57I6DAEFRTMVD3UTLT7E2TFTID7RPQ\">Municipios modifican \u00e1reas verdes ante la amenaza del racionamiento de agua. Se refiere Fernando Carrasco, acad\u00e9mico del Instituto de Ciencias Biol\u00f3gicas.\u00a0<\/a><\/p><p class=\"x_MsoNormal\">\u00a0<\/p><p class=\"x_MsoNormal\"><strong>CANAL TVN RED MAULE\u00a0<\/strong><\/p><p class=\"x_MsoNormal\"><a href=\"https:\/\/www.litoralpress.cl\/sitio\/RadioTV_Detalles.cshtml?LPKey=WW6ONLYL6AKFDLQR5N4B4OYGZVGFDZAXSBLWUWSATD744MQVVBEQ\">D\u00eda Mundial del Agua: Preocupaci\u00f3n por la crisis h\u00eddrica. Se refieren Patricio Gonz\u00e1lez, acad\u00e9mico del Centro de Investigaci\u00f3n y Transferencia en Riego Y Agroclimatolog\u00eda (CITRA) y Roberto Jara, acad\u00e9mico de la Facultad de Ciencias Agrarias. \u00a0<\/a><\/p><p class=\"x_MsoNormal\">\u00a0<\/p><p class=\"x_MsoNormal\"><strong>LATERCERA.COM\u00a0<\/strong><\/p><p class=\"x_MsoNormal\"><a href=\"https:\/\/www.latercera.com\/la-tercera-pm\/noticia\/investigadores-de-unesco-demuestran-que-sequia-en-coquimbo-fue-provocada-por-sobreconsumo\/VV7ODA3RABDV5K36PUZ6Q6RC44\/\">Investigadores de Unesco demuestran que sequ\u00eda en Coquimbo fue provocada por sobreconsumo. Se refiere Roberto Pizarro, acad\u00e9mico de la UTalca.\u00a0<\/a><\/p><p class=\"x_MsoNormal\">\u00a0<\/p><p class=\"x_MsoNormal\"><strong>RADIO AM\u00c9RICA DE LA SERENA\u00a0<\/strong><\/p><p class=\"x_MsoNormal\"><a href=\"https:\/\/www.litoralpress.cl\/sitio\/RadioTV_Detalles.cshtml?LPKey=PULKITTVFUPBVGOTYGP4AFVWZ6JRSQLKK6PDQDVTQJIKQQRYSYJQ\">Entrevista a Roberto Pizarro, acad\u00e9mico de la UTalca.\u00a0<\/a><\/p><p class=\"x_MsoNormal\">\u00a0<\/p><p class=\"x_MsoNormal\"><strong>RADIO INFINITA\u00a0<\/strong><\/p><p class=\"x_MsoNormal\"><a href=\"https:\/\/www.litoralpress.cl\/sitio\/RadioTV_Detalles.cshtml?LPKey=YPDDFHYPHNUTRH4WRAHXHXTROLRG3DAE4J7QGBQ67Z44L27JRFCQ\">Comentario de pol\u00edtica de Mauricio Morales, director del Centro de An\u00e1lisis Pol\u00edtico (CAP).\u00a0<\/a><\/p><p class=\"x_MsoNormal\">\u00a0<\/p><p class=\"x_MsoNormal\"><strong>PUBLIMETRO.CL\u00a0<\/strong><\/p><p class=\"x_MsoNormal\"><a href=\"https:\/\/www.publimetro.cl\/noticias\/2022\/03\/23\/sin-ayuda-estatal-la-parafina-seguira-siendo-tan-cara-como-la-bencina\/\">Sin ayuda estatal, la parafina seguir\u00e1 siendo tan cara como la bencina. Se refiere Mario Herrera, acad\u00e9mico del Centro de An\u00e1lisis Pol\u00edtico (CAP).\u00a0<\/a><\/p><p class=\"x_MsoNormal\">\u00a0<\/p><p class=\"x_MsoNormal\"><strong>G5NOTICIAS.CL\u00a0<\/strong><\/p><p class=\"x_MsoNormal\"><a href=\"https:\/\/g5noticias.cl\/2022\/03\/23\/cambio-generacional-en-la-politica-los-atributos-presentes-en-el-nuevo-gobierno\/\">Cambio generacional en la pol\u00edtica: los atributos presentes en el nuevo Gobierno. Se refiere Mario Herrera, acad\u00e9mico del Centro de An\u00e1lisis Pol\u00edtico (CAP).\u00a0<\/a><\/p><p class=\"x_MsoNormal\">\u00a0<\/p><p class=\"x_MsoNormal\"><strong>CANAL TVN RED MAULE\u00a0<\/strong><\/p><p class=\"x_MsoNormal\"><a href=\"https:\/\/www.litoralpress.cl\/sitio\/RadioTV_Detalles.cshtml?LPKey=DEHCTRRYCAPKVNLEQQQSBCM66V4HZC35V6JWKAYKXH6NIGXFCVEQ\">Breves: Conversatorio organizado por el Centro de Extensi\u00f3n de la UTalca.\u00a0<\/a><\/p><p class=\"x_MsoNormal\">\u00a0<\/p><p class=\"x_MsoNormal\"><strong>DIARIO LA PRENSA\u00a0<\/strong><\/p><p class=\"x_MsoNormal\"><a href=\"https:\/\/www.litoralpress.cl\/sitio\/Prensa_Detalles.cshtml?LPKey=XXU4MCMSFPGQKWA4KG2POQUJRKBVTC7XSRPLOMXYFJ7HTRHSAL2A\">Muestra de esculturas en la Biblioteca de Talca. Se menciona a Iv\u00e1n Palomo, acad\u00e9mico de la Facultad de Ciencias de la Salud.\u00a0<\/a><\/p><p class=\"x_MsoNormal\">\u00a0<\/p>\t\t\t\t\t\t<\/div>\n\t\t\t\t<\/div>\n\t\t\t\t\t<\/div>\n\t\t<\/div>\n\t\t\t\t\t\t\t<\/div>\n\t\t<\/section>\n\t\t\t\t\t\t<\/div>\n\t\t\t\t\t<\/div>\n\t\t","protected":false},"excerpt":{"rendered":"<p>DIARIO TALCA\u00a0 Delegado Aqueveque y rector UTalca coordinan trabajo por la descentralizaci\u00f3n.\u00a0 \u00a0 ADPRENSA.CL\u00a0 Entregan computadores port\u00e1tiles a estudiantes de la Universidad de Talca.\u00a0 \u00a0 DIARIO LA PRENSA\u00a0 Entregan computadores port\u00e1tiles a estudiantes de la UTalca.\u00a0 \u00a0 LANOTICIA.CL\u00a0 Entregan computadores port\u00e1tiles a estudiantes de la Universidad de Talca.\u00a0 \u00a0 DIARIO EL HERALDO\u00a0 Explican posibles razones &hellip;<\/p>\n<p class=\"read-more\"> <a class=\"\" href=\"https:\/\/www.reportedeprensa.utalca.cl\/?p=3452\"> <span class=\"screen-reader-text\">24 de marzo de 2022<\/span> Read More &raquo;<\/a><\/p>\n","protected":false},"author":1,"featured_media":0,"comment_status":"closed","ping_status":"open","sticky":false,"template":"","format":"standard","meta":{"_monsterinsights_skip_tracking":false,"_monsterinsights_sitenote_active":false,"_monsterinsights_sitenote_note":"","_monsterinsights_sitenote_category":0},"categories":[19],"tags":[],"_links":{"self":[{"href":"https:\/\/www.reportedeprensa.utalca.cl\/index.php?rest_route=\/wp\/v2\/posts\/3452"}],"collection":[{"href":"https:\/\/www.reportedeprensa.utalca.cl\/index.php?rest_route=\/wp\/v2\/posts"}],"about":[{"href":"https:\/\/www.reportedeprensa.utalca.cl\/index.php?rest_route=\/wp\/v2\/types\/post"}],"author":[{"embeddable":true,"href":"https:\/\/www.reportedeprensa.utalca.cl\/index.php?rest_route=\/wp\/v2\/users\/1"}],"replies":[{"embeddable":true,"href":"https:\/\/www.reportedeprensa.utalca.cl\/index.php?rest_route=%2Fwp%2Fv2%2Fcomments&post=3452"}],"version-history":[{"count":4,"href":"https:\/\/www.reportedeprensa.utalca.cl\/index.php?rest_route=\/wp\/v2\/posts\/3452\/revisions"}],"predecessor-version":[{"id":3456,"href":"https:\/\/www.reportedeprensa.utalca.cl\/index.php?rest_route=\/wp\/v2\/posts\/3452\/revisions\/3456"}],"wp:attachment":[{"href":"https:\/\/www.reportedeprensa.utalca.cl\/index.php?rest_route=%2Fwp%2Fv2%2Fmedia&parent=3452"}],"wp:term":[{"taxonomy":"category","embeddable":true,"href":"https:\/\/www.reportedeprensa.utalca.cl\/index.php?rest_route=%2Fwp%2Fv2%2Fcategories&post=3452"},{"taxonomy":"post_tag","embeddable":true,"href":"https:\/\/www.reportedeprensa.utalca.cl\/index.php?rest_route=%2Fwp%2Fv2%2Ftags&post=3452"}],"curies":[{"name":"wp","href":"https:\/\/api.w.org\/{rel}","templated":true}]}}