{"id":3457,"date":"2022-03-25T09:35:57","date_gmt":"2022-03-25T12:35:57","guid":{"rendered":"https:\/\/www.reportedeprensa.utalca.cl\/?p=3457"},"modified":"2022-03-25T09:39:53","modified_gmt":"2022-03-25T12:39:53","slug":"25-de-marzo-de-2022","status":"publish","type":"post","link":"https:\/\/www.reportedeprensa.utalca.cl\/?p=3457","title":{"rendered":"25 de marzo de 2022"},"content":{"rendered":"\t\t<div data-elementor-type=\"wp-post\" data-elementor-id=\"3457\" class=\"elementor elementor-3457\" data-elementor-settings=\"[]\">\n\t\t\t\t\t\t\t<div class=\"elementor-section-wrap\">\n\t\t\t\t\t\t\t<section class=\"elementor-section elementor-top-section elementor-element elementor-element-551691d7 elementor-section-boxed elementor-section-height-default elementor-section-height-default\" data-id=\"551691d7\" data-element_type=\"section\">\n\t\t\t\t\t\t<div class=\"elementor-container elementor-column-gap-default\">\n\t\t\t\t\t<div class=\"elementor-column elementor-col-100 elementor-top-column elementor-element elementor-element-249cced\" data-id=\"249cced\" data-element_type=\"column\">\n\t\t\t<div class=\"elementor-widget-wrap elementor-element-populated\">\n\t\t\t\t\t\t\t\t<div class=\"elementor-element elementor-element-60e9cf41 elementor-widget elementor-widget-text-editor\" data-id=\"60e9cf41\" data-element_type=\"widget\" data-widget_type=\"text-editor.default\">\n\t\t\t\t<div class=\"elementor-widget-container\">\n\t\t\t\t\t\t\t\t<p class=\"x_MsoNormal\"><strong>MEGANOTICIAS.CL\u00a0<\/strong><\/p><p class=\"x_MsoNormal\"><a href=\"https:\/\/www.meganoticias.cl\/calidad-de-vida\/371757-equipo-cientifico-de-sofia-con-estudiantes-de-chile.html\">D\u00eda de la Astronom\u00eda 2022: equipo cient\u00edfico de SOFIA conversa con estudiantes de Chile. Se menciona a American Academy of Science and Technology.\u00a0<\/a><\/p><p class=\"x_MsoNormal\">\u00a0<\/p><p class=\"x_MsoNormal\"><strong>DIARIOTALCA.CL\u00a0<\/strong><\/p><p class=\"x_MsoNormal\"><a href=\"https:\/\/diariotalca.cl\/estudiantes-maulinos-podran-compartir-con-tripulantes-de-la-nasa\/\">Estudiantes maulinos podr\u00e1n compartir con tripulantes de la NASA. Se refiere Gonzalo Arenas, director de Relaciones Internacionales.\u00a0<\/a><\/p><p class=\"x_MsoNormal\">\u00a0<\/p><p class=\"x_MsoNormal\"><strong>DIARIOTALCA.CL\u00a0<\/strong><\/p><p class=\"x_MsoNormal\"><a href=\"https:\/\/diariotalca.cl\/destacan-llamado-a-vacunarse-ante-exposicion-a-virus-de-invierno\/\">Destacan llamado a vacunarse ante exposici\u00f3n a virus de invierno. Se refiere Marcelo Alarc\u00f3n, acad\u00e9mico del Departamento de Bioqu\u00edmica Cl\u00ednica e Inmunohematolog\u00eda.\u00a0<\/a><\/p><p class=\"x_MsoNormal\">\u00a0<\/p><p class=\"x_MsoNormal\"><strong>DIARIOELHERALDO.CL\u00a0<\/strong><\/p><p class=\"x_MsoNormal\"><a href=\"http:\/\/www.diarioelheraldo.cl\/noticia\/llaman-a-vacunarse-ante-aumento-de-casos-de-virus-estacionales-\">Llaman a vacunarse ante aumento de casos de virus estacionales. Se refiere Marcelo Alarc\u00f3n, acad\u00e9mico del Departamento de Bioqu\u00edmica Cl\u00ednica e Inmunohematolog\u00eda.\u00a0<\/a><\/p><p class=\"x_MsoNormal\">\u00a0<\/p><p class=\"x_MsoNormal\"><strong>TVMAULE.CL\u00a0<\/strong><\/p><p class=\"x_MsoNormal\"><a href=\"https:\/\/www.tvmaule.cl\/debido-a-aumento-de-virus-estacionales-llaman-a-vacunarse-contra-la-influenza\/\">Debido a aumento de virus estacionales llaman a vacunarse contra la influenza. Se refiere Marcelo Alarc\u00f3n, acad\u00e9mico del Departamento de Bioqu\u00edmica Cl\u00ednica e Inmunohematolog\u00eda.\u00a0<\/a><\/p><p class=\"x_MsoNormal\" aria-hidden=\"true\">\u00a0<\/p><p class=\"x_MsoNormal\"><strong>G5NOTICIAS.CL\u00a0<\/strong><\/p><p class=\"x_MsoNormal\"><a href=\"https:\/\/g5noticias.cl\/2022\/03\/25\/llaman-a-vacunarse-ante-aumento-de-casos-de-virus-estacionales\/\">Llaman a vacunarse ante aumento de casos de virus estacionales. Se refiere Marcelo Alarc\u00f3n, acad\u00e9mico del Departamento de Bioqu\u00edmica Cl\u00ednica e Inmunohematolog\u00eda.\u00a0<\/a><\/p><p class=\"x_MsoNormal\" aria-hidden=\"true\">\u00a0<\/p><p class=\"x_MsoNormal\"><strong>CENTROSURNOTICIAS.CL\u00a0<\/strong><\/p><p class=\"x_MsoNormal\"><a href=\"https:\/\/centrosurnoticias.cl\/llaman-a-vacunarse-ante-aumento-de-casos-de-virus-estacionales\/\">Llaman a vacunarse ante aumento de casos de virus estacionales. Se refiere Marcelo Alarc\u00f3n, acad\u00e9mico del Departamento de Bioqu\u00edmica Cl\u00ednica e Inmunohematolog\u00eda.\u00a0<\/a><\/p><p class=\"x_MsoNormal\" aria-hidden=\"true\">\u00a0<\/p><p class=\"x_MsoNormal\"><strong>RADIOMAGALLANES.CL\u00a0<\/strong><\/p><p class=\"x_MsoNormal\"><a href=\"https:\/\/www.radiomagallanes.cl\/noticia.php?id_not=100489\">Llaman a vacunarse ante aumento de casos de virus estacionales. Se refiere Marcelo Alarc\u00f3n, acad\u00e9mico del Departamento de Bioqu\u00edmica Cl\u00ednica e Inmunohematolog\u00eda.\u00a0<\/a><\/p><p class=\"x_MsoNormal\" aria-hidden=\"true\">\u00a0<\/p><p class=\"x_MsoNormal\"><strong>SEPTIMAPAGINANOTICIAS.CL\u00a0<\/strong><\/p><p class=\"x_MsoNormal\"><a href=\"https:\/\/www.septimapaginanoticias.cl\/llaman-a-vacunarse-ante-aumento-de-casos-de-virus-estacionales\">Llaman a vacunarse ante aumento de casos de virus estacionales. Se refiere Marcelo Alarc\u00f3n, acad\u00e9mico del Departamento de Bioqu\u00edmica Cl\u00ednica e Inmunohematolog\u00eda.\u00a0<\/a><\/p><p class=\"x_MsoNormal\" aria-hidden=\"true\">\u00a0<\/p><p class=\"x_MsoNormal\"><strong>DIARIOSUSTENTABLE.COM\u00a0<\/strong><\/p><p class=\"x_MsoNormal\"><a href=\"https:\/\/www.diariosustentable.com\/2022\/03\/investigador-de-la-universidad-de-talca-trabaja-en-nuevas-terapias-antibacterianas\/\">Investigador de la Universidad de Talca trabaja en nuevas terapias antibacterianas. Se refiere Esteban Dur\u00e1n, acad\u00e9mico de la Facultad de Ciencias de la Salud.\u00a0<\/a><\/p><p class=\"x_MsoNormal\">\u00a0<\/p><p class=\"x_MsoNormal\"><strong>EL MERCURIO\u00a0<\/strong><\/p><p class=\"x_MsoNormal\"><a href=\"https:\/\/www.litoralpress.cl\/paginaconsultas\/Servicios_NClip\/Get_Imagen_Nota.aspx?LPKey=2EXPXTF37XGCV5N2TIYMJYPA4CFLRYNL7AE6FUX5G2N4S7RBYHGVWO45UCHCEULKBTDLKNE7QNQ7I\">El debate sobre la extensi\u00f3n de las constituciones: \u00bfTexto chileno podr\u00eda quedar entre los m\u00e1s largos? Se refiere Mar\u00eda Ignacia Sandoval, acad\u00e9mica del Centro de Estudios Constitucionales de Chile (CECOCH),\u00a0<\/a><\/p><p class=\"x_MsoNormal\">\u00a0<\/p><p class=\"x_MsoNormal\"><strong>RADIO COOPERATIVA\u00a0<\/strong><\/p><p class=\"x_MsoNormal\"><a href=\"https:\/\/www.litoralpress.cl\/sitio\/RadioTV_Detalles.cshtml?LPKey=7DPWPF3RHLPMGDYS5ZPX3HIE6J5AXCAARMBDZT67DT34XRB2Q53A\">Panel sobre las prioridades del Gobierno con la reforma tributaria. Se refiere Andr\u00e9s Palma, acad\u00e9mico de la Facultad de Econom\u00eda y Negocios (FEN).\u00a0<\/a><\/p><p class=\"x_MsoNormal\">\u00a0<\/p><p class=\"x_MsoNormal\"><strong>BIOB\u00cdOCHILE.CL\u00a0<\/strong><\/p><p class=\"x_MsoNormal\"><a href=\"https:\/\/www.biobiochile.cl\/noticias\/nacional\/region-de-valparaiso\/2022\/03\/24\/apunalan-en-paradero-a-estudiante-de-liceo-industrial-de-valparaiso-agresor-seria-su-companero.shtml\">Apu\u00f1alan en paradero a estudiante de Liceo Industrial de Valpara\u00edso: agresor ser\u00eda su compa\u00f1ero.\u00a0Se refiere Carolina Iturra, acad\u00e9mica de la Facultad de Psicolog\u00eda.\u00a0<\/a><\/p><p class=\"x_MsoNormal\">\u00a0<\/p><p class=\"x_MsoNormal\"><strong>MARAY.CL\u00a0<\/strong><\/p><p class=\"x_MsoNormal\"><a href=\"https:\/\/www.maray.cl\/2022\/03\/24\/apunalan-en-paradero-a-estudiante-de-liceo-industrial-de-valparaiso-agresor-seria-su-companero\/\">Apu\u00f1alan en paradero a estudiante de Liceo Industrial de Valpara\u00edso: agresor ser\u00eda su compa\u00f1ero. Se refiere Carolina Iturra, acad\u00e9mica de la Facultad de Psicolog\u00eda.\u00a0<\/a><\/p><p class=\"x_MsoNormal\">\u00a0<\/p><p class=\"x_MsoNormal\"><strong>CANAL CONTIVISI\u00d3N\u00a0<\/strong><\/p><p class=\"x_MsoNormal\"><a href=\"https:\/\/www.litoralpress.cl\/sitio\/RadioTV_Detalles.cshtml?LPKey=TC46MBC5RKDN3WN5RMBWH62PSBZRH7HYBITBJ536AVNKM7ORA4XQ\">Explican posibles razones de situaciones de violencia en establecimientos educacionales. Se refiere Carolina Iturra, acad\u00e9mica de la Facultad de Psicolog\u00eda.\u00a0<\/a><\/p><p class=\"x_MsoNormal\">\u00a0<\/p><p class=\"x_MsoNormal\"><strong>CANAL TV5 \u00a0<\/strong><\/p><p class=\"x_MsoNormal\"><a href=\"https:\/\/www.litoralpress.cl\/sitio\/RadioTV_Detalles.cshtml?LPKey=RN45O3GYVJ6K52BSMKH3VSJWYR4DPMKL5E7CGTRIPTNLOKYTX5XA\">Fen\u00f3meno de la violencia escolar. Se refiere Carolina Iturra, acad\u00e9mica de la Facultad de Psicolog\u00eda. \u00a0<\/a><\/p><p class=\"x_MsoNormal\">\u00a0<\/p><p class=\"x_MsoNormal\"><strong>LATERCERA.COM\u00a0<\/strong><\/p><p class=\"x_MsoNormal\"><a href=\"https:\/\/www.latercera.com\/practico\/noticia\/racionamiento-de-agua-consejos-y-productos-para-un-consumo-mas-eficiente-en-el-hogar\/AYRVZFPFCJCYLM4LXIS2AGSHGA\/\">Racionamiento de agua: consejos y productos para un consumo m\u00e1s eficiente en el hogar. Se refiere Daniel Mora, acad\u00e9mico de la Facultad de Ingenier\u00eda. \u00a0<\/a><\/p><p class=\"x_MsoNormal\">\u00a0<\/p><p class=\"x_MsoNormal\"><strong>RADIO DE CARABINEROS\u00a0<\/strong><\/p><p class=\"x_MsoNormal\"><a href=\"https:\/\/www.litoralpress.cl\/sitio\/RadioTV_Detalles.cshtml?LPKey=USDZJNHBWCOCVOPWADND4X3FUWPVRA76OGLPP663NSOUP2POAVQA\">Entrevista a Daniel Mora, acad\u00e9mico de la Facultad de Ingenier\u00eda. \u00a0<\/a><\/p><p class=\"x_MsoNormal\">\u00a0<\/p><p class=\"x_MsoNormal\"><strong>ATENTOSCHILE.CL\u00a0<\/strong><\/p><p class=\"x_MsoNormal\"><a href=\"https:\/\/www.litoralpress.cl\/sitio\/RadioTV_Detalles.cshtml?LPKey=EKLHRZQHKVFMP4ELCO4EQMV4OJ6YWU4JZJQBK5QERWKWONABLQGA\">Entrevista a Mar\u00eda Luisa del Campo, directora del Centro Tecnol\u00f3gico Kipus.\u00a0<\/a><\/p><p class=\"x_MsoNormal\">\u00a0<\/p><p class=\"x_MsoNormal\"><strong>RADIO MARISOL\u00a0<\/strong><\/p><p class=\"x_MsoNormal\"><a href=\"https:\/\/www.litoralpress.cl\/sitio\/RadioTV_Detalles.cshtml?LPKey=JAIRLL5ZO5BIGZUWHGPRROSU7VVRT53XI4USA5GAL25L2C4AQYCA\">Entrevista a Mar\u00eda Luisa del Campo, directora del Centro Tecnol\u00f3gico Kipus.\u00a0<\/a><\/p><p class=\"x_MsoNormal\">\u00a0<\/p><p class=\"x_MsoNormal\"><strong>ELMAULEINFORMA.CL\u00a0<\/strong><\/p><p class=\"x_MsoNormal\"><a href=\"https:\/\/elmauleinforma.cl\/especialista-recomienda-frente-a-los-tacos-vehiculares-lo-principal-es-la-aceptacion\/\">Especialista recomienda: \u201cFrente a los tacos vehiculares, lo principal es la aceptaci\u00f3n\u201d. Se refiere Emilio Moyano, acad\u00e9mico de la Facultad de Psicolog\u00eda.\u00a0<\/a><\/p><p class=\"x_MsoNormal\">\u00a0<\/p><p class=\"x_MsoNormal\"><strong>G5NOTICIAS.CL\u00a0<\/strong><\/p><p class=\"x_MsoNormal\"><a href=\"https:\/\/g5noticias.cl\/2022\/03\/24\/especialista-recomienda-frente-a-los-tacos-vehiculares-lo-principal-es-la-aceptacion\/\">Especialista recomienda: \u201cFrente a los tacos vehiculares, lo principal es la aceptaci\u00f3n\u201d. Se refiere Emilio Moyano, acad\u00e9mico de la Facultad de Psicolog\u00eda.\u00a0<\/a><\/p><p class=\"x_MsoNormal\">\u00a0<\/p><p class=\"x_MsoNormal\"><strong>CANAL 24 HORAS\u00a0<\/strong><\/p><p class=\"x_MsoNormal\"><a href=\"https:\/\/www.litoralpress.cl\/sitio\/RadioTV_Detalles.cshtml?LPKey=OETMURVBQE35TDT624WRPPKW357BUNEAZ2CLJ5FO3RCEBDRK4OTQ\">Talca: Crisis por escasez h\u00eddrica reflota en D\u00eda del Agua. Se refieren Patricio Gonz\u00e1lez, acad\u00e9mico del Centro de Investigaci\u00f3n y Transferencia en Riego y Agroclimatolog\u00eda (CITRA) y Roberto Jara, acad\u00e9mico de la Facultad de Ciencias Agrarias.\u00a0<\/a><\/p><p class=\"x_MsoNormal\">\u00a0<\/p><p class=\"x_MsoNormal\"><strong>CANAL TV5\u00a0<\/strong><\/p><p class=\"x_MsoNormal\"><a href=\"https:\/\/www.litoralpress.cl\/sitio\/RadioTV_Detalles.cshtml?LPKey=QJA32D75PKHG2NYIAEBKDHESMFIQYEG5HYW3F5E46JY2XLKGCKJA\">Problemas con el recurso agua. Se refiere Patricio Gonz\u00e1lez, acad\u00e9mico del Centro de Investigaci\u00f3n y Transferencia en Riego y Agroclimatolog\u00eda (CITRA).\u00a0<\/a><\/p><p class=\"x_MsoNormal\">\u00a0<\/p><p class=\"x_MsoNormal\"><strong>CANAL TVR\u00a0<\/strong><\/p><p class=\"x_MsoNormal\"><a href=\"https:\/\/www.litoralpress.cl\/sitio\/RadioTV_Detalles.cshtml?LPKey=O4RXETZJDIQZVNFVVBS35MHHSWJP7KE7MUIPVQH6IZZMTIEHU2XQ\">Fuerte sequ\u00eda en la regi\u00f3n del Maule. Se refiere Patricio Gonz\u00e1lez, acad\u00e9mico del Centro de Investigaci\u00f3n y Transferencia en Riego y Agroclimatolog\u00eda (CITRA).\u00a0<\/a><\/p><p class=\"x_MsoNormal\">\u00a0<\/p><p class=\"x_MsoNormal\"><strong>CANAL 24 HORAS\u00a0<\/strong><\/p><p class=\"x_MsoNormal\"><a href=\"https:\/\/www.litoralpress.cl\/sitio\/RadioTV_Detalles.cshtml?LPKey=QOTUSAQAA5VHYWVDVJOKNQZI4WN4BJMCFYAW42HN2E4MIGSJZ5SQ\">Estudio sobre crisis h\u00eddrica en la regi\u00f3n de Coquimbo. Se refiere Roberto Pizarro, acad\u00e9mico de la Escuela de Ingenier\u00eda Forestal. \u00a0<\/a><\/p><p class=\"x_MsoNormal\">\u00a0<\/p><p class=\"x_MsoNormal\"><strong>24HORAS.CL\u00a0<\/strong><\/p><p class=\"x_MsoNormal\"><a href=\"https:\/\/www.24horas.cl\/programas\/entrevistas\/experto-por-sequia-en-coquimbo-mientras-nuestro-ecosistema-tenga-salud-nos-va-a-entregar-agua-5234548\">Experto por sequ\u00eda en Coquimbo: &#8220;Mientras nuestro ecosistema tenga salud, nos va a entregar agua&#8221;. Se refiere Roberto Pizarro, acad\u00e9mico de la Escuela de Ingenier\u00eda Forestal.\u00a0<\/a><\/p><p class=\"x_MsoNormal\">\u00a0<\/p><p class=\"x_MsoNormal\"><strong>DIARIOUSACH.CL\u00a0<\/strong><\/p><p class=\"x_MsoNormal\"><a href=\"https:\/\/diariousach.cl\/experto-utal-y-escasez-hidrica-en-chile-tenemos-acoplado-crecimiento\">Experto UTalca y escasez h\u00eddrica en Chile: \u201cTenemos acoplado crecimiento econ\u00f3mico con consumo de agua, olvidando que es un recurso finito, vulnerable\u201d. Se refiere Roberto Pizarro, acad\u00e9mico de la Escuela de Ingenier\u00eda Forestal. \u00a0<\/a><\/p><p class=\"x_MsoNormal\">\u00a0<\/p><p class=\"x_MsoNormal\"><strong>FUTURO360.COM\u00a0<\/strong><\/p><p class=\"x_MsoNormal\"><a href=\"https:\/\/www.futuro360.com\/desafiotierra\/coquimbo-sequia-region-sobreconsumo_20220324\/\">Las actividades econ\u00f3micas estar\u00edan relacionadas a la sequ\u00eda h\u00eddrica de la regi\u00f3n de Coquimbo.\u00a0Se refiere Roberto Pizarro, acad\u00e9mico de la Escuela de Ingenier\u00eda Forestal.\u00a0<\/a><\/p><p class=\"x_MsoNormal\">\u00a0<\/p><p class=\"x_MsoNormal\"><strong>RADIO INFINITA\u00a0<\/strong><\/p><p class=\"x_MsoNormal\"><a href=\"https:\/\/www.litoralpress.cl\/sitio\/RadioTV_Detalles.cshtml?LPKey=NKSCWDAUKYKHBWNVMUM5EDFNHVKCVBC2K74QXU7OULAYZGRO6CXA\">Comentario de pol\u00edtica con Mauricio Morales, director del Centro de An\u00e1lisis Pol\u00edtico (CAP).\u00a0<\/a><\/p><p class=\"x_MsoNormal\">\u00a0<\/p><p class=\"x_MsoNormal\"><strong>RADIO DUNA\u00a0<\/strong><\/p><p class=\"x_MsoNormal\"><a href=\"https:\/\/www.litoralpress.cl\/sitio\/RadioTV_Detalles.cshtml?LPKey=UAIBBKZC5JEKZ5SQBTYSL3YZHTWSZPD4WLLHHEJHFM2EB7BRXLXA\">Santiago Adictos entrevista al arquitecto Pablo Altikes. Se menciona a la Escuela de Arquitectura.\u00a0<\/a><\/p><p class=\"x_MsoNormal\">\u00a0<\/p><p class=\"x_MsoNormal\"><strong>DIARIO FINANCIERO\u00a0<\/strong><\/p><p class=\"x_MsoNormal\"><a href=\"https:\/\/www.litoralpress.cl\/paginaconsultas\/Servicios_NClip\/Get_Imagen_Nota.aspx?LPKey=CLAYP3PWIGYI3ZHQZSIIQ7P2ZDEO3XZ6RPJL4GG6PK3W3CIYRIWJHKD7MCTO2F3EGYKTR27KKDYQS\">Startup crea un sustituto del film pl\u00e1stico a base de textiles con cera de abejas. Se menciona a la UTalca.\u00a0<\/a><\/p><p class=\"x_MsoNormal\">\u00a0<\/p><p class=\"x_MsoNormal\"><strong>DF.CL\u00a0<\/strong><\/p><p class=\"x_MsoNormal\"><a href=\"https:\/\/www.df.cl\/noticias\/df-lab\/sostenibilidad\/startup-crea-un-sustituto-del-film-plastico-a-base-de-textiles-con-cera\/2022-03-24\/193254.html\">Startup crea un sustituto del film pl\u00e1stico a base de textiles con cera de abejas. Se menciona a la UTalca.\u00a0<\/a><\/p><p class=\"x_MsoNormal\">\u00a0<\/p><p class=\"x_MsoNormal\"><strong>CENTRALWEB.CL\u00a0<\/strong><\/p><p class=\"x_MsoNormal\"><a href=\"https:\/\/www.centralweb.cl\/este-dia-mundial-del-queso-conoce-las-mejores-opciones-para-disfrutar-de-un-rico-aperitivo\/\">Este D\u00eda Mundial del Queso conoce las mejores opciones para disfrutar de un rico aperitivo. Se menciona a la UTalca\u00a0<\/a><\/p><p class=\"x_MsoNormal\">\u00a0<\/p>\t\t\t\t\t\t<\/div>\n\t\t\t\t<\/div>\n\t\t\t\t\t<\/div>\n\t\t<\/div>\n\t\t\t\t\t\t\t<\/div>\n\t\t<\/section>\n\t\t\t\t\t\t<\/div>\n\t\t\t\t\t<\/div>\n\t\t","protected":false},"excerpt":{"rendered":"<p>MEGANOTICIAS.CL\u00a0 D\u00eda de la Astronom\u00eda 2022: equipo cient\u00edfico de SOFIA conversa con estudiantes de Chile. Se menciona a American Academy of Science and Technology.\u00a0 \u00a0 DIARIOTALCA.CL\u00a0 Estudiantes maulinos podr\u00e1n compartir con tripulantes de la NASA. Se refiere Gonzalo Arenas, director de Relaciones Internacionales.\u00a0 \u00a0 DIARIOTALCA.CL\u00a0 Destacan llamado a vacunarse ante exposici\u00f3n a virus de invierno. &hellip;<\/p>\n<p class=\"read-more\"> <a class=\"\" href=\"https:\/\/www.reportedeprensa.utalca.cl\/?p=3457\"> <span class=\"screen-reader-text\">25 de marzo de 2022<\/span> Read More &raquo;<\/a><\/p>\n","protected":false},"author":1,"featured_media":0,"comment_status":"closed","ping_status":"open","sticky":false,"template":"","format":"standard","meta":{"_monsterinsights_skip_tracking":false,"_monsterinsights_sitenote_active":false,"_monsterinsights_sitenote_note":"","_monsterinsights_sitenote_category":0},"categories":[19],"tags":[],"_links":{"self":[{"href":"https:\/\/www.reportedeprensa.utalca.cl\/index.php?rest_route=\/wp\/v2\/posts\/3457"}],"collection":[{"href":"https:\/\/www.reportedeprensa.utalca.cl\/index.php?rest_route=\/wp\/v2\/posts"}],"about":[{"href":"https:\/\/www.reportedeprensa.utalca.cl\/index.php?rest_route=\/wp\/v2\/types\/post"}],"author":[{"embeddable":true,"href":"https:\/\/www.reportedeprensa.utalca.cl\/index.php?rest_route=\/wp\/v2\/users\/1"}],"replies":[{"embeddable":true,"href":"https:\/\/www.reportedeprensa.utalca.cl\/index.php?rest_route=%2Fwp%2Fv2%2Fcomments&post=3457"}],"version-history":[{"count":4,"href":"https:\/\/www.reportedeprensa.utalca.cl\/index.php?rest_route=\/wp\/v2\/posts\/3457\/revisions"}],"predecessor-version":[{"id":3461,"href":"https:\/\/www.reportedeprensa.utalca.cl\/index.php?rest_route=\/wp\/v2\/posts\/3457\/revisions\/3461"}],"wp:attachment":[{"href":"https:\/\/www.reportedeprensa.utalca.cl\/index.php?rest_route=%2Fwp%2Fv2%2Fmedia&parent=3457"}],"wp:term":[{"taxonomy":"category","embeddable":true,"href":"https:\/\/www.reportedeprensa.utalca.cl\/index.php?rest_route=%2Fwp%2Fv2%2Fcategories&post=3457"},{"taxonomy":"post_tag","embeddable":true,"href":"https:\/\/www.reportedeprensa.utalca.cl\/index.php?rest_route=%2Fwp%2Fv2%2Ftags&post=3457"}],"curies":[{"name":"wp","href":"https:\/\/api.w.org\/{rel}","templated":true}]}}