{"id":3469,"date":"2022-03-28T09:36:30","date_gmt":"2022-03-28T12:36:30","guid":{"rendered":"https:\/\/www.reportedeprensa.utalca.cl\/?p=3469"},"modified":"2022-03-28T09:41:08","modified_gmt":"2022-03-28T12:41:08","slug":"28-de-marzo-de-2022","status":"publish","type":"post","link":"https:\/\/www.reportedeprensa.utalca.cl\/?p=3469","title":{"rendered":"28 de marzo de 2022"},"content":{"rendered":"\t\t<div data-elementor-type=\"wp-post\" data-elementor-id=\"3469\" class=\"elementor elementor-3469\" data-elementor-settings=\"[]\">\n\t\t\t\t\t\t\t<div class=\"elementor-section-wrap\">\n\t\t\t\t\t\t\t<section class=\"elementor-section elementor-top-section elementor-element elementor-element-551691d7 elementor-section-boxed elementor-section-height-default elementor-section-height-default\" data-id=\"551691d7\" data-element_type=\"section\">\n\t\t\t\t\t\t<div class=\"elementor-container elementor-column-gap-default\">\n\t\t\t\t\t<div class=\"elementor-column elementor-col-100 elementor-top-column elementor-element elementor-element-249cced\" data-id=\"249cced\" data-element_type=\"column\">\n\t\t\t<div class=\"elementor-widget-wrap elementor-element-populated\">\n\t\t\t\t\t\t\t\t<div class=\"elementor-element elementor-element-60e9cf41 elementor-widget elementor-widget-text-editor\" data-id=\"60e9cf41\" data-element_type=\"widget\" data-widget_type=\"text-editor.default\">\n\t\t\t\t<div class=\"elementor-widget-container\">\n\t\t\t\t\t\t\t\t<p class=\"x_MsoNormal\"><strong>DIARIO LA PRENSA\u00a0<\/strong><\/p><p class=\"x_MsoNormal\"><a href=\"https:\/\/www.litoralpress.cl\/paginaconsultas\/Servicios_NClip\/Get_Imagen_Nota.aspx?LPKey=E7EL4BYFCIO74UMA2XEOSJ6WP65HENE23LC7W4JY2GT5345ATMLWTRTRFS6XT5JX6VQ774SJRE6KO\">Universidad de Talca entregar\u00e1 propuestas de la comunidad a la Convenci\u00f3n Constitucional. Se refieren Rodrigo Palomo, decano de la Facultad de Ciencias Jur\u00eddicas y Sociales y Osvaldo Henr\u00edquez, acad\u00e9mico de la Escuela de Administraci\u00f3n P\u00fablica.\u00a0<\/a><\/p><p class=\"x_MsoNormal\">\u00a0<\/p><p class=\"x_MsoNormal\"><strong>DIARIOLAPRENSA.CL\u00a0<\/strong><\/p><p class=\"x_MsoNormal\"><a href=\"https:\/\/new.diariolaprensa.cl\/index.php\/2022\/03\/27\/universidad-de-talca-entregara-propuestas-de-la-comunidad-a-la-convencion-constitucional\/\">Universidad de Talca entregar\u00e1 propuestas de la comunidad a la Convenci\u00f3n Constitucional. Se refieren Rodrigo Palomo, decano de la Facultad de Ciencias Jur\u00eddicas y Sociales y Osvaldo Henr\u00edquez, acad\u00e9mico de la Escuela de Administraci\u00f3n P\u00fablica.\u00a0<\/a><\/p><p class=\"x_MsoNormal\">\u00a0<\/p><p class=\"x_MsoNormal\"><strong>DIARIO EL HERALDO\u00a0<\/strong><\/p><p class=\"x_MsoNormal\"><a href=\"https:\/\/www.litoralpress.cl\/paginaconsultas\/Servicios_NClip\/Get_Imagen_Nota.aspx?LPKey=5DKK2HC3AT6K6HE3YBWUXLNKVNRLXBCS3RNIZUWFDD3R66CGS6R6I2XGVRNSKP4BMGZ5ITINUI6UY\">UTalca entregar\u00e1 propuestas de la comunidad sobre Descentralizaci\u00f3n a Convenci\u00f3n Constitucional. Se refiere Rodrigo Palomo, decano de la Facultad de Ciencias Jur\u00eddicas y Sociales.<\/a><\/p><p class=\"x_MsoNormal\">\u00a0<\/p><p class=\"x_MsoNormal\"><strong>DIARIOELHERALDO.CL\u00a0<\/strong><\/p><p class=\"x_MsoNormal\"><a href=\"http:\/\/www.diarioelheraldo.cl\/noticia\/utalca-entregara-propuestas-de-la-comunidad-sobre-descentralizacion-a-convencion-constitucional\">UTalca entregar\u00e1 propuestas de la comunidad sobre Descentralizaci\u00f3n a Convenci\u00f3n Constitucional. Se refiere Rodrigo Palomo, decano de la Facultad de Ciencias Jur\u00eddicas y Sociales.<\/a><\/p><p class=\"x_MsoNormal\" aria-hidden=\"true\">\u00a0<\/p><p class=\"x_MsoNormal\"><strong>EL MERCURIO\u00a0<\/strong><\/p><p class=\"x_MsoNormal\"><a href=\"https:\/\/www.litoralpress.cl\/paginaconsultas\/Servicios_NClip\/Get_Imagen_Nota.aspx?LPKey=A3WRBAAXVSTU7NVX353OJ2CSYGZMUCY7224OWWG6HZQQQXK2PEHQC6O72KKKAIG6E3HTSTZFQPNHG\">Trastorno de espectro autista y educaci\u00f3n: \u00bfc\u00f3mo se ha ido avanzando y qu\u00e9 sigue pendiente? Mauricio V\u00e9liz, director de la Escuela de Pedagog\u00edas en Ingl\u00e9s.\u00a0<\/a><\/p><p class=\"x_MsoNormal\">\u00a0<\/p><p class=\"x_MsoNormal\"><strong>DIARIO LA PRENSA\u00a0<\/strong><\/p><p class=\"x_MsoNormal\"><a href=\"https:\/\/www.litoralpress.cl\/paginaconsultas\/Servicios_NClip\/Get_Imagen_Nota.aspx?LPKey=M5VDGLDFJZOQEPGUWNIOLDBSUBT3HUFRRF6VSXPWFZ622IOVAMCUZYXWA3YHDTQWKTIRXM3X4SONO\">Universidad de Talca realiza ciclo de actividades en conjunto con la NASA.\u00a0Se refiere Gonzalo Arenas, director de Relaciones Internacionales.\u00a0<\/a><\/p><p class=\"x_MsoNormal\">\u00a0<\/p><p class=\"x_MsoNormal\"><strong>REVISTA ECOCIENCIAS.CL\u00a0<\/strong><\/p><p class=\"x_MsoNormal\"><a href=\"https:\/\/revistaecociencias.cl\/2022\/03\/25\/universidad-de-talca-inicio-ciclo-de-actividades-en-conjunto-con-la-nasa\/\">Universidad de Talca inici\u00f3 ciclo de actividades en conjunto con la NASA. Se refiere Gonzalo Arenas, director de Relaciones Internacionales.\u00a0<\/a><\/p><p class=\"x_MsoNormal\">\u00a0<\/p><p class=\"x_MsoNormal\"><strong>DIARIOLAPRENSA.CL\u00a0<\/strong><\/p><p class=\"x_MsoNormal\"><a href=\"https:\/\/new.diariolaprensa.cl\/index.php\/2022\/03\/26\/universidad-de-talca-realiza-ciclo-de-actividades-en-conjunto-con-la-nasa\/\">Universidad de Talca realiza ciclo de actividades en conjunto con la NASA. Se refiere Gonzalo Arenas, director de Relaciones Internacionales.\u00a0<\/a><\/p><p class=\"x_MsoNormal\">\u00a0<\/p><p class=\"x_MsoNormal\"><strong>DIARIO EL HERALDO\u00a0<\/strong><\/p><p class=\"x_MsoNormal\"><a href=\"https:\/\/www.litoralpress.cl\/paginaconsultas\/Servicios_NClip\/Get_Imagen_Nota.aspx?LPKey=UIP7KTKDXHO65C7DXHBRLBUVDAGZI6X7ZBY3CCXFTAO2OPM7BC2UNSJAOJEMC4KC53Y4UEAGAJJLA\">Llaman a vacunarse ante aumento de casos de virus estacionales. Se refiere Marcelo Alarc\u00f3n, acad\u00e9mico del Departamento de Bioqu\u00edmica Cl\u00ednica e Inmunohematolog\u00eda.\u00a0<\/a><\/p><p class=\"x_MsoNormal\">\u00a0<\/p><p class=\"x_MsoNormal\"><strong>DIARIO EL LECTOR\u00a0<\/strong><\/p><p class=\"x_MsoNormal\"><a href=\"https:\/\/www.litoralpress.cl\/paginaconsultas\/Servicios_NClip\/Get_Imagen_Nota.aspx?LPKey=SAXYTPEM7ZKHQH4ZDRNDU77HAYJOKQA3ESEGBC6CUCMDUGRYU27TLGIEGIP2ZJMWZNQPSKIPQHT76\">Llaman a vacunarse ante aumento de casos de virus estacionales. Se refiere Marcelo Alarc\u00f3n, acad\u00e9mico del Departamento de Bioqu\u00edmica Cl\u00ednica e Inmunohematolog\u00eda.\u00a0<\/a><\/p><p class=\"x_MsoNormal\">\u00a0<\/p><p class=\"x_MsoNormal\"><strong>DIARIO LA PRENSA AUSTRAL\u00a0<\/strong><\/p><p class=\"x_MsoNormal\"><a href=\"https:\/\/www.litoralpress.cl\/paginaconsultas\/Servicios_NClip\/Get_Imagen_Nota.aspx?LPKey=E4E32XNSPRHLSWULQM7AATR73OIIXP4XXIFARECQ4P5GGZITPU3XB56YXYKYIFUMCNSELTY2CGQ6G\">Llaman a vacunarse ante aumento de casos de virus estacionales. Se refiere Marcelo Alarc\u00f3n, acad\u00e9mico del Departamento de Bioqu\u00edmica Cl\u00ednica e Inmunohematolog\u00eda.\u00a0<\/a><\/p><p class=\"x_MsoNormal\">\u00a0<\/p><p class=\"x_MsoNormal\"><strong>ATENTOSCHILE.CL\u00a0<\/strong><\/p><p class=\"x_MsoNormal\"><a href=\"https:\/\/www.litoralpress.cl\/sitio\/RadioTV_Detalles.cshtml?LPKey=PTCKUCKALRRJHQOXNN5QWECXSB4AYRDZZDMSR4WVYBBIOATWUHTQ\">Entrevista a Marcelo Alarc\u00f3n, acad\u00e9mico del Departamento de Bioqu\u00edmica Cl\u00ednica e Inmunohematolog\u00eda.\u00a0<\/a><\/p><p class=\"x_MsoNormal\">\u00a0<\/p><p class=\"x_MsoNormal\"><strong>RADIO MARISOL\u00a0<\/strong><\/p><p class=\"x_MsoNormal\"><a href=\"https:\/\/www.litoralpress.cl\/sitio\/RadioTV_Detalles.cshtml?LPKey=NUKCEELJ6E6IAX7VF7S3VFWGWXYLYALL6K6HXEOWBKLN3SNOBE6A\">Entrevista a Marcelo Alarc\u00f3n, acad\u00e9mico del Departamento de Bioqu\u00edmica Cl\u00ednica e Inmunohematolog\u00eda.\u00a0<\/a><\/p><p class=\"x_MsoNormal\">\u00a0<\/p><p class=\"x_MsoNormal\"><strong>EMOL.COM\u00a0<\/strong><\/p><p class=\"x_MsoNormal\"><a href=\"https:\/\/www.emol.com\/noticias\/Economia\/2022\/03\/25\/1056032\/expertos-pymes-180-horas-laborales.html\">&#8220;Es un poco m\u00e1s atractiva&#8221;: Expertos y pymes analizan idea de Bergoeing de reducir la jornada laboral a 180 horas mensuales. Se refiere Rodrigo Palomo, decano de la Facultad de Ciencias Jur\u00eddicas y Sociales. \u00a0<\/a><\/p><p>\u00a0<\/p><p class=\"x_MsoNormal\"><strong>NOSTALGICA.CL\u00a0<\/strong><\/p><p class=\"x_MsoNormal\"><a href=\"https:\/\/www.nostalgica.cl\/es-un-poco-mas-atractiva-expertos-y-pymes-analizan-idea-de-bergoeing-de-reducir-la-jornada-laboral-a-180-horas-mensuales\/\">&#8220;Es un poco m\u00e1s atractiva&#8221;: Expertos y pymes analizan idea de Bergoeing de reducir la jornada laboral a 180 horas mensuales. Se refiere Rodrigo Palomo, decano de la Facultad de Ciencias Jur\u00eddicas y Sociales.\u00a0<\/a><\/p><p class=\"x_MsoNormal\" aria-hidden=\"true\">\u00a0<\/p><p class=\"x_MsoNormal\"><strong>LAS \u00daLTIMAS NOTICIAS\u00a0<\/strong><\/p><p class=\"x_MsoNormal\"><a href=\"https:\/\/www.litoralpress.cl\/paginaconsultas\/Servicios_NClip\/Get_Imagen_Nota.aspx?LPKey=LJ55YEP6TUKO26BQI6NHRQCANPY5IG5PQC7GBABATPU6KMXRPRCONZ2A5POZ4O3KEAX6RZEDHQOBK\">Hotel de bacterias: por qu\u00e9 su microondas puede terminar enferm\u00e1ndolo. Se refiere Ana Karin Peralta, director del Centro de Inocuidad Alimentaria.\u00a0<\/a><\/p><p>\u00a0<\/p><p class=\"x_MsoNormal\"><strong>THECLINIC.CL\u00a0<\/strong><\/p><p class=\"x_MsoNormal\"><a href=\"https:\/\/www.theclinic.cl\/2022\/03\/25\/banco-central-dilemas-convencion\/\/?utm_source=masvistos&amp;utm_medium=post&amp;utm_campaign=thc\">Los cinco dilemas de la Convenci\u00f3n sobre el futuro del Banco Central. Se refiere Andrea Bentancor, acad\u00e9mica de la Facultad de Econom\u00eda y Negocios (FEN).\u00a0<\/a><\/p><p class=\"x_MsoNormal\">\u00a0<\/p><p class=\"x_MsoNormal\"><strong>ELCIUDADANO.COM\u00a0<\/strong><\/p><p class=\"x_MsoNormal\"><a href=\"https:\/\/www.elciudadano.com\/chile\/cobros-por-servicios-de-streaming-abren-debate-sobre-fines-comerciales-versus-principios-legales\/03\/26\/\">Cobros por servicios de streaming abren debate sobre fines comerciales versus principios legales. Se refiere Alejandro Cataldo, acad\u00e9mico de la Facultad de Econom\u00eda y Negocios (FEN).\u00a0<\/a><\/p><p class=\"x_MsoNormal\">\u00a0<\/p><p class=\"x_MsoNormal\"><strong>DIARIO EL LECTOR\u00a0<\/strong><\/p><p class=\"x_MsoNormal\"><a href=\"https:\/\/www.litoralpress.cl\/sitio\/Prensa_Detalles.cshtml?LPKey=XFNTT24SHQG3Z3DBNW7OMZDZDHIMC4HAFL6J4QQ5XOI66CRSBXUQ\">Cobros por servicios de streaming abren debate sobre fines comerciales versus principios legales. Se refiere Alejandro Cataldo, acad\u00e9mico de la Facultad de Econom\u00eda y Negocios (FEN).\u00a0<\/a><\/p><p class=\"x_MsoNormal\">\u00a0<\/p><p class=\"x_MsoNormal\"><strong>LINARESENLINEA.CL\u00a0<\/strong><\/p><p class=\"x_MsoNormal\"><a href=\"https:\/\/www.linaresenlinea.cl\/2022\/03\/26\/cobros-por-servicios-de-streaming-abren-debate-sobre-fines-comerciales-versus-principios-legales\/\">Cobros por servicios de streaming abren debate sobre fines comerciales versus principios legales. Se refiere Alejandro Cataldo, acad\u00e9mico de la Facultad de Econom\u00eda y Negocios (FEN).\u00a0<\/a><\/p><p class=\"x_MsoNormal\">\u00a0<\/p><p class=\"x_MsoNormal\"><strong>CANAL CONTIVISI\u00d3N\u00a0<\/strong><\/p><p class=\"x_MsoNormal\"><a href=\"https:\/\/www.litoralpress.cl\/sitio\/RadioTV_Detalles.cshtml?LPKey=56WQNI45FENCYCGDORZEBNM4PCHL243DVC54VZOQ73LHRZQFEAYA\">Indignaci\u00f3n entre maulinos por fuerte alza del precio de la parafina. Se refiere Juan Andr\u00e9s Riquelme, acad\u00e9mico de la Facultad de Econom\u00eda y Negocios (FEN).\u00a0<\/a><\/p><p class=\"x_MsoNormal\">\u00a0<\/p><p class=\"x_MsoNormal\"><strong>RADIOPOLAR.COM\u00a0<\/strong><\/p><p class=\"x_MsoNormal\"><a href=\"https:\/\/radiopolar.com\/noticia_174622.html\">Explican posibles razones de situaciones de violencia en colegios. Se refieren Carolina Iturra, acad\u00e9mica de Psicolog\u00eda y Felipe Figueroa, psic\u00f3logo del programa PACE-UTalca.\u00a0<\/a><\/p><p class=\"x_MsoNormal\">\u00a0<\/p><p class=\"x_MsoNormal\"><strong>RADIO M\u00c1GICA\u00a0<\/strong><\/p><p class=\"x_MsoNormal\"><a href=\"https:\/\/www.litoralpress.cl\/sitio\/RadioTV_Detalles.cshtml?LPKey=EGB2XKBJORJJ2KYBUE64EABVDSWLQ3FOBEGIKQ6OGHYIP4MXQVMA\">Entrevista a Felipe Figueroa, psic\u00f3logo del programa PACE-UTalca.\u00a0<\/a><\/p><p class=\"x_MsoNormal\">\u00a0<\/p><p class=\"x_MsoNormal\"><strong>RADIO AMIGA\u00a0<\/strong><\/p><p class=\"x_MsoNormal\"><a href=\"https:\/\/www.litoralpress.cl\/sitio\/RadioTV_Detalles.cshtml?LPKey=PDSORJ2DFVF4FD2VUCS5PXTZJH2SWPDNEA6SVVWOBCNIWBC3HPNQ\">Entrevista a Felipe Figueroa, psic\u00f3logo del programa PACE-UTalca.\u00a0<\/a><\/p><p class=\"x_MsoNormal\">\u00a0<\/p><p class=\"x_MsoNormal\"><strong>CANAL TVR\u00a0<\/strong><\/p><p class=\"x_MsoNormal\"><a href=\"https:\/\/www.litoralpress.cl\/sitio\/RadioTV_Detalles.cshtml?LPKey=O4RXETZJDIQZVNFVVBS35MHHSWJP7KE7MUIPVQH6IZZMTIEHU2XQ\">Fuerte sequ\u00eda en la regi\u00f3n del Maule. Se refiere Patricio Gonz\u00e1lez, acad\u00e9mico del Centro de Investigaci\u00f3n y Transferencia en Riego y Agroclimatolog\u00eda (CITRA). \u00a0<\/a><\/p><p class=\"x_MsoNormal\">\u00a0\u00a0<\/p><p class=\"x_MsoNormal\"><strong>RADIO USACH\u00a0<\/strong><\/p><p class=\"x_MsoNormal\"><a href=\"https:\/\/www.litoralpress.cl\/sitio\/RadioTV_Detalles.cshtml?LPKey=XNXF22FSRTBIPKUJIGAPFTQEWQY7ZOQDDVFJQPQRMKRKJN7C5PUQ\">Entrevista a Roberto Pizarro, acad\u00e9mico de la Escuela de Ingenier\u00eda Forestal. \u00a0<\/a><\/p><p class=\"x_MsoNormal\">\u00a0<\/p><p class=\"x_MsoNormal\"><strong>DIARIO EL D\u00cdA\u00a0<\/strong><\/p><p class=\"x_MsoNormal\"><a href=\"https:\/\/www.litoralpress.cl\/paginaconsultas\/Servicios_NClip\/Get_Imagen_Nota.aspx?LPKey=FHVOE7D5TV2JEEZEZJTNZET4IX3OZS55G6KDSGCLOMV3UWJZ4APAH4ZORU4NS3FN6VENFNGTYFCYS\">Actores del agua plantean la urgencia de buscar fuentes alternativas. Se refiere Roberto Pizarro, acad\u00e9mico de la Escuela de Ingenier\u00eda Forestal.\u00a0<\/a><\/p><p class=\"x_MsoNormal\">\u00a0<\/p><p class=\"x_MsoNormal\"><strong>ELDINAMO.CL\u00a0<\/strong><\/p><p class=\"x_MsoNormal\"><a href=\"https:\/\/www.eldinamo.cl\/emprend\/ThinkAgro-Pymes-del-sector-fruticola-y-agroindustrial-del-Maule-reciben-apoyo-en-digitalizacion-y-automatizacion-de-procesos-20220325-0051.html\">ThinkAgro: Pymes del sector frut\u00edcola y agroindustrial del Maule reciben apoyo en digitalizaci\u00f3n y automatizaci\u00f3n de procesos. Se refiere Jos\u00e9 Antonio Reyes, acad\u00e9mico de la Facultad de Ingenier\u00eda. \u00a0<\/a><\/p><p class=\"x_MsoNormal\">\u00a0<\/p><p class=\"x_MsoNormal\"><strong>CANAL MEGA\u00a0<\/strong><\/p><p class=\"x_MsoNormal\"><a href=\"https:\/\/www.litoralpress.cl\/sitio\/RadioTV_Detalles.cshtml?LPKey=JWS4CQ3VCK22P5IEKWEE6QWFUIYF2HE67IUIU4UC5BNAMEWJZ72A\">La reinversi\u00f3n de los partidos pol\u00edticos en el renovado congreso. Se refiere Mauricio Morales, director del Centro de An\u00e1lisis Pol\u00edtico (CAP).\u00a0<\/a><\/p><p class=\"x_MsoNormal\">\u00a0<\/p><p class=\"x_MsoNormal\"><strong>RADIO INFINITA\u00a0<\/strong><\/p><p class=\"x_MsoNormal\"><a href=\"https:\/\/www.litoralpress.cl\/sitio\/RadioTV_Detalles.cshtml?LPKey=AFQ7PHQR6JGK6ZMHGMYKCM4QFOD3NNLR54JYALNJZBU3EURQCS2Q\">Comentario de pol\u00edtica de Mauricio Morales, director del Centro de An\u00e1lisis Pol\u00edtico (CAP).\u00a0<\/a><\/p><p class=\"x_MsoNormal\">\u00a0<\/p><p class=\"x_MsoNormal\"><strong>RADIO FUTURO\u00a0<\/strong><\/p><p class=\"x_MsoNormal\"><a href=\"https:\/\/www.litoralpress.cl\/sitio\/RadioTV_Detalles.cshtml?LPKey=KJX6PZNQV44DXWHGRB22DGQRGQYRI4Z5ADSUEEZDDSEMDXJNESHA\">Entrevista a Mauricio Morales, director del Centro de An\u00e1lisis Pol\u00edtico (CAP).\u00a0<\/a><\/p><p class=\"x_MsoNormal\">\u00a0<\/p><p class=\"x_MsoNormal\"><strong>FUTURO.CL\u00a0<\/strong><\/p><p class=\"x_MsoNormal\"><a href=\"https:\/\/www.futuro.cl\/2022\/03\/mauricio-morales-siches-como-ministra-del-interior-debe-ser-mas-cuidadosa-con-lo-que-declara\/\">\u201cSiches como ministra del Interior debe ser m\u00e1s cuidadosa con lo que declara\u201d. Se refiere Mauricio Morales, director del Centro de An\u00e1lisis Pol\u00edtico (CAP).\u00a0<\/a><\/p><p class=\"x_MsoNormal\">\u00a0<\/p><p class=\"x_MsoNormal\"><strong>RADIOAGRICULTURA.CL\u00a0<\/strong><\/p><p class=\"x_MsoNormal\"><a href=\"https:\/\/www.radioagricultura.cl\/elagro\/2022\/03\/25\/startup-crea-un-sustituto-del-film-plastico-a-base-de-textiles-con-cera-de-abejas.html\">Startup crea un sustituto del film pl\u00e1stico a base de textiles con cera de abejas. Se menciona a la UTalca.\u00a0<\/a><\/p><p class=\"x_MsoNormal\">\u00a0<\/p><p class=\"x_MsoNormal\"><strong>MAULEHOY.CL\u00a0<\/strong><\/p><p class=\"x_MsoNormal\"><a href=\"https:\/\/maulehoy.cl\/2022\/03\/26\/en-rehabilitacion-el-tema-medio-ambiental-incentiva-a-los-mas-jovenes-al-desarrollo-educativo\/\">En rehabilitaci\u00f3n: El tema medioambiental incentiva a los m\u00e1s j\u00f3venes al desarrollo educativo. Se menciona a la UTalca.\u00a0<\/a><\/p><p class=\"x_MsoNormal\">\u00a0<\/p><p class=\"x_MsoNormal\"><strong>CANAL TVN RED MAULE\u00a0<\/strong><\/p><p class=\"x_MsoNormal\"><a href=\"https:\/\/www.litoralpress.cl\/sitio\/RadioTV_Detalles.cshtml?LPKey=ABVG2RC3IBWKLCA5SJOQ4RPW6RFARLDW2AMWJQYCPM7OYLUQTUPQ\">Curic\u00f3: Este martes se inaugurar\u00e1 Exposici\u00f3n Mujeres Presentes. Se menciona al Centro de Extensi\u00f3n Curic\u00f3 de la UTalca.\u00a0<\/a><\/p><p class=\"x_MsoNormal\">\u00a0<\/p><p class=\"x_MsoNormal\"><strong>CANAL TVN RED MAULE\u00a0<\/strong><\/p><p class=\"x_MsoNormal\"><a href=\"https:\/\/www.litoralpress.cl\/sitio\/RadioTV_Detalles.cshtml?LPKey=M3NURFHZA5GV72FC6QMQVNBXZHY6N7ALWZOLEKMT3WKOZ74V3UQQ\">Comenz\u00f3 segunda versi\u00f3n de Ama. Se menciona a la UTalca.\u00a0<\/a><\/p><p class=\"x_MsoNormal\">\u00a0<\/p><p class=\"x_MsoNormal\"><strong>DIARIO EL SUR\u00a0<\/strong><\/p><p class=\"x_MsoNormal\"><a href=\"https:\/\/www.litoralpress.cl\/paginaconsultas\/Servicios_NClip\/Get_Imagen_Nota.aspx?LPKey=DCJTVG6ET2DWRYDPKDP2VYW33OO7C6FYFP7AYIB5HUHO4Q672KPCKIPWW25HDUK4EETTU7YTRJYQQ\">\u201cEs un nuevo comienzo, con m\u00e1s experiencia y serenidad\u201d. Se menciona a la UTalca.\u00a0<\/a><\/p><p class=\"x_MsoNormal\">\u00a0<\/p>\t\t\t\t\t\t<\/div>\n\t\t\t\t<\/div>\n\t\t\t\t\t<\/div>\n\t\t<\/div>\n\t\t\t\t\t\t\t<\/div>\n\t\t<\/section>\n\t\t\t\t\t\t<\/div>\n\t\t\t\t\t<\/div>\n\t\t","protected":false},"excerpt":{"rendered":"<p>DIARIO LA PRENSA\u00a0 Universidad de Talca entregar\u00e1 propuestas de la comunidad a la Convenci\u00f3n Constitucional. Se refieren Rodrigo Palomo, decano de la Facultad de Ciencias Jur\u00eddicas y Sociales y Osvaldo Henr\u00edquez, acad\u00e9mico de la Escuela de Administraci\u00f3n P\u00fablica.\u00a0 \u00a0 DIARIOLAPRENSA.CL\u00a0 Universidad de Talca entregar\u00e1 propuestas de la comunidad a la Convenci\u00f3n Constitucional. Se refieren Rodrigo &hellip;<\/p>\n<p class=\"read-more\"> <a class=\"\" href=\"https:\/\/www.reportedeprensa.utalca.cl\/?p=3469\"> <span class=\"screen-reader-text\">28 de marzo de 2022<\/span> Read More &raquo;<\/a><\/p>\n","protected":false},"author":1,"featured_media":0,"comment_status":"closed","ping_status":"open","sticky":false,"template":"","format":"standard","meta":{"_monsterinsights_skip_tracking":false,"_monsterinsights_sitenote_active":false,"_monsterinsights_sitenote_note":"","_monsterinsights_sitenote_category":0},"categories":[19],"tags":[],"_links":{"self":[{"href":"https:\/\/www.reportedeprensa.utalca.cl\/index.php?rest_route=\/wp\/v2\/posts\/3469"}],"collection":[{"href":"https:\/\/www.reportedeprensa.utalca.cl\/index.php?rest_route=\/wp\/v2\/posts"}],"about":[{"href":"https:\/\/www.reportedeprensa.utalca.cl\/index.php?rest_route=\/wp\/v2\/types\/post"}],"author":[{"embeddable":true,"href":"https:\/\/www.reportedeprensa.utalca.cl\/index.php?rest_route=\/wp\/v2\/users\/1"}],"replies":[{"embeddable":true,"href":"https:\/\/www.reportedeprensa.utalca.cl\/index.php?rest_route=%2Fwp%2Fv2%2Fcomments&post=3469"}],"version-history":[{"count":4,"href":"https:\/\/www.reportedeprensa.utalca.cl\/index.php?rest_route=\/wp\/v2\/posts\/3469\/revisions"}],"predecessor-version":[{"id":3473,"href":"https:\/\/www.reportedeprensa.utalca.cl\/index.php?rest_route=\/wp\/v2\/posts\/3469\/revisions\/3473"}],"wp:attachment":[{"href":"https:\/\/www.reportedeprensa.utalca.cl\/index.php?rest_route=%2Fwp%2Fv2%2Fmedia&parent=3469"}],"wp:term":[{"taxonomy":"category","embeddable":true,"href":"https:\/\/www.reportedeprensa.utalca.cl\/index.php?rest_route=%2Fwp%2Fv2%2Fcategories&post=3469"},{"taxonomy":"post_tag","embeddable":true,"href":"https:\/\/www.reportedeprensa.utalca.cl\/index.php?rest_route=%2Fwp%2Fv2%2Ftags&post=3469"}],"curies":[{"name":"wp","href":"https:\/\/api.w.org\/{rel}","templated":true}]}}