{"id":3484,"date":"2022-03-29T09:20:11","date_gmt":"2022-03-29T12:20:11","guid":{"rendered":"https:\/\/www.reportedeprensa.utalca.cl\/?p=3484"},"modified":"2022-03-29T09:23:09","modified_gmt":"2022-03-29T12:23:09","slug":"29-de-marzo-de-2022","status":"publish","type":"post","link":"https:\/\/www.reportedeprensa.utalca.cl\/?p=3484","title":{"rendered":"29 de marzo de 2022"},"content":{"rendered":"\t\t<div data-elementor-type=\"wp-post\" data-elementor-id=\"3484\" class=\"elementor elementor-3484\" data-elementor-settings=\"[]\">\n\t\t\t\t\t\t\t<div class=\"elementor-section-wrap\">\n\t\t\t\t\t\t\t<section class=\"elementor-section elementor-top-section elementor-element elementor-element-551691d7 elementor-section-boxed elementor-section-height-default elementor-section-height-default\" data-id=\"551691d7\" data-element_type=\"section\">\n\t\t\t\t\t\t<div class=\"elementor-container elementor-column-gap-default\">\n\t\t\t\t\t<div class=\"elementor-column elementor-col-100 elementor-top-column elementor-element elementor-element-249cced\" data-id=\"249cced\" data-element_type=\"column\">\n\t\t\t<div class=\"elementor-widget-wrap elementor-element-populated\">\n\t\t\t\t\t\t\t\t<div class=\"elementor-element elementor-element-60e9cf41 elementor-widget elementor-widget-text-editor\" data-id=\"60e9cf41\" data-element_type=\"widget\" data-widget_type=\"text-editor.default\">\n\t\t\t\t<div class=\"elementor-widget-container\">\n\t\t\t\t\t\t\t\t<p class=\"x_MsoNormal\"><strong>DIARIO TALCA\u00a0<\/strong><\/p><p class=\"x_MsoNormal\"><a href=\"https:\/\/www.litoralpress.cl\/paginaconsultas\/Servicios_NClip\/Get_Imagen_Nota.aspx?LPKey=U5EA2BOL2FIHICGRCVKZDF5FKLCTAYH36R266AGTIRAMWSPILEO5C6XU5JFXSK42YL4QXYQCPT4O4\">Masiva entrega de computadores port\u00e1tiles a estudiantes universitarios.\u00a0<\/a><\/p><p class=\"x_MsoNormal\">\u00a0<\/p><p class=\"x_MsoNormal\"><strong>CANAL CONTIVISI\u00d3N\u00a0<\/strong><\/p><p class=\"x_MsoNormal\"><a href=\"https:\/\/www.litoralpress.cl\/sitio\/RadioTV_Detalles.cshtml?LPKey=B2A4RPW6NE4CUDVUZQQRF3DHHGW5LRZISKKXKMNAOR5IJ4T7OLSQ\">UTalca desarroll\u00f3 encuentro para poner en valor el ambiente universitario presencial. \u00a0<\/a><\/p><p class=\"x_MsoNormal\">\u00a0<\/p><p class=\"x_MsoNormal\"><strong>CANAL CONTIVISION\u00a0<\/strong><\/p><p class=\"x_MsoNormal\"><a href=\"https:\/\/www.litoralpress.cl\/sitio\/RadioTV_Detalles.cshtml?LPKey=2KOHSVO3LQ4WWBMQ2KT5WADA4W56ZDXR3D5R4KONYUWZHOO5YDUQ\">Hasta el 30 de septiembre se prorrog\u00f3 la alerta sanitaria por Covid 19.\u00a0Se refiere Marcelo Alarc\u00f3n, acad\u00e9mico del Departamento de Bioqu\u00edmica e Inmunohematolog\u00eda.\u00a0<\/a><\/p><p class=\"x_MsoNormal\">\u00a0<\/p><p class=\"x_MsoNormal\"><strong>PUBLIMICRO.CL\u00a0<\/strong><\/p><p class=\"x_MsoNormal\"><a href=\"https:\/\/publimicro.cl\/marcelo-alarcon-experto-de-la-universidad-de-talca-llama-a-vacunarse-ante-presencia-de-virus-estacionales\/\">Experto de la Universidad de Talca llama a vacunarse ante presencia de virus estacionales. Se refiere Marcelo Alarc\u00f3n, acad\u00e9mico del Departamento de Bioqu\u00edmica e Inmunohematolog\u00eda. \u00a0<\/a><\/p><p class=\"x_MsoNormal\">\u00a0<\/p><p class=\"x_MsoNormal\"><strong>REVISTAECOCIENCIAS.CL\u00a0<\/strong><\/p><p class=\"x_MsoNormal\"><a href=\"https:\/\/revistaecociencias.cl\/2022\/03\/28\/exploran-un-mecanismo-para-evitar-metastasis-y-trombosis-en-cancer-de-mama\/\">Exploran un mecanismo para evitar met\u00e1stasis y trombosis en c\u00e1ncer de mama. Se refieren\u00a0Ramiro Araya-Maturana, acad\u00e9mico del Instituto de Qu\u00edmica de Recursos Naturales y Eduardo Fuentes, del Instituto de Ciencias Biol\u00f3gicas.\u00a0<\/a><\/p><p class=\"x_MsoNormal\">\u00a0<\/p><p class=\"x_MsoNormal\"><strong>ELMAULEINFORMA.CL\u00a0<\/strong><\/p><p class=\"x_MsoNormal\"><a href=\"https:\/\/elmauleinforma.cl\/efecto-de-la-pandemia-perdida-de-aprendizajes-en-estudiantes-es-de-15-anos\/\">Efecto de la pandemia: P\u00e9rdida de aprendizajes en estudiantes es de 1,5 a\u00f1os. Se refieren Ximena Colipan y Paula Verdugo, acad\u00e9micas de la Facultad de Ciencias de la Educaci\u00f3n.\u00a0<\/a><\/p><p class=\"x_MsoNormal\">\u00a0<\/p><p class=\"x_MsoNormal\"><strong>SEPTIMAPAGINANOTICIAS.CL\u00a0<\/strong><\/p><p class=\"x_MsoNormal\"><a href=\"https:\/\/www.septimapaginanoticias.cl\/efecto-de-la-pandemia-perdida-de-aprendizajes-en-estudiantes-es-de-15-anos\">Efecto de la pandemia: P\u00e9rdida de aprendizajes en estudiantes es de 1,5 a\u00f1os. Se refieren Ximena Colipan y Paula Verdugo, acad\u00e9micas de la Facultad de Ciencias de la Educaci\u00f3n.\u00a0<\/a><\/p><p class=\"x_MsoNormal\">\u00a0<\/p><p class=\"x_MsoNormal\"><strong>RADIOMAGALLANES.CL\u00a0<\/strong><\/p><p class=\"x_MsoNormal\"><a href=\"https:\/\/www.radiomagallanes.cl\/noticia.php?id_not=100529\">Efecto de la pandemia: P\u00e9rdida de aprendizajes en estudiantes es de 1,5 a\u00f1os. Se refieren Ximena Colipan y Paula Verdugo, acad\u00e9micas de la Facultad de Ciencias de la Educaci\u00f3n.\u00a0<\/a><\/p><p class=\"x_MsoNormal\">\u00a0<\/p><p class=\"x_MsoNormal\"><strong>MEGANOTICIAS.CL\u00a0<\/strong><\/p><p class=\"x_MsoNormal\"><a href=\"https:\/\/www.meganoticias.cl\/calidad-de-vida\/372111-como-limpiar-microondas-acumulacion-de-bacterias-28-03-2022.html\">&#8220;Se pueden desarrollar pat\u00f3genos&#8221;: Estos son los peligros de no limpiar tu microondas, seg\u00fan los expertos. Se refiere Ana Karina Peralta, directora del Centro de Inocuidad Alimentaria.\u00a0<\/a><\/p><p class=\"x_MsoNormal\">\u00a0<\/p><p class=\"x_MsoNormal\"><strong>EL MERCURIO\u00a0<\/strong><\/p><p class=\"x_MsoNormal\"><a href=\"https:\/\/www.litoralpress.cl\/paginaconsultas\/Servicios_NClip\/Get_Imagen_Nota.aspx?LPKey=4ISDAPAGXGLOT2WC2HO3M4SPSARD6O3QIC2LTXN7S4QT6WZ67MQHMBVWJUIBIUXOQZH4O4V62FAW6\">Mineduc entregar\u00e1 recursos para que colegios fortalezcan convivencia entre estudiantes. Se refiere Felipe Figueroa, psic\u00f3logo del programa PACE-UTalca.\u00a0<\/a><\/p><p class=\"x_MsoNormal\">\u00a0<\/p><p class=\"x_MsoNormal\"><strong>PUBLIMETRO\u00a0<\/strong><\/p><p class=\"x_MsoNormal\"><a href=\"https:\/\/www.litoralpress.cl\/paginaconsultas\/Servicios_NClip\/Get_Imagen_Nota.aspx?LPKey=RLPBM3NZYDSX5VBTVUSC4DZJV3CVHDMTI7WDTJJGGRX7EDLOO47BQEJD3UX2NNL3ZP47EH7D25NKE\">Violencia escolar: contra pares en el colegio y frente a la autoridad en las calles. Se refiere Felipe Figueroa, psic\u00f3logo del programa PACE-UTalca.\u00a0<\/a><\/p><p class=\"x_MsoNormal\">\u00a0<\/p><p class=\"x_MsoNormal\"><strong>DIARIO TALCA\u00a0<\/strong><\/p><p class=\"x_MsoNormal\"><a href=\"https:\/\/www.litoralpress.cl\/paginaconsultas\/Servicios_NClip\/Get_Imagen_Nota.aspx?LPKey=6D43OA43KE6MGHKDSANR7RKSJBYOWE6ZN7LGLODMSZWNCORHJ74UGU7EKUDVZNV2AOOPP62NAEZPI\">Violencia escolar: opinan tres expertos. Se refiere Carolina Iturra, acad\u00e9mica de la Facultad de Psicolog\u00eda. \u00a0<\/a><\/p><p class=\"x_MsoNormal\">\u00a0<\/p><p class=\"x_MsoNormal\"><strong>DIARIOTALCA.CL\u00a0<\/strong><\/p><p class=\"x_MsoNormal\"><a href=\"https:\/\/diariotalca.cl\/califican-de-riesgosa-la-reduccion-de-la-jornada-laboral-por-el-contexto-economico\/\">Califican de \u00abriesgosa\u00bb la reducci\u00f3n de la jornada laboral por el contexto econ\u00f3mico. Se refiere Rodrigo Herrera, decano de la Facultad de Econom\u00eda y Negocios (FEN).\u00a0<\/a><\/p><p class=\"x_MsoNormal\">\u00a0<\/p><p class=\"x_MsoNormal\"><strong>CANAL TV5 \u00a0<\/strong><\/p><p class=\"x_MsoNormal\"><a href=\"https:\/\/www.litoralpress.cl\/sitio\/RadioTV_Detalles.cshtml?LPKey=CJJMSU6BPTKFDE3NSZFVRP6IM4DMBVTC3D6ESCWXICMHROG6FBEQ\">Aumento en combustibles. Se refiere Juan Andr\u00e9s Riquelme, acad\u00e9mico de la Facultad de Econom\u00eda y Negocios (FEN).\u00a0<\/a><\/p><p class=\"x_MsoNormal\">\u00a0<\/p><p class=\"x_MsoNormal\"><strong>G5NOTICIAS.CL\u00a0<\/strong><\/p><p class=\"x_MsoNormal\"><a href=\"https:\/\/g5noticias.cl\/2022\/03\/28\/cobros-por-servicios-de-streaming-abren-debate-sobre-fines-comerciales-versus-principios-legales\/\">Cobros por servicios de streaming abren debate sobre fines comerciales versus principios legales. Se refiere Alejandro Cataldo, acad\u00e9mico de la Facultad de Econom\u00eda y Negocios (FEN),\u00a0<\/a><\/p><p class=\"x_MsoNormal\">\u00a0<\/p><p class=\"x_MsoNormal\"><strong>EMOL TV\u00a0<\/strong><\/p><p class=\"x_MsoNormal\"><a href=\"https:\/\/www.litoralpress.cl\/sitio\/RadioTV_Detalles.cshtml?LPKey=UAFAVWZ4WEK5NHHGUUKPV73ITQMZ2EBI4PGXUKL6T66Z2HFZZA2A\">Entrevista a Roberto Pizarro, acad\u00e9mico de la Escuela de Ingenier\u00eda Forestal. \u00a0<\/a><\/p><p class=\"x_MsoNormal\">\u00a0<\/p><p class=\"x_MsoNormal\"><strong>PUBLIMICRO.CL\u00a0<\/strong><\/p><p class=\"x_MsoNormal\"><a href=\"https:\/\/publimicro.cl\/estudio-de-universidad-de-talca-devela-que-el-15-de-la-poblacion-sufre-trastornos-del-sueno\/\">Estudio de Universidad de Talca, devela que el 15% de la poblaci\u00f3n sufre trastornos del sue\u00f1o. Se refiere Marcela Mar\u00edn, acad\u00e9mica de la Facultad de Ciencias de la Salud.\u00a0<\/a><\/p><p class=\"x_MsoNormal\">\u00a0<\/p><p class=\"x_MsoNormal\"><strong>ANDACOLLOCONECTADO.CL\u00a0<\/strong><\/p><p class=\"x_MsoNormal\"><a href=\"http:\/\/www.andacolloconectado.cl\/index.php\/pianista-andacollino-realiza-clase-abierta-a-nuevos-talentos-de-la-comuna\/\">Pianista andacollino realiza clase abierta a nuevos talentos de la comuna. Se refiere Herman Sapiains, acad\u00e9mico de la Escuela de M\u00fasica. \u00a0<\/a><\/p><p class=\"x_MsoNormal\">\u00a0<\/p><p class=\"x_MsoNormal\"><strong>CANAL MEGA\u00a0<\/strong><\/p><p class=\"x_MsoNormal\"><a href=\"https:\/\/www.litoralpress.cl\/sitio\/RadioTV_Detalles.cshtml?LPKey=VUH7HA5EJZXU7K3UUPWAJN3WQFX6SINWFZM35GACT7TFL6D3BIHA\">Convencionales buscan acuerdo de sistema pol\u00edtico para Chile. Se refiere Mauricio Morales, director del Centro de An\u00e1lisis Pol\u00edtico (CAP).\u00a0<\/a><\/p><p class=\"x_MsoNormal\">\u00a0<\/p><p class=\"x_MsoNormal\"><strong>RADIO INFINITA\u00a0<\/strong><\/p><p class=\"x_MsoNormal\"><a href=\"https:\/\/www.litoralpress.cl\/sitio\/RadioTV_Detalles.cshtml?LPKey=EOFOY44RTZ7OZOZZ4TQRWXYIU6KEEIUHEB3TPKTTGQ6C7EL5DZOA\">Comentario de pol\u00edtica de Mauricio Morales, director del Centro de An\u00e1lisis Pol\u00edtico (CAP).\u00a0<\/a><\/p><p class=\"x_MsoNormal\">\u00a0<\/p><p class=\"x_MsoNormal\"><strong>EL MERCURIO\u00a0<\/strong><\/p><p class=\"x_MsoNormal\"><a href=\"https:\/\/www.litoralpress.cl\/paginaconsultas\/Servicios_NClip\/Get_Imagen_Nota.aspx?LPKey=OUQ3WY2J2VHA5S6AH6RS7B5BKJD7IR7IXUW46GDND3GJRAHFVRGTP6K5WM2KPWRV64UUOUQK7XKQU\">Alta actividad s\u00edsmica en la Ant\u00e1rtica se debe al volc\u00e1n submarino Orca. Se menciona a la UTalca\u00a0<\/a><\/p><p class=\"x_MsoNormal\">\u00a0<\/p><p class=\"x_MsoNormal\"><strong>DIARIOTALCA.CL\u00a0<\/strong><\/p><p class=\"x_MsoNormal\"><a href=\"https:\/\/diariotalca.cl\/te-gusta-la-ciencia-atencion-porque-buscan-a-escolares-para-futuros-proyectos\/\">\u00bfTe gusta la ciencia? Atenci\u00f3n porque buscan a escolares para futuros proyectos. Se refiere Iv\u00e1n Coydan, director de Vinculaci\u00f3n con el Medio.\u00a0<\/a><\/p><p class=\"x_MsoNormal\">\u00a0<\/p><p class=\"x_MsoNormal\"><strong>SEPTIMAPAGINANOTICIAS.CL\u00a0<\/strong><\/p><p class=\"x_MsoNormal\"><a href=\"https:\/\/www.septimapaginanoticias.cl\/explora-maule-busca-a-estudiantes-con-ideas-para-mejorar-la-vida-de-sus-territorios\">Explora Maule busca a estudiantes con ideas para mejorar la vida de sus territorios. Se refiere Iv\u00e1n Coydan, director de Vinculaci\u00f3n con el Medio.\u00a0<\/a><\/p><p class=\"x_MsoNormal\">\u00a0<\/p><p class=\"x_MsoNormal\"><strong>MADERA21.CL\u00a0<\/strong><\/p><p class=\"x_MsoNormal\"><a href=\"https:\/\/www.madera21.cl\/blog\/2022\/03\/28\/pablo-guindos-queremos-que-la-industria-de-la-madera-chilena-sea-una-de-las-mas-avanzadas-y-tecnologicas-del-mundo\/\">Pablo Guindos: \u201cQueremos que la industria de la madera chilena sea una de las m\u00e1s avanzadas y tecnol\u00f3gicas del mundo\u201d. Se menciona la UTalca. \u00a0<\/a><\/p><p class=\"x_MsoNormal\">\u00a0<\/p><p class=\"x_MsoNormal\"><strong>DIARIO TALCA\u00a0<\/strong><\/p><p class=\"x_MsoNormal\"><a href=\"https:\/\/www.litoralpress.cl\/paginaconsultas\/Servicios_NClip\/Get_Imagen_Nota.aspx?LPKey=LAF6TLP556SIDB5WXM6WOWQBRBRQ7ZWSJMGXR7UBEPE7JQQVD2W363SNKMK5FQDBXSUTI24H3HU6W\">TRM comienza su cartelera digital con Ensamble de Cuerdas protagonizada por mujeres de la Orquesta Cl\u00e1sica del Maule. Se menciona a la UTalca\u00a0<\/a><\/p><p class=\"x_MsoNormal\">\u00a0<\/p><p class=\"x_MsoNormal\"><strong>LINARESENLINEA.CL\u00a0<\/strong><\/p><p class=\"x_MsoNormal\"><a href=\"https:\/\/www.linaresenlinea.cl\/2022\/03\/28\/mujeres-de-la-orquesta-clasica-del-maule-inician-la-cartelera-digital-del-trm\/\">Mujeres de la Orquesta Cl\u00e1sica del Maule inician la cartelera digital del TRM. Se menciona a la UTalca.\u00a0<\/a><\/p><p class=\"x_MsoNormal\">\u00a0<\/p>\t\t\t\t\t\t<\/div>\n\t\t\t\t<\/div>\n\t\t\t\t\t<\/div>\n\t\t<\/div>\n\t\t\t\t\t\t\t<\/div>\n\t\t<\/section>\n\t\t\t\t\t\t<\/div>\n\t\t\t\t\t<\/div>\n\t\t","protected":false},"excerpt":{"rendered":"<p>DIARIO TALCA\u00a0 Masiva entrega de computadores port\u00e1tiles a estudiantes universitarios.\u00a0 \u00a0 CANAL CONTIVISI\u00d3N\u00a0 UTalca desarroll\u00f3 encuentro para poner en valor el ambiente universitario presencial. \u00a0 \u00a0 CANAL CONTIVISION\u00a0 Hasta el 30 de septiembre se prorrog\u00f3 la alerta sanitaria por Covid 19.\u00a0Se refiere Marcelo Alarc\u00f3n, acad\u00e9mico del Departamento de Bioqu\u00edmica e Inmunohematolog\u00eda.\u00a0 \u00a0 PUBLIMICRO.CL\u00a0 Experto de &hellip;<\/p>\n<p class=\"read-more\"> <a class=\"\" href=\"https:\/\/www.reportedeprensa.utalca.cl\/?p=3484\"> <span class=\"screen-reader-text\">29 de marzo de 2022<\/span> Read More &raquo;<\/a><\/p>\n","protected":false},"author":1,"featured_media":0,"comment_status":"closed","ping_status":"open","sticky":false,"template":"","format":"standard","meta":{"_monsterinsights_skip_tracking":false,"_monsterinsights_sitenote_active":false,"_monsterinsights_sitenote_note":"","_monsterinsights_sitenote_category":0},"categories":[19],"tags":[],"_links":{"self":[{"href":"https:\/\/www.reportedeprensa.utalca.cl\/index.php?rest_route=\/wp\/v2\/posts\/3484"}],"collection":[{"href":"https:\/\/www.reportedeprensa.utalca.cl\/index.php?rest_route=\/wp\/v2\/posts"}],"about":[{"href":"https:\/\/www.reportedeprensa.utalca.cl\/index.php?rest_route=\/wp\/v2\/types\/post"}],"author":[{"embeddable":true,"href":"https:\/\/www.reportedeprensa.utalca.cl\/index.php?rest_route=\/wp\/v2\/users\/1"}],"replies":[{"embeddable":true,"href":"https:\/\/www.reportedeprensa.utalca.cl\/index.php?rest_route=%2Fwp%2Fv2%2Fcomments&post=3484"}],"version-history":[{"count":4,"href":"https:\/\/www.reportedeprensa.utalca.cl\/index.php?rest_route=\/wp\/v2\/posts\/3484\/revisions"}],"predecessor-version":[{"id":3488,"href":"https:\/\/www.reportedeprensa.utalca.cl\/index.php?rest_route=\/wp\/v2\/posts\/3484\/revisions\/3488"}],"wp:attachment":[{"href":"https:\/\/www.reportedeprensa.utalca.cl\/index.php?rest_route=%2Fwp%2Fv2%2Fmedia&parent=3484"}],"wp:term":[{"taxonomy":"category","embeddable":true,"href":"https:\/\/www.reportedeprensa.utalca.cl\/index.php?rest_route=%2Fwp%2Fv2%2Fcategories&post=3484"},{"taxonomy":"post_tag","embeddable":true,"href":"https:\/\/www.reportedeprensa.utalca.cl\/index.php?rest_route=%2Fwp%2Fv2%2Ftags&post=3484"}],"curies":[{"name":"wp","href":"https:\/\/api.w.org\/{rel}","templated":true}]}}