{"id":3496,"date":"2022-03-30T09:12:37","date_gmt":"2022-03-30T12:12:37","guid":{"rendered":"https:\/\/www.reportedeprensa.utalca.cl\/?p=3496"},"modified":"2022-03-30T09:17:21","modified_gmt":"2022-03-30T12:17:21","slug":"30-de-marzo-de-2022","status":"publish","type":"post","link":"https:\/\/www.reportedeprensa.utalca.cl\/?p=3496","title":{"rendered":"30 de marzo de 2022"},"content":{"rendered":"\t\t<div data-elementor-type=\"wp-post\" data-elementor-id=\"3496\" class=\"elementor elementor-3496\" data-elementor-settings=\"[]\">\n\t\t\t\t\t\t\t<div class=\"elementor-section-wrap\">\n\t\t\t\t\t\t\t<section class=\"elementor-section elementor-top-section elementor-element elementor-element-551691d7 elementor-section-boxed elementor-section-height-default elementor-section-height-default\" data-id=\"551691d7\" data-element_type=\"section\">\n\t\t\t\t\t\t<div class=\"elementor-container elementor-column-gap-default\">\n\t\t\t\t\t<div class=\"elementor-column elementor-col-100 elementor-top-column elementor-element elementor-element-249cced\" data-id=\"249cced\" data-element_type=\"column\">\n\t\t\t<div class=\"elementor-widget-wrap elementor-element-populated\">\n\t\t\t\t\t\t\t\t<div class=\"elementor-element elementor-element-60e9cf41 elementor-widget elementor-widget-text-editor\" data-id=\"60e9cf41\" data-element_type=\"widget\" data-widget_type=\"text-editor.default\">\n\t\t\t\t<div class=\"elementor-widget-container\">\n\t\t\t\t\t\t\t\t<p class=\"x_MsoNormal\"><strong>ADPRENSA.CL\u00a0<\/strong><\/p><p class=\"x_MsoNormal\"><a href=\"https:\/\/www.adprensa.cl\/cronica\/estudiantes-de-la-utalca-disfrutaron-de-actividades-de-bienvenida\/\">Estudiantes de la UTalca disfrutaron de actividades de bienvenida.\u00a0<\/a><\/p><p class=\"x_MsoNormal\">\u00a0<\/p><p class=\"x_MsoNormal\"><strong>ELCIUDADANO.COM\u00a0<\/strong><\/p><p class=\"x_MsoNormal\"><a href=\"https:\/\/www.elciudadano.com\/educacion\/efecto-de-la-pandemia-perdida-de-aprendizajes-en-estudiantes-es-de-15-anos\/03\/29\/\">Efecto de la pandemia: P\u00e9rdida de aprendizajes en estudiantes es de 1,5 a\u00f1os. Se refieren Ximena Colipan y Paula Verdugo, acad\u00e9micas de la Facultad de Ciencias de la Educaci\u00f3n.\u00a0<\/a><\/p><p class=\"x_MsoNormal\">\u00a0<\/p><p class=\"x_MsoNormal\"><strong>LINARESENLINEA.CL\u00a0<\/strong><\/p><p class=\"x_MsoNormal\"><a href=\"https:\/\/www.linaresenlinea.cl\/2022\/03\/29\/efecto-de-la-pandemia-perdida-de-aprendizajes-en-estudiantes-es-de-15-anos\/\">Efecto de la pandemia: P\u00e9rdida de aprendizajes en estudiantes es de 1,5 a\u00f1os. Se refieren Ximena Colipan y Paula Verdugo, acad\u00e9micas de la Facultad de Ciencias de la Educaci\u00f3n. \u00a0<\/a><\/p><p class=\"x_MsoNormal\">\u00a0<\/p><p class=\"x_MsoNormal\"><strong>RADIOMAGALLANES.CL\u00a0<\/strong><\/p><p class=\"x_MsoNormal\"><a href=\"https:\/\/radiomagallanes.cl\/noticia.php?id_not=100529\">Efecto de la pandemia: P\u00e9rdida de aprendizajes en estudiantes es de 1,5 a\u00f1os. Se refieren Ximena Colipan y Paula Verdugo, acad\u00e9micas de la Facultad de Ciencias de la Educaci\u00f3n.\u00a0<\/a><\/p><p class=\"x_MsoNormal\">\u00a0<\/p><p class=\"x_MsoNormal\"><strong>CANAL TVN\u00a0<\/strong><\/p><p class=\"x_MsoNormal\"><a href=\"https:\/\/www.litoralpress.cl\/sitio\/RadioTV_Detalles.cshtml?LPKey=NSA5IXCAWN2HQUIJAE5MMA757UR5QCVHBM7NWSIZAL5VJNIC5JVA\">Justicia acogi\u00f3 solicitud de extradici\u00f3n de Karen Rojo. Se refiere Diego Palomo, acad\u00e9mico de la Facultad de Ciencias Jur\u00eddicas y Sociales.\u00a0<\/a><\/p><p class=\"x_MsoNormal\">\u00a0<\/p><p class=\"x_MsoNormal\"><strong>CANAL 24 HORAS\u00a0<\/strong><\/p><p class=\"x_MsoNormal\"><a href=\"https:\/\/www.litoralpress.cl\/sitio\/RadioTV_Detalles.cshtml?LPKey=GMHPRD6KETRFLQ2TVWQCBOONUTK5TMXKBQPWMXXRFSTJZWA7E32Q\">Justicia acogi\u00f3 solicitud de extradici\u00f3n de Karen Rojo. Se refiere Diego Palomo, acad\u00e9mico de la Facultad de Ciencias Jur\u00eddicas y Sociales. \u00a0<\/a><\/p><p class=\"x_MsoNormal\">\u00a0<\/p><p class=\"x_MsoNormal\"><strong>ELMOSTRADOR.CL\u00a0<\/strong><\/p><p class=\"x_MsoNormal\"><a href=\"https:\/\/www.elmostrador.cl\/noticias\/opinion\/2022\/03\/29\/mas-alla-del-eslabon-la-cadena\/\">M\u00e1s all\u00e1 del eslab\u00f3n: la cadena. Columna de opini\u00f3n de Andrea Bentancor, acad\u00e9mica de la Facultad de Econom\u00eda y Negocios (FEN).\u00a0<\/a><\/p><p class=\"x_MsoNormal\">\u00a0<\/p><p class=\"x_MsoNormal\"><strong>DIARIO LA PRENSA\u00a0<\/strong><\/p><p class=\"x_MsoNormal\"><a href=\"https:\/\/www.litoralpress.cl\/paginaconsultas\/Servicios_NClip\/Get_Imagen_Nota.aspx?LPKey=3PO6WNONIPIYACS5EFDKQWXY5KN3DJDVMLOWSJ5GCSM73NTF6YQJCDANQS7PAEWSICDUZLXGY6UR6\">Cobros por servicios de streaming abren debate. Se refiere Alejandro Cataldo, acad\u00e9mico de la Facultad de Econom\u00eda y Negocios (FEN).\u00a0<\/a><\/p><p class=\"x_MsoNormal\">\u00a0<\/p><p class=\"x_MsoNormal\"><strong>RADIO BIOB\u00cdO\u00a0<\/strong><\/p><p class=\"x_MsoNormal\"><a href=\"https:\/\/www.litoralpress.cl\/sitio\/RadioTV_Detalles.cshtml?LPKey=X5VTO5VGHAORZIUAGH53R7PFC2OIVACXTTJOYTPYDTAUUGD2DKKQ\">El gobierno anunci\u00f3 un trabajo intersectorial para abordar los \u00faltimos episodios de violencia escolar. Se menciona Felipe Figueroa, psic\u00f3logo del Programa PACE-UTalca.\u00a0<\/a><\/p><p class=\"x_MsoNormal\">\u00a0<\/p><p class=\"x_MsoNormal\"><strong>CANAL ANTOFAGASTA TELEVISI\u00d3N\u00a0<\/strong><\/p><p class=\"x_MsoNormal\"><a href=\"https:\/\/www.litoralpress.cl\/sitio\/RadioTV_Detalles.cshtml?LPKey=KB2APT2WGPOUAHRSEPBBBZX7YMS3LFHDDRTTV7WCV5WGVAN7AEPQ\">Ministerio de Salud extendi\u00f3 Alerta Sanitaria por Covid-19 hasta el 30 de septiembre. Se refiere Marcelo Alarc\u00f3n, acad\u00e9mico del Departamento de Bioqu\u00edmica e Inmunohematolog\u00eda. \u00a0<\/a><\/p><p class=\"x_MsoNormal\">\u00a0<\/p><p class=\"x_MsoNormal\"><strong>CANAL 30\u00a0<\/strong><\/p><p class=\"x_MsoNormal\"><a href=\"https:\/\/www.litoralpress.cl\/sitio\/RadioTV_Detalles.cshtml?LPKey=Z2FH5T2LSBOI3N6F2EC2ZNGKOIRUJPWCLQE6HK2ATGF2PM24Q65Q\">Entrevista a Patricio Gonz\u00e1lez, acad\u00e9mico del Centro de Investigaci\u00f3n y Transferencia en Riego y Agroclimatolog\u00eda (CITRA). \u00a0<\/a><\/p><p class=\"x_MsoNormal\" aria-hidden=\"true\">\u00a0<\/p><p class=\"x_MsoNormal\"><strong>RADIO LAUTARO\u00a0<\/strong><\/p><p class=\"x_MsoNormal\"><a href=\"https:\/\/www.litoralpress.cl\/sitio\/RadioTV_Detalles.cshtml?LPKey=7CQNEETW5NSIGUTHQDZLNT5XIGFMJDG765IDGYBXXZMXJTQQZSCA\">Estudiantes del Programa PACE eligieron a la UTalca para su formaci\u00f3n profesional. Se refieren Erika Uribe e Iv\u00e1n Baeza, profesionales del PACE-UTalca.\u00a0<\/a><\/p><p class=\"x_MsoNormal\" aria-hidden=\"true\">\u00a0<\/p><p class=\"x_MsoNormal\"><strong>PUBLIMICRO.CL\u00a0<\/strong><\/p><p class=\"x_MsoNormal\"><a href=\"https:\/\/publimicro.cl\/estudiantes-del-programa-pace-eligieron-a-la-utalca-para-su-formacion-profesional\/\">Estudiantes del Programa PACE eligieron a la UTalca para su formaci\u00f3n profesional. Se menciona al Programa PACE-UTalca.\u00a0<\/a><\/p><p class=\"x_MsoNormal\" aria-hidden=\"true\">\u00a0<\/p><p class=\"x_MsoNormal\"><strong>CANAL MEGA \u00a0<\/strong><\/p><p class=\"x_MsoNormal\"><a href=\"https:\/\/www.litoralpress.cl\/sitio\/RadioTV_Detalles.cshtml?LPKey=UGBWEYJSG4LFMLQXYBHUJYQWC2GMF5KQOY77TJQOOND6LBRB6LCQ\">Comisi\u00f3n de Sistema Pol\u00edtico de la Convenci\u00f3n acuerda Presidencialismo atenuado y bicameralismo asim\u00e9trico. Se refiere Mauricio Morales, director del Centro de An\u00e1lisis Pol\u00edtico (CAP).\u00a0<\/a><\/p><p class=\"x_MsoNormal\" aria-hidden=\"true\">\u00a0<\/p><p class=\"x_MsoNormal\"><strong>CANAL MEGA PLUS\u00a0<\/strong><\/p><p class=\"x_MsoNormal\"><a href=\"https:\/\/www.litoralpress.cl\/sitio\/RadioTV_Detalles.cshtml?LPKey=775Z25B7J4AUIKLIJGTNTKLVTINE7TYBXIP7NHFR5LA3RUAHHVOA\">Comisi\u00f3n de Sistema Pol\u00edtico de la Convenci\u00f3n acuerda Presidencialismo atenuado y bicameralismo asim\u00e9trico. Se refiere Mauricio Morales, director del Centro de An\u00e1lisis Pol\u00edtico (CAP).\u00a0<\/a><\/p><p class=\"x_MsoNormal\">\u00a0<\/p><p class=\"x_MsoNormal\"><strong>EL MERCURIO\u00a0<\/strong><\/p><p class=\"x_MsoNormal\"><a href=\"https:\/\/www.litoralpress.cl\/paginaconsultas\/Servicios_NClip\/Get_Imagen_Nota.aspx?LPKey=SWHAQRZ75GTI4FSMHR4JKSWGHPI6EGLFASLVYLQDVONKH4P6YJ5A74X6TNLUR7L2Z7XDHVTGAGMKC\">Duras cr\u00edticas a acuerdo de Sistema pol\u00edtico: \u201cNo fue transversal\u201d, \u201ces un unicameralismo encubierto\u201d, \u201cconcentra el poder\u201d. Se refiere Mauricio Morales, director del Centro de An\u00e1lisis Pol\u00edtico (CAP).\u00a0<\/a><\/p><p class=\"x_MsoNormal\">\u00a0<\/p><p class=\"x_MsoNormal\"><strong>LAS \u00daLTIMAS NOTICIAS\u00a0<\/strong><\/p><p class=\"x_MsoNormal\"><a href=\"https:\/\/www.litoralpress.cl\/paginaconsultas\/Servicios_NClip\/Get_Imagen_Nota.aspx?LPKey=D3HX5GUBOFTBF3DQEYH4SWRK3MUL2NDBLMNFBGQM6YTY7V274AY7D64UIBI2IOVS2Q2FRECZCLYOM\">En qu\u00e9 consisten los cambios al Senado propuestos en la Convenci\u00f3n.\u00a0Se refiere Mauricio Morales, director del Centro de An\u00e1lisis Pol\u00edtico (CAP).\u00a0<\/a><\/p><p class=\"x_MsoNormal\">\u00a0<\/p><p class=\"x_MsoNormal\"><strong>CANAL MEGA PLUS\u00a0<\/strong><\/p><p class=\"x_MsoNormal\"><a href=\"https:\/\/www.litoralpress.cl\/sitio\/RadioTV_Detalles.cshtml?LPKey=HAB3FCTPBGLDWQKSELUDA6S6OQ2FWM3HQM6MT5OUWTOTG45HYBCA\">Entrevista a Marcos Barraza, convencional PC. Se refiere Mauricio Morales, director del Centro de An\u00e1lisis Pol\u00edtico (CAP).\u00a0<\/a><\/p><p class=\"x_MsoNormal\" aria-hidden=\"true\">\u00a0<\/p><p class=\"x_MsoNormal\"><strong>EMOL.COM\u00a0<\/strong><\/p><p class=\"x_MsoNormal\"><a href=\"https:\/\/www.emol.com\/noticias\/Nacional\/2022\/03\/29\/1056307\/problema-twitter-frente-amplio-gobierno.html\">&#8220;Un problema con Twitter&#8221;: An\u00e1lisis a la estrecha (y arriesgada) relaci\u00f3n del oficialismo con las redes sociales. Se refiere Mauricio Morales, director del Centro de An\u00e1lisis Pol\u00edtico (CAP).\u00a0<\/a><\/p><p class=\"x_MsoNormal\">\u00a0<\/p><p class=\"x_MsoNormal\"><strong>EMOL.COM\u00a0<\/strong><\/p><p class=\"x_MsoNormal\"><a href=\"https:\/\/www.emol.com\/noticias\/Nacional\/2022\/03\/29\/1056376\/analisis-acuerdo-comision-sistemapolitico.html\">An\u00e1lisis al acuerdo de la Comisi\u00f3n de Sistema Pol\u00edtico: Expertos desmenuzan los detalles de la propuesta. Se refiere Mauricio Morales, director del Centro de An\u00e1lisis Pol\u00edtico (CAP).\u00a0<\/a><\/p><p class=\"x_MsoNormal\">\u00a0<\/p><p class=\"x_MsoNormal\"><strong>RADIO ADN\u00a0<\/strong><\/p><p class=\"x_MsoNormal\"><a href=\"https:\/\/www.litoralpress.cl\/sitio\/RadioTV_Detalles.cshtml?LPKey=WWTX7PUBNUVFF2SBPNTUELHCG7MLTGUCFL7AQXV2ZTQHC5FWHTNA\">An\u00e1lisis pol\u00edtico. Se menciona a Mauricio Morales, director del Centro de An\u00e1lisis Pol\u00edtico (CAP).\u00a0<\/a><\/p><p class=\"x_MsoNormal\">\u00a0<\/p><p class=\"x_MsoNormal\"><strong>RADIO.UCHILE.CL\u00a0<\/strong><\/p><p class=\"x_MsoNormal\"><a href=\"https:\/\/radio.uchile.cl\/2022\/03\/29\/ampliamente-valorado-pero-con-observaciones-relativas-a-la-concentracion-de-poder-las-reacciones-tras-el-acuerdo-de-la-comision-de-sistema-politico\/\">Ampliamente valorado pero con observaciones relativas a la concentraci\u00f3n de poder: Las reacciones tras el acuerdo de la Comisi\u00f3n de Sistema Pol\u00edtico\u00a0<\/a><\/p><p class=\"x_MsoNormal\" aria-hidden=\"true\">\u00a0<\/p><p class=\"x_MsoNormal\"><strong>EXANTE.CL\u00a0<\/strong><\/p><p class=\"x_MsoNormal\"><a href=\"https:\/\/www.ex-ante.cl\/convencion-acuerdo-sobre-fin-del-senado-impacta-al-ps-y-reflota-molestia-con-el-gobierno\/\">Convenci\u00f3n: Acuerdo sobre fin del Senado impacta al PS y reflota molestia con el Gobierno. Se refiere Mauricio Morales, director del Centro de An\u00e1lisis Pol\u00edtico (CAP).\u00a0<\/a><\/p><p class=\"x_MsoNormal\">\u00a0<\/p><p class=\"x_MsoNormal\"><strong>DIARIO LA PRENSA\u00a0<\/strong><\/p><p class=\"x_MsoNormal\"><a href=\"https:\/\/www.litoralpress.cl\/paginaconsultas\/Servicios_NClip\/Get_Imagen_Nota.aspx?LPKey=F2KXEYSXENRZTMXOEMC65INWI772PYFMSQSAOEXFUSC32TP5AANDZDHGYREYTPBJ6PPOQFFIRS37W\">Invitan a estudiantes a participar en Academia Maule Ciencia 2022. Se refiere Iv\u00e1n Coydan, director de Vinculaci\u00f3n con el Medio.\u00a0<\/a><\/p><p class=\"x_MsoNormal\">\u00a0<\/p><p class=\"x_MsoNormal\"><strong>DIARIO EL LECTOR\u00a0<\/strong><\/p><p class=\"x_MsoNormal\"><a href=\"https:\/\/www.litoralpress.cl\/paginaconsultas\/Servicios_NClip\/Get_Imagen_Nota.aspx?LPKey=MA5UFEPEFBVJMTNRBHTZMTAZUM7NZHV5XI4Z26LB2SU7MAKXDYNMTBRPLRD3CUMRUEQCIVDBFSP34\">Explora Maule busca a estudiantes con ideas para mejorar la vida de sus territorios. Se refiere Iv\u00e1n Coydan, director de Vinculaci\u00f3n con el Medio. \u00a0<\/a><\/p><p class=\"x_MsoNormal\">\u00a0<\/p><p class=\"x_MsoNormal\"><strong>CAUQUENESNET.CL\u00a0<\/strong><\/p><p class=\"x_MsoNormal\"><a href=\"https:\/\/cauquenesnet.cl\/2022\/03\/29\/explora-maule-busca-a-estudiantes-con-ideas-para-mejorar-la-vida-de-sus-territorios\/\">Explora Maule busca a estudiantes con ideas para mejorar la vida de sus territorios. Se refiere Iv\u00e1n Coydan, director de Vinculaci\u00f3n con el Medio.\u00a0<\/a><\/p><p class=\"x_MsoNormal\">\u00a0<\/p><p class=\"x_MsoNormal\"><strong>ADPRENSA.CL\u00a0<\/strong><\/p><p class=\"x_MsoNormal\"><a href=\"https:\/\/www.adprensa.cl\/actividades-academicas\/centro-de-extension-curico-de-la-utalca-abre-sus-puertas-para-exposicion-presencial\/\">Centro de Extensi\u00f3n Curic\u00f3 de la UTalca abre sus puertas para exposici\u00f3n presencial.\u00a0Se refiere Marcela Albornoz, directora de Extensi\u00f3n Cultural y Art\u00edstica.\u00a0<\/a><\/p><p class=\"x_MsoNormal\">\u00a0<\/p><p class=\"x_MsoNormal\"><strong>TVMAULE.CL\u00a0<\/strong><\/p><p class=\"x_MsoNormal\"><a href=\"https:\/\/www.tvmaule.cl\/reabre-sus-puertas-el-centro-de-extension-curico-de-la-utalca\/\">Reabre sus puertas el Centro de Extensi\u00f3n Curic\u00f3 de la UTalca. Se refiere Marcela Albornoz, directora de Extensi\u00f3n Cultural y Art\u00edstica.\u00a0<\/a><\/p><p class=\"x_MsoNormal\" aria-hidden=\"true\">\u00a0<\/p><p class=\"x_MsoNormal\"><strong>CENTROSURNOTICIAS.CL\u00a0<\/strong><\/p><p class=\"x_MsoNormal\"><a href=\"https:\/\/centrosurnoticias.cl\/centro-de-extension-curico-de-la-utalca-abre-sus-puertas-para-exposicion-presencial\/\">Centro de Extensi\u00f3n Curic\u00f3 de la UTalca abre sus puertas para exposici\u00f3n presencial. Se refiere Marcela Albornoz, directora de Extensi\u00f3n Cultural y Art\u00edstica.\u00a0<\/a><\/p><p class=\"x_MsoNormal\" aria-hidden=\"true\">\u00a0<\/p><p class=\"x_MsoNormal\"><strong>EL MERCURIO\u00a0<\/strong><\/p><p class=\"x_MsoNormal\"><a href=\"https:\/\/www.litoralpress.cl\/paginaconsultas\/Servicios_NClip\/Get_Imagen_Nota.aspx?LPKey=VFM6PGTWZLA2BQH7NM4STA7YV7OOAJDM6IQZJLZRI6T5QQ44XULBBV6RFMVYDV5SYFMK363EYFZVY\">Fallece el coleccionista y cr\u00edtico de arte Edward Shaw. Se menciona a la UTalca.\u00a0<\/a><\/p><p class=\"x_MsoNormal\" aria-hidden=\"true\">\u00a0<\/p><p class=\"x_MsoNormal\"><strong>DIARIO LA PRENSA\u00a0<\/strong><\/p><p class=\"x_MsoNormal\"><a href=\"https:\/\/www.litoralpress.cl\/paginaconsultas\/Servicios_NClip\/Get_Imagen_Nota.aspx?LPKey=6EMSJOYUXRQQYUGYHETUSEMVYQ2CQKLV52CSUWA3AP57W4JK7P2FOFPFZA5SKNSYVSRBYQFVJAGIK\">Mujeres de la Orquesta Cl\u00e1sica del Maule inician la cartelera digital. Se menciona al Centro de Extensi\u00f3n de la UTalca.\u00a0<\/a><\/p><p class=\"x_MsoNormal\">\u00a0<\/p><p class=\"x_MsoNormal\"><strong>DIARIO EL HERALDO\u00a0<\/strong><\/p><p class=\"x_MsoNormal\"><a href=\"https:\/\/www.litoralpress.cl\/paginaconsultas\/Servicios_NClip\/Get_Imagen_Nota.aspx?LPKey=3ED3PBLTW2IKUKERMAP4VVRXVNVGZ5FSBO5YRYJQJBIHAN6L5D62VF3TAAIH3N6VVVYJY75SOGF32\">Mujeres de la Orquesta Cl\u00e1sica del Maule inician la cartelera digital del TRM. Se menciona al Centro de Extensi\u00f3n de la UTalca.\u00a0<\/a><\/p><p class=\"x_MsoNormal\">\u00a0<\/p><p class=\"x_MsoNormal\"><strong>BEETHOVENFM.CL\u00a0<\/strong><\/p><p class=\"x_MsoNormal\"><a href=\"https:\/\/www.beethovenfm.cl\/evento\/catedra-oreste-plath-marisa-ruiz-del-museo-de-la-musica\/\">C\u00e1tedra Oreste Plath: Marisa Ruiz, del Museo de la M\u00fasica. Se menciona a la UTalca.\u00a0<\/a><\/p><p class=\"x_MsoNormal\" aria-hidden=\"true\">\u00a0<\/p><p class=\"x_MsoNormal\"><strong>DIARIO TALCA\u00a0<\/strong><\/p><p class=\"x_MsoNormal\"><a href=\"https:\/\/www.litoralpress.cl\/paginaconsultas\/Servicios_NClip\/Get_Imagen_Nota.aspx?LPKey=SXDODXZLB3TGBWWPNSFGT5YRDTIA2OC4R4BODKLMLUXJ4JO3QRL32FF3MOZLC3FWW5NRTXNGDVW6C\">65 a\u00f1os de la inauguraci\u00f3n del Embalse Laguna del Maule. Se menciona al Centro de Documentaci\u00f3n Patrimonial de la UTalca.\u00a0<\/a><\/p><p class=\"x_MsoNormal\">\u00a0<\/p>\t\t\t\t\t\t<\/div>\n\t\t\t\t<\/div>\n\t\t\t\t\t<\/div>\n\t\t<\/div>\n\t\t\t\t\t\t\t<\/div>\n\t\t<\/section>\n\t\t\t\t\t\t<\/div>\n\t\t\t\t\t<\/div>\n\t\t","protected":false},"excerpt":{"rendered":"<p>ADPRENSA.CL\u00a0 Estudiantes de la UTalca disfrutaron de actividades de bienvenida.\u00a0 \u00a0 ELCIUDADANO.COM\u00a0 Efecto de la pandemia: P\u00e9rdida de aprendizajes en estudiantes es de 1,5 a\u00f1os. Se refieren Ximena Colipan y Paula Verdugo, acad\u00e9micas de la Facultad de Ciencias de la Educaci\u00f3n.\u00a0 \u00a0 LINARESENLINEA.CL\u00a0 Efecto de la pandemia: P\u00e9rdida de aprendizajes en estudiantes es de 1,5 &hellip;<\/p>\n<p class=\"read-more\"> <a class=\"\" href=\"https:\/\/www.reportedeprensa.utalca.cl\/?p=3496\"> <span class=\"screen-reader-text\">30 de marzo de 2022<\/span> Read More &raquo;<\/a><\/p>\n","protected":false},"author":1,"featured_media":0,"comment_status":"closed","ping_status":"open","sticky":false,"template":"","format":"standard","meta":{"_monsterinsights_skip_tracking":false,"_monsterinsights_sitenote_active":false,"_monsterinsights_sitenote_note":"","_monsterinsights_sitenote_category":0},"categories":[19],"tags":[],"_links":{"self":[{"href":"https:\/\/www.reportedeprensa.utalca.cl\/index.php?rest_route=\/wp\/v2\/posts\/3496"}],"collection":[{"href":"https:\/\/www.reportedeprensa.utalca.cl\/index.php?rest_route=\/wp\/v2\/posts"}],"about":[{"href":"https:\/\/www.reportedeprensa.utalca.cl\/index.php?rest_route=\/wp\/v2\/types\/post"}],"author":[{"embeddable":true,"href":"https:\/\/www.reportedeprensa.utalca.cl\/index.php?rest_route=\/wp\/v2\/users\/1"}],"replies":[{"embeddable":true,"href":"https:\/\/www.reportedeprensa.utalca.cl\/index.php?rest_route=%2Fwp%2Fv2%2Fcomments&post=3496"}],"version-history":[{"count":4,"href":"https:\/\/www.reportedeprensa.utalca.cl\/index.php?rest_route=\/wp\/v2\/posts\/3496\/revisions"}],"predecessor-version":[{"id":3500,"href":"https:\/\/www.reportedeprensa.utalca.cl\/index.php?rest_route=\/wp\/v2\/posts\/3496\/revisions\/3500"}],"wp:attachment":[{"href":"https:\/\/www.reportedeprensa.utalca.cl\/index.php?rest_route=%2Fwp%2Fv2%2Fmedia&parent=3496"}],"wp:term":[{"taxonomy":"category","embeddable":true,"href":"https:\/\/www.reportedeprensa.utalca.cl\/index.php?rest_route=%2Fwp%2Fv2%2Fcategories&post=3496"},{"taxonomy":"post_tag","embeddable":true,"href":"https:\/\/www.reportedeprensa.utalca.cl\/index.php?rest_route=%2Fwp%2Fv2%2Ftags&post=3496"}],"curies":[{"name":"wp","href":"https:\/\/api.w.org\/{rel}","templated":true}]}}