{"id":3511,"date":"2022-03-31T09:16:56","date_gmt":"2022-03-31T12:16:56","guid":{"rendered":"https:\/\/www.reportedeprensa.utalca.cl\/?p=3511"},"modified":"2022-03-31T09:21:25","modified_gmt":"2022-03-31T12:21:25","slug":"31-de-marzo-de-2022","status":"publish","type":"post","link":"https:\/\/www.reportedeprensa.utalca.cl\/?p=3511","title":{"rendered":"31 de marzo de 2022"},"content":{"rendered":"\t\t<div data-elementor-type=\"wp-post\" data-elementor-id=\"3511\" class=\"elementor elementor-3511\" data-elementor-settings=\"[]\">\n\t\t\t\t\t\t\t<div class=\"elementor-section-wrap\">\n\t\t\t\t\t\t\t<section class=\"elementor-section elementor-top-section elementor-element elementor-element-551691d7 elementor-section-boxed elementor-section-height-default elementor-section-height-default\" data-id=\"551691d7\" data-element_type=\"section\">\n\t\t\t\t\t\t<div class=\"elementor-container elementor-column-gap-default\">\n\t\t\t\t\t<div class=\"elementor-column elementor-col-100 elementor-top-column elementor-element elementor-element-249cced\" data-id=\"249cced\" data-element_type=\"column\">\n\t\t\t<div class=\"elementor-widget-wrap elementor-element-populated\">\n\t\t\t\t\t\t\t\t<div class=\"elementor-element elementor-element-60e9cf41 elementor-widget elementor-widget-text-editor\" data-id=\"60e9cf41\" data-element_type=\"widget\" data-widget_type=\"text-editor.default\">\n\t\t\t\t<div class=\"elementor-widget-container\">\n\t\t\t\t\t\t\t\t<p class=\"x_MsoNormal\"><strong>ADPRENSA.CL\u00a0<\/strong><\/p><p class=\"x_MsoNormal\"><a href=\"https:\/\/www.adprensa.cl\/cronica\/universidad-de-talca-definira-a-su-proximo-rector\/\">Universidad de Talca definir\u00e1 a su pr\u00f3ximo Rector.\u00a0<\/a><\/p><p class=\"x_MsoNormal\">\u00a0<\/p><p class=\"x_MsoNormal\"><strong>ELMAULEINFORMA.CL\u00a0<\/strong><\/p><p class=\"x_MsoNormal\"><a href=\"https:\/\/elmauleinforma.cl\/universidad-de-talca-elige-a-su-nuevo-rector\/\">Universidad de Talca definir\u00e1 a su pr\u00f3ximo Rector.\u00a0<\/a><\/p><p class=\"x_MsoNormal\">\u00a0<\/p><p class=\"x_MsoNormal\"><strong>ADPRENSA.CL\u00a0<\/strong><\/p><p class=\"x_MsoNormal\"><a href=\"https:\/\/www.adprensa.cl\/cronica\/universidad-de-talca-realizara-su-primer-ensayo-paes-presencial\/\">Universidad de Talca realizar\u00e1 su primer ensayo PAES presencial. Se refiere C\u00e9sar Retamal, director de Ciclo de Vida Estudiantil y Tania Mascar\u00f3, coordinadora de Vinculaci\u00f3n Escolar.\u00a0<\/a><\/p><p class=\"x_MsoNormal\">\u00a0<\/p><p class=\"x_MsoNormal\"><strong>DIARIO EL HERALDO\u00a0<\/strong><\/p><p class=\"x_MsoNormal\"><a href=\"https:\/\/www.litoralpress.cl\/paginaconsultas\/Servicios_NClip\/Get_Imagen_Nota.aspx?LPKey=BDIECJ3MIVOJ4MZPTV232Z25GDKLZAACAR6HJCRGDJLATHFQJRUZURWVSEMXXU2NYOS5LRN3U54CW\">Efecto de la pandemia: P\u00e9rdida de aprendizajes en estudiantes es de 1, 5 a\u00f1os. Se refieren Ximena Colipan y Paula Verdugo, acad\u00e9micas de la Facultad de Ciencias de la Educaci\u00f3n. \u00a0<\/a><\/p><p>\u00a0<\/p><p class=\"x_MsoNormal\"><strong>DIARIO EL LECTOR\u00a0<\/strong><\/p><p class=\"x_MsoNormal\"><a href=\"https:\/\/www.litoralpress.cl\/paginaconsultas\/Servicios_NClip\/Get_Imagen_Nota.aspx?LPKey=7Q4GFMMVJCSZCXSJDXY7ZPH4CGHZHKYH2PSZ4EEID5CP3O75ENMQSMUKH7E5UAUIOSFOIMSJ6VV4M\">Efecto de la pandemia: P\u00e9rdida de aprendizajes en estudiantes es de 1, 5 a\u00f1os. Se refieren Ximena Colipan y Paula Verdugo, acad\u00e9micas de la Facultad de Ciencias de la Educaci\u00f3n.\u00a0<\/a><\/p><p class=\"x_MsoNormal\"><span class=\"x_MsoHyperlink\">\u00a0<\/span><\/p><p class=\"x_MsoNormal\"><strong>BIOBIOCHILE.CL\u00a0<\/strong><\/p><p class=\"x_MsoNormal\"><a href=\"https:\/\/www.biobiochile.cl\/noticias\/salud-y-bienestar\/cuerpo\/2022\/03\/30\/alza-de-bullying-y-agresion-escolar-expertas-apuntan-a-cultura-violenta-pospandemia-y-estallido.shtml\">Alza de bullying y agresi\u00f3n escolar: expertas apuntan a &#8220;cultura&#8221; violenta pospandemia y estallido. Se refiere Carolina Iturra, acad\u00e9mica de la Facultad de Psicolog\u00eda.\u00a0<\/a><\/p><p class=\"x_MsoNormal\">\u00a0<\/p><p class=\"x_MsoNormal\"><strong>DIARIO LA PRENSA\u00a0<\/strong><\/p><p class=\"x_MsoNormal\"><a href=\"https:\/\/www.litoralpress.cl\/paginaconsultas\/Servicios_NClip\/Get_Imagen_Nota.aspx?LPKey=TE6P2GXCSPHBNRLKWKFPDTE5OB5GWKF7AMRFKKAMZXCYWDTJM3T6OSFQSV5F5TUOWGBWUOZ7YM6FU\">Cierre de escuelas por pandemia provoc\u00f3 m\u00e1s abusos sexuales y dificultades de aprendizajes. Se refieren Ximena Colipan y Paula Verdugo, acad\u00e9micas de la Facultad de Ciencias de la Educaci\u00f3n.\u00a0<\/a><\/p><p class=\"x_MsoNormal\"><span class=\"x_MsoHyperlink\">\u00a0<\/span><\/p><p class=\"x_MsoNormal\"><strong>DIARIOELHERALDO.CL\u00a0<\/strong><\/p><p class=\"x_MsoNormal\"><a href=\"http:\/\/www.diarioelheraldo.cl\/noticia\/efecto-de-la-pandemia-perdida-de-aprendizajes-en-estudiantes-es-de-15-anos-\">Efecto de la pandemia: P\u00e9rdida de aprendizajes en estudiantes es de 1, 5 a\u00f1os. Se refieren Ximena Colipan y Paula Verdugo, acad\u00e9micas de la Facultad de Ciencias de la Educaci\u00f3n.\u00a0<\/a><\/p><p class=\"x_MsoNormal\">\u00a0<\/p><p class=\"x_MsoNormal\"><strong>CIPERCHILE.CL\u00a0<\/strong><\/p><p class=\"x_MsoNormal\"><a href=\"https:\/\/www.ciperchile.cl\/2022\/03\/28\/megasequia-la-falta-de-un-plan-b-nos-tiene-al-borde-de-los-racionamientos\/\">Megasequ\u00eda: la falta de un Plan B nos tiene al borde de los racionamientos. Se refiere Patricio Gonz\u00e1lez, acad\u00e9mico del Centro de Investigaci\u00f3n y Transferencia en Riego y Agroclimatolog\u00eda.\u00a0<\/a><\/p><p class=\"x_MsoNormal\">\u00a0<\/p><p class=\"x_MsoNormal\"><strong>REVISTA EL CENTRO\u00a0<\/strong><\/p><p class=\"x_MsoNormal\"><a href=\"https:\/\/www.litoralpress.cl\/paginaconsultas\/Servicios_NClip\/Get_Imagen_Nota.aspx?LPKey=RZKTFPNCEX3RWR3J5IV6CSE6XJZYTDLMSZFZOAG7BFSINDMCUXUJBFCBDCMUDQDIUZDG5GNUCUYLO\">Investigadores de la Universidad de Talca crear\u00e1n plataforma satelital para estimar consumo de agua en Chile. Se refiere Samuel Ortega, director del Centro de Investigaci\u00f3n y Transferencia en Riego y Agroclimatolog\u00eda.\u00a0<\/a><\/p><p class=\"x_MsoNormal\">\u00a0<\/p><p class=\"x_MsoNormal\"><strong>REVISTA EL CENTRO\u00a0<\/strong><\/p><p class=\"x_MsoNormal\"><a href=\"https:\/\/www.litoralpress.cl\/paginaconsultas\/Servicios_NClip\/Get_Imagen_Nota.aspx?LPKey=J44DRMZGSJAH4YNEMJRKXQ7HMBHMKW7EW3NRLRZTPHXBDLKJUL5NHYTOKIIFBMKJYIBJU24GUFDVI\">La sequ\u00eda y sus riesgos para la soberan\u00eda alimentaria chilena. Se refiere Roberto Jara, acad\u00e9mico de la Facultad de Ciencias Agrarias. \u00a0<\/a><\/p><p class=\"x_MsoNormal\">\u00a0<\/p><p class=\"x_MsoNormal\"><strong>RADIO AGRICULTURA\u00a0<\/strong><\/p><p class=\"x_MsoNormal\"><a href=\"https:\/\/www.litoralpress.cl\/sitio\/RadioTV_Detalles.cshtml?LPKey=U2IFMQVELZJEJX4BGFLP6ZEKLT6VJIPHEIW4TYRCZ7LC7X5XILGA\">Gestionando el Agua. Se menciona a la UTalca.\u00a0<\/a><\/p><p class=\"x_MsoNormal\">\u00a0<\/p><p class=\"x_MsoNormal\"><strong>CANAL TVN\u00a0<\/strong><\/p><p class=\"x_MsoNormal\"><a href=\"https:\/\/www.litoralpress.cl\/sitio\/RadioTV_Detalles.cshtml?LPKey=VTBLFL6PZUDWNWV7AV35AAX2FFNZZUZTXFLZEZJM5YDKSLHGQZOA\">Exalcaldesa de Antofagasta es buscada por Interpol. Se refiere Diego Palomo, acad\u00e9mico de la Facultad de Ciencias Jur\u00eddicas.\u00a0<\/a><\/p><p class=\"x_MsoNormal\" aria-hidden=\"true\">\u00a0<\/p><p class=\"x_MsoNormal\"><strong>ELMAULEINFORMA.CL\u00a0<\/strong><\/p><p class=\"x_MsoNormal\"><a href=\"https:\/\/elmauleinforma.cl\/nueva-tecnologia-6g-podria-llegar-a-chile-a-finales-de-la-decada\/\">Nueva tecnolog\u00eda 6G podr\u00eda llegar a Chile a finales de la d\u00e9cada. Se refiere Ricardo P\u00e9rez, acad\u00e9mico de la Facultad de Ingenier\u00eda.\u00a0<\/a><\/p><p class=\"x_MsoNormal\">\u00a0<\/p><p class=\"x_MsoNormal\"><strong>G5NOTICIAS.CL\u00a0<\/strong><\/p><p class=\"x_MsoNormal\"><a href=\"https:\/\/g5noticias.cl\/2022\/03\/30\/6g-nueva-tecnologia-podria-llegar-a-chile-a-finales-de-la-decada\/\">6G: Nueva tecnolog\u00eda podr\u00eda llegar a Chile a finales de la d\u00e9cada. Se refiere Ricardo P\u00e9rez, acad\u00e9mico de la Facultad de Ingenier\u00eda. \u00a0<\/a><\/p><p class=\"x_MsoNormal\">\u00a0<\/p><p class=\"x_MsoNormal\"><strong>ELAMAULE.CL\u00a0<\/strong><\/p><p class=\"x_MsoNormal\"><a href=\"https:\/\/www.elamaule.cl\/noticia\/economia\/mapa-constituyente-las-regiones-al-banco-central\">Mapa Constituyente: \u00bfLas regiones al Banco Central? Se refiere Hern\u00e1n D\u00edaz, acad\u00e9mico de la Facultad de Econom\u00eda y Negocios.\u00a0<\/a><\/p><p class=\"x_MsoNormal\">\u00a0<\/p><p class=\"x_MsoNormal\"><strong>ELMORROCOTUDO.CL\u00a0<\/strong><\/p><p class=\"x_MsoNormal\"><a href=\"https:\/\/www.elmorrocotudo.cl\/noticia\/economia\/mapa-constituyente-las-regiones-al-banco-central\">Mapa Constituyente: \u00bfLas regiones al Banco Central? Se refiere Hern\u00e1n D\u00edaz, acad\u00e9mico de la Facultad de Econom\u00eda y Negocios.\u00a0<\/a><\/p><p class=\"x_MsoNormal\">\u00a0<\/p><p class=\"x_MsoNormal\"><strong>ELRANCAHUASO.CL\u00a0<\/strong><\/p><p class=\"x_MsoNormal\"><a href=\"https:\/\/www.elrancahuaso.cl\/noticia\/economia\/mapa-constituyente-las-regiones-al-banco-central\">Mapa Constituyente: \u00bfLas regiones al Banco Central? Se refiere Hern\u00e1n D\u00edaz, acad\u00e9mico de la Facultad de Econom\u00eda y Negocios.\u00a0<\/a><\/p><p class=\"x_MsoNormal\">\u00a0<\/p><p class=\"x_MsoNormal\"><strong>RADIO AMIGA\u00a0<\/strong><\/p><p class=\"x_MsoNormal\"><a href=\"https:\/\/www.litoralpress.cl\/sitio\/RadioTV_Detalles.cshtml?LPKey=SMBQMBW47ZCNWHZTCBXJOG7VBKUTHSWVQRINHVFKQU2SNBL5IK4A\">NETFLIX anunci\u00f3 cobros adicionales a los consumidores en Chile. Se refiere Alejandro Cataldo, acad\u00e9mico de la Facultad de Econom\u00eda y Negocios (FEN) \u00a0<\/a><\/p><p class=\"x_MsoNormal\" aria-hidden=\"true\">\u00a0<\/p><p class=\"x_MsoNormal\"><strong>CANAL 13\u00a0<\/strong><\/p><p class=\"x_MsoNormal\"><a href=\"https:\/\/www.litoralpress.cl\/sitio\/RadioTV_Detalles.cshtml?LPKey=3S4TV4HAMY243XODVZ6X2AAOXHRMEKXUFIKHM6T6VX3YQIBPVQTA\">Comisi\u00f3n constituyente. Votaci\u00f3n sobre comisi\u00f3n de sistema pol\u00edtico se realizar\u00e1 hoy. Se menciona a Mauricio Morales, director del Centro de An\u00e1lisis Pol\u00edtico (CAP).\u00a0<\/a><\/p><p class=\"x_MsoNormal\">\u00a0<\/p><p class=\"x_MsoNormal\"><strong>RADIO BIO-B\u00cdO\u00a0<\/strong><\/p><p class=\"x_MsoNormal\"><a href=\"https:\/\/www.litoralpress.cl\/sitio\/RadioTV_Detalles.cshtml?LPKey=NPITFN43DIORSMHBQAWWYBZRK3VKSBMYPB5PT7NQYQ4PEKDVHKLQ\">Comisi\u00f3n de Sistema Pol\u00edtico de Convenci\u00f3n comenzar\u00e1 a votar indicaciones ingresadas al informe de reemplazo. Se menciona a Mauricio Morales, director del Centro de An\u00e1lisis Pol\u00edtico (CAP).\u00a0<\/a><\/p><p class=\"x_MsoNormal\">\u00a0<\/p><p class=\"x_MsoNormal\"><strong>CANAL CAPPISSIMA MULTIMEDIAL\u00a0<\/strong><\/p><p class=\"x_MsoNormal\"><a href=\"https:\/\/www.litoralpress.cl\/sitio\/RadioTV_Detalles.cshtml?LPKey=I3TJHY4FWGRTBOA5WI6LWWV5JJWITB3TJOFVUCQGXFY6TIBHKN4Q\">Entrevista a Pollyana Rivera, convencional constituyente. Se menciona a Mauricio Morales, director del Centro de An\u00e1lisis Pol\u00edtico (CAP).\u00a0<\/a><\/p><p class=\"x_MsoNormal\" aria-hidden=\"true\">\u00a0<\/p><p class=\"x_MsoNormal\"><strong>DIARIO EL HERALDO\u00a0<\/strong><\/p><p class=\"x_MsoNormal\"><a href=\"https:\/\/www.litoralpress.cl\/paginaconsultas\/Servicios_NClip\/Get_Imagen_Nota.aspx?LPKey=6VHADCP2INMVNDZGB7M5BKTHI3CLYOVUKJKH7DPJ76FM3ZFFT4YEHYWPF7AOPW5V3EM3THJPSISBA\">Proyecto Academia Maule Ciencia de la Universidad de Talca a\u00fan cuenta con postulaciones abiertas. Se refiere Iv\u00e1n Coydan, director de Vinculaci\u00f3n con el Medio. \u00a0<\/a><\/p><p class=\"x_MsoNormal\"><span class=\"x_MsoHyperlink\">\u00a0<\/span><\/p><p class=\"x_MsoNormal\"><strong><span class=\"x_MsoHyperlink\">DIARIOELHERALDO.CL\u00a0<\/span><\/strong><\/p><p class=\"x_MsoNormal\"><a href=\"http:\/\/www.diarioelheraldo.cl\/noticia\/-proyecto-academia-maule-ciencia-de-la-universidad-de-talca-aun-cuenta-con-postulaciones-abiertas\"><span class=\"x_MsoHyperlink\">Proyecto Academia Maule Ciencia de la Universidad de Talca a\u00fan cuenta con postulaciones abiertas. Se refiere Iv\u00e1n Coydan, director de Vinculaci\u00f3n con el Medio.\u00a0<\/span><\/a><\/p><p class=\"x_MsoNormal\"><span class=\"x_MsoHyperlink\">\u00a0<\/span><\/p><p class=\"x_MsoNormal\"><strong><span class=\"x_MsoHyperlink\">ADPRENSA.CL\u00a0<\/span><\/strong><\/p><p class=\"x_MsoNormal\"><a href=\"https:\/\/www.adprensa.cl\/actividades-academicas\/centro-de-extension-curico-de-la-utalca-abre-sus-puertas-para-exposicion-presencial\/\"><span class=\"x_MsoHyperlink\">Centro de Extensi\u00f3n Curic\u00f3 de la UTalca abre sus puertas para exposici\u00f3n presencial. Se refiere Marcela Albornoz, directora de Extensi\u00f3n Cultural y Art\u00edstica. \u00a0<\/span><\/a><\/p><p class=\"x_MsoNormal\">\u00a0<\/p><p class=\"x_MsoNormal\"><strong>PUBLIMICRO.CL\u00a0<\/strong><\/p><p class=\"x_MsoNormal\"><a href=\"https:\/\/publimicro.cl\/centro-de-extension-curico-de-la-utalca-reabre-sus-puertas-con-muestra-dedicada-al-talento-femenino\/\">Centro de Extensi\u00f3n Curic\u00f3, de la Utalca, reabre sus puertas con muestra dedicada al talento femenino.\u00a0<\/a><\/p><p class=\"x_MsoNormal\">\u00a0<\/p>\t\t\t\t\t\t<\/div>\n\t\t\t\t<\/div>\n\t\t\t\t\t<\/div>\n\t\t<\/div>\n\t\t\t\t\t\t\t<\/div>\n\t\t<\/section>\n\t\t\t\t\t\t<\/div>\n\t\t\t\t\t<\/div>\n\t\t","protected":false},"excerpt":{"rendered":"<p>ADPRENSA.CL\u00a0 Universidad de Talca definir\u00e1 a su pr\u00f3ximo Rector.\u00a0 \u00a0 ELMAULEINFORMA.CL\u00a0 Universidad de Talca definir\u00e1 a su pr\u00f3ximo Rector.\u00a0 \u00a0 ADPRENSA.CL\u00a0 Universidad de Talca realizar\u00e1 su primer ensayo PAES presencial. Se refiere C\u00e9sar Retamal, director de Ciclo de Vida Estudiantil y Tania Mascar\u00f3, coordinadora de Vinculaci\u00f3n Escolar.\u00a0 \u00a0 DIARIO EL HERALDO\u00a0 Efecto de la pandemia: &hellip;<\/p>\n<p class=\"read-more\"> <a class=\"\" href=\"https:\/\/www.reportedeprensa.utalca.cl\/?p=3511\"> <span class=\"screen-reader-text\">31 de marzo de 2022<\/span> Read More &raquo;<\/a><\/p>\n","protected":false},"author":1,"featured_media":0,"comment_status":"closed","ping_status":"open","sticky":false,"template":"","format":"standard","meta":{"_monsterinsights_skip_tracking":false,"_monsterinsights_sitenote_active":false,"_monsterinsights_sitenote_note":"","_monsterinsights_sitenote_category":0},"categories":[19],"tags":[],"_links":{"self":[{"href":"https:\/\/www.reportedeprensa.utalca.cl\/index.php?rest_route=\/wp\/v2\/posts\/3511"}],"collection":[{"href":"https:\/\/www.reportedeprensa.utalca.cl\/index.php?rest_route=\/wp\/v2\/posts"}],"about":[{"href":"https:\/\/www.reportedeprensa.utalca.cl\/index.php?rest_route=\/wp\/v2\/types\/post"}],"author":[{"embeddable":true,"href":"https:\/\/www.reportedeprensa.utalca.cl\/index.php?rest_route=\/wp\/v2\/users\/1"}],"replies":[{"embeddable":true,"href":"https:\/\/www.reportedeprensa.utalca.cl\/index.php?rest_route=%2Fwp%2Fv2%2Fcomments&post=3511"}],"version-history":[{"count":4,"href":"https:\/\/www.reportedeprensa.utalca.cl\/index.php?rest_route=\/wp\/v2\/posts\/3511\/revisions"}],"predecessor-version":[{"id":3515,"href":"https:\/\/www.reportedeprensa.utalca.cl\/index.php?rest_route=\/wp\/v2\/posts\/3511\/revisions\/3515"}],"wp:attachment":[{"href":"https:\/\/www.reportedeprensa.utalca.cl\/index.php?rest_route=%2Fwp%2Fv2%2Fmedia&parent=3511"}],"wp:term":[{"taxonomy":"category","embeddable":true,"href":"https:\/\/www.reportedeprensa.utalca.cl\/index.php?rest_route=%2Fwp%2Fv2%2Fcategories&post=3511"},{"taxonomy":"post_tag","embeddable":true,"href":"https:\/\/www.reportedeprensa.utalca.cl\/index.php?rest_route=%2Fwp%2Fv2%2Ftags&post=3511"}],"curies":[{"name":"wp","href":"https:\/\/api.w.org\/{rel}","templated":true}]}}