{"id":3524,"date":"2022-04-01T09:06:55","date_gmt":"2022-04-01T12:06:55","guid":{"rendered":"https:\/\/www.reportedeprensa.utalca.cl\/?p=3524"},"modified":"2022-04-01T09:26:11","modified_gmt":"2022-04-01T12:26:11","slug":"01-de-abril-de-2022","status":"publish","type":"post","link":"https:\/\/www.reportedeprensa.utalca.cl\/?p=3524","title":{"rendered":"01 de abril de 2022"},"content":{"rendered":"\t\t<div data-elementor-type=\"wp-post\" data-elementor-id=\"3524\" class=\"elementor elementor-3524\" data-elementor-settings=\"[]\">\n\t\t\t\t\t\t\t<div class=\"elementor-section-wrap\">\n\t\t\t\t\t\t\t<section class=\"elementor-section elementor-top-section elementor-element elementor-element-551691d7 elementor-section-boxed elementor-section-height-default elementor-section-height-default\" data-id=\"551691d7\" data-element_type=\"section\">\n\t\t\t\t\t\t<div class=\"elementor-container elementor-column-gap-default\">\n\t\t\t\t\t<div class=\"elementor-column elementor-col-100 elementor-top-column elementor-element elementor-element-249cced\" data-id=\"249cced\" data-element_type=\"column\">\n\t\t\t<div class=\"elementor-widget-wrap elementor-element-populated\">\n\t\t\t\t\t\t\t\t<div class=\"elementor-element elementor-element-60e9cf41 elementor-widget elementor-widget-text-editor\" data-id=\"60e9cf41\" data-element_type=\"widget\" data-widget_type=\"text-editor.default\">\n\t\t\t\t<div class=\"elementor-widget-container\">\n\t\t\t\t\t\t\t\t<p class=\"x_MsoNormal\"><strong>ADPRENSA.CL\u00a0<\/strong><\/p><p class=\"x_MsoNormal\"><a href=\"https:\/\/www.adprensa.cl\/cronica\/universidad-de-talca-eligio-nuevo-rector\/\">Universidad de Talca eligi\u00f3 nuevo Rector.\u00a0<\/a><\/p><p>\u00a0<\/p><p class=\"x_MsoNormal\"><strong>DIARIOTALCA.CL\u00a0<\/strong><\/p><p class=\"x_MsoNormal\"><a href=\"https:\/\/diariotalca.cl\/nuevo-rector-utalca-estoy-sumamente-emocionado-y-muy-agradecido\/\">Nuevo rector UTalca: \u00abEstoy sumamente emocionado y muy agradecido\u00bb.\u00a0<\/a><\/p><p>\u00a0<\/p><p class=\"x_MsoNormal\"><strong>ELMAULEINFORMA.CL\u00a0<\/strong><\/p><p class=\"x_MsoNormal\"><a href=\"https:\/\/elmauleinforma.cl\/universidad-de-talca-eligio-nuevo-rector\/\">Universidad de Talca eligi\u00f3 nuevo Rector.\u00a0<\/a><\/p><p>\u00a0<\/p><p class=\"x_MsoNormal\"><strong>G5NOTICIAS.CL\u00a0<\/strong><\/p><p class=\"x_MsoNormal\"><a href=\"https:\/\/g5noticias.cl\/2022\/03\/31\/universidad-de-talca-eligio-nuevo-rector\/\">Universidad de Talca eligi\u00f3 nuevo Rector.\u00a0<\/a><\/p><p>\u00a0<\/p><p class=\"x_MsoNormal\"><strong>PUBLIMICRO.CL\u00a0<\/strong><\/p><p class=\"x_MsoNormal\"><a href=\"https:\/\/publimicro.cl\/universidad-de-talca-elige-como-nuevo-rector-al-profesor-carlos-torres\/\">Universidad de Talca elige como nuevo rector al profesor Carlos Torres.\u00a0<\/a><\/p><p>\u00a0<\/p><p class=\"x_MsoNormal\"><strong>DIARIO LA PRENSA\u00a0<\/strong><\/p><p class=\"x_MsoNormal\"><a href=\"https:\/\/www.litoralpress.cl\/paginaconsultas\/Servicios_NClip\/Get_Imagen_Nota.aspx?LPKey=37AO5M3WXSFBV7K526GXOW3SEEKCPQJKUPIPSWVC56BYFBIFEWG4LWCROAQU2K5GKWYUFSSMVH7BC\">Universidad de Talca define hoy su nuevo rector.\u00a0<\/a><\/p><p>\u00a0<\/p><p class=\"x_MsoNormal\"><strong>DIARIOTALCA.CL\u00a0<\/strong><\/p><p class=\"x_MsoNormal\"><a href=\"https:\/\/diariotalca.cl\/profesores-arcadio-cerda-y-carlos-torres-se-disputaran-hoy-la-rectoria-de-utalca\/\">Profesores Arcadio Cerda y Carlos Torres se disputar\u00e1n hoy la rector\u00eda de UTalca.\u00a0<\/a><\/p><p>\u00a0<\/p><p class=\"x_MsoNormal\"><strong>DIARIOLAPRENSA.CL\u00a0<\/strong><\/p><p class=\"x_MsoNormal\"><a href=\"https:\/\/new.diariolaprensa.cl\/index.php\/2022\/03\/31\/universidad-de-talca-define-hoy-su-nuevo-rector\/\">Universidad de Talca define hoy su nuevo rector.\u00a0<\/a><\/p><p>\u00a0<\/p><p class=\"x_MsoNormal\"><strong>DIARIOELHERALDO.CL\u00a0<\/strong><\/p><p class=\"x_MsoNormal\"><a href=\"http:\/\/www.diarioelheraldo.cl\/noticia\/gobierno-releva-rol-de-las-universidades-estatales\">Gobierno releva rol de las universidades estatales.\u00a0<\/a><\/p><p>\u00a0<\/p><p class=\"x_MsoNormal\"><strong>ELMAULEINFORMA.CL\u00a0<\/strong><\/p><p class=\"x_MsoNormal\"><a href=\"https:\/\/elmauleinforma.cl\/universidad-de-talca-realizara-su-primer-ensayo-paes-presencial\/\">Universidad de Talca realizar\u00e1 su primer ensayo PAES presencial. Se refieren C\u00e9sar Retamal, director de Ciclo de Vida Estudiantil y Tania Mascar\u00f3, coordinadora de Vinculaci\u00f3n Escolar. \u00a0<\/a><\/p><p>\u00a0<\/p><p class=\"x_MsoNormal\"><strong>LA SEGUNDA\u00a0<\/strong><\/p><p class=\"x_MsoNormal\"><a href=\"https:\/\/www.litoralpress.cl\/sitio\/Prensa_Detalles.cshtml?LPKey=EXSSHPSPU4WRDEPMLVWDIDMRXHBGFYO5L6GRNOWRJIBDICG2773A\">Gu\u00eda de Mag\u00edsteres.\u00a0<\/a><\/p><p>\u00a0<\/p><p class=\"x_MsoNormal\"><strong>ELMOSTRADOR\u00a0<\/strong><\/p><p class=\"x_MsoNormal\"><a href=\"https:\/\/www.elmostrador.cl\/destacado\/2022\/04\/01\/cuantas-regiones-debe-tener-el-estado-regional\/\">\u00bfCu\u00e1ntas regiones debe tener el Estado Regional? Se refiere Dany Jaimovich, acad\u00e9mico de la Facultad de Econom\u00eda y Negocios (FEN).\u00a0<\/a><\/p><p>\u00a0<\/p><p class=\"x_MsoNormal\"><strong>CANAL UCHILE TV\u00a0<\/strong><\/p><p class=\"x_MsoNormal\"><a href=\"https:\/\/www.litoralpress.cl\/sitio\/RadioTV_Detalles.cshtml?LPKey=YIKGAUFEUSUQP4ZQOP4JSXUPJBY3J76YEMZHNIESWZN3Q7IUL24A\">Entrevista a Marcelo Alarc\u00f3n, acad\u00e9mico del Departamento de Bioqu\u00edmica Cl\u00ednica e Inmunohematolog\u00eda.\u00a0<\/a><\/p><p>\u00a0<\/p><p class=\"x_MsoNormal\"><strong>ELMOSTRADOR.CL\u00a0<\/strong><\/p><p class=\"x_MsoNormal\"><a href=\"https:\/\/www.elmostrador.cl\/agenda-pais\/2022\/04\/01\/6g-nueva-tecnologia-podria-llegar-a-chile-a-finales-de-la-decada\/\">6G: Nueva tecnolog\u00eda podr\u00eda llegar a Chile a finales de la d\u00e9cada. Ricardo P\u00e9rez, acad\u00e9mico de la Facultad de Ingenier\u00eda. \u00a0<\/a><\/p><p>\u00a0<\/p><p class=\"x_MsoNormal\"><strong>RADIO USACH\u00a0<\/strong><\/p><p class=\"x_MsoNormal\"><a href=\"https:\/\/www.litoralpress.cl\/sitio\/RadioTV_Detalles.cshtml?LPKey=EUI4P5LSX4UPIM72FBZ4KLSJPVWQXG22RP24WS7XGZ2F6GJZ7STA\">Entrevista a Ricardo P\u00e9rez, acad\u00e9mico del Departamento de Ciencias de la Computaci\u00f3n. \u00a0<\/a><\/p><p>\u00a0<\/p><p class=\"x_MsoNormal\"><strong>ATENTOSCHILE.CL\u00a0<\/strong><\/p><p class=\"x_MsoNormal\"><a href=\"https:\/\/www.litoralpress.cl\/sitio\/RadioTV_Detalles.cshtml?LPKey=TDP63XBZGX3IAORJZOI7ODVFC4HLXSQ3VEIRLXRGP6IOYWN6XIUQ\">Entrevista a Ximena Colipan, acad\u00e9mica de la Facultad de Ciencias de la Educaci\u00f3n.\u00a0<\/a><\/p><p>\u00a0<\/p><p class=\"x_MsoNormal\"><strong>RADIO MARISOL\u00a0<\/strong><\/p><p class=\"x_MsoNormal\"><a href=\"https:\/\/www.litoralpress.cl\/sitio\/RadioTV_Detalles.cshtml?LPKey=JX65XHKTKEJK4X535MIYLO22RYJBEK5IX5ICPFFV733A2SDAUTTQ\">Entrevista a Ximena Colipan, acad\u00e9mica de la Facultad de Ciencias de la Educaci\u00f3n.\u00a0<\/a><\/p><p>\u00a0<\/p><p class=\"x_MsoNormal\"><strong>EMOL.COM\u00a0<\/strong><\/p><p class=\"x_MsoNormal\"><a href=\"https:\/\/www.emol.com\/noticias\/Economia\/2022\/04\/01\/1056671\/desafios-nuevo-presidente-directorio-codelco.html\">Inversi\u00f3n, sustentabilidad y presiones pol\u00edticas: Los desaf\u00edos de M\u00e1ximo Pacheco como presidente del directorio de Codelco. Se refiere Francisco Rivas, director de la Escuela de Ingenier\u00eda Civil de Minas.\u00a0<\/a><\/p><p>\u00a0<\/p><p class=\"x_MsoNormal\"><strong>CANAL CONTIVISI\u00d3N\u00a0<\/strong><\/p><p class=\"x_MsoNormal\"><a href=\"https:\/\/www.litoralpress.cl\/sitio\/RadioTV_Detalles.cshtml?LPKey=G5K6OF4JJSESNCMU4TJOET27VHALIRMXBF6TLYVQWVYLB6KUFU2Q\">Alza en el precio de los alimentos preocupa a maulinos. Se refiere Germ\u00e1n Lobos, acad\u00e9mico de la Facultad de Econom\u00eda y Negocios (FEN),\u00a0<\/a><\/p><p>\u00a0<\/p><p class=\"x_MsoNormal\"><strong>RADIO AGRICULTURA\u00a0<\/strong><\/p><p class=\"x_MsoNormal\"><a href=\"https:\/\/www.litoralpress.cl\/sitio\/RadioTV_Detalles.cshtml?LPKey=BDVTBKDSFMKLV7XEWIQAOZP6I7NBUQWDBDMZP3HEWT2OWKT2Z52A\">Chile necesita fortalecer su seguridad alimentaria. Se menciona a la UTalca.\u00a0<\/a><\/p><p>\u00a0<\/p><p class=\"x_MsoNormal\"><strong>PUBLIMETRO.CL\u00a0<\/strong><\/p><p class=\"x_MsoNormal\"><a href=\"https:\/\/www.publimetro.cl\/noticias\/2022\/03\/31\/bernardo-fontaine-deja-la-escoba-en-redes-sociales-y-convencionales-lo-desmienten\/\">Bernardo Fontaine deja la escoba en redes sociales y Convencionales lo desmienten. Se refiere Andrea Bentancor, acad\u00e9mica de la Facultad de Econom\u00eda y Negocios (FEN). \u00a0<\/a><\/p><p>\u00a0<\/p><p class=\"x_MsoNormal\"><strong>CANAL MEGA \u00a0<\/strong><\/p><p class=\"x_MsoNormal\"><a href=\"https:\/\/www.litoralpress.cl\/sitio\/RadioTV_Detalles.cshtml?LPKey=Q24RMEUJLD7B5TFWR52JL75YBLDC6OPVEZ2FNVSXQ2HPXDCFMGBQ\">Convenci\u00f3n Constitucional: Comisi\u00f3n de Sistema Pol\u00edtico aprob\u00f3 bajar edad de sufragio desde los 16 a\u00f1os. Se refiere Mauricio Morales, director del Centro de An\u00e1lisis Pol\u00edtico (CAP).\u00a0<\/a><\/p><p>\u00a0<\/p><p class=\"x_MsoNormal\"><strong>CANAL TVN\u00a0<\/strong><\/p><p class=\"x_MsoNormal\"><a href=\"https:\/\/www.litoralpress.cl\/sitio\/RadioTV_Detalles.cshtml?LPKey=YNPKQIFKIFTYYFX35OGY6TD4BCUJ62QNCO3J6ERYMTXBJS6XHLMA\">Desarrollo de la Convenci\u00f3n Constitucional.\u00a0Se refiere Mauricio Morales, director del Centro de An\u00e1lisis Pol\u00edtico (CAP).\u00a0<\/a><\/p><p>\u00a0<\/p><p class=\"x_MsoNormal\"><strong>CANAL 24 HORAS\u00a0<\/strong><\/p><p class=\"x_MsoNormal\"><a href=\"https:\/\/www.litoralpress.cl\/sitio\/RadioTV_Detalles.cshtml?LPKey=BWY5BCOY5MJPKCUBWPMACU3YQY7FSV26S47XV7N66MWI6DEZ5QHQ\">Desarrollo de la Convenci\u00f3n Constitucional. Se refiere Mauricio Morales, director del Centro de An\u00e1lisis Pol\u00edtico (CAP).\u00a0<\/a><\/p><p>\u00a0<\/p><p class=\"x_MsoNormal\"><strong>CANAL MEGA PLUS\u00a0<\/strong><\/p><p class=\"x_MsoNormal\"><a href=\"https:\/\/www.litoralpress.cl\/sitio\/RadioTV_Detalles.cshtml?LPKey=RXBRPUON4K3QNBHLVQ7BCCEOLYUEGFL2JSLSQK62K7UXTGUO633A\">Convenci\u00f3n Constitucional: Comisi\u00f3n de Sistema Pol\u00edtico aprob\u00f3 bajar edad de sufragio desde los 16 a\u00f1os. Se refiere Mauricio Morales, director del Centro de An\u00e1lisis Pol\u00edtico (CAP).\u00a0<\/a><\/p><p>\u00a0<\/p><p class=\"x_MsoNormal\"><strong>RADIO INFINITA\u00a0<\/strong><\/p><p class=\"x_MsoNormal\"><a href=\"https:\/\/www.litoralpress.cl\/sitio\/RadioTV_Detalles.cshtml?LPKey=4ADCCNM3MBFHPHIVPMWEU7M422AZFCKKU6RUX2QAUEL76EE5NW7A\">Comentario de pol\u00edtica de Mauricio Morales, director del Centro de An\u00e1lisis Pol\u00edtico (CAP).\u00a0<\/a><\/p><p>\u00a0<\/p><p class=\"x_MsoNormal\"><strong>RADIO INFINITA\u00a0<\/strong><\/p><p class=\"x_MsoNormal\"><a href=\"https:\/\/www.litoralpress.cl\/sitio\/RadioTV_Detalles.cshtml?LPKey=GMLQA7FWQWCLPM6D57WPTHCY4YDS3IAX5CWXZMZ7ZBIKGTPJ4SUA\">Comentario de pol\u00edtica de Mauricio Morales, director del Centro de An\u00e1lisis Pol\u00edtico (CAP).\u00a0<\/a><\/p><p>\u00a0<\/p><p class=\"x_MsoNormal\"><strong>DIARIOELHERALDO.CL\u00a0<\/strong><\/p><p class=\"x_MsoNormal\"><a href=\"http:\/\/www.diarioelheraldo.cl\/noticia\/rodrigo-hernandez-nuevo-seremi-de-vivienda-y-urbanismo-un-orgullo-y-una-enorme-responsabilidad-liderar-al-minvu-del-maule\">Rodrigo Hern\u00e1ndez, nuevo Seremi de Vivienda y Urbanismo: \u201cUn orgullo y una enorme responsabilidad liderar al Minvu del Maule\u201d. Se menciona a la UTalca.\u00a0<\/a><\/p><p>\u00a0<\/p><p class=\"x_MsoNormal\"><strong>DIARIOELHERALDO.CL\u00a0<\/strong><\/p><p class=\"x_MsoNormal\"><a href=\"http:\/\/www.diarioelheraldo.cl\/noticia\/explora-maule-busca-a-estudiantes-con-ideas-para-mejorar-la-vida-de-sus-territorios\">Explora Maule busca a estudiantes con ideas para mejorar la vida de sus territorios. Se refiere Iv\u00e1n Coydan, director de Vinculaci\u00f3n con el Medio. \u00a0<\/a><\/p><p>\u00a0<\/p><p class=\"x_MsoNormal\"><strong>CANAL TVN RED MAULE\u00a0<\/strong><\/p><p class=\"x_MsoNormal\"><a href=\"https:\/\/www.litoralpress.cl\/sitio\/RadioTV_Detalles.cshtml?LPKey=C7ZWHLBGGAMCWAJHJAVAR2ROXP7A3RMGTMSA7O366PQLNOOTQC5Q\">Ma\u00f1ana se inaugurar\u00e1 el segundo ciclo de la catedra hispanoamericana Oreste Plath. Se menciona a la UTalca.\u00a0<\/a><\/p><p>\u00a0<\/p><p class=\"x_MsoNormal\"><strong>DIARIO EL L\u00cdDER\u00a0<\/strong><\/p><p class=\"x_MsoNormal\"><a href=\"https:\/\/www.litoralpress.cl\/paginaconsultas\/Servicios_NClip\/Get_Imagen_Nota.aspx?LPKey=SAAND7PMBXHOO2ORFSA2O5GSCGOREPLWEY5K7ZQ3HSAFKFX6DLDQ2NIUOHMCVJP27AYZE7X7SKU6Q\">Los 115 a\u00f1os del muse\u00f3logo Oreste Plath. Se menciona a la UTalca.\u00a0<\/a><\/p><p class=\"x_MsoNormal\">\u00a0<\/p><p class=\"x_MsoNormal\">\u00a0<\/p>\t\t\t\t\t\t<\/div>\n\t\t\t\t<\/div>\n\t\t\t\t\t<\/div>\n\t\t<\/div>\n\t\t\t\t\t\t\t<\/div>\n\t\t<\/section>\n\t\t\t\t\t\t<\/div>\n\t\t\t\t\t<\/div>\n\t\t","protected":false},"excerpt":{"rendered":"<p>ADPRENSA.CL\u00a0 Universidad de Talca eligi\u00f3 nuevo Rector.\u00a0 \u00a0 DIARIOTALCA.CL\u00a0 Nuevo rector UTalca: \u00abEstoy sumamente emocionado y muy agradecido\u00bb.\u00a0 \u00a0 ELMAULEINFORMA.CL\u00a0 Universidad de Talca eligi\u00f3 nuevo Rector.\u00a0 \u00a0 G5NOTICIAS.CL\u00a0 Universidad de Talca eligi\u00f3 nuevo Rector.\u00a0 \u00a0 PUBLIMICRO.CL\u00a0 Universidad de Talca elige como nuevo rector al profesor Carlos Torres.\u00a0 \u00a0 DIARIO LA PRENSA\u00a0 Universidad de Talca define &hellip;<\/p>\n<p class=\"read-more\"> <a class=\"\" href=\"https:\/\/www.reportedeprensa.utalca.cl\/?p=3524\"> <span class=\"screen-reader-text\">01 de abril de 2022<\/span> Read More &raquo;<\/a><\/p>\n","protected":false},"author":1,"featured_media":0,"comment_status":"closed","ping_status":"open","sticky":false,"template":"","format":"standard","meta":{"_monsterinsights_skip_tracking":false,"_monsterinsights_sitenote_active":false,"_monsterinsights_sitenote_note":"","_monsterinsights_sitenote_category":0},"categories":[20],"tags":[],"_links":{"self":[{"href":"https:\/\/www.reportedeprensa.utalca.cl\/index.php?rest_route=\/wp\/v2\/posts\/3524"}],"collection":[{"href":"https:\/\/www.reportedeprensa.utalca.cl\/index.php?rest_route=\/wp\/v2\/posts"}],"about":[{"href":"https:\/\/www.reportedeprensa.utalca.cl\/index.php?rest_route=\/wp\/v2\/types\/post"}],"author":[{"embeddable":true,"href":"https:\/\/www.reportedeprensa.utalca.cl\/index.php?rest_route=\/wp\/v2\/users\/1"}],"replies":[{"embeddable":true,"href":"https:\/\/www.reportedeprensa.utalca.cl\/index.php?rest_route=%2Fwp%2Fv2%2Fcomments&post=3524"}],"version-history":[{"count":7,"href":"https:\/\/www.reportedeprensa.utalca.cl\/index.php?rest_route=\/wp\/v2\/posts\/3524\/revisions"}],"predecessor-version":[{"id":3534,"href":"https:\/\/www.reportedeprensa.utalca.cl\/index.php?rest_route=\/wp\/v2\/posts\/3524\/revisions\/3534"}],"wp:attachment":[{"href":"https:\/\/www.reportedeprensa.utalca.cl\/index.php?rest_route=%2Fwp%2Fv2%2Fmedia&parent=3524"}],"wp:term":[{"taxonomy":"category","embeddable":true,"href":"https:\/\/www.reportedeprensa.utalca.cl\/index.php?rest_route=%2Fwp%2Fv2%2Fcategories&post=3524"},{"taxonomy":"post_tag","embeddable":true,"href":"https:\/\/www.reportedeprensa.utalca.cl\/index.php?rest_route=%2Fwp%2Fv2%2Ftags&post=3524"}],"curies":[{"name":"wp","href":"https:\/\/api.w.org\/{rel}","templated":true}]}}