{"id":3548,"date":"2022-04-04T10:17:28","date_gmt":"2022-04-04T13:17:28","guid":{"rendered":"https:\/\/www.reportedeprensa.utalca.cl\/?p=3548"},"modified":"2022-04-04T10:25:03","modified_gmt":"2022-04-04T13:25:03","slug":"04-de-abril-de-2022","status":"publish","type":"post","link":"https:\/\/www.reportedeprensa.utalca.cl\/?p=3548","title":{"rendered":"04 de abril de 2022"},"content":{"rendered":"\t\t<div data-elementor-type=\"wp-post\" data-elementor-id=\"3548\" class=\"elementor elementor-3548\" data-elementor-settings=\"[]\">\n\t\t\t\t\t\t\t<div class=\"elementor-section-wrap\">\n\t\t\t\t\t\t\t<section class=\"elementor-section elementor-top-section elementor-element elementor-element-551691d7 elementor-section-boxed elementor-section-height-default elementor-section-height-default\" data-id=\"551691d7\" data-element_type=\"section\">\n\t\t\t\t\t\t<div class=\"elementor-container elementor-column-gap-default\">\n\t\t\t\t\t<div class=\"elementor-column elementor-col-100 elementor-top-column elementor-element elementor-element-249cced\" data-id=\"249cced\" data-element_type=\"column\">\n\t\t\t<div class=\"elementor-widget-wrap elementor-element-populated\">\n\t\t\t\t\t\t\t\t<div class=\"elementor-element elementor-element-60e9cf41 elementor-widget elementor-widget-text-editor\" data-id=\"60e9cf41\" data-element_type=\"widget\" data-widget_type=\"text-editor.default\">\n\t\t\t\t<div class=\"elementor-widget-container\">\n\t\t\t\t\t\t\t\t<p class=\"x_MsoNormal\"><strong>EL MERCURIO\u00a0<\/strong><\/p><p class=\"x_MsoNormal\"><a href=\"https:\/\/www.litoralpress.cl\/paginaconsultas\/Servicios_NClip\/Get_Imagen_Nota.aspx?LPKey=D4MOKO2BYG3BTYIF45JZU65SFYB2SHIJERTED7OLDB6SI6SBROBV2RWBAAIXUUPXCDVGJ46IAKWU4\">Acad\u00e9mico Carlos Torres ser\u00e1 el rector de la U. De Talca.\u00a0<\/a><\/p><p class=\"x_MsoNormal\">\u00a0<\/p><p class=\"x_MsoNormal\"><strong>COOPERATIVA.CL\u00a0<\/strong><\/p><p class=\"x_MsoNormal\"><a href=\"https:\/\/www.cooperativa.cl\/noticias\/pais\/educacion\/universidades\/academico-de-la-facultad-de-ingenieria-es-el-nuevo-rector-de-la\/2022-04-01\/095850.html\">Acad\u00e9mico de la Facultad de Ingenier\u00eda es el nuevo rector de la Universidad de Talca.\u00a0<\/a><\/p><p class=\"x_MsoNormal\">\u00a0<\/p><p class=\"x_MsoNormal\"><strong>CANAL TVN RED MAULE\u00a0<\/strong><\/p><p class=\"x_MsoNormal\"><a href=\"https:\/\/www.litoralpress.cl\/sitio\/RadioTV_Detalles.cshtml?LPKey=GHVTR7AQYUW4DUIGMHHDDHDDSYBJU2EJ6YIMHU5BAR6U4FMKD3SA\">Carlos Torres es el nuevo rector de la Universidad de Talca.\u00a0<\/a><\/p><p class=\"x_MsoNormal\">\u00a0<\/p><p class=\"x_MsoNormal\"><strong>DIARIO LA PRENSA\u00a0<\/strong><\/p><p class=\"x_MsoNormal\"><a href=\"https:\/\/www.litoralpress.cl\/sitio\/Prensa_Detalles.cshtml?LPKey=2JP5PRMAX6DSYV2UFQHT3BYT4B37HB2OSNNIGUP6KDAX5MRXDRNA\">Portada: Carlos Torres es el nuevo rector de la Universidad de Talca.\u00a0<\/a><\/p><p class=\"x_MsoNormal\">\u00a0<\/p><p class=\"x_MsoNormal\"><strong>DIARIO LA PRENSA\u00a0<\/strong><\/p><p class=\"x_MsoNormal\"><a href=\"https:\/\/www.litoralpress.cl\/sitio\/Prensa_Detalles.cshtml?LPKey=TKFIAOEFJEJFJ2CGL4TU27U56RPK6SF3LQXB4TTVPBEFNEFQXJCQ\">Carlos Torres Fuchslocher es electo nuevo rector de la UTalca.\u00a0<\/a><\/p><p class=\"x_MsoNormal\">\u00a0<\/p><p class=\"x_MsoNormal\"><strong>DIARIOLAPRENSA.CL\u00a0<\/strong><\/p><p class=\"x_MsoNormal\"><a href=\"https:\/\/new.diariolaprensa.cl\/index.php\/2022\/04\/01\/carlos-torres-fuchslocher-es-electo-nuevo-rector-de-la-utalca\/\">Carlos Torres Fuchslocher es electo nuevo rector de la UTalca.\u00a0<\/a><\/p><p class=\"x_MsoNormal\">\u00a0<\/p><p class=\"x_MsoNormal\"><strong>DIARIO EL HERALDO \u00a0<\/strong><\/p><p class=\"x_MsoNormal\"><a href=\"https:\/\/www.litoralpress.cl\/paginaconsultas\/Servicios_NClip\/Get_Imagen_Nota.aspx?LPKey=OFJLWANJMDLFM3DMOYZB7PHZ6LGI3JDMBRLYDIKJLVT2B4S6HSP3U6DU4EF2LEF4BU2MA6B5Y22XC\">Portada: Universidad de Talca eligi\u00f3 nuevo rector. \u00a0<\/a><\/p><p class=\"x_MsoNormal\">\u00a0<\/p><p class=\"x_MsoNormal\"><strong>DIARIO EL HERALDO\u00a0<\/strong><\/p><p class=\"x_MsoNormal\"><a href=\"https:\/\/www.litoralpress.cl\/paginaconsultas\/Servicios_NClip\/Get_Imagen_Nota.aspx?LPKey=7TNBN6M66Z7JBGK23W63RDEYSWHTM554AM2K22KVVQCJPOAIZRP47MUR43SUGSOGJVSPTOP2PTJPS\">Universidad de Talca eligi\u00f3 nuevo rector. \u00a0<\/a><\/p><p class=\"x_MsoNormal\">\u00a0<\/p><p class=\"x_MsoNormal\"><strong>CANAL CONTIVISI\u00d3N\u00a0<\/strong><\/p><p class=\"x_MsoNormal\"><a href=\"https:\/\/www.litoralpress.cl\/sitio\/RadioTV_Detalles.cshtml?LPKey=6JAGORTQ2KHABJ2KYOWLD7ENUHEEMZDTGJM6NUHXHS2TLPUYA6PA\">Acad\u00e9mico Carlos Torres alcanz\u00f3 el 50,7% de los votos en segunda vuelta por la rector\u00eda de la U. de Talca.\u00a0<\/a><\/p><p class=\"x_MsoNormal\">\u00a0<\/p><p class=\"x_MsoNormal\"><strong>RADIO FAVORITA\u00a0<\/strong><\/p><p class=\"x_MsoNormal\"><a href=\"https:\/\/www.litoralpress.cl\/sitio\/RadioTV_Detalles.cshtml?LPKey=I62RHC65AJK4W6UYTOYMTGBWOI35YQLYQJ7KKOSX6PJI6VSTXKZQ\">Carlos Torres es elegido como rector de la Universidad de Talca.\u00a0<\/a><\/p><p class=\"x_MsoNormal\">\u00a0<\/p><p class=\"x_MsoNormal\"><strong>DIARIO EL HERALDO\u00a0<\/strong><\/p><p class=\"x_MsoNormal\"><a href=\"https:\/\/www.litoralpress.cl\/paginaconsultas\/Servicios_NClip\/Get_Imagen_Nota.aspx?LPKey=7VV4D32ZYQT4GVEJE2EZBTB7BXTNB7LQF3DSDZ52WYLWFX5EAGYIKW5P23T3DC2I4PEHEZHWZY4FS\">Gobierno releva rol de las universidades estatales.\u00a0<\/a><\/p><p class=\"x_MsoNormal\">\u00a0<\/p><p class=\"x_MsoNormal\"><strong>DIARIOELHERALDO.CL\u00a0<\/strong><\/p><p class=\"x_MsoNormal\"><a href=\"http:\/\/www.diarioelheraldo.cl\/noticia\/gobierno-releva-rol-de-las-universidades-estatales\">Gobierno releva rol de las universidades estatales.\u00a0<\/a><\/p><p class=\"x_MsoNormal\">\u00a0<\/p><p class=\"x_MsoNormal\"><strong>DIARIO LA PRENSA\u00a0<\/strong><\/p><p class=\"x_MsoNormal\"><a href=\"https:\/\/www.litoralpress.cl\/paginaconsultas\/Servicios_NClip\/Get_Imagen_Nota.aspx?LPKey=IUO73Q7KMN7Q3BFU465J63PQ2MGYMZ6JH3ZGHTXKQPCPH2X3VB3MIMMJY5MVYSZMHD7BH4VEFM2M4\">La UTalca se iluminar\u00e1 para concientizar a la comunidad sobre el espectro autista.<\/a> \u00a0\u00a0<\/p><p class=\"x_MsoNormal\"><strong>PUBLIMICRO.CL\u00a0<\/strong><\/p><p class=\"x_MsoNormal\"><a href=\"https:\/\/publimicro.cl\/universidad-de-talca-se-iluminara-para-concientizar-a-la-comunidad-sobre-el-espectro-autista\/\">Universidad de Talca se iluminar\u00e1 para concientizar a la comunidad sobre el espectro autista.\u00a0<\/a><\/p><p class=\"x_MsoNormal\">\u00a0<\/p><p class=\"x_MsoNormal\"><strong>MAULEHOY.CL\u00a0<\/strong><\/p><p class=\"x_MsoNormal\"><a href=\"https:\/\/maulehoy.cl\/2022\/04\/02\/en-las-regiones-tienen-que-estar-los-mejores-profesionales-para-atender-a-las-personas-con-tea-y-no-se-puede-discriminar-entre-quienes-pueden-o-no-pueden-pagar\/\">\u201cEn las regiones tienen que estar los mejores profesionales para atender a las personas con TEA y no se puede discriminar entre quienes pueden o no pagar\u201d.\u00a0\u00a0Se refiere Carlos Gonz\u00e1lez, acad\u00e9mico de la Facultad de Ciencias de la Salud.\u00a0<\/a><\/p><p class=\"x_MsoNormal\">\u00a0<\/p><p class=\"x_MsoNormal\"><strong>CANAL TVN RED MAULE\u00a0<\/strong><\/p><p class=\"x_MsoNormal\"><a href=\"https:\/\/www.litoralpress.cl\/sitio\/RadioTV_Detalles.cshtml?LPKey=QY5DZMYG7WTY3EB3D4MGGNSAXMH34ZGBAFG3AURZ3N47P5IKZQTQ\">Universidad de Talca realizar\u00e1 primer ensayo presencial de PAES.\u00a0<\/a><\/p><p class=\"x_MsoNormal\">\u00a0<\/p><p class=\"x_MsoNormal\"><strong>CANAL CONTIVISI\u00d3N\u00a0<\/strong><\/p><p class=\"x_MsoNormal\"><a href=\"https:\/\/www.litoralpress.cl\/sitio\/RadioTV_Detalles.cshtml?LPKey=2HAK4YNSCXPMHMAUFLCVVOLSRT5OPQ7GCM6L6XU5CHM2RCDBFI4A\">Escolares podr\u00e1n inscribirse para un ensayo de la prueba PAES en el campus de la UTalca. Se refieren C\u00e9sar Retamal, director Ciclo de Vida Estudiantil y Tania Mascar\u00f3, coordinadora Unidad de Vinculaci\u00f3n Escolar.\u00a0<\/a><\/p><p class=\"x_MsoNormal\">\u00a0<\/p><p class=\"x_MsoNormal\"><strong>DIARIO LA PRENSA\u00a0<\/strong><\/p><p class=\"x_MsoNormal\"><a href=\"https:\/\/www.litoralpress.cl\/paginaconsultas\/Servicios_NClip\/Get_Imagen_Nota.aspx?LPKey=BAHHE2AVQD65QGJ4RM3WQQWCIONUIK7HXF75VF5RU456MSYANDECBM3WFC3OMBQGLJE7VJWTAXMDC\">Acad\u00e9micos y exalumnos de UTalca asumieron como seremis en el Maule\u00a0<\/a><\/p><p class=\"x_MsoNormal\">\u00a0<\/p><p class=\"x_MsoNormal\"><strong>DIARIO EL LECTOR\u00a0<\/strong><\/p><p class=\"x_MsoNormal\"><a href=\"https:\/\/www.litoralpress.cl\/paginaconsultas\/Servicios_NClip\/Get_Imagen_Nota.aspx?LPKey=UXGR5EAVRTIFLSAHOZLHZWOLFRLZDEKXBIF2PKX5CZVPIZD2KBRJHSEDRVWKN5Z2QG66VJGWKCV3Y\">Utalinos asumieron como seremis en la regi\u00f3n del Maule.\u00a0<\/a><\/p><p class=\"x_MsoNormal\">\u00a0<\/p><p class=\"x_MsoNormal\"><strong>EL MERCURIO\u00a0<\/strong><\/p><p class=\"x_MsoNormal\"><a href=\"https:\/\/www.litoralpress.cl\/paginaconsultas\/Servicios_NClip\/Get_Imagen_Nota.aspx?LPKey=R2II6AILTAR2PLP2UWYIRUFRPFSNIJX6BSXZ43UCKZO3TWQHNIDIYC7E5LTOCO3RKVSAU7G7H4R7A\">\u00bf150 mil o 3 mil 600? N\u00famero de participantes en los cabildos y encuentros autoconvocados causa desacuerdo en la Convenci\u00f3n. Se refiere Humberto Nogueira, director del Centro de Estudios Constitucionales de Chile (CECOCH).\u00a0<\/a><\/p><p class=\"x_MsoNormal\">\u00a0<\/p><p class=\"x_MsoNormal\"><strong>CANAL CHILEVISI\u00d3N\u00a0<\/strong><\/p><p class=\"x_MsoNormal\"><a href=\"https:\/\/www.litoralpress.cl\/sitio\/RadioTV_Detalles.cshtml?LPKey=WBBJGGR2IFQNU3TUQU7JC7H7OMQS3S2ASV4HLFKHUZB6MCICZTLQ\">Alzas que afectan la forma de calefaccionarse. Se refiere Mar\u00eda Luisa del Campo, directora del Centro Tecnol\u00f3gico Kipus.\u00a0<\/a><\/p><p class=\"x_MsoNormal\">\u00a0<\/p><p class=\"x_MsoNormal\"><strong>EL MERCURIO\u00a0<\/strong><\/p><p class=\"x_MsoNormal\"><a href=\"https:\/\/www.litoralpress.cl\/paginaconsultas\/Servicios_NClip\/Get_Imagen_Nota.aspx?LPKey=TKVUCW36EF7MBEGQQ5746CK6MQQZHQ3YUL622JUSTLLU2XX3YULILVD6DJ6YEDWZHGPZRDZZU5C52\">Alvin Salda\u00f1a dice que \u201cen Chile 400 mil familias se abastecen de agua mediante camiones aljibe\u201d. Se refiere Patricio Gonz\u00e1lez, acad\u00e9mico del Centro de Investigaci\u00f3n y Transferencia en Riego y Agroclimatolog\u00eda (CITRA).\u00a0<\/a><\/p><p class=\"x_MsoNormal\">\u00a0<\/p><p class=\"x_MsoNormal\"><strong>EL MERCURIO\u00a0<\/strong><\/p><p class=\"x_MsoNormal\"><a href=\"https:\/\/www.litoralpress.cl\/paginaconsultas\/Servicios_NClip\/Get_Imagen_Nota.aspx?LPKey=N7MMY4TKRUYUDQUV3EXFPAYWFUJAFARNGXKZFO4ZPCLAWF5JXXDKJR5CQ6OR655LGFDSGJSTJ5ILK\">Chile necesita profesores&#8230; y ellos optaron por asumir el desaf\u00edo. Se refiere Sebasti\u00e1n Acu\u00f1a, estudiante de Pedagog\u00eda en Ingl\u00e9s. \u00a0<\/a><\/p><p class=\"x_MsoNormal\">\u00a0<\/p><p class=\"x_MsoNormal\"><strong>NUEVOPODER.CL\u00a0<\/strong><\/p><p class=\"x_MsoNormal\"><a href=\"https:\/\/www.nuevopoder.cl\/cuantas-regiones-debe-tener-el-estado-regional\/\">\u00bfCu\u00e1ntas regiones debe tener el Estado Regional? Se refiere Dany Jaimovich, acad\u00e9mico de la Facultad de Econom\u00eda y Negocios (FEN).\u00a0<\/a><\/p><p class=\"x_MsoNormal\">\u00a0<\/p><p class=\"x_MsoNormal\"><strong>CANAL TV5 LINARES\u00a0<\/strong><\/p><p class=\"x_MsoNormal\"><a href=\"https:\/\/www.litoralpress.cl\/sitio\/RadioTV_Detalles.cshtml?LPKey=262MZQZTCZTIHZV4RCEG57POXLBMOS5N3OKATZRDV3O3Q3I2LZEA\">Desempleo en el Maule: 4,7%. Se refiere Juan Andr\u00e9s Riquelme, acad\u00e9mico de la Facultad de Econom\u00eda y Negocios (FEN).\u00a0<\/a><\/p><p class=\"x_MsoNormal\">\u00a0<\/p><p class=\"x_MsoNormal\"><strong>CANAL ANTOFAGASTA TV\u00a0<\/strong><\/p><p class=\"x_MsoNormal\"><a href=\"https:\/\/www.litoralpress.cl\/sitio\/RadioTV_Detalles.cshtml?LPKey=ILD5ADQGNYA2ZBMLXQIBEPEBOW73UJYPDOWGORHVS4OW5DQRIEHQ\">Desempleo en la regi\u00f3n del Maule baj\u00f3 a un 4,7%. Se refiere Juan Andr\u00e9s Riquelme, acad\u00e9mico de la Facultad de Econom\u00eda y Negocios (FEN).\u00a0<\/a><\/p><p class=\"x_MsoNormal\">\u00a0<\/p><p class=\"x_MsoNormal\"><strong>CANAL CONTIVISI\u00d3N\u00a0<\/strong><\/p><p class=\"x_MsoNormal\"><a href=\"https:\/\/www.litoralpress.cl\/sitio\/RadioTV_Detalles.cshtml?LPKey=G5K6OF4JJSESNCMU4TJOET27VHALIRMXBF6TLYVQWVYLB6KUFU2Q\">Alza en el precio de los alimentos preocupa a maulinos. Se refiere Germ\u00e1n Lobos, acad\u00e9mico de la Facultad de Econom\u00eda y Negocios (FEN).\u00a0<\/a><\/p><p class=\"x_MsoNormal\">\u00a0<\/p><p class=\"x_MsoNormal\"><strong>CANAL ANTOFAGASTA TV\u00a0<\/strong><\/p><p class=\"x_MsoNormal\"><a href=\"https:\/\/www.litoralpress.cl\/sitio\/RadioTV_Detalles.cshtml?LPKey=NP4AG3CZB3A5L7JJUF2KFHUUUDQPQIGAH6BEG7GNN4R5GKPWRDMA\">Siguen subiendo los precios: Expertos anuncian nuevas alzas. Se refiere Germ\u00e1n Lobos, acad\u00e9mico de la Facultad de Econom\u00eda y Negocios (FEN).\u00a0<\/a><\/p><p class=\"x_MsoNormal\">\u00a0<\/p><p class=\"x_MsoNormal\"><strong>TVMAULE.CL\u00a0<\/strong><\/p><p class=\"x_MsoNormal\"><a href=\"https:\/\/www.tvmaule.cl\/a-fines-de-la-decada-podria-llegar-a-chile-la-tecnologia-6g\/\">A fines de la d\u00e9cada podr\u00eda llegar a Chile la tecnolog\u00eda 6G. Se refiere Ricardo P\u00e9rez, acad\u00e9mico del Departamento de Ciencias de la Computaci\u00f3n.\u00a0<\/a><\/p><p class=\"x_MsoNormal\">\u00a0<\/p><p class=\"x_MsoNormal\"><strong>ATENTOSCHILE.CL\u00a0<\/strong><\/p><p class=\"x_MsoNormal\"><a href=\"https:\/\/www.litoralpress.cl\/sitio\/RadioTV_Detalles.cshtml?LPKey=QIBIPTHNHYAY4GIU4IIFLPDZJCO55AIWURK26GH2ARMDMZF5EGVQ\">Entrevista a Ricardo P\u00e9rez, acad\u00e9mico del Departamento de Ciencias de la Computaci\u00f3n.\u00a0<\/a><\/p><p class=\"x_MsoNormal\">\u00a0<\/p><p class=\"x_MsoNormal\"><strong>RADIO MARISOL\u00a0<\/strong><\/p><p class=\"x_MsoNormal\"><a href=\"https:\/\/www.litoralpress.cl\/sitio\/RadioTV_Detalles.cshtml?LPKey=ODTNJL5QSG5DDE37ENE6FA4EAU54KTNCF54Y6CP3XMJ4X7MX2RTQ\">Entrevista a Ricardo P\u00e9rez, acad\u00e9mico del Departamento de Ciencias de la Computaci\u00f3n.\u00a0<\/a><\/p><p class=\"x_MsoNormal\" aria-hidden=\"true\">\u00a0<\/p><p class=\"x_MsoNormal\"><strong>RADIO AMIGA\u00a0<\/strong><\/p><p class=\"x_MsoNormal\"><a href=\"https:\/\/www.litoralpress.cl\/sitio\/RadioTV_Detalles.cshtml?LPKey=43H65SVDUYFW3APEYHZSSZUPDNGJQBGJF4PU34LOTBJM4L7X2NFQ\">Chile podr\u00eda tener tecnolog\u00eda 6G para el 2030. Se refiere Ricardo P\u00e9rez, acad\u00e9mico del Departamento de Ciencias de la Computaci\u00f3n.\u00a0<\/a><\/p><p class=\"x_MsoNormal\" aria-hidden=\"true\">\u00a0<\/p><p class=\"x_MsoNormal\"><strong>CENTROSURNOTICIAS.CL\u00a0<\/strong><\/p><p class=\"x_MsoNormal\"><a href=\"https:\/\/centrosurnoticias.cl\/6g-nueva-tecnologia-podria-llegar-a-chile-a-finales-de-la-decada\/\">6G: Nueva tecnolog\u00eda podr\u00eda llegar a Chile a finales de la d\u00e9cada. \u00a0<\/a><\/p><p class=\"x_MsoNormal\" aria-hidden=\"true\">\u00a0<\/p><p class=\"x_MsoNormal\"><strong>ELPERIODISTA.CL\u00a0<\/strong><\/p><p class=\"x_MsoNormal\"><a href=\"https:\/\/www.elperiodista.cl\/2022\/04\/especialistas-explican-como-prevenir-el-cancer-de-colon\/\">Especialistas explican c\u00f3mo prevenir el c\u00e1ncer de colon. Se refieren Macarena Said y \u00c1ngela S\u00e1nchez, acad\u00e9micas de la Facultad de Ciencias de la Salud.\u00a0<\/a><\/p><p class=\"x_MsoNormal\">\u00a0<\/p><p class=\"x_MsoNormal\"><strong>ADPRENSA.CL\u00a0<\/strong><\/p><p class=\"x_MsoNormal\"><a href=\"https:\/\/www.adprensa.cl\/cronica\/especialistas-explican-como-prevenir-el-cancer-de-colon\/\">Especialistas explican c\u00f3mo prevenir el c\u00e1ncer de colon. Se refieren Macarena Said y \u00c1ngela S\u00e1nchez, acad\u00e9micas de la Facultad de Ciencias de la Salud.\u00a0<\/a><\/p><p class=\"x_MsoNormal\">\u00a0<\/p><p class=\"x_MsoNormal\"><strong>RADIO LAUTARO\u00a0<\/strong><\/p><p class=\"x_MsoNormal\"><a href=\"https:\/\/www.litoralpress.cl\/sitio\/RadioTV_Detalles.cshtml?LPKey=73NJP7MKUW3QED2LFDLT5GRIPJ4QRM6S4YE5FNX42367N7IVWERQ\">Participaci\u00f3n de Felipe Figueroa, psic\u00f3logo del Programa PACE UTalca.\u00a0<\/a><\/p><p class=\"x_MsoNormal\">\u00a0<\/p><p class=\"x_MsoNormal\"><strong>DIARIO FINANCIERO\u00a0<\/strong><\/p><p class=\"x_MsoNormal\"><a href=\"https:\/\/www.litoralpress.cl\/paginaconsultas\/Servicios_NClip\/Get_Imagen_Nota.aspx?LPKey=6QDA5RCAWLA3CWZQJ54NVSZVPWWXYOG3BBMZUS7TTMD5YUL73DMV2EHSKQW4AB6YQGWEXH5N5WES2\">M\u00e1s del 70% del Panel UC rechaza posible aprobaci\u00f3n de proyecto de amnist\u00eda por estallido social. Se refiere Alejandro Ferreiro, presidente de la Junta Directiva de la UTalca. \u00a0<\/a><\/p><p class=\"x_MsoNormal\">\u00a0<\/p><p class=\"x_MsoNormal\"><strong>CANAL MEGA\u00a0<\/strong><\/p><p class=\"x_MsoNormal\"><a href=\"https:\/\/www.litoralpress.cl\/sitio\/RadioTV_Detalles.cshtml?LPKey=LDAC7XEIFKOY7NTYXGYXHPKUX72EFNUAJ7BL7XT5HIJ62XYM2EUQ\">Entrevista a Mauricio Morales, director del Centro de An\u00e1lisis Pol\u00edtico (CAP).\u00a0<\/a><\/p><p class=\"x_MsoNormal\">\u00a0<\/p><p class=\"x_MsoNormal\"><strong>CANAL MEGA\u00a0<\/strong><\/p><p class=\"x_MsoNormal\"><a href=\"https:\/\/www.litoralpress.cl\/sitio\/RadioTV_Detalles.cshtml?LPKey=HEYTHK3WT4G6VEDYIEHUTOQBLYUCD2QUAK65M4EBJPVPW2GXAVAQ\">Convenci\u00f3n Constitucional rechaz\u00f3 mayor\u00eda de art\u00edculos de Principios Constitucionales. Se refiere Mauricio Morales, director del Centro de An\u00e1lisis Pol\u00edtico (CAP).\u00a0<\/a><\/p><p class=\"x_MsoNormal\">\u00a0<\/p><p class=\"x_MsoNormal\"><strong>CANAL TVN\u00a0<\/strong><\/p><p class=\"x_MsoNormal\"><a href=\"https:\/\/www.litoralpress.cl\/sitio\/RadioTV_Detalles.cshtml?LPKey=266FJZT4EVK7675NVWXHJ5J2RYXIGKQWTUSVOLQSK7KQRT6YIYTQ\">Convenci\u00f3n constitucional: ciudadanos podr\u00edan revocar el mandato del presidente. Se refiere Mauricio Morales, director del Centro de An\u00e1lisis Pol\u00edtico (CAP).\u00a0<\/a><\/p><p class=\"x_MsoNormal\">\u00a0<\/p><p class=\"x_MsoNormal\"><strong>CANAL 24 HORAS\u00a0<\/strong><\/p><p class=\"x_MsoNormal\"><a href=\"https:\/\/www.litoralpress.cl\/sitio\/RadioTV_Detalles.cshtml?LPKey=UOYP6AZXVFVVEAS6SZQAZSTE2EJLTMDIIEXIFCOXJJCZS5RTUKLQ\">Convenci\u00f3n constitucional: ciudadanos podr\u00edan revocar el mandato del presidente. Se refiere Mauricio Morales, director del Centro de An\u00e1lisis Pol\u00edtico (CAP).\u00a0<\/a><\/p><p class=\"x_MsoNormal\">\u00a0<\/p><p class=\"x_MsoNormal\"><strong>CANAL MEGA\u00a0<\/strong><\/p><p class=\"x_MsoNormal\"><a href=\"https:\/\/www.litoralpress.cl\/sitio\/RadioTV_Detalles.cshtml?LPKey=S77V36P4BUDP2Y2EXH5FTEQTWCQNQTSRQPTEQ7WHZYQYJGE24M2Q\">Convenci\u00f3n Constitucional vota informe de la Comisi\u00f3n de Principios Constitucionales. Se refiere Mauricio Morales, director del Centro de An\u00e1lisis Pol\u00edtico (CAP).\u00a0<\/a><\/p><p class=\"x_MsoNormal\">\u00a0<\/p><p class=\"x_MsoNormal\"><strong>CANAL MEGA PLUS\u00a0<\/strong><\/p><p class=\"x_MsoNormal\"><a href=\"https:\/\/www.litoralpress.cl\/sitio\/RadioTV_Detalles.cshtml?LPKey=JL4A3NCFETDEMCVAGWYQ5BBIMECMTFIU346II4UMJRWPRBP3LJBA\">Convenci\u00f3n Constitucional vota informe de la Comisi\u00f3n de Principios Constitucionales.<\/a><\/p><p class=\"x_MsoNormal\">\u00a0<\/p><p class=\"x_MsoNormal\"><strong>RADIO INFINITA\u00a0<\/strong><\/p><p class=\"x_MsoNormal\"><a href=\"https:\/\/www.litoralpress.cl\/sitio\/RadioTV_Detalles.cshtml?LPKey=ZB2QBE6JIYHE3MUXL3NO4RMAR34HTABV2KPQX3CKIUXPFT7PXPPQ\">Comentario de pol\u00edtica de Mauricio Morales, director del Centro de An\u00e1lisis Pol\u00edtico (CAP).\u00a0<\/a><\/p><p class=\"x_MsoNormal\">\u00a0<\/p><p class=\"x_MsoNormal\"><strong>RADIO INFINITA\u00a0<\/strong><\/p><p class=\"x_MsoNormal\"><a href=\"https:\/\/www.litoralpress.cl\/sitio\/RadioTV_Detalles.cshtml?LPKey=4ADCCNM3MBFHPHIVPMWEU7M422AZFCKKU6RUX2QAUEL76EE5NW7A\">Comentario de pol\u00edtica de Mauricio Morales, director del Centro de An\u00e1lisis Pol\u00edtico (CAP).\u00a0<\/a><\/p><p class=\"x_MsoNormal\">\u00a0<\/p><p class=\"x_MsoNormal\"><strong>EL MERCURIO DE VALPARA\u00cdSO\u00a0<\/strong><\/p><p class=\"x_MsoNormal\"><a href=\"https:\/\/www.litoralpress.cl\/paginaconsultas\/Servicios_NClip\/Get_Imagen_Nota.aspx?LPKey=J5GZW4HOM746FZKHWQPRPLSDZAKF2MYQH2NCA76VTS7JPJ323NHWLHVV2FIM2LCME22DHAZPXKCKO\">Que lee Mario Herrera, acad\u00e9mico del Centro de An\u00e1lisis Pol\u00edtico (CAP).\u00a0<\/a><\/p><p class=\"x_MsoNormal\">\u00a0<\/p><p class=\"x_MsoNormal\"><strong>RADIO M\u00c1GICA\u00a0<\/strong><\/p><p class=\"x_MsoNormal\"><a href=\"https:\/\/www.litoralpress.cl\/sitio\/RadioTV_Detalles.cshtml?LPKey=OHTADVCANQ6ORNA42L2QCKFZ2KISK5BFIA43IS3OPLXUX2N4FICA\">Participaci\u00f3n de Mario Herrera, acad\u00e9mico del Centro de An\u00e1lisis Pol\u00edtico (CAP).\u00a0<\/a><\/p><p class=\"x_MsoNormal\">\u00a0<\/p><p class=\"x_MsoNormal\"><strong>RADIO AMIGA\u00a0<\/strong><\/p><p class=\"x_MsoNormal\"><a href=\"https:\/\/www.litoralpress.cl\/sitio\/RadioTV_Detalles.cshtml?LPKey=P2E7DQOKRGZ3NNZHQGVHNQXGGC6LR3BLQH47ST2EYDO6CM5PIEGQ\">Participaci\u00f3n de Mario Herrera, acad\u00e9mico del Centro de An\u00e1lisis Pol\u00edtico (CAP).\u00a0<\/a><\/p><p class=\"x_MsoNormal\">\u00a0<\/p><p class=\"x_MsoNormal\"><strong>DIARIO EL HERALDO\u00a0<\/strong><\/p><p class=\"x_MsoNormal\"><a href=\"https:\/\/www.litoralpress.cl\/paginaconsultas\/Servicios_NClip\/Get_Imagen_Nota.aspx?LPKey=LZ7ES2ZSNO2WW4AEDJ3LK7RCREE6F6R6PRM7WWCFW33MNE2KVQUOR6INC2CMLDNBR5GXV5MVK6U5Q\">Explora Maule busca a estudiantes con ideas para mejorar la vida de sus territorios. Se refiere Iv\u00e1n Coydan, director de Vinculaci\u00f3n con el Medio. \u00a0<\/a><\/p><p class=\"x_MsoNormal\">\u00a0<\/p><p class=\"x_MsoNormal\"><strong>DIARIO LA PRENSA\u00a0<\/strong><\/p><p class=\"x_MsoNormal\"><a href=\"https:\/\/www.litoralpress.cl\/paginaconsultas\/Servicios_NClip\/Get_Imagen_Nota.aspx?LPKey=GOTUX5GEGTT5L6GOISWDMD2NQD36KJECYNCF4P3YJ5IRW3CPYQPYIJPYG56XVFSYS7UAURAFHOJVO\">Centro de Extensi\u00f3n de la UTalca abre sus puertas para exposici\u00f3n presencial. Se refiere Marcela Albornoz, directora de Extensi\u00f3n Cultural y Art\u00edstica. \u00a0<\/a><\/p><p class=\"x_MsoNormal\">\u00a0<\/p>\t\t\t\t\t\t<\/div>\n\t\t\t\t<\/div>\n\t\t\t\t\t<\/div>\n\t\t<\/div>\n\t\t\t\t\t\t\t<\/div>\n\t\t<\/section>\n\t\t\t\t\t\t<\/div>\n\t\t\t\t\t<\/div>\n\t\t","protected":false},"excerpt":{"rendered":"<p>EL MERCURIO\u00a0 Acad\u00e9mico Carlos Torres ser\u00e1 el rector de la U. De Talca.\u00a0 \u00a0 COOPERATIVA.CL\u00a0 Acad\u00e9mico de la Facultad de Ingenier\u00eda es el nuevo rector de la Universidad de Talca.\u00a0 \u00a0 CANAL TVN RED MAULE\u00a0 Carlos Torres es el nuevo rector de la Universidad de Talca.\u00a0 \u00a0 DIARIO LA PRENSA\u00a0 Portada: Carlos Torres es el &hellip;<\/p>\n<p class=\"read-more\"> <a class=\"\" href=\"https:\/\/www.reportedeprensa.utalca.cl\/?p=3548\"> <span class=\"screen-reader-text\">04 de abril de 2022<\/span> Read More &raquo;<\/a><\/p>\n","protected":false},"author":1,"featured_media":0,"comment_status":"closed","ping_status":"open","sticky":false,"template":"","format":"standard","meta":{"_monsterinsights_skip_tracking":false,"_monsterinsights_sitenote_active":false,"_monsterinsights_sitenote_note":"","_monsterinsights_sitenote_category":0},"categories":[20],"tags":[],"_links":{"self":[{"href":"https:\/\/www.reportedeprensa.utalca.cl\/index.php?rest_route=\/wp\/v2\/posts\/3548"}],"collection":[{"href":"https:\/\/www.reportedeprensa.utalca.cl\/index.php?rest_route=\/wp\/v2\/posts"}],"about":[{"href":"https:\/\/www.reportedeprensa.utalca.cl\/index.php?rest_route=\/wp\/v2\/types\/post"}],"author":[{"embeddable":true,"href":"https:\/\/www.reportedeprensa.utalca.cl\/index.php?rest_route=\/wp\/v2\/users\/1"}],"replies":[{"embeddable":true,"href":"https:\/\/www.reportedeprensa.utalca.cl\/index.php?rest_route=%2Fwp%2Fv2%2Fcomments&post=3548"}],"version-history":[{"count":4,"href":"https:\/\/www.reportedeprensa.utalca.cl\/index.php?rest_route=\/wp\/v2\/posts\/3548\/revisions"}],"predecessor-version":[{"id":3552,"href":"https:\/\/www.reportedeprensa.utalca.cl\/index.php?rest_route=\/wp\/v2\/posts\/3548\/revisions\/3552"}],"wp:attachment":[{"href":"https:\/\/www.reportedeprensa.utalca.cl\/index.php?rest_route=%2Fwp%2Fv2%2Fmedia&parent=3548"}],"wp:term":[{"taxonomy":"category","embeddable":true,"href":"https:\/\/www.reportedeprensa.utalca.cl\/index.php?rest_route=%2Fwp%2Fv2%2Fcategories&post=3548"},{"taxonomy":"post_tag","embeddable":true,"href":"https:\/\/www.reportedeprensa.utalca.cl\/index.php?rest_route=%2Fwp%2Fv2%2Ftags&post=3548"}],"curies":[{"name":"wp","href":"https:\/\/api.w.org\/{rel}","templated":true}]}}