{"id":3572,"date":"2022-04-06T09:52:57","date_gmt":"2022-04-06T12:52:57","guid":{"rendered":"https:\/\/www.reportedeprensa.utalca.cl\/?p=3572"},"modified":"2022-04-06T09:55:24","modified_gmt":"2022-04-06T12:55:24","slug":"06-de-abril-de-2022","status":"publish","type":"post","link":"https:\/\/www.reportedeprensa.utalca.cl\/?p=3572","title":{"rendered":"06 de abril de 2022"},"content":{"rendered":"\t\t<div data-elementor-type=\"wp-post\" data-elementor-id=\"3572\" class=\"elementor elementor-3572\" data-elementor-settings=\"[]\">\n\t\t\t\t\t\t\t<div class=\"elementor-section-wrap\">\n\t\t\t\t\t\t\t<section class=\"elementor-section elementor-top-section elementor-element elementor-element-551691d7 elementor-section-boxed elementor-section-height-default elementor-section-height-default\" data-id=\"551691d7\" data-element_type=\"section\">\n\t\t\t\t\t\t<div class=\"elementor-container elementor-column-gap-default\">\n\t\t\t\t\t<div class=\"elementor-column elementor-col-100 elementor-top-column elementor-element elementor-element-249cced\" data-id=\"249cced\" data-element_type=\"column\">\n\t\t\t<div class=\"elementor-widget-wrap elementor-element-populated\">\n\t\t\t\t\t\t\t\t<div class=\"elementor-element elementor-element-60e9cf41 elementor-widget elementor-widget-text-editor\" data-id=\"60e9cf41\" data-element_type=\"widget\" data-widget_type=\"text-editor.default\">\n\t\t\t\t<div class=\"elementor-widget-container\">\n\t\t\t\t\t\t\t\t<p class=\"x_MsoNormal\"><strong>CANAL CHILEVISI\u00d3N\u00a0<\/strong><\/p><p class=\"x_MsoNormal\"><a href=\"https:\/\/www.litoralpress.cl\/sitio\/RadioTV_Detalles.cshtml?LPKey=AXCBGCETCV6HFJTBSW5XPCM3K7PVIGUXJFMQDOIUTRVNECOMSVMA\">Flexibilizan uso de las mascarillas en exteriores. Se refiere Erika Retamal, directora del Departamento de Salud P\u00fablica.\u00a0<\/a><\/p><p class=\"x_MsoNormal\">\u00a0<\/p><p class=\"x_MsoNormal\"><strong>EMOL.COM\u00a0<\/strong><\/p><p class=\"x_MsoNormal\"><a href=\"https:\/\/www.emol.com\/noticias\/Nacional\/2022\/04\/05\/1057098\/expertos-paso-paso-minsal-mascarillas.html\">Nuevo Paso a Paso: Expertos debaten por flexibilizaci\u00f3n en uso de mascarillas y piden fijar criterios para cada fase.\u00a0Se refiere Erika Retamal, directora del Departamento de Salud P\u00fablica.\u00a0<\/a><\/p><p class=\"x_MsoNormal\">\u00a0<\/p><p class=\"x_MsoNormal\"><strong>CANAL CONTIVISI\u00d3N\u00a0<\/strong><\/p><p class=\"x_MsoNormal\"><a href=\"https:\/\/www.litoralpress.cl\/sitio\/RadioTV_Detalles.cshtml?LPKey=IX5JJTB23SVJBX45YFQ7JO42QXYP4E2YFQ5FLOJBDHFLEHEOPFTA\">Molestias, sensaci\u00f3n de ahogo, son alginas de las quejas de los detractores del uso de mascarillas. Se refiere Erika Retamal, directora del Departamento de Salud P\u00fablica.\u00a0<\/a><\/p><p class=\"x_MsoNormal\" aria-hidden=\"true\">\u00a0<\/p><p class=\"x_MsoNormal\"><strong>DIARIO LA PRENSA\u00a0<\/strong><\/p><p class=\"x_MsoNormal\"><a href=\"https:\/\/www.litoralpress.cl\/paginaconsultas\/Servicios_NClip\/Get_Imagen_Nota.aspx?LPKey=RPFRNTZUEFD6RTE2FZHINUOMTLBOBE3CFJBEPP2A3NISZ6KHYRCLCJDYX7WDFEOA2PLSNVVCYQTAU\">El de colon es el quinto tipo de c\u00e1ncer m\u00e1s com\u00fan en Chile con mil muertes en el a\u00f1o. Se refieren Macarena Said y \u00c1ngela S\u00e1nchez, acad\u00e9micas de la Facultad de Ciencias de la Salud.\u00a0<\/a><\/p><p class=\"x_MsoNormal\">\u00a0<\/p><p class=\"x_MsoNormal\"><strong>DIARIO EL LECTOR\u00a0<\/strong><\/p><p class=\"x_MsoNormal\"><a href=\"https:\/\/www.litoralpress.cl\/paginaconsultas\/Servicios_NClip\/Get_Imagen_Nota.aspx?LPKey=7RYIM2QKY7DRGWQI6R6XTFTHR3UE3MHLQYFUO7RUA7DVYXPOBAKWM42BBZRFCV77QCJOHVQ635C22\">Especialistas explican c\u00f3mo prevenir el c\u00e1ncer de colon. Se refieren Macarena Said y \u00c1ngela S\u00e1nchez, acad\u00e9micas de la Facultad de Ciencias de la Salud.\u00a0<\/a><\/p><p class=\"x_MsoNormal\">\u00a0<\/p><p class=\"x_MsoNormal\"><strong>DIARIOLAPRENSA.CL\u00a0<\/strong><\/p><p class=\"x_MsoNormal\"><a href=\"https:\/\/new.diariolaprensa.cl\/index.php\/2022\/04\/06\/la-empatia-es-la-base-del-entendimiento-y-los-acuerdos-para-frenar-casos-de-violencia\/\">\u201cLa empat\u00eda es la base del entendimiento y los acuerdos para frenar casos de violencia\u201d. Se refiere Francisca Valladares, psic\u00f3loga del Centro de Psicolog\u00eda Aplicada (CEPA).\u00a0<\/a><\/p><p class=\"x_MsoNormal\">\u00a0<\/p><p class=\"x_MsoNormal\"><strong>LINARESENLINEA.CL\u00a0<\/strong><\/p><p class=\"x_MsoNormal\"><a href=\"https:\/\/www.linaresenlinea.cl\/2022\/04\/05\/experta-aconseja-como-provenir-episodios-de-violencia\/\">Experta aconseja c\u00f3mo provenir episodios de violencia. Se refiere Francisca Valladares, psic\u00f3loga\u00a0\u00a0del Centro de Psicolog\u00eda Aplicada (CEPA).\u00a0<\/a><\/p><p class=\"x_MsoNormal\">\u00a0<\/p><p class=\"x_MsoNormal\"><strong>LADIRECTALONGAVIANA.CL\u00a0<\/strong><\/p><p class=\"x_MsoNormal\"><a href=\"https:\/\/www.ladirectalongaviana.cl\/2022\/04\/05\/experta-aconseja-como-provenir-episodios-de-violencia\/\">Experta aconseja c\u00f3mo provenir episodios de violencia. Se refiere Francisca Valladares, psic\u00f3loga del Centro de Psicolog\u00eda Aplicada (CEPA).\u00a0<\/a><\/p><p class=\"x_MsoNormal\">\u00a0<\/p><p class=\"x_MsoNormal\"><strong>RADIO PRESIDENTE IB\u00c1\u00d1EZ DE PUNTA ARENAS\u00a0<\/strong><\/p><p class=\"x_MsoNormal\"><a href=\"https:\/\/www.litoralpress.cl\/sitio\/RadioTV_Detalles.cshtml?LPKey=MN65H2SUURVLU2NZAMBIWF32UL7QXNREEPJC35FU66EF6N7O2LOQ\">Entrevista a Felipe Figueroa, psic\u00f3logo del programa PACE-UTalca.\u00a0<\/a><\/p><p class=\"x_MsoNormal\">\u00a0<\/p><p class=\"x_MsoNormal\"><strong>PUBLIMETRO.CL\u00a0<\/strong><\/p><p class=\"x_MsoNormal\"><a href=\"https:\/\/www.publimetro.cl\/noticias\/2022\/04\/05\/fernandez-y-boric-dan-por-cerrado-tema-wallmapu\/\">Fern\u00e1ndez y Boric dan por cerrado tema Wallmapu. Se refiere Dany Jaimovich, acad\u00e9mico de la Facultad de Econom\u00eda y Negocios (FEN).\u00a0<\/a><\/p><p class=\"x_MsoNormal\">\u00a0<\/p><p class=\"x_MsoNormal\"><strong>MSN.COM\u00a0<\/strong><\/p><p class=\"x_MsoNormal\"><a href=\"https:\/\/www.msn.com\/es-cl\/noticias\/otras\/fern%C3%A1ndez-y-boric-dan-por-cerrado-tema-wallmapu\/ar-AAVSLXG?ocid=EMMX\">Fern\u00e1ndez y Boric dan por cerrado tema Wallmapu. Se refiere Dany Jaimovich, acad\u00e9mico de la Facultad de Econom\u00eda y Negocios (FEN).\u00a0<\/a><\/p><p class=\"x_MsoNormal\">\u00a0<\/p><p class=\"x_MsoNormal\"><strong>LA SEGUNDA\u00a0<\/strong><\/p><p class=\"x_MsoNormal\"><a href=\"https:\/\/www.litoralpress.cl\/paginaconsultas\/Servicios_NClip\/Get_Imagen_Nota.aspx?LPKey=HZ56WM77ZWWNXH6WCUSBDHS4A2PTC55AQ2UNLFRTKINBDZCUGOUIXOLGIAQAP4C5UJZMWQWY6XEZO\">El PC se juega su lealtad con el Gobierno en el quinto retiro. Se refiere Mauricio Morales, director del Centro de An\u00e1lisis Pol\u00edtico (CAP).\u00a0<\/a><\/p><p class=\"x_MsoNormal\">\u00a0<\/p><p class=\"x_MsoNormal\"><strong>NUEVOPODER.CL\u00a0<\/strong><\/p><p class=\"x_MsoNormal\"><a href=\"https:\/\/www.nuevopoder.cl\/analistas-propiedad-de-fondos-de-afp-y-forma-de-estado-aumentan-rechazo\/\">Analistas: propiedad de fondos de AFP y forma de Estado aumentan \u00abRechazo\u00bb. Se refiere Mauricio Morales, director del Centro de An\u00e1lisis Pol\u00edtico (CAP).\u00a0<\/a><\/p><p class=\"x_MsoNormal\">\u00a0<\/p><p class=\"x_MsoNormal\"><strong>SUPERIR.GOB.CL\u00a0<\/strong><\/p><p class=\"x_MsoNormal\"><a href=\"https:\/\/www.superir.gob.cl\/coordinador-presento-sobre-reorganizacion-y-liquidacion-de-empresas-y-personas-a-clinica-juridica\/\">Coordinador present\u00f3 sobre Reorganizaci\u00f3n y Liquidaci\u00f3n de Empresas y Personas a Cl\u00ednica Jur\u00eddica. Se menciona a la Cl\u00ednica Jur\u00eddica.\u00a0<\/a><\/p><p class=\"x_MsoNormal\">\u00a0<\/p><p class=\"x_MsoNormal\"><strong>CONAF.CL\u00a0<\/strong><\/p><p class=\"x_MsoNormal\"><a href=\"https:\/\/www.conaf.cl\/inauguran-infraestructura-para-practica-de-shinrin-yoku-en-reserva-rio-de-los-cipreses\/\">Inauguran infraestructura para pr\u00e1ctica de Shinrin Yoku en Reserva R\u00edo de Los Cipreses. Se menciona a la Escuela de Arquitectura.\u00a0<\/a><\/p><p class=\"x_MsoNormal\">\u00a0<\/p><p class=\"x_MsoNormal\"><strong>REDMAULE.COM\u00a0<\/strong><\/p><p class=\"x_MsoNormal\"><a href=\"https:\/\/www.redmaule.com\/regional\/electroda-el-festival-de-danza-y-musica-electronica-que-se-realizara-en\">Electroda: El Festival de danza y m\u00fasica electr\u00f3nica que se realizar\u00e1 en Talca durante abril. Se menciona\u00a0\u00a0a la UTalca.\u00a0<\/a><\/p><p class=\"x_MsoNormal\">\u00a0<\/p><p class=\"x_MsoNormal\"><strong>ELMAULEINFORMA.CL\u00a0<\/strong><\/p><p class=\"x_MsoNormal\"><a href=\"https:\/\/elmauleinforma.cl\/festival-teatro-cuento-y-circo-recorre-durante-abril-la-region-del-maule\/\">Festival \u201cTeatro, cuento y circo\u201d recorre durante abril la regi\u00f3n del Maule. Se menciona\u00a0\u00a0a la UTalca.\u00a0<\/a><\/p><p class=\"x_MsoNormal\">\u00a0<\/p>\t\t\t\t\t\t<\/div>\n\t\t\t\t<\/div>\n\t\t\t\t\t<\/div>\n\t\t<\/div>\n\t\t\t\t\t\t\t<\/div>\n\t\t<\/section>\n\t\t\t\t\t\t<\/div>\n\t\t\t\t\t<\/div>\n\t\t","protected":false},"excerpt":{"rendered":"<p>CANAL CHILEVISI\u00d3N\u00a0 Flexibilizan uso de las mascarillas en exteriores. Se refiere Erika Retamal, directora del Departamento de Salud P\u00fablica.\u00a0 \u00a0 EMOL.COM\u00a0 Nuevo Paso a Paso: Expertos debaten por flexibilizaci\u00f3n en uso de mascarillas y piden fijar criterios para cada fase.\u00a0Se refiere Erika Retamal, directora del Departamento de Salud P\u00fablica.\u00a0 \u00a0 CANAL CONTIVISI\u00d3N\u00a0 Molestias, sensaci\u00f3n de &hellip;<\/p>\n<p class=\"read-more\"> <a class=\"\" href=\"https:\/\/www.reportedeprensa.utalca.cl\/?p=3572\"> <span class=\"screen-reader-text\">06 de abril de 2022<\/span> Read More &raquo;<\/a><\/p>\n","protected":false},"author":1,"featured_media":0,"comment_status":"closed","ping_status":"open","sticky":false,"template":"","format":"standard","meta":{"_monsterinsights_skip_tracking":false,"_monsterinsights_sitenote_active":false,"_monsterinsights_sitenote_note":"","_monsterinsights_sitenote_category":0},"categories":[20],"tags":[],"_links":{"self":[{"href":"https:\/\/www.reportedeprensa.utalca.cl\/index.php?rest_route=\/wp\/v2\/posts\/3572"}],"collection":[{"href":"https:\/\/www.reportedeprensa.utalca.cl\/index.php?rest_route=\/wp\/v2\/posts"}],"about":[{"href":"https:\/\/www.reportedeprensa.utalca.cl\/index.php?rest_route=\/wp\/v2\/types\/post"}],"author":[{"embeddable":true,"href":"https:\/\/www.reportedeprensa.utalca.cl\/index.php?rest_route=\/wp\/v2\/users\/1"}],"replies":[{"embeddable":true,"href":"https:\/\/www.reportedeprensa.utalca.cl\/index.php?rest_route=%2Fwp%2Fv2%2Fcomments&post=3572"}],"version-history":[{"count":4,"href":"https:\/\/www.reportedeprensa.utalca.cl\/index.php?rest_route=\/wp\/v2\/posts\/3572\/revisions"}],"predecessor-version":[{"id":3579,"href":"https:\/\/www.reportedeprensa.utalca.cl\/index.php?rest_route=\/wp\/v2\/posts\/3572\/revisions\/3579"}],"wp:attachment":[{"href":"https:\/\/www.reportedeprensa.utalca.cl\/index.php?rest_route=%2Fwp%2Fv2%2Fmedia&parent=3572"}],"wp:term":[{"taxonomy":"category","embeddable":true,"href":"https:\/\/www.reportedeprensa.utalca.cl\/index.php?rest_route=%2Fwp%2Fv2%2Fcategories&post=3572"},{"taxonomy":"post_tag","embeddable":true,"href":"https:\/\/www.reportedeprensa.utalca.cl\/index.php?rest_route=%2Fwp%2Fv2%2Ftags&post=3572"}],"curies":[{"name":"wp","href":"https:\/\/api.w.org\/{rel}","templated":true}]}}