{"id":3587,"date":"2022-04-07T10:00:53","date_gmt":"2022-04-07T13:00:53","guid":{"rendered":"https:\/\/www.reportedeprensa.utalca.cl\/?p=3587"},"modified":"2022-04-07T10:09:09","modified_gmt":"2022-04-07T13:09:09","slug":"07-de-abril-de-2022","status":"publish","type":"post","link":"https:\/\/www.reportedeprensa.utalca.cl\/?p=3587","title":{"rendered":"07 de abril de 2022"},"content":{"rendered":"\t\t<div data-elementor-type=\"wp-post\" data-elementor-id=\"3587\" class=\"elementor elementor-3587\" data-elementor-settings=\"[]\">\n\t\t\t\t\t\t\t<div class=\"elementor-section-wrap\">\n\t\t\t\t\t\t\t<section class=\"elementor-section elementor-top-section elementor-element elementor-element-551691d7 elementor-section-boxed elementor-section-height-default elementor-section-height-default\" data-id=\"551691d7\" data-element_type=\"section\">\n\t\t\t\t\t\t<div class=\"elementor-container elementor-column-gap-default\">\n\t\t\t\t\t<div class=\"elementor-column elementor-col-100 elementor-top-column elementor-element elementor-element-249cced\" data-id=\"249cced\" data-element_type=\"column\">\n\t\t\t<div class=\"elementor-widget-wrap elementor-element-populated\">\n\t\t\t\t\t\t\t\t<div class=\"elementor-element elementor-element-60e9cf41 elementor-widget elementor-widget-text-editor\" data-id=\"60e9cf41\" data-element_type=\"widget\" data-widget_type=\"text-editor.default\">\n\t\t\t\t<div class=\"elementor-widget-container\">\n\t\t\t\t\t\t\t\t<p class=\"x_MsoNormal\"><strong>RADIO INFINITA\u00a0<\/strong><\/p><p class=\"x_MsoNormal\"><a href=\"https:\/\/www.litoralpress.cl\/sitio\/RadioTV_Detalles.cshtml?LPKey=W4CSMSNXSQMQJKOXB3UMVQRAC766VHOJORVW4E7VCII3DHSLD6AA\">Entrevista a \u00c1lvaro Rojas, Rector de la UTalca.\u00a0<\/a><\/p><p class=\"x_MsoNormal\">\u00a0<\/p><p class=\"x_MsoNormal\"><strong>DIARIOTALCA.CL\u00a0<\/strong><\/p><p class=\"x_MsoNormal\"><a href=\"https:\/\/diariotalca.cl\/rector-electo-de-utalca-inicio-reuniones-con-autoridades-regionales\/\">Rector electo de UTalca inici\u00f3 reuniones con autoridades regionales. \u00a0<\/a><\/p><p class=\"x_MsoNormal\">\u00a0<\/p><p class=\"x_MsoNormal\"><strong>DIARIO EL HERALDO\u00a0<\/strong><\/p><p class=\"x_MsoNormal\"><a href=\"https:\/\/www.litoralpress.cl\/paginaconsultas\/Servicios_NClip\/Get_Imagen_Nota.aspx?LPKey=ABMW34RSEP2DQVLZIGYARCSNUTWEGAKX5F6KRKCI5XOWLRHL4OLB6TWK3EYNK44IAR6AJMXG5FOJQ\">Acad\u00e9mico de la Facultad de Ingenier\u00eda es el nuevo rector de la Universidad de Talca.\u00a0<\/a><\/p><p class=\"x_MsoNormal\">\u00a0<\/p><p class=\"x_MsoNormal\"><strong>DIARIOELHERALDO.CL\u00a0<\/strong><\/p><p class=\"x_MsoNormal\"><a href=\"http:\/\/www.diarioelheraldo.cl\/noticia\/academico-de-la-facultad-de-ingenieria-es-el-nuevo-rector-de-la-universidad-de-talca\">Acad\u00e9mico de la Facultad de Ingenier\u00eda es el nuevo rector de la Universidad de Talca.\u00a0<\/a><\/p><p class=\"x_MsoNormal\">\u00a0<\/p><p class=\"x_MsoNormal\"><strong>LAS \u00daLTIMAS NOTICIAS\u00a0<\/strong><\/p><p class=\"x_MsoNormal\"><a href=\"https:\/\/www.litoralpress.cl\/sitio\/Prensa_Detalles.cshtml?LPKey=TOL6TLFMNMLI6KG4OCJCFV62ITINVXHE2JNKUGK7333SPDS2WJTA\">Ranking mundial de universidades 2022: as\u00ed les fue a las chilenas. \u00a0<\/a><\/p><p class=\"x_MsoNormal\">\u00a0<\/p><p class=\"x_MsoNormal\"><strong>24HORAS.CL\u00a0<\/strong><\/p><p class=\"x_MsoNormal\"><a href=\"https:\/\/www.24horas.cl\/regiones\/maule\/pandemia-genero-retraso-de-un-ano-y-medio-en-aprendizaje-de-estudiantes-5252080\">Pandemia gener\u00f3 retraso de un a\u00f1o y medio en aprendizaje de estudiantes. Se refiere Ximena Colipan, acad\u00e9mica de la Facultad de Ciencias de la Educaci\u00f3n.\u00a0<\/a><\/p><p class=\"x_MsoNormal\">\u00a0<\/p><p class=\"x_MsoNormal\"><strong>CANAL TVN RED MAULE\u00a0<\/strong><\/p><p class=\"x_MsoNormal\"><a href=\"https:\/\/www.litoralpress.cl\/sitio\/RadioTV_Detalles.cshtml?LPKey=7ZSAS67ME3PXP2FYQQ264V36LRM5BGUOTWWTWRYE35ETXVKBKETQ\">Estudio de la Universidad de Talca arroj\u00f3 que pandemia gener\u00f3 un a\u00f1o y medio de retroceso en el aprendizaje de escolares.\u00a0\u00a0Se refiere Ximena Colipan, acad\u00e9mica de la Facultad de Ciencias de la Educaci\u00f3n.\u00a0<\/a><\/p><p class=\"x_MsoNormal\">\u00a0<\/p><p class=\"x_MsoNormal\"><strong>RADIO AGRICULTURA\u00a0<\/strong><\/p><p class=\"x_MsoNormal\"><a href=\"https:\/\/www.litoralpress.cl\/sitio\/RadioTV_Detalles.cshtml?LPKey=UZ53YNGAESKJP7DYIWU6JWSGBOPJ3CZR4RHOBGGNMUE7BO47Y26Q\">Entrevista a Karin Saavedra, acad\u00e9mica de la Facultad de Ingenier\u00eda. \u00a0<\/a><\/p><p class=\"x_MsoNormal\">\u00a0<\/p><p class=\"x_MsoNormal\"><strong>RADIO MARISOL\u00a0<\/strong><\/p><p class=\"x_MsoNormal\"><a href=\"https:\/\/www.litoralpress.cl\/sitio\/RadioTV_Detalles.cshtml?LPKey=2NOS7HZQ2CELBBPX3YFF2VW3ELJMEBVL4PRLHD3TQ6GFRFY4LRJQ\">Entrevista a \u00c1ngela S\u00e1nchez, acad\u00e9mica de la Escuela de Nutrici\u00f3n y Diet\u00e9tica.\u00a0<\/a><\/p><p class=\"x_MsoNormal\">\u00a0<\/p><p class=\"x_MsoNormal\"><strong>DIARIO LA PRENSA\u00a0<\/strong><\/p><p class=\"x_MsoNormal\"><a href=\"https:\/\/www.litoralpress.cl\/paginaconsultas\/Servicios_NClip\/Get_Imagen_Nota.aspx?LPKey=2ARK5YKKLC34VFQSWRGN4VP2BQV5XHX2RONSG43T3HEUFIBBY4MRCDF64UEDLUXD5KWPKK5YDGOJA\">\u201cLa empat\u00eda es la base del entendimiento y los acuerdos para frenar casos de violencia\u201d. Se refiere Francisca Valladares, profesional del Centro de Psicolog\u00eda Aplicada (CEPA).\u00a0<\/a><\/p><p class=\"x_MsoNormal\" aria-hidden=\"true\">\u00a0<\/p><p class=\"x_MsoNormal\"><strong>DIARIOLAPRENSA.CL\u00a0<\/strong><\/p><p class=\"x_MsoNormal\"><a href=\"https:\/\/new.diariolaprensa.cl\/index.php\/2022\/04\/06\/la-empatia-es-la-base-del-entendimiento-y-los-acuerdos-para-frenar-casos-de-violencia\/\">\u201cLa empat\u00eda es la base del entendimiento y los acuerdos para frenar casos de violencia\u201d. Se refiere Francisca Valladares, profesional del Centro de Psicolog\u00eda Aplicada (CEPA).\u00a0<\/a><\/p><p class=\"x_MsoNormal\" aria-hidden=\"true\">\u00a0<\/p><p class=\"x_MsoNormal\"><strong>ELMAULEINFORMA.CL\u00a0<\/strong><\/p><p class=\"x_MsoNormal\"><a href=\"https:\/\/elmauleinforma.cl\/experta-aconseja-como-prevenir-episodios-de-violencia\/\">Experta aconseja c\u00f3mo prevenir episodios de violencia Se refiere Francisca Valladares, profesional del Centro de Psicolog\u00eda Aplicada (CEPA).\u00a0<\/a><\/p><p class=\"x_MsoNormal\" aria-hidden=\"true\">\u00a0<\/p><p class=\"x_MsoNormal\"><strong>BIOBIOCHILE.CL\u00a0<\/strong><\/p><p class=\"x_MsoNormal\"><a href=\"https:\/\/www.biobiochile.cl\/noticias\/economia\/actualidad-economica\/2022\/04\/06\/la-inflacion-y-la-recesion-un-jaque-a-los-anhelos-de-igualdad-del-presidente-boric.shtml\">La inflaci\u00f3n y eventual recesi\u00f3n, un jaque a los anhelos de igualdad del presidente Boric. Se refiere Hern\u00e1n D\u00edaz, acad\u00e9mico de la Facultad de Econom\u00eda y Negocios (FEN).\u00a0<\/a><\/p><p class=\"x_MsoNormal\" aria-hidden=\"true\">\u00a0<\/p><p class=\"x_MsoNormal\"><strong>DIARIOUSACH.CL\u00a0<\/strong><\/p><p class=\"x_MsoNormal\"><a href=\"https:\/\/diariousach.cl\/la-inflacion-pone-en-jaque-a-chile-y-aleja-los-anhelos-de-igualdad-de-boric\">Expertos afirman que la inflaci\u00f3n alejar\u00eda los anhelos de igualdad de Boric. Se refiere Hern\u00e1n D\u00edaz, acad\u00e9mico de la Facultad de Econom\u00eda y Negocios (FEN).\u00a0<\/a><\/p><p class=\"x_MsoNormal\">\u00a0<\/p><p class=\"x_MsoNormal\"><strong>PORTALFRUTICOLA.COM\u00a0<\/strong><\/p><p class=\"x_MsoNormal\"><a href=\"https:\/\/www.portalfruticola.com\/noticias\/2022\/04\/06\/reutilizacion-de-desechos\/\">Investigan potencial de los desechos vegetales como insumo para el sector industrial. Se refieren Alejandra Moya y Ra\u00fal Herrera, acad\u00e9micos del Instituto de Ciencias Biol\u00f3gicas. \u00a0<\/a><\/p><p class=\"x_MsoNormal\">\u00a0<\/p><p class=\"x_MsoNormal\"><strong>RADIO INFINITA\u00a0<\/strong><\/p><p class=\"x_MsoNormal\"><a href=\"https:\/\/www.litoralpress.cl\/sitio\/RadioTV_Detalles.cshtml?LPKey=D7PCAISHQUA4KCNBIVTEWJMDRV5YNMJXGETGXEFCOEAK6Y7BNKSQ\">Comentario de pol\u00edtica de Mauricio Morales, director del Centro de An\u00e1lisis Pol\u00edtico (CAP).\u00a0<\/a><\/p><p class=\"x_MsoNormal\">\u00a0<\/p><p class=\"x_MsoNormal\"><strong>DIARIOTALCA.CL\u00a0<\/strong><\/p><p class=\"x_MsoNormal\"><a href=\"https:\/\/diariotalca.cl\/lanzan-festival-itinerante-teatro-cuento-y-circo-que-recorrera-4-comunas\/\">Lanzan festival itinerante \u00abTeatro, Cuento y Circo\u00bb que recorrer\u00e1 4 comunas. Se menciona a la UTalca.\u00a0<\/a><\/p><p class=\"x_MsoNormal\">\u00a0<\/p><p class=\"x_MsoNormal\"><strong>DIARIO EL HERALDO\u00a0<\/strong><\/p><p class=\"x_MsoNormal\"><a href=\"https:\/\/www.litoralpress.cl\/paginaconsultas\/Servicios_NClip\/Get_Imagen_Nota.aspx?LPKey=G7AKVHXPQZ37OGIZBZPBHIA2MWOSQZ4IJWDJY4RODDWDQZGB7IX7KZB65CYECQMBTH73GW2DE4LSS\">Jornadas gratuitas de teatro recorrer\u00e1n Regi\u00f3n del Maule durante el mes de abril. Se menciona a la UTalca.\u00a0<\/a><\/p><p class=\"x_MsoNormal\">\u00a0<\/p><p class=\"x_MsoNormal\"><strong>DIARIOELHERALDO.CL\u00a0<\/strong><\/p><p class=\"x_MsoNormal\"><a href=\"http:\/\/www.diarioelheraldo.cl\/noticia\/jornadas-gratuitas-de-teatro-recorreran-region-del-maule-durante-el-mes-de-abril\">Jornadas gratuitas de teatro recorrer\u00e1n Regi\u00f3n del Maule durante el mes de abril. Se menciona a la UTalca.\u00a0<\/a><\/p><p class=\"x_MsoNormal\" aria-hidden=\"true\">\u00a0<\/p><p class=\"x_MsoNormal\"><strong>DIARIOSENRED.COM\u00a0<\/strong><\/p><p class=\"x_MsoNormal\"><a href=\"https:\/\/diariosenred.com\/regional\/electroda-el-festival-de-danza-y-musica-electronica-que-se-realizara-en\">Electroda: El Festival de danza y m\u00fasica electr\u00f3nica que se realizar\u00e1 en Talca durante abril. Se menciona a la UTalca.\u00a0<\/a><\/p><p class=\"x_MsoNormal\">\u00a0<\/p>\t\t\t\t\t\t<\/div>\n\t\t\t\t<\/div>\n\t\t\t\t\t<\/div>\n\t\t<\/div>\n\t\t\t\t\t\t\t<\/div>\n\t\t<\/section>\n\t\t\t\t\t\t<\/div>\n\t\t\t\t\t<\/div>\n\t\t","protected":false},"excerpt":{"rendered":"<p>RADIO INFINITA\u00a0 Entrevista a \u00c1lvaro Rojas, Rector de la UTalca.\u00a0 \u00a0 DIARIOTALCA.CL\u00a0 Rector electo de UTalca inici\u00f3 reuniones con autoridades regionales. \u00a0 \u00a0 DIARIO EL HERALDO\u00a0 Acad\u00e9mico de la Facultad de Ingenier\u00eda es el nuevo rector de la Universidad de Talca.\u00a0 \u00a0 DIARIOELHERALDO.CL\u00a0 Acad\u00e9mico de la Facultad de Ingenier\u00eda es el nuevo rector de la &hellip;<\/p>\n<p class=\"read-more\"> <a class=\"\" href=\"https:\/\/www.reportedeprensa.utalca.cl\/?p=3587\"> <span class=\"screen-reader-text\">07 de abril de 2022<\/span> Read More &raquo;<\/a><\/p>\n","protected":false},"author":1,"featured_media":0,"comment_status":"closed","ping_status":"open","sticky":false,"template":"","format":"standard","meta":{"_monsterinsights_skip_tracking":false,"_monsterinsights_sitenote_active":false,"_monsterinsights_sitenote_note":"","_monsterinsights_sitenote_category":0},"categories":[20],"tags":[],"_links":{"self":[{"href":"https:\/\/www.reportedeprensa.utalca.cl\/index.php?rest_route=\/wp\/v2\/posts\/3587"}],"collection":[{"href":"https:\/\/www.reportedeprensa.utalca.cl\/index.php?rest_route=\/wp\/v2\/posts"}],"about":[{"href":"https:\/\/www.reportedeprensa.utalca.cl\/index.php?rest_route=\/wp\/v2\/types\/post"}],"author":[{"embeddable":true,"href":"https:\/\/www.reportedeprensa.utalca.cl\/index.php?rest_route=\/wp\/v2\/users\/1"}],"replies":[{"embeddable":true,"href":"https:\/\/www.reportedeprensa.utalca.cl\/index.php?rest_route=%2Fwp%2Fv2%2Fcomments&post=3587"}],"version-history":[{"count":4,"href":"https:\/\/www.reportedeprensa.utalca.cl\/index.php?rest_route=\/wp\/v2\/posts\/3587\/revisions"}],"predecessor-version":[{"id":3591,"href":"https:\/\/www.reportedeprensa.utalca.cl\/index.php?rest_route=\/wp\/v2\/posts\/3587\/revisions\/3591"}],"wp:attachment":[{"href":"https:\/\/www.reportedeprensa.utalca.cl\/index.php?rest_route=%2Fwp%2Fv2%2Fmedia&parent=3587"}],"wp:term":[{"taxonomy":"category","embeddable":true,"href":"https:\/\/www.reportedeprensa.utalca.cl\/index.php?rest_route=%2Fwp%2Fv2%2Fcategories&post=3587"},{"taxonomy":"post_tag","embeddable":true,"href":"https:\/\/www.reportedeprensa.utalca.cl\/index.php?rest_route=%2Fwp%2Fv2%2Ftags&post=3587"}],"curies":[{"name":"wp","href":"https:\/\/api.w.org\/{rel}","templated":true}]}}