{"id":3599,"date":"2022-04-08T10:04:22","date_gmt":"2022-04-08T13:04:22","guid":{"rendered":"https:\/\/www.reportedeprensa.utalca.cl\/?p=3599"},"modified":"2022-04-08T10:08:22","modified_gmt":"2022-04-08T13:08:22","slug":"08-de-abril-de-2022","status":"publish","type":"post","link":"https:\/\/www.reportedeprensa.utalca.cl\/?p=3599","title":{"rendered":"08 de abril de 2022"},"content":{"rendered":"\t\t<div data-elementor-type=\"wp-post\" data-elementor-id=\"3599\" class=\"elementor elementor-3599\" data-elementor-settings=\"[]\">\n\t\t\t\t\t\t\t<div class=\"elementor-section-wrap\">\n\t\t\t\t\t\t\t<section class=\"elementor-section elementor-top-section elementor-element elementor-element-551691d7 elementor-section-boxed elementor-section-height-default elementor-section-height-default\" data-id=\"551691d7\" data-element_type=\"section\">\n\t\t\t\t\t\t<div class=\"elementor-container elementor-column-gap-default\">\n\t\t\t\t\t<div class=\"elementor-column elementor-col-100 elementor-top-column elementor-element elementor-element-249cced\" data-id=\"249cced\" data-element_type=\"column\">\n\t\t\t<div class=\"elementor-widget-wrap elementor-element-populated\">\n\t\t\t\t\t\t\t\t<div class=\"elementor-element elementor-element-60e9cf41 elementor-widget elementor-widget-text-editor\" data-id=\"60e9cf41\" data-element_type=\"widget\" data-widget_type=\"text-editor.default\">\n\t\t\t\t<div class=\"elementor-widget-container\">\n\t\t\t\t\t\t\t\t<p class=\"x_MsoNormal\"><strong>DIARIO LA PRENSA\u00a0<\/strong><\/p><p class=\"x_MsoNormal\"><a href=\"https:\/\/www.litoralpress.cl\/paginaconsultas\/Servicios_NClip\/Get_Imagen_Nota.aspx?LPKey=QXWOQG6XEZCRTPGJJ7SZHQTWRJK627GURTUPS3BPG3MT7AGWVH5ISWDZBGSTDNO2UJDJ3YTHK3BBO\">Rector electo de la UTalca inici\u00f3 ciclo de reuniones.\u00a0<\/a><\/p><p class=\"x_MsoNormal\">\u00a0<\/p><p class=\"x_MsoNormal\"><strong>CANAL CONTIVISI\u00d3N\u00a0<\/strong><\/p><p class=\"x_MsoNormal\"><a href=\"https:\/\/www.litoralpress.cl\/sitio\/RadioTV_Detalles.cshtml?LPKey=XYL5JDQ2VWAC7YLNNQP5XYSGOJ4DFACRXV6IBZTBR65N4OBQ3WYQ\">Primera Jornada de Descentralizaci\u00f3n y Conectividad se desarroll\u00f3 en la FEN de la U. de Talca. Se refiere Rodrigo Herrera, decano de la Facultad de Econom\u00eda y Negocios. \u00a0<\/a><\/p><p class=\"x_MsoNormal\">\u00a0<\/p><p class=\"x_MsoNormal\"><strong>DIARIOELHERALDO.CL\u00a0<\/strong><\/p><p class=\"x_MsoNormal\"><a href=\"http:\/\/www.diarioelheraldo.cl\/noticia\/delegado-presidencial-regional-participa-en-primera-jornada-de-descentralizacion-con-enfoque-en-los-territorios\">Delegado presidencial regional participa en primera Jornada de Descentralizaci\u00f3n con enfoque en los territorios. Se refieren Rodrigo Herrera, decano de la Facultad de Econom\u00eda y Negocios (FEN) y Jorge Navarrete, director del Mag\u00edster en Gesti\u00f3n y Pol\u00edticas P\u00fablicas.\u00a0<\/a><\/p><p class=\"x_MsoNormal\">\u00a0<\/p><p class=\"x_MsoNormal\"><strong>ELMAULEINFORMA.CL\u00a0<\/strong><\/p><p class=\"x_MsoNormal\"><a href=\"https:\/\/elmauleinforma.cl\/jornada-sobre-descentralizacion-y-competitividad-en-la-fen-utalca\/\">Jornada sobre descentralizaci\u00f3n y competitividad en la FEN- UTalca. Se refieren Rodrigo Herrera, decano de la Facultad de Econom\u00eda y Negocios (FEN) y Jorge Navarrete, director del Mag\u00edster en Gesti\u00f3n y Pol\u00edticas P\u00fablicas.\u00a0<\/a><\/p><p class=\"x_MsoNormal\">\u00a0<\/p><p class=\"x_MsoNormal\"><strong>RADIO COOPERATIVA\u00a0<\/strong><\/p><p class=\"x_MsoNormal\"><a href=\"https:\/\/www.litoralpress.cl\/sitio\/RadioTV_Detalles.cshtml?LPKey=KZY7CWIDJKRZTWXBNHSK4C2XCOVYDX7Y5JA7K2P5LEW362UQVRIA\">Siguen las reacciones al nuevo plan &#8220;Paso a paso&#8221; anunciado por el gobierno. Se refiere Erika Retamal, directora del Departamento de Salud P\u00fablica. \u00a0<\/a><\/p><p class=\"x_MsoNormal\">\u00a0<\/p><p class=\"x_MsoNormal\"><strong>COOPERATIVA.CL\u00a0<\/strong><\/p><p class=\"x_MsoNormal\"><a href=\"https:\/\/www.cooperativa.cl\/noticias\/sociedad\/salud\/coronavirus\/siguen-las-criticas-de-expertos-por-el-no-uso-de-la-mascarilla-piden\/2022-04-07\/145425.html?region=0\">Siguen las cr\u00edticas de expertos por el no uso de la mascarilla: Piden aclarar par\u00e1metros. Se refiere Erika Retamal, directora del Departamento de Salud P\u00fablica.\u00a0<\/a><\/p><p class=\"x_MsoNormal\"><span class=\"x_MsoHyperlink\">\u00a0<\/span><\/p><p class=\"x_MsoNormal\"><strong>G5NOTICIAS.CL\u00a0<\/strong><\/p><p class=\"x_MsoNormal\"><a href=\"https:\/\/g5noticias.cl\/2022\/04\/08\/llaman-a-acelerar-vacunacion-para-evitar-un-nuevo-colapso-del-sistema-sanitario\/\">Llaman a acelerar vacunaci\u00f3n para evitar un nuevo colapso del sistema sanitario. Se refieren\u00a0Erika Retamal, directora del Departamento de Salud P\u00fablica y Marcelo Alarc\u00f3n, acad\u00e9mico del Departamento de Bioqu\u00edmica e Inmunohematolog\u00eda.\u00a0<\/a><\/p><p class=\"x_MsoNormal\">\u00a0<\/p><p class=\"x_MsoNormal\"><strong>PAUTA.CL\u00a0<\/strong><\/p><p class=\"x_MsoNormal\"><a href=\"https:\/\/www.pauta.cl\/factchecking\/constitucheck\/como-funcionarian-los-tribunales-de-justicia-indigena-en-chile\">\u00bfC\u00f3mo funcionar\u00edan los tribunales de justicia ind\u00edgena en Chile? Se refiere Dany Jaimovich, acad\u00e9mico de la Facultad de Econom\u00eda y Negocios.\u00a0<\/a><\/p><p class=\"x_MsoNormal\">\u00a0<\/p><p class=\"x_MsoNormal\"><strong>RADIO GUAYAC\u00c1N DE LA SERENA\u00a0<\/strong><\/p><p class=\"x_MsoNormal\"><a href=\"https:\/\/www.litoralpress.cl\/sitio\/RadioTV_Detalles.cshtml?LPKey=GMIQDESZVLOWNM5SL5MK5ZJLA4KEAPTHGGYF7IOCIQVTX3JH4EQA\">Entrevista a Carlos Restrepo, acad\u00e9mico\u00a0de la Facultad de Ingenier\u00eda. \u00a0<\/a><\/p><p class=\"x_MsoNormal\">\u00a0<\/p><p class=\"x_MsoNormal\"><strong>RADIO COOPERATIVA\u00a0<\/strong><\/p><p class=\"x_MsoNormal\"><a href=\"https:\/\/www.litoralpress.cl\/sitio\/RadioTV_Detalles.cshtml?LPKey=UGPPSWELZF6LYSMXRSZ6PQRNJGOQUNG7TBAKINAOYR5UHGAUNRNA\">Esta noche el Gobierno dar\u00e1 a conocer su plan de recuperaci\u00f3n econ\u00f3mica inclusiva. Se refiere Andr\u00e9s Palma, acad\u00e9mico de la Facultad de Econom\u00eda y Negocios (FEN).\u00a0<\/a><\/p><p class=\"x_MsoNormal\">\u00a0<\/p><p class=\"x_MsoNormal\"><strong>RADIO COOPERATIVA\u00a0<\/strong><\/p><p class=\"x_MsoNormal\"><a href=\"https:\/\/www.litoralpress.cl\/sitio\/RadioTV_Detalles.cshtml?LPKey=LSIZ4C2GMTAIB2BCGIN5EDZIXI4XJ6GKGFTFHULE7MWFS5OQ2NDQ\">El ministro de Hacienda confirm\u00f3 el congelamiento del precio del transporte p\u00fablico en todo Chile. Se refiere Andr\u00e9s Palma, acad\u00e9mico de la Facultad de Econom\u00eda y Negocios (FEN).\u00a0<\/a><\/p><p class=\"x_MsoNormal\">\u00a0<\/p><p class=\"x_MsoNormal\"><strong>CANAL MEGA\u00a0<\/strong><\/p><p class=\"x_MsoNormal\"><a href=\"https:\/\/www.litoralpress.cl\/sitio\/RadioTV_Detalles.cshtml?LPKey=N45GPDVHHMEY7COM3YWOMCFB6ZQPGSZSJSOFPJZ3PUX6KCG6TG2A\">Gobierno detalla Plan Chile Apoya.\u00a0Se refiere Mauricio Morales, director del Centro de An\u00e1lisis Pol\u00edtico (CAP).\u00a0<\/a><\/p><p class=\"x_MsoNormal\">\u00a0<\/p><p class=\"x_MsoNormal\"><strong>CANAL MEGA\u00a0<\/strong><\/p><p class=\"x_MsoNormal\"><a href=\"https:\/\/www.litoralpress.cl\/sitio\/RadioTV_Detalles.cshtml?LPKey=ZDOGB3YBFEUV22AYMOFB453HTSSDIHTSZ35FV7M3RZOEJO2NOKEA\">El error no forzado de Izkia Siches. Se refiere Mauricio Morales, director del Centro de An\u00e1lisis Pol\u00edtico (CAP).\u00a0<\/a><\/p><p class=\"x_MsoNormal\">\u00a0<\/p><p class=\"x_MsoNormal\"><strong>CANAL MEGA PLUS\u00a0<\/strong><\/p><p class=\"x_MsoNormal\"><a href=\"https:\/\/www.litoralpress.cl\/sitio\/RadioTV_Detalles.cshtml?LPKey=R5HYCHKTV6TQ3II454CVMXVK6ERP5P4Z33SWHQHN6YMBQZLFCUEA\">El error no forzado de Izkia Siches. Se refiere Mauricio Morales, director del Centro de An\u00e1lisis Pol\u00edtico (CAP).\u00a0<\/a><\/p><p class=\"x_MsoNormal\">\u00a0<\/p><p class=\"x_MsoNormal\"><strong>CANAL MEGA\u00a0<\/strong><\/p><p class=\"x_MsoNormal\"><a href=\"https:\/\/www.litoralpress.cl\/sitio\/RadioTV_Detalles.cshtml?LPKey=QVR66IP6X5BQ6M3SV3WF4W6VPGBWF45HCICF3WLWFVRQRCRQY2RA\">Pol\u00e9mica por dichos de ministra del Interior, Izkia Siches, en la Comisi\u00f3n de Seguridad de la C\u00e1mara. Se refiere Mauricio Morales, director del Centro de An\u00e1lisis Pol\u00edtico (CAP).\u00a0<\/a><\/p><p class=\"x_MsoNormal\">\u00a0<\/p><p class=\"x_MsoNormal\"><strong>CANAL 24 HORAS\u00a0<\/strong><\/p><p class=\"x_MsoNormal\"><a href=\"https:\/\/www.litoralpress.cl\/sitio\/RadioTV_Detalles.cshtml?LPKey=QGAYYENUTJCBXBAMB5TOG4TRHVA3DNPHJYQVLFDYRACZIUEHCFMA\">Entrevista a Mauricio Morales, director del Centro de An\u00e1lisis Pol\u00edtico (CAP).\u00a0<\/a><\/p><p class=\"x_MsoNormal\">\u00a0<\/p><p class=\"x_MsoNormal\"><strong>RADIO INFINITA\u00a0<\/strong><\/p><p class=\"x_MsoNormal\"><a href=\"https:\/\/www.litoralpress.cl\/sitio\/RadioTV_Detalles.cshtml?LPKey=RBU43O4YS5AKHQ2T5F5OWJ4F4V5TGE62HP3Q75YUBFCHIODTSE2A\">Comentario de pol\u00edtica de Mauricio Morales, director del Centro de An\u00e1lisis Pol\u00edtico (CAP).\u00a0<\/a><\/p><p class=\"x_MsoNormal\">\u00a0<\/p><p class=\"x_MsoNormal\"><strong>EMOL.COM\u00a0<\/strong><\/p><p class=\"x_MsoNormal\"><a href=\"https:\/\/www.emol.com\/noticias\/Nacional\/2022\/04\/08\/1057397\/analistas-por-error-siches.html\">Reconstruir confianzas y un mayor protagonismo de Vallejo: Analistas plantean consecuencias de error de Siches.\u00a0Se refiere\u00a0Mauricio Morales, director del Centro de An\u00e1lisis Pol\u00edtico (CAP).\u00a0<\/a><\/p><p class=\"x_MsoNormal\">\u00a0<\/p><p class=\"x_MsoNormal\"><strong>24HORAS.CL\u00a0<\/strong><\/p><p class=\"x_MsoNormal\"><a href=\"https:\/\/www.24horas.cl\/programas\/entrevistas\/cientista-politico-por-informacion-incorrecta-de-siches-daba-para-pensar-en-una-eventual-renuncia-o-remocion-del-cargo----5254746\">Cientista pol\u00edtico por &#8220;informaci\u00f3n incorrecta&#8221; de Siches: &#8220;Daba para pensar en una eventual renuncia o remoci\u00f3n del cargo&#8221;. Se refiere Mauricio Morales, director del Centro de An\u00e1lisis Pol\u00edtico (CAP).\u00a0<\/a><\/p><p class=\"x_MsoNormal\">\u00a0<\/p><p class=\"x_MsoNormal\"><strong>RADIO AGRICULTURA\u00a0<\/strong><\/p><p class=\"x_MsoNormal\"><a href=\"https:\/\/www.litoralpress.cl\/sitio\/RadioTV_Detalles.cshtml?LPKey=GFL3R4OBDPM7OPM5IP6GIOFQPC7LYCEE4J53LDCDPA7TVEH4ZQ2Q\">Boric respald\u00f3 a Siches tras la pol\u00e9mica por sus dichos sobre el vuelo de expulsi\u00f3n.\u00a0Se refiere Mauricio Morales, director del Centro de An\u00e1lisis Pol\u00edtico (CAP).\u00a0<\/a><\/p><p class=\"x_MsoNormal\">\u00a0<\/p><p class=\"x_MsoNormal\"><strong>RADIO ADN\u00a0<\/strong><\/p><p class=\"x_MsoNormal\"><a href=\"https:\/\/www.litoralpress.cl\/sitio\/RadioTV_Detalles.cshtml?LPKey=7JZ5YLZX7L2M255AOY7PIONMKNSIRCSEONDJGSJEBNOYQNODHQ5A\">La ministra del Interior suspendi\u00f3 actividades tras pol\u00e9mica por sus dichos falsos sobre vuelo de expulsi\u00f3n de migrantes.\u00a0Se menciona a\u00a0Mauricio Morales, director del Centro de An\u00e1lisis Pol\u00edtico (CAP).\u00a0<\/a><\/p><p class=\"x_MsoNormal\">\u00a0<\/p>\t\t\t\t\t\t<\/div>\n\t\t\t\t<\/div>\n\t\t\t\t\t<\/div>\n\t\t<\/div>\n\t\t\t\t\t\t\t<\/div>\n\t\t<\/section>\n\t\t\t\t\t\t<\/div>\n\t\t\t\t\t<\/div>\n\t\t","protected":false},"excerpt":{"rendered":"<p>DIARIO LA PRENSA\u00a0 Rector electo de la UTalca inici\u00f3 ciclo de reuniones.\u00a0 \u00a0 CANAL CONTIVISI\u00d3N\u00a0 Primera Jornada de Descentralizaci\u00f3n y Conectividad se desarroll\u00f3 en la FEN de la U. de Talca. Se refiere Rodrigo Herrera, decano de la Facultad de Econom\u00eda y Negocios. \u00a0 \u00a0 DIARIOELHERALDO.CL\u00a0 Delegado presidencial regional participa en primera Jornada de Descentralizaci\u00f3n &hellip;<\/p>\n<p class=\"read-more\"> <a class=\"\" href=\"https:\/\/www.reportedeprensa.utalca.cl\/?p=3599\"> <span class=\"screen-reader-text\">08 de abril de 2022<\/span> Read More &raquo;<\/a><\/p>\n","protected":false},"author":1,"featured_media":0,"comment_status":"closed","ping_status":"open","sticky":false,"template":"","format":"standard","meta":{"_monsterinsights_skip_tracking":false,"_monsterinsights_sitenote_active":false,"_monsterinsights_sitenote_note":"","_monsterinsights_sitenote_category":0},"categories":[20],"tags":[],"_links":{"self":[{"href":"https:\/\/www.reportedeprensa.utalca.cl\/index.php?rest_route=\/wp\/v2\/posts\/3599"}],"collection":[{"href":"https:\/\/www.reportedeprensa.utalca.cl\/index.php?rest_route=\/wp\/v2\/posts"}],"about":[{"href":"https:\/\/www.reportedeprensa.utalca.cl\/index.php?rest_route=\/wp\/v2\/types\/post"}],"author":[{"embeddable":true,"href":"https:\/\/www.reportedeprensa.utalca.cl\/index.php?rest_route=\/wp\/v2\/users\/1"}],"replies":[{"embeddable":true,"href":"https:\/\/www.reportedeprensa.utalca.cl\/index.php?rest_route=%2Fwp%2Fv2%2Fcomments&post=3599"}],"version-history":[{"count":4,"href":"https:\/\/www.reportedeprensa.utalca.cl\/index.php?rest_route=\/wp\/v2\/posts\/3599\/revisions"}],"predecessor-version":[{"id":3603,"href":"https:\/\/www.reportedeprensa.utalca.cl\/index.php?rest_route=\/wp\/v2\/posts\/3599\/revisions\/3603"}],"wp:attachment":[{"href":"https:\/\/www.reportedeprensa.utalca.cl\/index.php?rest_route=%2Fwp%2Fv2%2Fmedia&parent=3599"}],"wp:term":[{"taxonomy":"category","embeddable":true,"href":"https:\/\/www.reportedeprensa.utalca.cl\/index.php?rest_route=%2Fwp%2Fv2%2Fcategories&post=3599"},{"taxonomy":"post_tag","embeddable":true,"href":"https:\/\/www.reportedeprensa.utalca.cl\/index.php?rest_route=%2Fwp%2Fv2%2Ftags&post=3599"}],"curies":[{"name":"wp","href":"https:\/\/api.w.org\/{rel}","templated":true}]}}