{"id":3612,"date":"2022-04-11T10:04:44","date_gmt":"2022-04-11T13:04:44","guid":{"rendered":"https:\/\/www.reportedeprensa.utalca.cl\/?p=3612"},"modified":"2022-04-11T10:08:59","modified_gmt":"2022-04-11T13:08:59","slug":"11-de-abril-de-2022","status":"publish","type":"post","link":"https:\/\/www.reportedeprensa.utalca.cl\/?p=3612","title":{"rendered":"11 de abril de 2022"},"content":{"rendered":"\t\t<div data-elementor-type=\"wp-post\" data-elementor-id=\"3612\" class=\"elementor elementor-3612\" data-elementor-settings=\"[]\">\n\t\t\t\t\t\t\t<div class=\"elementor-section-wrap\">\n\t\t\t\t\t\t\t<section class=\"elementor-section elementor-top-section elementor-element elementor-element-551691d7 elementor-section-boxed elementor-section-height-default elementor-section-height-default\" data-id=\"551691d7\" data-element_type=\"section\">\n\t\t\t\t\t\t<div class=\"elementor-container elementor-column-gap-default\">\n\t\t\t\t\t<div class=\"elementor-column elementor-col-100 elementor-top-column elementor-element elementor-element-249cced\" data-id=\"249cced\" data-element_type=\"column\">\n\t\t\t<div class=\"elementor-widget-wrap elementor-element-populated\">\n\t\t\t\t\t\t\t\t<div class=\"elementor-element elementor-element-60e9cf41 elementor-widget elementor-widget-text-editor\" data-id=\"60e9cf41\" data-element_type=\"widget\" data-widget_type=\"text-editor.default\">\n\t\t\t\t<div class=\"elementor-widget-container\">\n\t\t\t\t\t\t\t\t<p class=\"x_MsoNormal\"><strong>DIARIOTALCA.CL\u00a0<\/strong><\/p><p class=\"x_MsoNormal\"><a href=\"https:\/\/diariotalca.cl\/rector-electo-de-la-utalca-se-reune-con-autoridades-regionales\/\">Rector electo de la UTalca se re\u00fane con autoridades regionales.\u00a0<\/a><\/p><p class=\"x_MsoNormal\">\u00a0<\/p><p class=\"x_MsoNormal\"><strong>DIARIOTALCA.CL\u00a0<\/strong><\/p><p class=\"x_MsoNormal\"><a href=\"https:\/\/diariotalca.cl\/la-escritora-mexicana-que-gano-por-unanimidad-el-premio-jose-donoso-llega-a-chile\/\">La escritora mexicana que gan\u00f3 por unanimidad el Premio Jos\u00e9 Donoso llega a Chile. \u00a0<\/a><\/p><p class=\"x_MsoNormal\">\u00a0<\/p><p class=\"x_MsoNormal\"><strong>G5NOTICIAS.CL\u00a0<\/strong><\/p><p class=\"x_MsoNormal\"><a href=\"https:\/\/g5noticias.cl\/2022\/04\/09\/escritora-mexicana-cristina-rivera-garza-llega-a-chile-para-recibir-premio-jose-donoso\/\">Escritora mexicana Cristina Rivera Garza llega a Chile para recibir Premio Jos\u00e9 Donoso.\u00a0<\/a><\/p><p class=\"x_MsoNormal\">\u00a0<\/p><p class=\"x_MsoNormal\"><strong>DIARIO LA PRENSA\u00a0<\/strong><\/p><p class=\"x_MsoNormal\"><a href=\"https:\/\/www.litoralpress.cl\/paginaconsultas\/Servicios_NClip\/Get_Imagen_Nota.aspx?LPKey=327IBHOEQHSUFOALW2AEYAJRC76KBE7WH6G6IEGIKH2AJVCW67EU2M3OSSDLTMAVRAF4XCBECAYYK\">Autoridades regionales asisten a jornada sobre descentralizaci\u00f3n.\u00a0Se refieren Rodrigo Herrera, decano de la Facultad de Econom\u00eda y Negocios (FEN) y Jorge Navarrete, director del Mag\u00edster en Gesti\u00f3n y Pol\u00edticas P\u00fablicas.\u00a0<\/a><\/p><p class=\"x_MsoNormal\">\u00a0<\/p><p class=\"x_MsoNormal\"><strong>DIARIO EL HERALDO\u00a0<\/strong><\/p><p class=\"x_MsoNormal\"><a href=\"https:\/\/www.litoralpress.cl\/paginaconsultas\/Servicios_NClip\/Get_Imagen_Nota.aspx?LPKey=6VYZAJXW3ASKJS5RO6ZL7VG7GQITMDMIARW4GZ2R5X4WCQ6D4BIN5JYVWAQVSWKI2V425HGRXV6NM\">Delegado presidencial regional participa en primera Jornada de Descentralizaci\u00f3n con enfoque en los territorios. Se refieren Rodrigo Herrera, decano de la Facultad de Econom\u00eda y Negocios (FEN) y Jorge Navarrete, director del Mag\u00edster en Gesti\u00f3n y Pol\u00edticas P\u00fablicas.\u00a0<\/a><\/p><p class=\"x_MsoNormal\">\u00a0<\/p><p class=\"x_MsoNormal\"><strong>ENLINEAMAULE.CL\u00a0<\/strong><\/p><p class=\"x_MsoNormal\"><a href=\"https:\/\/enlineamaule.cl\/archivo\/48062\">Gobierno regional particip\u00f3 de jornada de descentralizaci\u00f3n organizada por la UTalca. Se refiere Rodrigo Herrera, decano de la Facultad de Econom\u00eda y Negocios (FEN).\u00a0<\/a><\/p><p class=\"x_MsoNormal\">\u00a0<\/p><p class=\"x_MsoNormal\"><strong>MAULEHOY.CL\u00a0<\/strong><\/p><p class=\"x_MsoNormal\"><a href=\"https:\/\/maulehoy.cl\/2022\/04\/09\/delegado-presidencial-regional-participa-en-primerajornada-de-descentralizacion-con-enfoque-en-los-territorios\/\">Delegado presidencial regional participa en primera Jornada de Descentralizaci\u00f3n con enfoque en los territorios. Se refieren Rodrigo Herrera, decano de la Facultad de Econom\u00eda y Negocios (FEN) y Jorge Navarrete, director del Mag\u00edster en Gesti\u00f3n y Pol\u00edticas P\u00fablicas.\u00a0<\/a><\/p><p class=\"x_MsoNormal\">\u00a0<\/p><p class=\"x_MsoNormal\"><strong>CAUQUENESNET.CL\u00a0<\/strong><\/p><p class=\"x_MsoNormal\"><a href=\"https:\/\/cauquenesnet.cl\/2022\/04\/08\/delegado-presidencial-regional-del-maule-participo-en-primera-jornada-de-descentralizacion-con-enfoque-en-los-territorios\/\">Delegado presidencial regional participa en primera Jornada de Descentralizaci\u00f3n con enfoque en los territorios. Se refieren Rodrigo Herrera, decano de la Facultad de Econom\u00eda y Negocios (FEN) y Jorge Navarrete, director del Mag\u00edster en Gesti\u00f3n y Pol\u00edticas P\u00fablicas.\u00a0<\/a><\/p><p class=\"x_MsoNormal\">\u00a0<\/p><p class=\"x_MsoNormal\"><strong>RADIO VLN\u00a0<\/strong><\/p><p class=\"x_MsoNormal\"><a href=\"https:\/\/www.litoralpress.cl\/sitio\/RadioTV_Detalles.cshtml?LPKey=MAEZXRDYONCV2AER4Y3JAVSGZBJEDB623UFJAUHSQBOIDXAZMM2Q\">Entrevista a C\u00e9sar Retamal, director del Ciclo de Vida Estudiantil. \u00a0<\/a><\/p><p class=\"x_MsoNormal\">\u00a0<\/p><p class=\"x_MsoNormal\"><strong>PORTALEDUCACION.CL\u00a0<\/strong><\/p><p class=\"x_MsoNormal\"><a href=\"https:\/\/portaleducacion.cl\/index.php\/2022\/04\/08\/utalca-realiza-actividades-para-estudiantes-que-desean-ingresar-a-la-educacion-superior\/\">UTalca realiza actividades para estudiantes que desean ingresar a la educaci\u00f3n superior. Se refiere Tania Mascar\u00f3, coordinadora de Vinculaci\u00f3n Escolar de la Direcci\u00f3n de Ciclo de Vida Estudiantil.\u00a0<\/a><\/p><p class=\"x_MsoNormal\">\u00a0<\/p><p class=\"x_MsoNormal\"><strong>DIARIOELHERALDO.CL\u00a0<\/strong><\/p><p class=\"x_MsoNormal\"><a href=\"http:\/\/www.diarioelheraldo.cl\/noticia\/utalca-realiza-actividades-para-estudiantes-que-desean-ingresar-a-la-educacion-superior-\">UTalca realiza actividades para estudiantes que desean ingresar a la educaci\u00f3n superior. Se refiere Tania Mascar\u00f3, coordinadora de Vinculaci\u00f3n Escolar de la Direcci\u00f3n de Ciclo de Vida Estudiantil.\u00a0<\/a><\/p><p class=\"x_MsoNormal\">\u00a0<\/p><p class=\"x_MsoNormal\"><strong>RADIO COOPERATIVA\u00a0<\/strong><\/p><p class=\"x_MsoNormal\"><a href=\"https:\/\/www.litoralpress.cl\/sitio\/RadioTV_Detalles.cshtml?LPKey=V4T3B5ZCDW6EAPBRC4JWVUU77RGHZBUWFC2XOOENLA4GPPHFEC2A\">Reacciones a los cambios del Minsal sobre el manejo de la pandemia. Se refiere Erika Retamal, directora del Departamento de Salud P\u00fablica. \u00a0<\/a><\/p><p class=\"x_MsoNormal\">\u00a0<\/p><p class=\"x_MsoNormal\"><strong>RADIO BIOB\u00cdO\u00a0<\/strong><\/p><p class=\"x_MsoNormal\"><a href=\"https:\/\/www.litoralpress.cl\/sitio\/RadioTV_Detalles.cshtml?LPKey=5AZ3I7HHPANWMAA53IXEZAZEPOXOZYAHYIC75T3TDGMA2G3J423A\">Ministerio de Salud confirm\u00f3 que informaci\u00f3n sobre reapertura de pasos terrestres fue filtrada. Se refiere Daniel Jim\u00e9nez, director de Salud del Estudiante.\u00a0<\/a><\/p><p>\u00a0<\/p><p class=\"x_MsoNormal\"><strong><span class=\"x_MsoHyperlink\">RADIO COOPERATIVA\u00a0<\/span><\/strong><\/p><p class=\"x_MsoNormal\"><a href=\"https:\/\/www.litoralpress.cl\/sitio\/RadioTV_Detalles.cshtml?LPKey=VFOUPZTUSI6L2H3NCVB4RAJA6YCFNJE7FILIF6BAJTEJFKUNWM6Q\"><span class=\"x_MsoHyperlink\">El subsecretario de Salud desminti\u00f3 que se haya fijado el 1 de mayo como fecha de reapertura de fronteras terrestres. Se refiere Daniel Jim\u00e9nez, director de Salud del Estudiante.\u00a0<\/span><\/a><\/p><p>\u00a0<\/p><p class=\"x_MsoNormal\"><strong>ELMOSTRADOR.CL\u00a0<\/strong><\/p><p class=\"x_MsoNormal\"><a href=\"https:\/\/www.elmostrador.cl\/noticias\/pais\/2022\/04\/08\/minsal-niega-apertura-total-de-las-fronteras-terrestres-para-el-1-de-mayo-eso-sera-informado-oportunamente-a-la-ciudadania\/\">Minsal niega apertura total de las fronteras terrestres para el 1 de mayo: &#8220;Eso ser\u00e1 informado oportunamente a la ciudadan\u00eda&#8221;.\u00a0Se refiere Daniel Jim\u00e9nez, director de Salud del Estudiante.\u00a0<\/a><\/p><p class=\"x_MsoNormal\">\u00a0<\/p><p class=\"x_MsoNormal\"><strong>RADIO CARABINEROS \u00a0<\/strong><\/p><p class=\"x_MsoNormal\"><a href=\"https:\/\/www.litoralpress.cl\/sitio\/RadioTV_Detalles.cshtml?LPKey=2FG26EQSLGVGJYIMVTIPQCQ3S4QHCI77U6ZRGQCXIUWHUAHZASIQ\">Entrevista a Marcelo Alarc\u00f3n, acad\u00e9mico del Departamento de Bioqu\u00edmica Cl\u00ednica e Inmunohematolog\u00eda.\u00a0<\/a><\/p><p class=\"x_MsoNormal\">\u00a0<\/p><p class=\"x_MsoNormal\"><strong>DIARIO LA PRENSA\u00a0<\/strong><\/p><p class=\"x_MsoNormal\"><a href=\"https:\/\/www.litoralpress.cl\/paginaconsultas\/Servicios_NClip\/Get_Imagen_Nota.aspx?LPKey=6DIYE63JR4ETSRFU7MREAJPQFG4YCWXN3LUTPNHKD3SUUE6ONMJOQWX6DXYLXBNYSSC3H7FV3PWI4\">Recomiendan acelerar vacunaci\u00f3n para evitar colapso de red sanitaria. Se refieren Erika Retamal, directora del Departamento de Salud P\u00fablica y Marcelo Alarc\u00f3n, acad\u00e9mico del Departamento de Bioqu\u00edmica Cl\u00ednica e Inmunohematolog\u00eda.\u00a0<\/a><\/p><p class=\"x_MsoNormal\">\u00a0<\/p><p class=\"x_MsoNormal\"><strong>DIARIOTALCA.CL\u00a0<\/strong><\/p><p class=\"x_MsoNormal\"><a href=\"https:\/\/diariotalca.cl\/llaman-a-acelerar-vacunacion-para-evitar-colapso-de-la-salud-publica\/\">Llaman a acelerar vacunaci\u00f3n para evitar colapso de la salud p\u00fablica. Se refieren Erika Retamal, directora del Departamento de Salud P\u00fablica y Marcelo Alarc\u00f3n, acad\u00e9mico del Departamento de Bioqu\u00edmica Cl\u00ednica e Inmunohematolog\u00eda.\u00a0<\/a><\/p><p class=\"x_MsoNormal\">\u00a0<\/p><p class=\"x_MsoNormal\"><strong>DIARIOELHERALDO.CL\u00a0<\/strong><\/p><p class=\"x_MsoNormal\"><a href=\"http:\/\/www.diarioelheraldo.cl\/noticia\/minsal-confirmo-3368-casos-nuevos-de-covid-19-un-33-menos-que-hace-siete-dias\">Minsal confirm\u00f3 3.368 casos nuevos de Covid-19, un 33% menos que hace siete d\u00edas. Se refiere Daniel Jim\u00e9nez, director de Salud del Estudiante.\u00a0<\/a><\/p><p class=\"x_MsoNormal\">\u00a0<\/p><p class=\"x_MsoNormal\"><strong>ELMAULEINFORMA.CL\u00a0<\/strong><\/p><p class=\"x_MsoNormal\"><a href=\"https:\/\/elmauleinforma.cl\/llaman-a-acelerar-vacunacion-para-evitar-un-nuevo-colapso-del-sistema-sanitario\/\">Llaman a acelerar vacunaci\u00f3n para evitar un nuevo colapso del sistema sanitario. Se refieren Erika Retamal, directora del Departamento de Salud P\u00fablica y Marcelo Alarc\u00f3n, acad\u00e9mico del Departamento de Bioqu\u00edmica Cl\u00ednica e Inmunohematolog\u00eda.\u00a0<\/a><\/p><p class=\"x_MsoNormal\" aria-hidden=\"true\">\u00a0<\/p><p class=\"x_MsoNormal\"><strong>LINARESENLINEA.CL\u00a0<\/strong><\/p><p class=\"x_MsoNormal\"><a href=\"https:\/\/www.linaresenlinea.cl\/2022\/04\/09\/llaman-a-acelerar-vacunacion-para-evitar-un-nuevo-colapso-del-sistema-sanitario\/\">Llaman a acelerar vacunaci\u00f3n para evitar un nuevo colapso del sistema sanitario. Se refieren Erika Retamal, directora del Departamento de Salud P\u00fablica y Marcelo Alarc\u00f3n, acad\u00e9mico del Departamento de Bioqu\u00edmica Cl\u00ednica e Inmunohematolog\u00eda.\u00a0<\/a><\/p><p class=\"x_MsoNormal\">\u00a0<\/p><p class=\"x_MsoNormal\"><strong>VERITASCAPITUR.CL\u00a0<\/strong><\/p><p class=\"x_MsoNormal\"><a href=\"https:\/\/veritascapitur.cl\/llaman-a-acelerar-vacunacion-para-evitar-un-nuevo-colapso-del-sistema-sanitario\/\">Llaman a acelerar vacunaci\u00f3n para evitar un nuevo colapso del sistema sanitario. Se refieren Erika Retamal, directora del Departamento de Salud P\u00fablica y Marcelo Alarc\u00f3n, acad\u00e9mico del Departamento de Bioqu\u00edmica Cl\u00ednica e Inmunohematolog\u00eda.\u00a0<\/a><\/p><p class=\"x_MsoNormal\">\u00a0\u00a0\u00a0\u00a0\u00a0\u00a0\u00a0\u00a0\u00a0\u00a0\u00a0\u00a0\u00a0\u00a0\u00a0\u00a0\u00a0\u00a0\u00a0\u00a0\u00a0\u00a0\u00a0\u00a0\u00a0\u00a0\u00a0\u00a0\u00a0\u00a0\u00a0\u00a0\u00a0\u00a0\u00a0\u00a0\u00a0\u00a0\u00a0\u00a0\u00a0\u00a0\u00a0\u00a0\u00a0\u00a0\u00a0\u00a0\u00a0\u00a0\u00a0<\/p><p class=\"x_MsoNormal\"><strong>RADIONUEVOMUNDO.CL\u00a0<\/strong><\/p><p class=\"x_MsoNormal\"><a href=\"https:\/\/www.radionuevomundo.cl\/2022\/04\/08\/rodrigo-palomo-sobre-sueldo-minimo-fijado-por-ley-muchas-veces-hay-que-nivelar-a-la-baja\/\">Rodrigo Palomo sobre sueldo m\u00ednimo fijado por ley: \u00abDestaca la clara l\u00ednea del gobierno que manifiesta preocupaci\u00f3n por el mundo del trabajo\u00bb. Se refiere decano de la Facultad de Ciencias Jur\u00eddica y Sociales.\u00a0<\/a><\/p><p class=\"x_MsoNormal\">\u00a0<\/p><p class=\"x_MsoNormal\"><strong>DIARIOTALCA.CL\u00a0<\/strong><\/p><p class=\"x_MsoNormal\"><a href=\"https:\/\/diariotalca.cl\/vicepresidente-del-banco-central-anticipo-crecimiento-para-el-agro\/\">Vicepresidente del Banco Central anticip\u00f3 crecimiento para el agro. Se refieren Rodrigo Herrera, decano de la Facultad de Econom\u00eda y Negocios (FEN) y Jorge Navarrete, director del Mag\u00edster en Gesti\u00f3n y Pol\u00edticas P\u00fablicas.\u00a0<\/a><\/p><p class=\"x_MsoNormal\">\u00a0<\/p><p class=\"x_MsoNormal\"><strong>ELMAULEINFORMA.CL\u00a0<\/strong><\/p><p class=\"x_MsoNormal\"><a href=\"https:\/\/elmauleinforma.cl\/vicepresidente-del-banco-central-presenta-ipom-y-anticipa-oportunidades-de-exportacion-en-la-region\/\">Vicepresidente del Banco Central presenta IPOM y anticipa oportunidades de exportaci\u00f3n en la regi\u00f3n. Se refiere Rodrigo Herrera, decano de la Facultad de Econom\u00eda y Negocios (FEN).\u00a0<\/a><\/p><p class=\"x_MsoNormal\">\u00a0<\/p><p class=\"x_MsoNormal\"><strong>CANAL TV5 LINARES\u00a0<\/strong><\/p><p class=\"x_MsoNormal\"><a href=\"https:\/\/www.litoralpress.cl\/sitio\/RadioTV_Detalles.cshtml?LPKey=FY6ZVV5DHAG6EF37VAQ5GN66ZJU24DTV4HERHY6CWSHXVAMFIQQA\">Una serie de medidas para la recuperaci\u00f3n econ\u00f3mica anunci\u00f3 el Gobierno. Se refiere Arcadio Cerda, acad\u00e9mico de la Facultad de Econom\u00eda y Negocios (FEN).\u00a0<\/a><\/p><p class=\"x_MsoNormal\">\u00a0<\/p><p class=\"x_MsoNormal\"><strong>DIARIO EL DIVISADERO\u00a0<\/strong><\/p><p class=\"x_MsoNormal\"><a href=\"https:\/\/www.litoralpress.cl\/paginaconsultas\/Servicios_NClip\/Get_Imagen_Nota.aspx?LPKey=66U2MWVW4GQY4SUD45CCAFHFWNHG73U2Z2HFT4GBUN637T3LW3E2M4Y2MTFZDRMGSZ6LMADIVOFQE\">Formato presencial: XV Jornadas Patag\u00f3nicas de Derecho Penal en Coyhaique. Se menciona a Ra\u00fal Carnevali, acad\u00e9mico de la Facultad de Ciencias Jur\u00eddicas y Sociales. \u00a0<\/a><\/p><p class=\"x_MsoNormal\">\u00a0<\/p><p class=\"x_MsoNormal\"><strong>CANAL TVN RED MAULE\u00a0<\/strong><\/p><p class=\"x_MsoNormal\"><a href=\"https:\/\/www.litoralpress.cl\/sitio\/RadioTV_Detalles.cshtml?LPKey=TUF4NM4XVPY2VOTEISEMV52JP2UFPF5KTIO2VEVZXN5ER3DGS7DQ\">Establecen una mesa intersectorial para terminar con la violencia escolar en el Maule. Se refiere Felipe Figueroa, psic\u00f3logo Programa PACE UTalca.\u00a0<\/a><\/p><p class=\"x_MsoNormal\">\u00a0<\/p><p class=\"x_MsoNormal\"><strong>G5NOTICIAS.CL\u00a0<\/strong><\/p><p class=\"x_MsoNormal\"><a href=\"https:\/\/g5noticias.cl\/2022\/04\/09\/experta-aconseja-como-provenir-episodios-de-violencia\/\">Experta aconseja c\u00f3mo prevenir episodios de violencia. Se refiere Francisca Valladares, profesional del Centro de Psicolog\u00eda Aplicada (CEPA).\u00a0<\/a><\/p><p class=\"x_MsoNormal\">\u00a0<\/p><p class=\"x_MsoNormal\"><strong>CANAL MEGA\u00a0<\/strong><\/p><p class=\"x_MsoNormal\"><a href=\"https:\/\/www.litoralpress.cl\/sitio\/RadioTV_Detalles.cshtml?LPKey=MT4IY55UFZW674MO2DNW3M2L4BWZE4EXM2F2HZJZ42D5OBDDTRNQ\">Entrevista a Mauricio Morales, director del Centro de An\u00e1lisis Pol\u00edtico (CAP).\u00a0<\/a><\/p><p class=\"x_MsoNormal\">\u00a0<\/p><p class=\"x_MsoNormal\"><strong>CANAL TVN\u00a0<\/strong><\/p><p class=\"x_MsoNormal\"><a href=\"https:\/\/www.litoralpress.cl\/sitio\/RadioTV_Detalles.cshtml?LPKey=Q25R3JJU5IQMHULCOT4QEK4UNMZ5PSNTNEWMVXWCGKWDN44CUGVA\">Desarrollo de la Convenci\u00f3n Constitucional.Se refiere\u00a0Mauricio Morales, director del Centro de An\u00e1lisis Pol\u00edtico (CAP).\u00a0<\/a><\/p><p class=\"x_MsoNormal\">\u00a0<\/p><p class=\"x_MsoNormal\"><strong>RADIO INFINITA\u00a0<\/strong><\/p><p class=\"x_MsoNormal\"><a href=\"https:\/\/www.litoralpress.cl\/sitio\/RadioTV_Detalles.cshtml?LPKey=4M7UH36BD6QWTBBPFRJZNLN224BYWVOC54L3J7CV72UYRPKZ2PJQ\">Comentario de pol\u00edtica de Mauricio Morales, director del Centro de An\u00e1lisis Pol\u00edtico (CAP).\u00a0<\/a><\/p><p class=\"x_MsoNormal\">\u00a0<\/p><p class=\"x_MsoNormal\"><strong>PORTALEDUCACION.CL\u00a0<\/strong><\/p><p class=\"x_MsoNormal\"><a href=\"https:\/\/portaleducacion.cl\/index.php\/2022\/04\/08\/explora-maule-busca-acercar-las-ciencias-a-la-primera-infancia\/\">Explora Maule busca acercar las ciencias a la primera infancia. Se refiere Iv\u00e1n Coydan, director de Vinculaci\u00f3n con el Medio.\u00a0<\/a><\/p><p class=\"x_MsoNormal\">\u00a0<\/p><p class=\"x_MsoNormal\"><strong>LINARESENLINEA.CL\u00a0<\/strong><\/p><p class=\"x_MsoNormal\"><a href=\"https:\/\/www.linaresenlinea.cl\/2022\/04\/09\/explora-maule-busca-acercar-las-ciencias-a-la-primera-infancia\/\">Explora Maule busca acercar las ciencias a la primera infancia. Se refiere Iv\u00e1n Coydan, director de Vinculaci\u00f3n con el Medio.\u00a0<\/a><\/p><p class=\"x_MsoNormal\" aria-hidden=\"true\">\u00a0<\/p><p class=\"x_MsoNormal\"><strong>CAUQUENESNET.CL\u00a0<\/strong><\/p><p class=\"x_MsoNormal\"><a href=\"https:\/\/cauquenesnet.cl\/2022\/04\/09\/explora-maule-busca-acercar-las-ciencias-a-la-primera-infancia\/\">Explora Maule busca acercar las ciencias a la primera infancia. Se refiere Iv\u00e1n Coydan, director de Vinculaci\u00f3n con el Medio. \u00a0<\/a><\/p><p class=\"x_MsoNormal\">\u00a0<\/p>\t\t\t\t\t\t<\/div>\n\t\t\t\t<\/div>\n\t\t\t\t\t<\/div>\n\t\t<\/div>\n\t\t\t\t\t\t\t<\/div>\n\t\t<\/section>\n\t\t\t\t\t\t<\/div>\n\t\t\t\t\t<\/div>\n\t\t","protected":false},"excerpt":{"rendered":"<p>DIARIOTALCA.CL\u00a0 Rector electo de la UTalca se re\u00fane con autoridades regionales.\u00a0 \u00a0 DIARIOTALCA.CL\u00a0 La escritora mexicana que gan\u00f3 por unanimidad el Premio Jos\u00e9 Donoso llega a Chile. \u00a0 \u00a0 G5NOTICIAS.CL\u00a0 Escritora mexicana Cristina Rivera Garza llega a Chile para recibir Premio Jos\u00e9 Donoso.\u00a0 \u00a0 DIARIO LA PRENSA\u00a0 Autoridades regionales asisten a jornada sobre descentralizaci\u00f3n.\u00a0Se refieren &hellip;<\/p>\n<p class=\"read-more\"> <a class=\"\" href=\"https:\/\/www.reportedeprensa.utalca.cl\/?p=3612\"> <span class=\"screen-reader-text\">11 de abril de 2022<\/span> Read More &raquo;<\/a><\/p>\n","protected":false},"author":1,"featured_media":0,"comment_status":"closed","ping_status":"open","sticky":false,"template":"","format":"standard","meta":{"_monsterinsights_skip_tracking":false,"_monsterinsights_sitenote_active":false,"_monsterinsights_sitenote_note":"","_monsterinsights_sitenote_category":0},"categories":[20],"tags":[],"_links":{"self":[{"href":"https:\/\/www.reportedeprensa.utalca.cl\/index.php?rest_route=\/wp\/v2\/posts\/3612"}],"collection":[{"href":"https:\/\/www.reportedeprensa.utalca.cl\/index.php?rest_route=\/wp\/v2\/posts"}],"about":[{"href":"https:\/\/www.reportedeprensa.utalca.cl\/index.php?rest_route=\/wp\/v2\/types\/post"}],"author":[{"embeddable":true,"href":"https:\/\/www.reportedeprensa.utalca.cl\/index.php?rest_route=\/wp\/v2\/users\/1"}],"replies":[{"embeddable":true,"href":"https:\/\/www.reportedeprensa.utalca.cl\/index.php?rest_route=%2Fwp%2Fv2%2Fcomments&post=3612"}],"version-history":[{"count":4,"href":"https:\/\/www.reportedeprensa.utalca.cl\/index.php?rest_route=\/wp\/v2\/posts\/3612\/revisions"}],"predecessor-version":[{"id":3616,"href":"https:\/\/www.reportedeprensa.utalca.cl\/index.php?rest_route=\/wp\/v2\/posts\/3612\/revisions\/3616"}],"wp:attachment":[{"href":"https:\/\/www.reportedeprensa.utalca.cl\/index.php?rest_route=%2Fwp%2Fv2%2Fmedia&parent=3612"}],"wp:term":[{"taxonomy":"category","embeddable":true,"href":"https:\/\/www.reportedeprensa.utalca.cl\/index.php?rest_route=%2Fwp%2Fv2%2Fcategories&post=3612"},{"taxonomy":"post_tag","embeddable":true,"href":"https:\/\/www.reportedeprensa.utalca.cl\/index.php?rest_route=%2Fwp%2Fv2%2Ftags&post=3612"}],"curies":[{"name":"wp","href":"https:\/\/api.w.org\/{rel}","templated":true}]}}