{"id":3624,"date":"2022-04-12T09:51:14","date_gmt":"2022-04-12T12:51:14","guid":{"rendered":"https:\/\/www.reportedeprensa.utalca.cl\/?p=3624"},"modified":"2022-04-12T09:56:05","modified_gmt":"2022-04-12T12:56:05","slug":"12-de-abril-de-2022","status":"publish","type":"post","link":"https:\/\/www.reportedeprensa.utalca.cl\/?p=3624","title":{"rendered":"12 de abril de 2022"},"content":{"rendered":"\t\t<div data-elementor-type=\"wp-post\" data-elementor-id=\"3624\" class=\"elementor elementor-3624\" data-elementor-settings=\"[]\">\n\t\t\t\t\t\t\t<div class=\"elementor-section-wrap\">\n\t\t\t\t\t\t\t<section class=\"elementor-section elementor-top-section elementor-element elementor-element-551691d7 elementor-section-boxed elementor-section-height-default elementor-section-height-default\" data-id=\"551691d7\" data-element_type=\"section\">\n\t\t\t\t\t\t<div class=\"elementor-container elementor-column-gap-default\">\n\t\t\t\t\t<div class=\"elementor-column elementor-col-100 elementor-top-column elementor-element elementor-element-249cced\" data-id=\"249cced\" data-element_type=\"column\">\n\t\t\t<div class=\"elementor-widget-wrap elementor-element-populated\">\n\t\t\t\t\t\t\t\t<div class=\"elementor-element elementor-element-60e9cf41 elementor-widget elementor-widget-text-editor\" data-id=\"60e9cf41\" data-element_type=\"widget\" data-widget_type=\"text-editor.default\">\n\t\t\t\t<div class=\"elementor-widget-container\">\n\t\t\t\t\t\t\t\t<p class=\"x_MsoNormal\"><strong>RADIO AMIGA\u00a0<\/strong><\/p><p class=\"x_MsoNormal\"><a href=\"https:\/\/www.litoralpress.cl\/sitio\/RadioTV_Detalles.cshtml?LPKey=7M3LM44AWSRRB7Q2FSUENP6CGYMJ6UXGODHVOSYJ7WC3J4LUODEA\">Gobierno regional particip\u00f3 en jornada de descentralizaci\u00f3n de la UTalca. Se refiere Rodrigo Herrera, decano de la Facultad de Econom\u00eda y Negocios (FEN).\u00a0<\/a><\/p><p class=\"x_MsoNormal\">\u00a0<\/p><p class=\"x_MsoNormal\"><strong>DIARIOSENRED.COM\u00a0<\/strong><\/p><p class=\"x_MsoNormal\"><a href=\"https:\/\/diariosenred.com\/regional\/estudio-realizado-por-utalca-confirma-efectos-negativos-del-tendido\">Estudio realizado por UTalca confirma efectos negativos del tendido el\u00e9ctrico en las abejas. Se refiere Marco Molina, acad\u00e9mico del Instituto de Ciencias Biol\u00f3gicas.\u00a0<\/a><\/p><p class=\"x_MsoNormal\">\u00a0<\/p><p class=\"x_MsoNormal\"><strong>ADPRENSA.CL\u00a0<\/strong><\/p><p class=\"x_MsoNormal\"><a href=\"https:\/\/www.adprensa.cl\/cronica\/investigacion-confirma-efectos-negativos\/\">Investigaci\u00f3n confirma efectos negativos del tendido el\u00e9ctrico sobre las abejas. Se refiere Marco Molina, acad\u00e9mico del Instituto de Ciencias Biol\u00f3gicas.\u00a0<\/a><\/p><p class=\"x_MsoNormal\">\u00a0<\/p><p class=\"x_MsoNormal\"><strong>REDAGRICOLA.COM\u00a0<\/strong><\/p><p class=\"x_MsoNormal\"><a href=\"https:\/\/www.redagricola.com\/cl\/investigacion-confirma-efectos-negativos-del-tendido-electrico-y-antenas-sobre-las-abejas\/\">Investigaci\u00f3n confirma efectos negativos del tendido el\u00e9ctrico y antenas sobre las abejas. Se refiere Marco Molina, acad\u00e9mico del Instituto de Ciencias Biol\u00f3gicas.\u00a0<\/a><\/p><p class=\"x_MsoNormal\">\u00a0<\/p><p class=\"x_MsoNormal\"><strong>REDMAULE.COM\u00a0<\/strong><\/p><p class=\"x_MsoNormal\"><a href=\"https:\/\/www.redmaule.com\/regional\/estudio-realizado-por-utalca-confirma-efectos-negativos-del-tendido\">Estudio realizado por UTalca confirma efectos negativos del tendido el\u00e9ctrico en las abejas. Se refiere Marco Molina, acad\u00e9mico del Instituto de Ciencias Biol\u00f3gicas.\u00a0<\/a><\/p><p class=\"x_MsoNormal\">\u00a0<\/p><p class=\"x_MsoNormal\"><strong>ELMAULEINFORMA.CL\u00a0<\/strong><\/p><p class=\"x_MsoNormal\"><a href=\"https:\/\/elmauleinforma.cl\/investigacion-confirma-efectos-negativos-del-tendido-electrico-sobre-las-abejas\/\">Investigaci\u00f3n confirma efectos negativos del tendido el\u00e9ctrico sobre las abejas. Se refiere Marco Molina, acad\u00e9mico del Instituto de Ciencias Biol\u00f3gicas.\u00a0<\/a><\/p><p class=\"x_MsoNormal\" aria-hidden=\"true\">\u00a0<\/p><p class=\"x_MsoNormal\"><strong>REDOHIGGINS.COM\u00a0<\/strong><\/p><p class=\"x_MsoNormal\"><a href=\"https:\/\/redohiggins.com\/regional\/estudio-realizado-por-utalca-confirma-efectos-negativos-del-tendido\">Estudio realizado por UTalca confirma efectos negativos del tendido el\u00e9ctrico en las abejas. Se refiere Marco Molina, acad\u00e9mico del Instituto de Ciencias Biol\u00f3gicas.\u00a0<\/a><\/p><p class=\"x_MsoNormal\" aria-hidden=\"true\">\u00a0<\/p><p class=\"x_MsoNormal\"><strong>SEPTIMAPAGINANOTICIAS.CL\u00a0<\/strong><\/p><p class=\"x_MsoNormal\"><a href=\"https:\/\/www.septimapaginanoticias.cl\/investigacion-confirma-efectos-negativos-del-tendido-electrico-sobre-las-abejas\">Investigaci\u00f3n confirma efectos negativos del tendido el\u00e9ctrico sobre las abejas. Se refiere Marco Molina, acad\u00e9mico del Instituto de Ciencias Biol\u00f3gicas.\u00a0<\/a><\/p><p class=\"x_MsoNormal\" aria-hidden=\"true\">\u00a0<\/p><p class=\"x_MsoNormal\"><strong>RADIO COOPERATIVA\u00a0<\/strong><\/p><p class=\"x_MsoNormal\"><a href=\"https:\/\/www.litoralpress.cl\/sitio\/RadioTV_Detalles.cshtml?LPKey=KIRDUCV7D6DU6ITIXVTDCI6MSISL3BCPE6VAJWTD6NCIPNPGJPYQ\">Gobierno argentino y chileno entregan mensajes confusos respecto a apertura de pasos fronterizos. Se refiere Daniel Jim\u00e9nez, director de Salud del Estudiante.\u00a0<\/a>\u00a0<\/p><p class=\"x_MsoNormal\">\u00a0<\/p><p class=\"x_MsoNormal\"><strong>RADIO BIOB\u00cdO VALPARA\u00cdSO\u00a0<\/strong><\/p><p class=\"x_MsoNormal\"><a href=\"https:\/\/www.litoralpress.cl\/sitio\/RadioTV_Detalles.cshtml?LPKey=4EECVS44MHB4A63SPJHAR3VG3XFRI4XORTPSZZT5RZ4NLX2ROG6Q\">Balance Covid- 19 regi\u00f3n de Valpara\u00edso. Se refiere\u00a0Marcelo Alarc\u00f3n, acad\u00e9mico del Departamento de Bioqu\u00edmica Cl\u00ednica e Inmunohematolog\u00eda.\u00a0<\/a><\/p><p class=\"x_MsoNormal\" aria-hidden=\"true\">\u00a0<\/p><p class=\"x_MsoNormal\"><strong>DIARIO LA PRENSA\u00a0<\/strong><\/p><p class=\"x_MsoNormal\"><a href=\"https:\/\/www.litoralpress.cl\/paginaconsultas\/Servicios_NClip\/Get_Imagen_Nota.aspx?LPKey=ALAXB5NCIY3DFHOYWKCT7GJFRCAS2OW4DVEKHGJPFSIKHSCQFJTHXQ3ROE6EGFTFQGLILO7BRBCD4\">Toxina paralizante puede provocar la muerte en 3 minutos tras consumir mariscos contaminados. Se refiere Marcelo Alarc\u00f3n, acad\u00e9mico del Departamento de Bioqu\u00edmica Cl\u00ednica e Inmunohematolog\u00eda.\u00a0<\/a><\/p><p class=\"x_MsoNormal\">\u00a0<\/p><p class=\"x_MsoNormal\"><strong>DIARIOLAPRENSA.CL\u00a0<\/strong><\/p><p class=\"x_MsoNormal\"><a href=\"https:\/\/new.diariolaprensa.cl\/index.php\/2022\/04\/11\/toxina-paralizante-puede-provocar-la-muerte-en-3-minutos-tras-consumir-mariscos-contaminados\/\">Toxina paralizante puede provocar la muerte en 3 minutos tras consumir mariscos contaminados. Se refiere Marcelo Alarc\u00f3n, acad\u00e9mico del Departamento de Bioqu\u00edmica Cl\u00ednica e Inmunohematolog\u00eda.\u00a0<\/a><\/p><p class=\"x_MsoNormal\">\u00a0<\/p><p class=\"x_MsoNormal\"><strong>RADIO M\u00c1GICA\u00a0<\/strong><\/p><p class=\"x_MsoNormal\"><a href=\"https:\/\/www.litoralpress.cl\/sitio\/RadioTV_Detalles.cshtml?LPKey=IOCWCKI3ZG4LWCZUZQML7OWF3K4LWX4YGTV7CLTHOWOAVVJBVJIA\">Entrevista a Marcelo Alarc\u00f3n, acad\u00e9mico del Departamento de Bioqu\u00edmica Cl\u00ednica e Inmunohematolog\u00eda.\u00a0<\/a><\/p><p class=\"x_MsoNormal\" aria-hidden=\"true\">\u00a0<\/p><p class=\"x_MsoNormal\"><strong>RADIO AMIGA\u00a0<\/strong><\/p><p class=\"x_MsoNormal\"><a href=\"https:\/\/www.litoralpress.cl\/sitio\/RadioTV_Detalles.cshtml?LPKey=CK4MUK6ZDF62QKM2VN6FYYR2FMHMS4SS72RQTZPYVJNJ5247HI7Q\">Entrevista a Marcelo Alarc\u00f3n, acad\u00e9mico del Departamento de Bioqu\u00edmica Cl\u00ednica e Inmunohematolog\u00eda.\u00a0<\/a><\/p><p class=\"x_MsoNormal\" aria-hidden=\"true\">\u00a0<\/p><p class=\"x_MsoNormal\"><strong>RADIO FUTURO\u00a0<\/strong><\/p><p class=\"x_MsoNormal\"><a href=\"https:\/\/www.litoralpress.cl\/sitio\/RadioTV_Detalles.cshtml?LPKey=RZNJ7Z33IGJJYREXMO666FUDK2XYOEV3QHTHTT4UZPVPAIGTAXYA\">Entrevista a Patricio Gonz\u00e1lez, acad\u00e9mico del Centro de Investigaci\u00f3n y Transferencia de Riego y Agroclimatolog\u00eda (CITRA).\u00a0<\/a><\/p><p class=\"x_MsoNormal\">\u00a0<\/p><p class=\"x_MsoNormal\"><strong>ENERGIAS.COM\u00a0<\/strong><\/p><p class=\"x_MsoNormal\"><a href=\"http:\/\/www.energias.com\/2022\/04\/11\/acadmicosas-lideran-investigacin-que-busca-soluciones-tecnolgicas-para-mitigar-efectos-del-cambio-climtico-utalca-utalca\/\">Acad\u00e9micos\/as lideran investigaci\u00f3n que busca soluciones tecnol\u00f3gicas para mitigar efectos del cambio clim\u00e1tico. Se refiere Leidy Garc\u00eda, acad\u00e9mica de la Facultad de Econom\u00eda y Negocios (FEN).\u00a0<\/a><\/p><p class=\"x_MsoNormal\">\u00a0<\/p><p class=\"x_MsoNormal\"><strong>REVISTAEI.CL\u00a0<\/strong><\/p><p class=\"x_MsoNormal\"><a href=\"https:\/\/www.revistaei.cl\/2022\/04\/11\/academicos-utalca-lideran-investigacion-que-busca-soluciones-tecnologicas-para-mitigar-efectos-del-cambio-climatico\/\">Universidad de Talca lidera investigaci\u00f3n que busca soluciones tecnol\u00f3gicas para mitigar efectos del cambio clim\u00e1tico. Se refiere Leidy Garc\u00eda, acad\u00e9mica de la Facultad de Econom\u00eda y Negocios (FEN).\u00a0<\/a><\/p><p class=\"x_MsoNormal\">\u00a0<\/p><p class=\"x_MsoNormal\"><strong>ELMAULEINFORMA.CL\u00a0<\/strong><\/p><p class=\"x_MsoNormal\"><a href=\"https:\/\/elmauleinforma.cl\/investigacion-busca-soluciones-tecnologicas-para-mitigar-efectos-del-cambio-climatico\/\">Investigaci\u00f3n busca soluciones tecnol\u00f3gicas para mitigar efectos del cambio clim\u00e1tico. Se refiere Leidy Garc\u00eda, acad\u00e9mica de la Facultad de Econom\u00eda y Negocios (FEN).\u00a0<\/a><\/p><p class=\"x_MsoNormal\">\u00a0<\/p><p class=\"x_MsoNormal\"><strong>RADIO M\u00c1GICA\u00a0<\/strong><\/p><p class=\"x_MsoNormal\"><a href=\"https:\/\/www.litoralpress.cl\/sitio\/RadioTV_Detalles.cshtml?LPKey=GCY7HFEYH5PRTEPZVETEN7RPLPUMUFCGG2GJ276P7BKBPHUKIJ2Q\">Entrevista a Juan Andr\u00e9s Riquelme, director del Magister en Econom\u00eda.\u00a0<\/a><\/p><p class=\"x_MsoNormal\" aria-hidden=\"true\">\u00a0<\/p><p class=\"x_MsoNormal\"><strong>RADIO AMIGA\u00a0<\/strong><\/p><p class=\"x_MsoNormal\"><a href=\"https:\/\/www.litoralpress.cl\/sitio\/RadioTV_Detalles.cshtml?LPKey=OUKG2BJ2ZBNE3QMIM2R6X73WHU77GWF6ZZIX4AFFN2MAPS7WQLVQ\">Entrevista a Juan Andr\u00e9s Riquelme, director del Magister en Econom\u00eda.\u00a0<\/a><\/p><p class=\"x_MsoNormal\" aria-hidden=\"true\">\u00a0<\/p><p class=\"x_MsoNormal\"><strong>RADIO DE CARABINEROS \u00a0<\/strong><\/p><p class=\"x_MsoNormal\"><a href=\"https:\/\/www.litoralpress.cl\/sitio\/RadioTV_Detalles.cshtml?LPKey=VUTEPFVYRMIVT5IKROLIOBLHMUF42ARBHCNDHVFO2DEGT3ZHOM7Q\">Entrevista a Rosario Spencer, acad\u00e9mica de la Facultad de Psicolog\u00eda. \u00a0<\/a><\/p><p class=\"x_MsoNormal\">\u00a0<\/p><p class=\"x_MsoNormal\"><strong>EL MERCURIO\u00a0<\/strong><\/p><p class=\"x_MsoNormal\"><a href=\"https:\/\/www.litoralpress.cl\/paginaconsultas\/Servicios_NClip\/Get_Imagen_Nota.aspx?LPKey=L7ZCRYH64WOW2SD5LMQLL3FDLYHVGQ3U7E4T67KMK76JHGJ77ALP3Q5HZXXBMRA6TUKYVPHM2RV2I\">Vegetales para enfrentar el cambio clim\u00e1tico. Se menciona a la UTalca.\u00a0<\/a><\/p><p class=\"x_MsoNormal\">\u00a0<\/p><p class=\"x_MsoNormal\"><strong>RADIO M\u00c1GICA\u00a0<\/strong><\/p><p class=\"x_MsoNormal\"><a href=\"https:\/\/www.litoralpress.cl\/sitio\/RadioTV_Detalles.cshtml?LPKey=C7MVPD2O7VN43CRWOOJMY45CRIIGKQX4FRFM6LJXH3YQVEMSKDZA\">Entrevista a Francisca Valladares, psic\u00f3loga cl\u00ednica del Centro de Psicolog\u00eda Aplicada (CEPA).\u00a0<\/a><\/p><p class=\"x_MsoNormal\" aria-hidden=\"true\">\u00a0<\/p><p class=\"x_MsoNormal\"><strong>RADIO AMIGA\u00a0<\/strong><\/p><p class=\"x_MsoNormal\"><a href=\"https:\/\/www.litoralpress.cl\/sitio\/RadioTV_Detalles.cshtml?LPKey=6XAWW23PHDJOFMTWGSOFB2ITOCZNHJS3IBWSNSEZYVKQACPJ6ASA\">Entrevista a Francisca Valladares, psic\u00f3loga cl\u00ednica del Centro de Psicolog\u00eda Aplicada (CEPA).\u00a0<\/a><\/p><p class=\"x_MsoNormal\" aria-hidden=\"true\">\u00a0<\/p><p class=\"x_MsoNormal\"><strong>RADIO MERIDIONAL\u00a0<\/strong><\/p><p class=\"x_MsoNormal\"><a href=\"https:\/\/www.litoralpress.cl\/sitio\/RadioTV_Detalles.cshtml?LPKey=T5FP6QTTL63KATSZCXJ222KDPB2TUHDAAICRWBEU5EL6AHBJNU3Q\">Entrevista a Francisca Valladares, psic\u00f3loga cl\u00ednica del Centro de Psicolog\u00eda Aplicada (CEPA).\u00a0<\/a><\/p><p class=\"x_MsoNormal\" aria-hidden=\"true\">\u00a0<\/p><p class=\"x_MsoNormal\"><strong>CANAL MEGA\u00a0<\/strong><\/p><p class=\"x_MsoNormal\"><a href=\"https:\/\/www.litoralpress.cl\/sitio\/RadioTV_Detalles.cshtml?LPKey=B4TAPFOTH4C3HZJDWIVJY7YUEMEXBCV5UDWSZRJ6Y7HPR27HVOJA\">Fechas claves de la convenci\u00f3n constitucional. Se refiere Mauricio Morales, director del Centro de An\u00e1lisis Pol\u00edtico (CAP).\u00a0<\/a><\/p><p class=\"x_MsoNormal\">\u00a0<\/p><p class=\"x_MsoNormal\"><strong>CANAL MEGA PLUS\u00a0<\/strong><\/p><p class=\"x_MsoNormal\"><a href=\"https:\/\/www.litoralpress.cl\/sitio\/RadioTV_Detalles.cshtml?LPKey=JAEUXD3V7UP3FHRRZTKMIODXWTOQLVKA7VKXNZVNFNOW53UUSRZA\">Primer encuentro del gabinete de Boric. Se refiere Mauricio Morales, director del Centro de An\u00e1lisis Pol\u00edtico (CAP).\u00a0<\/a><\/p><p class=\"x_MsoNormal\">\u00a0<\/p><p class=\"x_MsoNormal\"><strong>CANAL TVN\u00a0<\/strong><\/p><p class=\"x_MsoNormal\"><a href=\"https:\/\/www.litoralpress.cl\/sitio\/RadioTV_Detalles.cshtml?LPKey=3NDK4JTGFJ7DPKW6D7ZD6KYLTW37YBCHMPAAE7AXGFUQW7LRPY2A\">Convenci\u00f3n Constitucional vive semana de importantes definiciones. Se refiere Mauricio Morales, director del Centro de An\u00e1lisis Pol\u00edtico (CAP).\u00a0<\/a><\/p><p class=\"x_MsoNormal\">\u00a0<\/p><p class=\"x_MsoNormal\"><strong>CANAL MEGA\u00a0<\/strong><\/p><p class=\"x_MsoNormal\"><a href=\"https:\/\/www.litoralpress.cl\/sitio\/RadioTV_Detalles.cshtml?LPKey=CJL4YZUVKJQXLAUIKURTU4N2XM4CWM52MVPWA3KETZUTWZCSAGXA\">Primer encuentro del gabinete de Boric. Se refiere Mauricio Morales, director del Centro de An\u00e1lisis Pol\u00edtico (CAP).\u00a0<\/a><\/p><p class=\"x_MsoNormal\">\u00a0<\/p><p class=\"x_MsoNormal\"><strong>CANAL MEGA\u00a0<\/strong><\/p><p class=\"x_MsoNormal\"><a href=\"https:\/\/www.litoralpress.cl\/sitio\/RadioTV_Detalles.cshtml?LPKey=F2ZGV7GR7VDTW77N33ESOGVT3C6OCGW6V2GBF24LT47JDDFEMNHQ\">Primera reuni\u00f3n de gabinete a un mes de asumir el Gobierno. Se refiere Mauricio Morales, director del Centro de An\u00e1lisis Pol\u00edtico (CAP).\u00a0<\/a><\/p><p class=\"x_MsoNormal\">\u00a0<\/p><p class=\"x_MsoNormal\"><strong>RADIO INFINITA\u00a0<\/strong><\/p><p class=\"x_MsoNormal\"><a href=\"https:\/\/www.litoralpress.cl\/sitio\/RadioTV_Detalles.cshtml?LPKey=EZJ5ZSOHTKL6WWWIGHAWEIU7CN5OHDSZEGAWCLS3ORUK7FTNMOXQ\">Comentario de pol\u00edtica de Mauricio Morales, director del Centro de An\u00e1lisis Pol\u00edtico (CAP).\u00a0<\/a><\/p><p class=\"x_MsoNormal\">\u00a0<\/p><p class=\"x_MsoNormal\"><strong>CNNCHILE.COM\u00a0<\/strong><\/p><p class=\"x_MsoNormal\"><a href=\"https:\/\/www.cnnchile.com\/lodijeronencnn\/entrevista-mauricio-morales-quinto-retiro-marcel_20220411\/\">Mauricio Morales: \u201cSi los legisladores votan a favor del quinto retiro, Marcel no tendr\u00eda mucho que hacer en el gabinete\u201d. Se refiere el director del Centro de An\u00e1lisis Pol\u00edtico (CAP).\u00a0<\/a><\/p><p class=\"x_MsoNormal\">\u00a0<\/p><p class=\"x_MsoNormal\"><strong>ATENTOSCHILE.CL\u00a0<\/strong><\/p><p class=\"x_MsoNormal\"><a href=\"https:\/\/www.litoralpress.cl\/sitio\/RadioTV_Detalles.cshtml?LPKey=KOJLDYJCS3MHLPZNJ77BGGZYROONX5SRJO2GWTQVHZTHQGDTWPUA\">Entrevista a Fabi\u00e1n Belmar, investigador del Centro de An\u00e1lisis Pol\u00edtico (CAP).\u00a0<\/a><\/p><p class=\"x_MsoNormal\">\u00a0<\/p><p class=\"x_MsoNormal\"><strong>RADIO MARISOL\u00a0<\/strong><\/p><p class=\"x_MsoNormal\"><a href=\"https:\/\/www.litoralpress.cl\/sitio\/RadioTV_Detalles.cshtml?LPKey=FPP3L2IJAKQP34QZ7AQJ6XCZAKSVCQHKZWNOIOBB3PUGLL6LTSNQ\">Entrevista a Fabi\u00e1n Belmar, investigador del Centro de An\u00e1lisis Pol\u00edtico (CAP).\u00a0<\/a><\/p>\t\t\t\t\t\t<\/div>\n\t\t\t\t<\/div>\n\t\t\t\t\t<\/div>\n\t\t<\/div>\n\t\t\t\t\t\t\t<\/div>\n\t\t<\/section>\n\t\t\t\t\t\t<\/div>\n\t\t\t\t\t<\/div>\n\t\t","protected":false},"excerpt":{"rendered":"<p>RADIO AMIGA\u00a0 Gobierno regional particip\u00f3 en jornada de descentralizaci\u00f3n de la UTalca. Se refiere Rodrigo Herrera, decano de la Facultad de Econom\u00eda y Negocios (FEN).\u00a0 \u00a0 DIARIOSENRED.COM\u00a0 Estudio realizado por UTalca confirma efectos negativos del tendido el\u00e9ctrico en las abejas. Se refiere Marco Molina, acad\u00e9mico del Instituto de Ciencias Biol\u00f3gicas.\u00a0 \u00a0 ADPRENSA.CL\u00a0 Investigaci\u00f3n confirma efectos &hellip;<\/p>\n<p class=\"read-more\"> <a class=\"\" href=\"https:\/\/www.reportedeprensa.utalca.cl\/?p=3624\"> <span class=\"screen-reader-text\">12 de abril de 2022<\/span> Read More &raquo;<\/a><\/p>\n","protected":false},"author":1,"featured_media":0,"comment_status":"closed","ping_status":"open","sticky":false,"template":"","format":"standard","meta":{"_monsterinsights_skip_tracking":false,"_monsterinsights_sitenote_active":false,"_monsterinsights_sitenote_note":"","_monsterinsights_sitenote_category":0},"categories":[20],"tags":[],"_links":{"self":[{"href":"https:\/\/www.reportedeprensa.utalca.cl\/index.php?rest_route=\/wp\/v2\/posts\/3624"}],"collection":[{"href":"https:\/\/www.reportedeprensa.utalca.cl\/index.php?rest_route=\/wp\/v2\/posts"}],"about":[{"href":"https:\/\/www.reportedeprensa.utalca.cl\/index.php?rest_route=\/wp\/v2\/types\/post"}],"author":[{"embeddable":true,"href":"https:\/\/www.reportedeprensa.utalca.cl\/index.php?rest_route=\/wp\/v2\/users\/1"}],"replies":[{"embeddable":true,"href":"https:\/\/www.reportedeprensa.utalca.cl\/index.php?rest_route=%2Fwp%2Fv2%2Fcomments&post=3624"}],"version-history":[{"count":4,"href":"https:\/\/www.reportedeprensa.utalca.cl\/index.php?rest_route=\/wp\/v2\/posts\/3624\/revisions"}],"predecessor-version":[{"id":3628,"href":"https:\/\/www.reportedeprensa.utalca.cl\/index.php?rest_route=\/wp\/v2\/posts\/3624\/revisions\/3628"}],"wp:attachment":[{"href":"https:\/\/www.reportedeprensa.utalca.cl\/index.php?rest_route=%2Fwp%2Fv2%2Fmedia&parent=3624"}],"wp:term":[{"taxonomy":"category","embeddable":true,"href":"https:\/\/www.reportedeprensa.utalca.cl\/index.php?rest_route=%2Fwp%2Fv2%2Fcategories&post=3624"},{"taxonomy":"post_tag","embeddable":true,"href":"https:\/\/www.reportedeprensa.utalca.cl\/index.php?rest_route=%2Fwp%2Fv2%2Ftags&post=3624"}],"curies":[{"name":"wp","href":"https:\/\/api.w.org\/{rel}","templated":true}]}}