{"id":3636,"date":"2022-04-13T09:59:21","date_gmt":"2022-04-13T12:59:21","guid":{"rendered":"https:\/\/www.reportedeprensa.utalca.cl\/?p=3636"},"modified":"2022-04-13T10:02:47","modified_gmt":"2022-04-13T13:02:47","slug":"13-de-abril-de-2022","status":"publish","type":"post","link":"https:\/\/www.reportedeprensa.utalca.cl\/?p=3636","title":{"rendered":"13 de abril de 2022"},"content":{"rendered":"\t\t<div data-elementor-type=\"wp-post\" data-elementor-id=\"3636\" class=\"elementor elementor-3636\" data-elementor-settings=\"[]\">\n\t\t\t\t\t\t\t<div class=\"elementor-section-wrap\">\n\t\t\t\t\t\t\t<section class=\"elementor-section elementor-top-section elementor-element elementor-element-551691d7 elementor-section-boxed elementor-section-height-default elementor-section-height-default\" data-id=\"551691d7\" data-element_type=\"section\">\n\t\t\t\t\t\t<div class=\"elementor-container elementor-column-gap-default\">\n\t\t\t\t\t<div class=\"elementor-column elementor-col-100 elementor-top-column elementor-element elementor-element-249cced\" data-id=\"249cced\" data-element_type=\"column\">\n\t\t\t<div class=\"elementor-widget-wrap elementor-element-populated\">\n\t\t\t\t\t\t\t\t<div class=\"elementor-element elementor-element-60e9cf41 elementor-widget elementor-widget-text-editor\" data-id=\"60e9cf41\" data-element_type=\"widget\" data-widget_type=\"text-editor.default\">\n\t\t\t\t<div class=\"elementor-widget-container\">\n\t\t\t\t\t\t\t\t<p class=\"x_MsoNormal\"><strong>EL MERCURIO\u00a0<\/strong><\/p><p class=\"x_MsoNormal\"><a href=\"https:\/\/www.litoralpress.cl\/paginaconsultas\/Servicios_NClip\/Get_Imagen_Nota.aspx?LPKey=X3OWGBTZ53YTTZOD66OEXFCAPFDDILXK7GJI2JFTJ4RWF2XYFCXRZFOBG6AKXSJBPJ2G5U7OR7EWY\">Cristina Rivera Garza: \u201cNo escribimos nunca solas\u201d.\u00a0<\/a><\/p><p class=\"x_MsoNormal\">\u00a0<\/p><p class=\"x_MsoNormal\"><strong>ELMOSTRADOR.CL\u00a0<\/strong><\/p><p class=\"x_MsoNormal\"><a href=\"https:\/\/www.elmostrador.cl\/cultura\/2022\/04\/12\/escritora-mexicana-cristina-rivera-garza-recibio-premio-iberoamericano-de-letras-jose-donoso\/\">Escritora mexicana Cristina Rivera Garza recibi\u00f3 Premio Iberoamericano de Letras Jos\u00e9 Donoso. \u00a0<\/a><\/p><p class=\"x_MsoNormal\">\u00a0<\/p><p class=\"x_MsoNormal\"><strong>DIARIOLAPRENSA.CL\u00a0<\/strong><\/p><p class=\"x_MsoNormal\"><a href=\"https:\/\/new.diariolaprensa.cl\/index.php\/2022\/04\/13\/escritora-mexicana-cristina-rivera-garza-recibio-premio-iberoamericano-de-letras-jose-donoso\/\">Escritora mexicana Cristina Rivera Garza recibi\u00f3 \u201cPremio Iberoamericano de Letras Jos\u00e9 Donoso\u201d.\u00a0<\/a><\/p><p class=\"x_MsoNormal\">\u00a0<\/p><p class=\"x_MsoNormal\"><strong>ELMAULEINFORMA.CL\u00a0<\/strong><\/p><p class=\"x_MsoNormal\"><a href=\"https:\/\/elmauleinforma.cl\/escritora-mexicana-cristina-rivera-garza-recibio-premio-iberoamericano-de-letras-jose-donoso\/\">Escritora mexicana Cristina Rivera Garza recibi\u00f3 Premio Iberoamericano de Letras Jos\u00e9 Donoso.\u00a0<\/a><\/p><p class=\"x_MsoNormal\">\u00a0<\/p><p class=\"x_MsoNormal\"><strong>LAPRENSAAUSTRAL.CL\u00a0<\/strong><\/p><p class=\"x_MsoNormal\"><a href=\"https:\/\/laprensaaustral.cl\/2022\/04\/13\/escritora-mexicana-cristina-rivera-garza-recibio-premio-iberoamericano-de-letras-jose-donoso\/\">Escritora mexicana Cristina Rivera Garza recibi\u00f3 Premio Iberoamericano de Letras Jos\u00e9 Donoso.\u00a0<\/a><\/p><p class=\"x_MsoNormal\">\u00a0<\/p><p class=\"x_MsoNormal\"><strong>G5NOTICIAS.CL\u00a0<\/strong><\/p><p class=\"x_MsoNormal\"><a href=\"https:\/\/g5noticias.cl\/2022\/04\/12\/escritora-mexicana-cristina-rivera-garza-recibio-premio-iberoamericano-de-letras-jose-donoso\/\">Escritora mexicana Cristina Rivera Garza recibi\u00f3 Premio Iberoamericano de Letras Jos\u00e9 Donoso.\u00a0<\/a><\/p><p class=\"x_MsoNormal\">\u00a0<\/p><p class=\"x_MsoNormal\"><strong>DIARIO LA PRENSA\u00a0<\/strong><\/p><p class=\"x_MsoNormal\"><a href=\"https:\/\/www.litoralpress.cl\/paginaconsultas\/Servicios_NClip\/Get_Imagen_Nota.aspx?LPKey=WPLM4E46UVU6K24WHH4276EBKSUMLTFBNVBKDSLVRBRLJAOLHIMSW2GL7JAUJODJVQYTDDTPY4G2G\">Acuerdan fortalecer carreras de Pedagog\u00eda. Se refiere Carlos Torres, rector electo de la UTalca.\u00a0<\/a><\/p><p class=\"x_MsoNormal\">\u00a0<\/p><p class=\"x_MsoNormal\"><strong>DIARIO EL LECTOR\u00a0<\/strong><\/p><p class=\"x_MsoNormal\"><a href=\"https:\/\/www.litoralpress.cl\/paginaconsultas\/Servicios_NClip\/Get_Imagen_Nota.aspx?LPKey=LUCVDXIP5YJHSSLPCJFBMVK44DFOECJIX6KDULKLH5SQWH622RS5XYCMA23DSRMHPHXPAGWDYJ6DA\">Trabajo cooperativo y potenciamiento de Pedagog\u00edas marcan encuentro de seremi de Educaci\u00f3n y rector UTalca. Se refiere Carlos Torres, rector electo.\u00a0<\/a><\/p><p class=\"x_MsoNormal\">\u00a0<\/p><p class=\"x_MsoNormal\"><strong>PORTALEDUCACION.CL\u00a0<\/strong><\/p><p class=\"x_MsoNormal\"><a href=\"https:\/\/portaleducacion.cl\/index.php\/2022\/04\/12\/trabajo-cooperativo-y-potenciamiento-de-pedagogias-marcan-encuentro-de-seremi-de-educacion-y-rector-utalca\/\">Trabajo cooperativo y potenciamiento de Pedagog\u00edas marcan encuentro de seremi de Educaci\u00f3n y rector UTalca. Se refiere Carlos Torres, rector electo. \u00a0<\/a><\/p><p class=\"x_MsoNormal\">\u00a0<\/p><p class=\"x_MsoNormal\"><strong>RADIO SOF\u00cdA\u00a0<\/strong><\/p><p class=\"x_MsoNormal\"><a href=\"https:\/\/radiosofia.cl\/trabajo-cooperativo-y-potenciamiento-de-pedagogias-marcan-encuentro-de-seremi-de-educacion-y-rector-utalca\/\">Trabajo cooperativo y potenciamiento de Pedagog\u00edas marcan encuentro de seremi de Educaci\u00f3n y rector UTalca. Se refiere Carlos Torres, rector electo de la UTalca.\u00a0<\/a><\/p><p class=\"x_MsoNormal\">\u00a0<\/p><p class=\"x_MsoNormal\"><strong>DIARIO LA PRENSA\u00a0<\/strong><\/p><p class=\"x_MsoNormal\"><a href=\"https:\/\/www.litoralpress.cl\/paginaconsultas\/Servicios_NClip\/Get_Imagen_Nota.aspx?LPKey=HZTVIDWQMRAA7IT5CBWVY77VKWF4NAIKLZMM2SMO3MR2GUQ2U4LAJDNQQNQX6KEFLNKZZROM6MDW2\">Estudio confirma que tendido el\u00e9ctrico causa efectos negativos sobre las abejas. Se refiere Marco Molina, acad\u00e9mico del Instituto de Ciencias Biol\u00f3gicas.\u00a0<\/a><\/p><p class=\"x_MsoNormal\">\u00a0<\/p><p class=\"x_MsoNormal\"><strong>DIARIO EL HERALDO\u00a0<\/strong><\/p><p class=\"x_MsoNormal\"><a href=\"https:\/\/www.litoralpress.cl\/paginaconsultas\/Servicios_NClip\/Get_Imagen_Nota.aspx?LPKey=SDHHAB46SNNEZW4O2KBQXJ3WWSVDOD6ZZJEKHUGYNMDJGSG26QTNZWCKXXVIR3U5FOB3M3WGK3ORW\">Investigaci\u00f3n confirma efectos negativos del tendido el\u00e9ctrico sobre las abejas. Se refiere Marco Molina, acad\u00e9mico del Instituto de Ciencias Biol\u00f3gicas. \u00a0<\/a><\/p><p class=\"x_MsoNormal\">\u00a0<\/p><p class=\"x_MsoNormal\"><strong>DIARIOLAPRENSA.CL\u00a0<\/strong><\/p><p class=\"x_MsoNormal\"><a href=\"https:\/\/new.diariolaprensa.cl\/index.php\/2022\/04\/12\/estudio-confirma-que-tendido-electrico-causa-efectos-negativos-sobre-las-abejas\/\">Estudio confirma que tendido el\u00e9ctrico causa efectos negativos sobre las abejas. Se refiere Marco Molina, acad\u00e9mico del Instituto de Ciencias Biol\u00f3gicas.\u00a0<\/a><\/p><p class=\"x_MsoNormal\" aria-hidden=\"true\">\u00a0<\/p><p class=\"x_MsoNormal\"><strong>DIARIOELHERALDO.CL\u00a0<\/strong><\/p><p class=\"x_MsoNormal\"><a href=\"http:\/\/www.diarioelheraldo.cl\/noticia\/investigacion-confirma-efectos-negativos-del-tendido-electrico-sobre-las-abejas-\">Investigaci\u00f3n confirma efectos negativos del tendido el\u00e9ctrico sobre las abejas. Se refiere Marco Molina, acad\u00e9mico del Instituto de Ciencias Biol\u00f3gicas.\u00a0<\/a><\/p><p class=\"x_MsoNormal\">\u00a0<\/p><p class=\"x_MsoNormal\"><strong>LANOTICIA.CL\u00a0<\/strong><\/p><p class=\"x_MsoNormal\"><a href=\"https:\/\/lanoticia.cl\/investigacion-confirma-efectos-negativos-del-tendido-electrico-sobre-las-abejas\/\">Investigaci\u00f3n confirma efectos negativos del tendido el\u00e9ctrico sobre las abejas. Se refiere Marco Molina, acad\u00e9mico del Instituto de Ciencias Biol\u00f3gicas.\u00a0<\/a><\/p><p class=\"x_MsoNormal\">\u00a0<\/p><p class=\"x_MsoNormal\"><strong>EMOL.COM\u00a0<\/strong><\/p><p class=\"x_MsoNormal\"><a href=\"https:\/\/www.emol.com\/noticias\/Nacional\/2022\/04\/12\/1057742\/covid-expertos-endemia-pandemia-chile.html\">\u00bfEs momento de hablar de &#8220;endemia&#8221; en Chile?: Expertos debaten denominaci\u00f3n frente a actual escenario sanitario. Se refiere Daniel Jim\u00e9nez, director de Salud del Estudiante.\u00a0<\/a><\/p><p class=\"x_MsoNormal\">\u00a0<\/p><p class=\"x_MsoNormal\"><strong>CANAL CONTIVISI\u00d3N\u00a0<\/strong><\/p><p class=\"x_MsoNormal\"><a href=\"https:\/\/www.litoralpress.cl\/sitio\/RadioTV_Detalles.cshtml?LPKey=NU3VSV5PMGEO7IFQDOGBS25YHWWICQ5ZJBVKJ4ANSV3QFJXWNT6Q\">Alternativas econ\u00f3micas para calefaccionarse este invierno. Se refiere Mar\u00eda Luisa del Campo, acad\u00e9mica de la Facultad de Ingenier\u00eda. \u00a0<\/a><\/p><p class=\"x_MsoNormal\">\u00a0<\/p><p class=\"x_MsoNormal\"><strong>EMB.CL\u00a0<\/strong><\/p><p class=\"x_MsoNormal\"><a href=\"http:\/\/www.emb.cl\/electroindustria\/noticia.mvc?nid=20220411w13&amp;ni=\">Universidad de Talca investiga soluciones tecnol\u00f3gicas contra el cambio clim\u00e1tico. Se refiere Leidy Garc\u00eda, acad\u00e9mica de la Facultad de Econom\u00eda y Negocios. \u00a0<\/a><\/p><p class=\"x_MsoNormal\">\u00a0<\/p><p class=\"x_MsoNormal\"><strong>ELCENTRO.CL\u00a0<\/strong><\/p><p class=\"x_MsoNormal\"><a href=\"https:\/\/elcentro.cl\/2022\/04\/07\/el-descubrimiento-de-earendel-a-unos-200-mil-millones-de-anos-luz\/\">El descubrimiento de Earendel, a unos 200 mil millones de a\u00f1os luz. Se refiere Gustavo Orellana Gonz\u00e1les, astrof\u00edsico de la UTalca.\u00a0<\/a><\/p><p class=\"x_MsoNormal\">\u00a0<\/p><p class=\"x_MsoNormal\"><strong>CANAL TV5 LINARES\u00a0<\/strong><\/p><p class=\"x_MsoNormal\"><a href=\"https:\/\/www.litoralpress.cl\/sitio\/RadioTV_Detalles.cshtml?LPKey=VVLQSNGSFNK6LOCP25I6OO67K53HZXXYFGVC76ITJ74W5Z3LDUCQ\">Menor falleci\u00f3 atragantado por un dulce en Yerbas Buenas. Se refiere Mar\u00eda Ester Mu\u00f1oz, acad\u00e9mica de la Facultad de Ciencias de la Salud. \u00a0<\/a><\/p><p class=\"x_MsoNormal\">\u00a0<\/p><p class=\"x_MsoNormal\"><strong>ATENTOSCHILE.CL\u00a0<\/strong><\/p><p class=\"x_MsoNormal\"><a href=\"https:\/\/www.litoralpress.cl\/sitio\/RadioTV_Detalles.cshtml?LPKey=FCMTMSL24MNTKGOEFQDSW6TQSWAXV3OBPN46TSBHMHMXFZ3S2TDQ\">Entrevista a Mar\u00eda Ester Mu\u00f1oz, acad\u00e9mica de la Facultad de Ciencias de la Salud.\u00a0<\/a><\/p><p class=\"x_MsoNormal\">\u00a0<\/p><p class=\"x_MsoNormal\"><strong>RADIO MARISOL\u00a0<\/strong><\/p><p class=\"x_MsoNormal\"><a href=\"https:\/\/www.litoralpress.cl\/sitio\/RadioTV_Detalles.cshtml?LPKey=GKDXIRWGOCUCWSZ3PRLFMY2K7DGM2W5KGA7JL4AENNCAG67SKWRQ\">Entrevista a Mar\u00eda Ester Mu\u00f1oz, acad\u00e9mica de la Facultad de Ciencias de la Salud.\u00a0<\/a><\/p><p class=\"x_MsoNormal\">\u00a0<\/p><p class=\"x_MsoNormal\"><strong>CANAL TVN\u00a0<\/strong><\/p><p class=\"x_MsoNormal\"><a href=\"https:\/\/www.litoralpress.cl\/sitio\/RadioTV_Detalles.cshtml?LPKey=3NDK4JTGFJ7DPKW6D7ZD6KYLTW37YBCHMPAAE7AXGFUQW7LRPY2A\">Convenci\u00f3n Constitucional vive semana de importantes definiciones. Se refiere Mauricio Morales, director del Centro de An\u00e1lisis Pol\u00edtico (CAP).\u00a0<\/a><\/p><p class=\"x_MsoNormal\">\u00a0<\/p><p class=\"x_MsoNormal\"><strong>CANAL 24 HORAS\u00a0<\/strong><\/p><p class=\"x_MsoNormal\"><a href=\"https:\/\/www.litoralpress.cl\/sitio\/RadioTV_Detalles.cshtml?LPKey=K3WFEZ3XVMI4SCJU676VLMT3WXMDYXUE653WSGNDEMNTNPR3REXA\">Convenci\u00f3n Constitucional vive semana de importantes definiciones. Se refiere Mauricio Morales, director del Centro de An\u00e1lisis Pol\u00edtico (CAP).\u00a0<\/a><\/p><p class=\"x_MsoNormal\">\u00a0<\/p><p class=\"x_MsoNormal\"><strong>CANAL MEGA\u00a0<\/strong><\/p><p class=\"x_MsoNormal\"><a href=\"https:\/\/www.litoralpress.cl\/sitio\/RadioTV_Detalles.cshtml?LPKey=ESU45XOYSPWBMT24C4K4ER63CYAFJ2WRQPT6CLRBSYTIXAG43A7Q\">Mesa de la Convenci\u00f3n Constitucional cierra opci\u00f3n de plebiscito con tres alternativas. Se refiere Mauricio Morales, director del Centro de An\u00e1lisis Pol\u00edtico (CAP).\u00a0<\/a><\/p><p class=\"x_MsoNormal\">\u00a0<\/p><p class=\"x_MsoNormal\"><strong>DIARIO CR\u00d3NICA DE CHILL\u00c1N\u00a0<\/strong><\/p><p class=\"x_MsoNormal\"><a href=\"https:\/\/www.litoralpress.cl\/paginaconsultas\/Servicios_NClip\/Get_Imagen_Nota.aspx?LPKey=AE7NCR7GGCOB4MF44KIDVRUKRT5P2UPTSLMEFLQBY2NPVVHPCKNR22M5X67LDU777Q6L4LRIRLGXU\">La Moneda enviar\u00e1 la pr\u00f3xima semana subsidios a la parafina y gas licuado, y alza de sueldo m\u00ednimo. Se refiere Mauricio Morales, director del Centro de An\u00e1lisis Pol\u00edtico (CAP).\u00a0<\/a><\/p><p class=\"x_MsoNormal\">\u00a0<\/p><p class=\"x_MsoNormal\"><strong>DIARIO LA PRENSA\u00a0<\/strong><\/p><p class=\"x_MsoNormal\"><a href=\"https:\/\/www.litoralpress.cl\/paginaconsultas\/Servicios_NClip\/Get_Imagen_Nota.aspx?LPKey=IC5Y4MN3HEOCC4UMGC5IHEIRZCYTXNHMDT3BQQNAEOEBWHMG6Q5R32TAGOMIJ466IUEVZ24XF5SYK\">Acercan ciencias a la primera infancia. Se refiere Camila D\u00edaz, encargada pedag\u00f3gica Explora Maule.\u00a0\u00a0\u00a0<\/a><\/p><p class=\"x_MsoNormal\">\u00a0<\/p>\t\t\t\t\t\t<\/div>\n\t\t\t\t<\/div>\n\t\t\t\t\t<\/div>\n\t\t<\/div>\n\t\t\t\t\t\t\t<\/div>\n\t\t<\/section>\n\t\t\t\t\t\t<\/div>\n\t\t\t\t\t<\/div>\n\t\t","protected":false},"excerpt":{"rendered":"<p>EL MERCURIO\u00a0 Cristina Rivera Garza: \u201cNo escribimos nunca solas\u201d.\u00a0 \u00a0 ELMOSTRADOR.CL\u00a0 Escritora mexicana Cristina Rivera Garza recibi\u00f3 Premio Iberoamericano de Letras Jos\u00e9 Donoso. \u00a0 \u00a0 DIARIOLAPRENSA.CL\u00a0 Escritora mexicana Cristina Rivera Garza recibi\u00f3 \u201cPremio Iberoamericano de Letras Jos\u00e9 Donoso\u201d.\u00a0 \u00a0 ELMAULEINFORMA.CL\u00a0 Escritora mexicana Cristina Rivera Garza recibi\u00f3 Premio Iberoamericano de Letras Jos\u00e9 Donoso.\u00a0 \u00a0 LAPRENSAAUSTRAL.CL\u00a0 Escritora &hellip;<\/p>\n<p class=\"read-more\"> <a class=\"\" href=\"https:\/\/www.reportedeprensa.utalca.cl\/?p=3636\"> <span class=\"screen-reader-text\">13 de abril de 2022<\/span> Read More &raquo;<\/a><\/p>\n","protected":false},"author":1,"featured_media":0,"comment_status":"closed","ping_status":"open","sticky":false,"template":"","format":"standard","meta":{"_monsterinsights_skip_tracking":false,"_monsterinsights_sitenote_active":false,"_monsterinsights_sitenote_note":"","_monsterinsights_sitenote_category":0},"categories":[20],"tags":[],"_links":{"self":[{"href":"https:\/\/www.reportedeprensa.utalca.cl\/index.php?rest_route=\/wp\/v2\/posts\/3636"}],"collection":[{"href":"https:\/\/www.reportedeprensa.utalca.cl\/index.php?rest_route=\/wp\/v2\/posts"}],"about":[{"href":"https:\/\/www.reportedeprensa.utalca.cl\/index.php?rest_route=\/wp\/v2\/types\/post"}],"author":[{"embeddable":true,"href":"https:\/\/www.reportedeprensa.utalca.cl\/index.php?rest_route=\/wp\/v2\/users\/1"}],"replies":[{"embeddable":true,"href":"https:\/\/www.reportedeprensa.utalca.cl\/index.php?rest_route=%2Fwp%2Fv2%2Fcomments&post=3636"}],"version-history":[{"count":4,"href":"https:\/\/www.reportedeprensa.utalca.cl\/index.php?rest_route=\/wp\/v2\/posts\/3636\/revisions"}],"predecessor-version":[{"id":3640,"href":"https:\/\/www.reportedeprensa.utalca.cl\/index.php?rest_route=\/wp\/v2\/posts\/3636\/revisions\/3640"}],"wp:attachment":[{"href":"https:\/\/www.reportedeprensa.utalca.cl\/index.php?rest_route=%2Fwp%2Fv2%2Fmedia&parent=3636"}],"wp:term":[{"taxonomy":"category","embeddable":true,"href":"https:\/\/www.reportedeprensa.utalca.cl\/index.php?rest_route=%2Fwp%2Fv2%2Fcategories&post=3636"},{"taxonomy":"post_tag","embeddable":true,"href":"https:\/\/www.reportedeprensa.utalca.cl\/index.php?rest_route=%2Fwp%2Fv2%2Ftags&post=3636"}],"curies":[{"name":"wp","href":"https:\/\/api.w.org\/{rel}","templated":true}]}}