{"id":3648,"date":"2022-04-14T10:03:14","date_gmt":"2022-04-14T13:03:14","guid":{"rendered":"https:\/\/www.reportedeprensa.utalca.cl\/?p=3648"},"modified":"2022-04-14T10:07:42","modified_gmt":"2022-04-14T13:07:42","slug":"14-de-abril-de-2022","status":"publish","type":"post","link":"https:\/\/www.reportedeprensa.utalca.cl\/?p=3648","title":{"rendered":"14 de abril de 2022"},"content":{"rendered":"\t\t<div data-elementor-type=\"wp-post\" data-elementor-id=\"3648\" class=\"elementor elementor-3648\" data-elementor-settings=\"[]\">\n\t\t\t\t\t\t\t<div class=\"elementor-section-wrap\">\n\t\t\t\t\t\t\t<section class=\"elementor-section elementor-top-section elementor-element elementor-element-551691d7 elementor-section-boxed elementor-section-height-default elementor-section-height-default\" data-id=\"551691d7\" data-element_type=\"section\">\n\t\t\t\t\t\t<div class=\"elementor-container elementor-column-gap-default\">\n\t\t\t\t\t<div class=\"elementor-column elementor-col-100 elementor-top-column elementor-element elementor-element-249cced\" data-id=\"249cced\" data-element_type=\"column\">\n\t\t\t<div class=\"elementor-widget-wrap elementor-element-populated\">\n\t\t\t\t\t\t\t\t<div class=\"elementor-element elementor-element-60e9cf41 elementor-widget elementor-widget-text-editor\" data-id=\"60e9cf41\" data-element_type=\"widget\" data-widget_type=\"text-editor.default\">\n\t\t\t\t<div class=\"elementor-widget-container\">\n\t\t\t\t\t\t\t\t<p class=\"x_MsoNormal\"><strong>DIARIO LA PRENSA\u00a0<\/strong><\/p><p class=\"x_MsoNormal\"><a href=\"https:\/\/www.litoralpress.cl\/paginaconsultas\/Servicios_NClip\/Get_Imagen_Nota.aspx?LPKey=4AJ537LXDGVTJJON2KOPHKEFHYZ2HWYSXLQSTCNG7PT2IECOBJYX2OAD2GWOK4UCNTJYREMG36TGQ\">Escritora mexicana Cristina Rivera Garza recibi\u00f3 \u201cPremio Iberoamericano de Letras Jos\u00e9 Donoso\u201d.\u00a0<\/a><\/p><p class=\"x_MsoNormal\">\u00a0<\/p><p class=\"x_MsoNormal\"><strong>DIARIO LA PRENSA AUSTRAL\u00a0<\/strong><\/p><p class=\"x_MsoNormal\"><a href=\"https:\/\/www.litoralpress.cl\/paginaconsultas\/Servicios_NClip\/Get_Imagen_Nota.aspx?LPKey=WIA7AKZOBDYPDBD2VQ3Z4HRCVIABBJVMZGRCI4KD64EZGVPJZV4K73CKBID2MTYPX6YIGKB77HMP2\">Escritora mexicana Cristina Rivera Garza recibi\u00f3 Premio Iberoamericano de Letras Jos\u00e9 Donoso.<\/a><\/p><p class=\"x_MsoNormal\">\u00a0<\/p><p class=\"x_MsoNormal\"><strong>ELCIUDADANO.COM\u00a0<\/strong><\/p><p class=\"x_MsoNormal\"><a href=\"https:\/\/www.elciudadano.com\/mexico\/escritora-cristina-rivera-aborda-el-machismo-al-recibir-premio-jose-donoso-2021\/04\/14\/\">Escritora Cristina Rivera aborda el machismo al recibir premio Jos\u00e9 Donoso 2021.\u00a0<\/a><\/p><p class=\"x_MsoNormal\">\u00a0<\/p><p class=\"x_MsoNormal\"><strong>ELMAULEINFORMA.CL\u00a0<\/strong><\/p><p class=\"x_MsoNormal\"><a href=\"https:\/\/elmauleinforma.cl\/comunidad-de-la-universidad-de-talca-aprobo-sus-estatutos\/\">Comunidad de la Universidad de Talca aprob\u00f3 sus estatutos. \u00a0<\/a><\/p><p class=\"x_MsoNormal\">\u00a0<\/p><p class=\"x_MsoNormal\"><strong>DIARIO EL HERALDO\u00a0<\/strong><\/p><p class=\"x_MsoNormal\"><a href=\"https:\/\/www.litoralpress.cl\/paginaconsultas\/Servicios_NClip\/Get_Imagen_Nota.aspx?LPKey=TTEQ5KWVQ6EIQ4INJ7CJMHHJ33GLUY5MIOVRU45FVWHEYBCTQBVWAMKECQXWKYKWLOX4CVDWLGD2I\">Trabajo cooperativo y potenciamiento de Pedagog\u00edas marcan encuentro de seremi de Educaci\u00f3n y rector UTalca. Se refiere Carlos Torres, rector electo. \u00a0<\/a><\/p><p class=\"x_MsoNormal\">\u00a0<\/p><p class=\"x_MsoNormal\"><strong>DIARIOELHERALDO.CL\u00a0<\/strong><\/p><p class=\"x_MsoNormal\"><a href=\"http:\/\/www.diarioelheraldo.cl\/noticia\/trabajo-cooperativo-y-potenciamiento-de-pedagogias-marcan-encuentro-de-seremi-de-educacion-y-rector-utalca\">Trabajo cooperativo y potenciamiento de Pedagog\u00edas marcan encuentro de seremi de Educaci\u00f3n y rector UTalca. Se refiere Carlos Torres, rector electo.\u00a0<\/a><\/p><p class=\"x_MsoNormal\">\u00a0<\/p><p class=\"x_MsoNormal\"><strong>24HORAS.CL\u00a0<\/strong><\/p><p class=\"x_MsoNormal\"><a href=\"https:\/\/www.24horas.cl\/regiones\/maule\/investigacion-revela-que-antenas-y-torres-afectan-a-las-abejas-5262460\">Investigaci\u00f3n revela que antenas y torres afectan a las abejas. Se refiere Marco Molina, acad\u00e9mico del Instituto de Ciencias Biol\u00f3gicas.\u00a0<\/a><\/p><p class=\"x_MsoNormal\">\u00a0<\/p><p class=\"x_MsoNormal\"><strong>CANAL CONTIVISI\u00d3N\u00a0<\/strong><\/p><p class=\"x_MsoNormal\"><a href=\"https:\/\/www.litoralpress.cl\/sitio\/RadioTV_Detalles.cshtml?LPKey=NTBY4UI4HDVQCWKYSCRRDVB6MM5ULDRTZJ5JEN6JZ2XRGZDWU47Q\">Investigaci\u00f3n confirma efectos negativos de tendidos el\u00e9ctricos en las abejas. Se refiere Marco Molina, acad\u00e9mico del Instituto de Ciencias Biol\u00f3gicas. \u00a0<\/a><\/p><p class=\"x_MsoNormal\">\u00a0<\/p><p class=\"x_MsoNormal\"><strong>TVMAULE.CL\u00a0<\/strong><\/p><p class=\"x_MsoNormal\"><a href=\"https:\/\/www.tvmaule.cl\/academicos-buscan-soluciones-tecnologicas-para-mitigar-efectos-del-cambio-climatico\/\">Acad\u00e9micos buscan soluciones tecnol\u00f3gicas para mitigar efectos del cambio clim\u00e1tico. Se refiere Leidy Garc\u00eda, acad\u00e9mica de la Facultad de Econom\u00eda y Negocios (FEN).\u00a0<\/a><\/p><p class=\"x_MsoNormal\">\u00a0<\/p><p class=\"x_MsoNormal\"><strong>ELALFA.CL\u00a0<\/strong><\/p><p class=\"x_MsoNormal\"><a href=\"https:\/\/elalfa.cl\/index.php\/2022\/04\/13\/investigacion-busca-soluciones-tecnologicas-para-mitigar-efectos-del-cambio-climatico\/\">Investigaci\u00f3n busca\u00a0soluciones tecnol\u00f3gicas para mitigar efectos del cambio clim\u00e1tico. Se refiere Leidy Garc\u00eda, acad\u00e9mica de la Facultad de Econom\u00eda y Negocios (FEN).\u00a0<\/a><\/p><p class=\"x_MsoNormal\">\u00a0<\/p><p class=\"x_MsoNormal\"><strong>ATENTOSCHILE.CL\u00a0<\/strong><\/p><p class=\"x_MsoNormal\"><a href=\"https:\/\/www.litoralpress.cl\/sitio\/RadioTV_Detalles.cshtml?LPKey=EQSSKDIAIEJG35JRFCGN6M4REUKJ66KQD7RG2UG6GPJORTISOASQ\">Entrevista a Loreto N\u00fa\u00f1ez, acad\u00e9mica del Departamento de Salud P\u00fablica.\u00a0<\/a><\/p><p class=\"x_MsoNormal\">\u00a0<\/p><p class=\"x_MsoNormal\"><strong>RADIO MARISOL\u00a0<\/strong><\/p><p class=\"x_MsoNormal\"><a href=\"https:\/\/www.litoralpress.cl\/sitio\/RadioTV_Detalles.cshtml?LPKey=WV4NDKOERCB2NPXUHUMFXBHHJB4BKYZO2EE3MUZBMLOWYUCEBRQQ\">Entrevista a Loreto N\u00fa\u00f1ez, acad\u00e9mica del Departamento de Salud P\u00fablica.\u00a0<\/a><\/p><p class=\"x_MsoNormal\">\u00a0<\/p><p class=\"x_MsoNormal\"><strong>CANAL 30 SAN JAVIER\u00a0<\/strong><\/p><p class=\"x_MsoNormal\"><a href=\"https:\/\/www.litoralpress.cl\/sitio\/RadioTV_Detalles.cshtml?LPKey=CCAMREQFLLEHTODHKN2G4NLGM6VMGZVYO6RYH27LNVHMKGXUB7CQ\">Entrevista a Daniel Jim\u00e9nez, director de Salud del Estudiante.\u00a0<\/a><\/p><p class=\"x_MsoNormal\">\u00a0<\/p><p class=\"x_MsoNormal\"><strong>ELMOSTRADOR.CL\u00a0<\/strong><\/p><p class=\"x_MsoNormal\"><a href=\"https:\/\/www.elmostrador.cl\/agenda-pais\/2022\/04\/14\/llaman-a-prevenir-accidentes-por-consumo-de-golosinas\/\">Llaman a prevenir accidentes por consumo de golosinas. Se refiere Mar\u00eda Ester Mu\u00f1oz, acad\u00e9mica de la Escuela de Enfermer\u00eda. \u00a0<\/a><\/p><p class=\"x_MsoNormal\">\u00a0<\/p><p class=\"x_MsoNormal\"><strong>MAULEHOY.CL\u00a0<\/strong><\/p><p class=\"x_MsoNormal\"><a href=\"https:\/\/maulehoy.cl\/2022\/04\/13\/utalca-realiza-actividades-para-estudiantes-que-desean-ingresar-a-la-educacion-superior\/\">UTalca realiza actividades para estudiantes que desean ingresar a la educaci\u00f3n superior. Se refiere Tania Mascar\u00f3, coordinadora de Vinculaci\u00f3n Escolar de la Direcci\u00f3n de Ciclo de Vida Estudiantil.\u00a0<\/a><\/p><p class=\"x_MsoNormal\">\u00a0<\/p><p class=\"x_MsoNormal\"><strong>CANAL MEGA \u00a0<\/strong><\/p><p class=\"x_MsoNormal\"><a href=\"https:\/\/www.litoralpress.cl\/sitio\/RadioTV_Detalles.cshtml?LPKey=SKIM3YO3WCIOQ3FISVDUSIDCKSMKZXYXA4NXPJIF7CR53RNCI26A\">Convenci\u00f3n Constitucional aprob\u00f3 primer art\u00edculo del borrador de nueva constituci\u00f3n. Se refiere Mauricio Morales, director del Centro de An\u00e1lisis Pol\u00edtico (CAP).\u00a0<\/a><\/p><p>\u00a0<\/p><p class=\"x_MsoNormal\"><strong>CANAL MEGA PLUS\u00a0<\/strong><\/p><p class=\"x_MsoNormal\"><a href=\"https:\/\/www.litoralpress.cl\/sitio\/RadioTV_Detalles.cshtml?LPKey=DJO6IIOYNZSD5H7PA4LOQKCTPN3VL455LPACDOJXRZFJH3BX3GNA\">Convenci\u00f3n Constitucional aprob\u00f3 primer art\u00edculo del borrador de nueva constituci\u00f3n. Se refiere Mauricio Morales, director del Centro de An\u00e1lisis Pol\u00edtico (CAP).\u00a0<\/a><\/p><p class=\"x_MsoNormal\">\u00a0<\/p><p class=\"x_MsoNormal\"><strong>LA SEGUNDA\u00a0<\/strong><\/p><p class=\"x_MsoNormal\"><a href=\"https:\/\/www.litoralpress.cl\/paginaconsultas\/Servicios_NClip\/Get_Imagen_Nota.aspx?LPKey=AWDFTGWGDBS3Y7MFCFE5YQICKDH7V5GIKLVD2RNSAM7J6V56CIQ6DIO7GSU4HAOY4WVGYBMMXICQO\">Marcel baja y el PC sube: Qui\u00e9n gana y qui\u00e9n pierde en primer round por los retiros. Se refiere Mauricio Morales, director del Centro de An\u00e1lisis Pol\u00edtico (CAP).\u00a0<\/a><\/p><p class=\"x_MsoNormal\">\u00a0<\/p><p class=\"x_MsoNormal\"><strong>DIARIO FINANCIERO\u00a0<\/strong><\/p><p class=\"x_MsoNormal\"><a href=\"https:\/\/www.litoralpress.cl\/paginaconsultas\/Servicios_NClip\/Get_Imagen_Nota.aspx?LPKey=KJZEXOXXCKDLCP22NFKYFZDRCUXESBKZCOJ7PLDMTKPCGJEUZGSJVIL5X2WG5WVYWWT2QOVS3VGMW\">Pleno de la Convenci\u00f3n sentencia el fin del Senado y lo reemplaza por una C\u00e1mara de Regiones. Se refiere Mauricio Morales, director del Centro de An\u00e1lisis Pol\u00edtico (CAP).\u00a0<\/a><\/p><p class=\"x_MsoNormal\">\u00a0<\/p><p class=\"x_MsoNormal\"><strong>RADIO INFINITA\u00a0<\/strong><\/p><p class=\"x_MsoNormal\"><a href=\"https:\/\/www.litoralpress.cl\/sitio\/RadioTV_Detalles.cshtml?LPKey=VCYYQFTRH2TYGRKHWKZMDUKEQ7WIZEVAPIQ5JVRND5OON3J4QDNQ\">Comentario de pol\u00edtica de Mauricio Morales, director del Centro de An\u00e1lisis Pol\u00edtico (CAP).\u00a0<\/a><\/p><p class=\"x_MsoNormal\">\u00a0<\/p><p class=\"x_MsoNormal\"><strong>LA SEGUNDA\u00a0<\/strong><\/p><p class=\"x_MsoNormal\"><a href=\"https:\/\/www.litoralpress.cl\/sitio\/Prensa_Detalles.cshtml?LPKey=FR4JQ5KXZMAC5CYVN5V7TRNOUHOLYQ7RQCDXH6BXQASUWZS4DMGA\">Funa a Boric en Cerro Navia.\u00a0Se refiere Mauricio Morales, director del Centro de An\u00e1lisis Pol\u00edtico (CAP).\u00a0<\/a><\/p><p class=\"x_MsoNormal\">\u00a0<\/p><p class=\"x_MsoNormal\"><strong>DF.CL\u00a0<\/strong><\/p><p class=\"x_MsoNormal\"><a href=\"https:\/\/www.df.cl\/df-constitucional\/pleno-de-la-convencion-sentencia-el-fin-del-senado-y-lo-reemplaza-por\">Pleno de la convenci\u00f3n sentencia el fin del Senado y lo reemplaza por una C\u00e1mara de Regiones. Se refiere Mauricio Morales, director del Centro de An\u00e1lisis Pol\u00edtico (CAP).\u00a0<\/a><\/p><p class=\"x_MsoNormal\">\u00a0<\/p><p class=\"x_MsoNormal\"><strong>EMOL.COM\u00a0<\/strong><\/p><p class=\"x_MsoNormal\"><a href=\"https:\/\/www.emol.com\/noticias\/Nacional\/2022\/04\/13\/1057872\/estrategia-del-gobierno-ante-retiros.html\">Escaso margen y posible influencia en el Plebiscito de salida: Las variables de la estrategia del Gobierno ante retiros. Se refiere Mauricio Morales, director del Centro de An\u00e1lisis Pol\u00edtico (CAP).\u00a0<\/a><\/p><p class=\"x_MsoNormal\">\u00a0<\/p>\t\t\t\t\t\t<\/div>\n\t\t\t\t<\/div>\n\t\t\t\t\t<\/div>\n\t\t<\/div>\n\t\t\t\t\t\t\t<\/div>\n\t\t<\/section>\n\t\t\t\t\t\t<\/div>\n\t\t\t\t\t<\/div>\n\t\t","protected":false},"excerpt":{"rendered":"<p>DIARIO LA PRENSA\u00a0 Escritora mexicana Cristina Rivera Garza recibi\u00f3 \u201cPremio Iberoamericano de Letras Jos\u00e9 Donoso\u201d.\u00a0 \u00a0 DIARIO LA PRENSA AUSTRAL\u00a0 Escritora mexicana Cristina Rivera Garza recibi\u00f3 Premio Iberoamericano de Letras Jos\u00e9 Donoso. \u00a0 ELCIUDADANO.COM\u00a0 Escritora Cristina Rivera aborda el machismo al recibir premio Jos\u00e9 Donoso 2021.\u00a0 \u00a0 ELMAULEINFORMA.CL\u00a0 Comunidad de la Universidad de Talca aprob\u00f3 &hellip;<\/p>\n<p class=\"read-more\"> <a class=\"\" href=\"https:\/\/www.reportedeprensa.utalca.cl\/?p=3648\"> <span class=\"screen-reader-text\">14 de abril de 2022<\/span> Read More &raquo;<\/a><\/p>\n","protected":false},"author":1,"featured_media":0,"comment_status":"closed","ping_status":"open","sticky":false,"template":"","format":"standard","meta":{"_monsterinsights_skip_tracking":false,"_monsterinsights_sitenote_active":false,"_monsterinsights_sitenote_note":"","_monsterinsights_sitenote_category":0},"categories":[20],"tags":[],"_links":{"self":[{"href":"https:\/\/www.reportedeprensa.utalca.cl\/index.php?rest_route=\/wp\/v2\/posts\/3648"}],"collection":[{"href":"https:\/\/www.reportedeprensa.utalca.cl\/index.php?rest_route=\/wp\/v2\/posts"}],"about":[{"href":"https:\/\/www.reportedeprensa.utalca.cl\/index.php?rest_route=\/wp\/v2\/types\/post"}],"author":[{"embeddable":true,"href":"https:\/\/www.reportedeprensa.utalca.cl\/index.php?rest_route=\/wp\/v2\/users\/1"}],"replies":[{"embeddable":true,"href":"https:\/\/www.reportedeprensa.utalca.cl\/index.php?rest_route=%2Fwp%2Fv2%2Fcomments&post=3648"}],"version-history":[{"count":4,"href":"https:\/\/www.reportedeprensa.utalca.cl\/index.php?rest_route=\/wp\/v2\/posts\/3648\/revisions"}],"predecessor-version":[{"id":3652,"href":"https:\/\/www.reportedeprensa.utalca.cl\/index.php?rest_route=\/wp\/v2\/posts\/3648\/revisions\/3652"}],"wp:attachment":[{"href":"https:\/\/www.reportedeprensa.utalca.cl\/index.php?rest_route=%2Fwp%2Fv2%2Fmedia&parent=3648"}],"wp:term":[{"taxonomy":"category","embeddable":true,"href":"https:\/\/www.reportedeprensa.utalca.cl\/index.php?rest_route=%2Fwp%2Fv2%2Fcategories&post=3648"},{"taxonomy":"post_tag","embeddable":true,"href":"https:\/\/www.reportedeprensa.utalca.cl\/index.php?rest_route=%2Fwp%2Fv2%2Ftags&post=3648"}],"curies":[{"name":"wp","href":"https:\/\/api.w.org\/{rel}","templated":true}]}}