{"id":387,"date":"2021-03-24T17:32:47","date_gmt":"2021-03-24T20:32:47","guid":{"rendered":"https:\/\/www.reportedeprensa.utalca.cl\/?p=387"},"modified":"2021-03-25T10:54:00","modified_gmt":"2021-03-25T13:54:00","slug":"24-de-marzo-de-2021","status":"publish","type":"post","link":"https:\/\/www.reportedeprensa.utalca.cl\/?p=387","title":{"rendered":"25 de marzo de 2021"},"content":{"rendered":"\t\t<div data-elementor-type=\"wp-post\" data-elementor-id=\"387\" class=\"elementor elementor-387\" data-elementor-settings=\"[]\">\n\t\t\t\t\t\t\t<div class=\"elementor-section-wrap\">\n\t\t\t\t\t\t\t<section class=\"elementor-section elementor-top-section elementor-element elementor-element-a06ca45 elementor-section-boxed elementor-section-height-default elementor-section-height-default\" data-id=\"a06ca45\" data-element_type=\"section\">\n\t\t\t\t\t\t<div class=\"elementor-container elementor-column-gap-default\">\n\t\t\t\t\t<div class=\"elementor-column elementor-col-100 elementor-top-column elementor-element elementor-element-1486c35\" data-id=\"1486c35\" data-element_type=\"column\">\n\t\t\t<div class=\"elementor-widget-wrap elementor-element-populated\">\n\t\t\t\t\t\t\t\t<div class=\"elementor-element elementor-element-42b145e elementor-widget elementor-widget-text-editor\" data-id=\"42b145e\" data-element_type=\"widget\" data-widget_type=\"text-editor.default\">\n\t\t\t\t<div class=\"elementor-widget-container\">\n\t\t\t\t\t\t\t\t<p><b>ADPRENSA.CL<\/b><\/p><p><a style=\"font-style: inherit; font-weight: inherit; background-color: #ffffff; font-family: -apple-system, BlinkMacSystemFont,;\" href=\"https:\/\/www.adprensa.cl\/cronica\/investigacion-destaca-a-la-utalca-entre-las-universidades-que-mas-miden-su-propia-huella-de-carbono\/\" target=\"_blank\" rel=\"noopener\">Investigaci\u00f3n destaca a la UTalca entre las universidades que m\u00e1s miden su propia huella de carbono.<\/a><\/p>\t\t\t\t\t\t<\/div>\n\t\t\t\t<\/div>\n\t\t\t\t<div class=\"elementor-element elementor-element-f61141b elementor-widget elementor-widget-text-editor\" data-id=\"f61141b\" data-element_type=\"widget\" data-widget_type=\"text-editor.default\">\n\t\t\t\t<div class=\"elementor-widget-container\">\n\t\t\t\t\t\t\t\t<p><b>CHILLANONLINE.CL<\/b><\/p><p><a style=\"font-style: inherit; font-weight: inherit; background-color: #ffffff; font-family: -apple-system, BlinkMacSystemFont,;\" href=\"http:\/\/www.chillanonline.cl\/V5\/investigacion-destaca-a-la-utalca-entre-las-universidades-que-mas-miden-su-propia-huella-de-carbono\/\" target=\"_blank\" rel=\"noopener\">Investigaci\u00f3n destaca a la UTalca entre las universidades que m\u00e1s miden su propia huella de carbono.<\/a><\/p>\t\t\t\t\t\t<\/div>\n\t\t\t\t<\/div>\n\t\t\t\t<div class=\"elementor-element elementor-element-ff3675d elementor-widget elementor-widget-text-editor\" data-id=\"ff3675d\" data-element_type=\"widget\" data-widget_type=\"text-editor.default\">\n\t\t\t\t<div class=\"elementor-widget-container\">\n\t\t\t\t\t\t\t\t<p><b>ADPRENSA.CL<\/b><\/p><p><a style=\"font-style: inherit; font-weight: inherit; background-color: #ffffff; font-family: -apple-system, BlinkMacSystemFont,;\" href=\"https:\/\/www.adprensa.cl\/cronica\/programa-cieplan-utalca-se-renueva-e-incorpora-nuevos-temas-de-estudio\/\" target=\"_blank\" rel=\"noopener\">Programa Cieplan-UTalca se renueva e incorpora nuevos temas de estudio.<\/a><\/p>\t\t\t\t\t\t<\/div>\n\t\t\t\t<\/div>\n\t\t\t\t<div class=\"elementor-element elementor-element-2ddd9fe elementor-widget elementor-widget-text-editor\" data-id=\"2ddd9fe\" data-element_type=\"widget\" data-widget_type=\"text-editor.default\">\n\t\t\t\t<div class=\"elementor-widget-container\">\n\t\t\t\t\t\t\t\t<p><b>CIEPLAN.ORG<\/b><\/p><p><a style=\"font-style: inherit; font-weight: inherit; background-color: #ffffff; font-family: -apple-system, BlinkMacSystemFont,;\" href=\"https:\/\/www.cieplan.org\/cieplan-y-universidad-de-talca-extienden-programa-en-conjunto-de-investigacion-e-innovacion-social\/\" target=\"_blank\" rel=\"noopener\">Cieplan y Universidad de Talca extienden programa en conjunto de investigaci\u00f3n e innovaci\u00f3n social.<\/a><\/p>\t\t\t\t\t\t<\/div>\n\t\t\t\t<\/div>\n\t\t\t\t<div class=\"elementor-element elementor-element-7c92404 elementor-widget elementor-widget-text-editor\" data-id=\"7c92404\" data-element_type=\"widget\" data-widget_type=\"text-editor.default\">\n\t\t\t\t<div class=\"elementor-widget-container\">\n\t\t\t\t\t\t\t\t<p><b>ADPRENSA.CL<\/b><\/p><p><a style=\"font-style: inherit; font-weight: inherit; background-color: #ffffff; font-family: -apple-system, BlinkMacSystemFont,;\" href=\"https:\/\/www.adprensa.cl\/cronica\/salubrista-advirtio-que-hay-evidencia-de-que-el-transporte-publico-si-es-una-importante-fuente-de-contagio-de-covid-19\/\" target=\"_blank\" rel=\"noopener\">Salubrista advirti\u00f3 que hay evidencia de que el transporte p\u00fablico \u201cs\u00ed es una importante fuente de contagio de COVID-19\u201d.\u00a0 Se refiere Erika Retamal, directora de Salud P\u00fablica de la UTalca y Daniel Jim\u00e9nez, director de Salud del Estudiante.<\/a><\/p>\t\t\t\t\t\t<\/div>\n\t\t\t\t<\/div>\n\t\t\t\t<div class=\"elementor-element elementor-element-1667bfd elementor-widget elementor-widget-text-editor\" data-id=\"1667bfd\" data-element_type=\"widget\" data-widget_type=\"text-editor.default\">\n\t\t\t\t<div class=\"elementor-widget-container\">\n\t\t\t\t\t\t\t\t<p><b>EL HERALDO<\/b><\/p><p><a style=\"font-style: inherit; font-weight: inherit; background-color: #ffffff; font-family: -apple-system, BlinkMacSystemFont,;\" href=\"https:\/\/www.litoralpress.cl\/paginaconsultas\/Servicios_NClip\/Get_Imagen_Pagina.aspx?LPKey=.Fcjbj.V.M.Ds.Yf.Sv.%C3%9C1oc.H.U.En7p.Jimv.M.Mh3.Zl.Ms.W.Pu\/j.B.Mk.%C3%96\" target=\"_blank\" rel=\"noopener\">Salubrista advirti\u00f3 que hay evidencia de que el transporte p\u00fablico \u201cs\u00ed es una importante fuente de contagio de COVID-19\u201d. Se refiere Erika Retamal, directora de Salud P\u00fablica de la UTalca y Daniel Jim\u00e9nez, director de Salud del Estudiante.<\/a><\/p>\t\t\t\t\t\t<\/div>\n\t\t\t\t<\/div>\n\t\t\t\t<div class=\"elementor-element elementor-element-7f6a93a elementor-widget elementor-widget-text-editor\" data-id=\"7f6a93a\" data-element_type=\"widget\" data-widget_type=\"text-editor.default\">\n\t\t\t\t<div class=\"elementor-widget-container\">\n\t\t\t\t\t\t\t\t<p><b>MAULEE.CL<\/b><\/p><p><a style=\"font-style: inherit; font-weight: inherit; background-color: #ffffff; font-family: -apple-system, BlinkMacSystemFont,;\" href=\"https:\/\/www.maulee.cl\/salubrista-advirtio-que-hay-evidencia-de-que-el-transporte-publico-si-es-una-importante-fuente-de-contagio-de-covid-19\/\" target=\"_blank\" rel=\"noopener\">Salubrista advirti\u00f3 que hay evidencia de que el transporte p\u00fablico \u201cs\u00ed es una importante fuente de contagio de COVID-19\u201d. Se refiere Erika Retamal, directora de Salud P\u00fablica de la UTalca y Daniel Jim\u00e9nez, director de Salud del Estudiante.<\/a><\/p>\t\t\t\t\t\t<\/div>\n\t\t\t\t<\/div>\n\t\t\t\t<div class=\"elementor-element elementor-element-fc0fb08 elementor-widget elementor-widget-text-editor\" data-id=\"fc0fb08\" data-element_type=\"widget\" data-widget_type=\"text-editor.default\">\n\t\t\t\t<div class=\"elementor-widget-container\">\n\t\t\t\t\t\t\t\t<p><b>SEXTANOTICIAS.CL<\/b><\/p><p><a style=\"font-style: inherit; font-weight: inherit; background-color: #ffffff; font-family: -apple-system, BlinkMacSystemFont,;\" href=\"https:\/\/www.sextanoticias.cl\/salubrista-advirtio-que-hay-evidencia-de-que-el-transporte-publico-si-es-una-importante-fuente-de-contagio-de-covid-19\/\" target=\"_blank\" rel=\"noopener\">Salubrista advirti\u00f3 que hay evidencia de que el transporte p\u00fablico \u201cs\u00ed es una importante fuente de contagio de COVID-19\u201d. Se refiere Erika Retamal, directora de Salud P\u00fablica de la UTalca y Daniel Jim\u00e9nez, director de Salud del Estudiante.<\/a><\/p>\t\t\t\t\t\t<\/div>\n\t\t\t\t<\/div>\n\t\t\t\t<div class=\"elementor-element elementor-element-86af20b elementor-widget elementor-widget-text-editor\" data-id=\"86af20b\" data-element_type=\"widget\" data-widget_type=\"text-editor.default\">\n\t\t\t\t<div class=\"elementor-widget-container\">\n\t\t\t\t\t\t\t\t<p><b>CANAL TV5<\/b><\/p><p><a style=\"font-style: inherit; font-weight: inherit; background-color: #ffffff; font-family: -apple-system, BlinkMacSystemFont,;\" href=\"https:\/\/www.litoralpress.cl\/Archivos\/40.Y.M.C.W4ju.T.E8hm8o.B1mt.D.Q.%c3%96.%c3%96.mp4\" target=\"_blank\" rel=\"noopener\">Inmigrantes experimentan obst\u00e1culos para acceder a beneficios del Estado durante la pandemia. Se refiere Medardo Aguirre, director del Centro Nacional de Estudios Migratorios de la UTalca (CENEM).<\/a><\/p>\t\t\t\t\t\t<\/div>\n\t\t\t\t<\/div>\n\t\t\t\t<div class=\"elementor-element elementor-element-753d932 elementor-widget elementor-widget-text-editor\" data-id=\"753d932\" data-element_type=\"widget\" data-widget_type=\"text-editor.default\">\n\t\t\t\t<div class=\"elementor-widget-container\">\n\t\t\t\t\t\t\t\t<p><b>RANCAGUATV.CL<\/b><\/p><p><a style=\"font-style: inherit; font-weight: inherit; background-color: #ffffff; font-family: -apple-system, BlinkMacSystemFont,;\" href=\"https:\/\/www.rancaguatv.cl\/o-higgins-noticias-cronicas-de-actualidad\/181-zona-centro-sur\/region-del-maule\/talca\/3518-inmigrantes-en-pandemia-estudio-utalca-revela-que-el-40-de-los-entrevistados-no-ha-recibido-ningun-tipo-de-ayuda-estatal?tmpl=comingsoon\" target=\"_blank\" rel=\"noopener\">Inmigrantes en Pandemia. Estudio UTalca revela que el 40% de los entrevistados no ha recibido ning\u00fan tipo de ayuda estatal.<\/a><\/p>\t\t\t\t\t\t<\/div>\n\t\t\t\t<\/div>\n\t\t\t\t<div class=\"elementor-element elementor-element-f1e5ea7 elementor-widget elementor-widget-text-editor\" data-id=\"f1e5ea7\" data-element_type=\"widget\" data-widget_type=\"text-editor.default\">\n\t\t\t\t<div class=\"elementor-widget-container\">\n\t\t\t\t\t\t\t\t<p><b>DIARIO TALCA<\/b><\/p><p><a style=\"font-style: inherit; font-weight: inherit; background-color: #ffffff; font-family: -apple-system, BlinkMacSystemFont,;\" href=\"https:\/\/www.diariotalca.cl\/a-un-ano-de-la-ley-de-teletrabajo-laboralista-afirma-que-debe-ser-mejorada\/\" target=\"_blank\" rel=\"noopener\">A un a\u00f1o de la Ley de Teletrabajo: Laboralista afirma que debe ser mejorada. Se refiere Rodrigo Palomo, decano de la Facultad de Ciencias Jur\u00eddicas y Sociales de la UTalca.<\/a><\/p>\t\t\t\t\t\t<\/div>\n\t\t\t\t<\/div>\n\t\t\t\t<div class=\"elementor-element elementor-element-b61fcce elementor-widget elementor-widget-text-editor\" data-id=\"b61fcce\" data-element_type=\"widget\" data-widget_type=\"text-editor.default\">\n\t\t\t\t<div class=\"elementor-widget-container\">\n\t\t\t\t\t\t\t\t<p><b>LINARESENLINEA.CL<\/b><\/p><p><a style=\"font-style: inherit; font-weight: inherit; background-color: #ffffff; font-family: -apple-system, BlinkMacSystemFont,;\" href=\"https:\/\/www.linaresenlinea.cl\/2021\/03\/24\/a-un-ano-de-la-ley-de-teletrabajo-laboralista-afirma-que-debe-ser-mejorada\/\" target=\"_blank\" rel=\"noopener\">A un a\u00f1o de la Ley de Teletrabajo: Laboralista afirma que debe ser mejorada. Se refiere Rodrigo Palomo, decano de la Facultad de Ciencias Jur\u00eddicas y Sociales de la UTalca.<\/a><\/p>\t\t\t\t\t\t<\/div>\n\t\t\t\t<\/div>\n\t\t\t\t<div class=\"elementor-element elementor-element-923f5b7 elementor-widget elementor-widget-text-editor\" data-id=\"923f5b7\" data-element_type=\"widget\" data-widget_type=\"text-editor.default\">\n\t\t\t\t<div class=\"elementor-widget-container\">\n\t\t\t\t\t\t\t\t<p><b>CHILLANONLINE.CL<\/b><\/p><p><a style=\"font-style: inherit; font-weight: inherit; background-color: #ffffff; font-family: -apple-system, BlinkMacSystemFont,;\" href=\"http:\/\/www.chillanonline.cl\/V5\/economista-y-banco-central-la-independencia-de-la-politica-monetaria-ha-sido-positiva-no-se-requiere-una-mayor-autonomia-para-que-esto-siga-ocurriendo\/\" target=\"_blank\" rel=\"noopener\">Economista y Banco Central: \u201cLa independencia de la pol\u00edtica monetaria ha sido positiva, No se requiere una mayor autonom\u00eda para que esto siga ocurriendo\u201d. Se refiere Andrea Bentancor, economista y acad\u00e9mica de la Facultad de Econom\u00eda y Negocios (FEN) de la UTalca.<\/a><\/p>\t\t\t\t\t\t<\/div>\n\t\t\t\t<\/div>\n\t\t\t\t<div class=\"elementor-element elementor-element-e09b5b6 elementor-widget elementor-widget-text-editor\" data-id=\"e09b5b6\" data-element_type=\"widget\" data-widget_type=\"text-editor.default\">\n\t\t\t\t<div class=\"elementor-widget-container\">\n\t\t\t\t\t\t\t\t<p><b>EMOL.COM<\/b><\/p><p><a style=\"font-style: inherit; font-weight: inherit; background-color: #ffffff; font-family: -apple-system, BlinkMacSystemFont,;\" href=\"https:\/\/www.emol.com\/noticias\/Nacional\/2021\/03\/25\/1015877\/Peak-pandemia-y-polarizacion.html\" target=\"_blank\" rel=\"noopener\">Aumento de casos, aumento de cr\u00edticas: El nuevo peak desordena al oficialismo y presiona a La Moneda. Se refiere Mauricio Morales, acad\u00e9mico del Centro de An\u00e1lisis Pol\u00edtico de la UTalca (CAP)<\/a><\/p>\t\t\t\t\t\t<\/div>\n\t\t\t\t<\/div>\n\t\t\t\t<div class=\"elementor-element elementor-element-f70aca1 elementor-widget elementor-widget-text-editor\" data-id=\"f70aca1\" data-element_type=\"widget\" data-widget_type=\"text-editor.default\">\n\t\t\t\t<div class=\"elementor-widget-container\">\n\t\t\t\t\t\t\t\t<p><b>CHILLANONLINE.CL<\/b><\/p><p><a style=\"font-style: inherit; font-weight: inherit; background-color: #ffffff; font-family: -apple-system, BlinkMacSystemFont,;\" href=\"http:\/\/www.chillanonline.cl\/V5\/w-ener-2021-con-enfoque-social-regresan-los-webinars-de-energia\/\" target=\"_blank\" rel=\"noopener\">W-ENER 2021: Con enfoque social regresan los webinars de energ\u00eda. Se refiere Javier Mu\u00f1oz, decano de la Facultad de Ingenier\u00eda de la UTalca y Marco Rivera, acad\u00e9mico y coordinador de la actividad.<\/a><\/p>\t\t\t\t\t\t<\/div>\n\t\t\t\t<\/div>\n\t\t\t\t<div class=\"elementor-element elementor-element-51d7af3 elementor-widget elementor-widget-text-editor\" data-id=\"51d7af3\" data-element_type=\"widget\" data-widget_type=\"text-editor.default\">\n\t\t\t\t<div class=\"elementor-widget-container\">\n\t\t\t\t\t\t\t\t<p><b>RANCAGUATV.CL<\/b><\/p><p><a style=\"font-style: inherit; font-weight: inherit; background-color: #ffffff; font-family: -apple-system, BlinkMacSystemFont,;\" href=\"https:\/\/www.rancaguatv.cl\/o-higgins-noticias-cronicas-de-actualidad\/181-zona-centro-sur\/region-del-maule\/talca\/3514-conservatorio-de-musica-de-la-universidad-de-talca-abrio-proceso-de-matriculas?tmpl=comingsoon\" target=\"_blank\" rel=\"noopener\">Conservatorio de M\u00fasica de la UTalca abri\u00f3 proceso de matr\u00edculas.<\/a><\/p>\t\t\t\t\t\t<\/div>\n\t\t\t\t<\/div>\n\t\t\t\t<div class=\"elementor-element elementor-element-f862e80 elementor-widget elementor-widget-text-editor\" data-id=\"f862e80\" data-element_type=\"widget\" data-widget_type=\"text-editor.default\">\n\t\t\t\t<div class=\"elementor-widget-container\">\n\t\t\t\t\t\t\t\t<p><b>EL HERALDO<\/b><\/p><p><a style=\"font-style: inherit; font-weight: inherit; background-color: #ffffff; font-family: -apple-system, BlinkMacSystemFont,;\" href=\"https:\/\/www.litoralpress.cl\/paginaconsultas\/Servicios_NClip\/Get_Imagen_Nota.aspx?LPKey=.Pj3q.Rxz.Dq8t.Eg.P.T.S.Hv97.A.A.P.Pe.Iw.Zj.In.R.N1.M5.Ab.I\/.Tmx.U.V.Yf.F.N3.Qq7o.Bj.Nw.Ys.Dg\/.G\" target=\"_blank\" rel=\"noopener\">FIA lanza nueva versi\u00f3n de concurso de innovaci\u00f3n escolar SaviaLab. Se menciona a la UTalca.<\/a><\/p>\t\t\t\t\t\t<\/div>\n\t\t\t\t<\/div>\n\t\t\t\t\t<\/div>\n\t\t<\/div>\n\t\t\t\t\t\t\t<\/div>\n\t\t<\/section>\n\t\t\t\t\t\t<\/div>\n\t\t\t\t\t<\/div>\n\t\t","protected":false},"excerpt":{"rendered":"<p>ADPRENSA.CL Investigaci\u00f3n destaca a la UTalca entre las universidades que m\u00e1s miden su propia huella de carbono. CHILLANONLINE.CL Investigaci\u00f3n destaca a la UTalca entre las universidades que m\u00e1s miden su propia huella de carbono. ADPRENSA.CL Programa Cieplan-UTalca se renueva e incorpora nuevos temas de estudio. CIEPLAN.ORG Cieplan y Universidad de Talca extienden programa en conjunto &hellip;<\/p>\n<p class=\"read-more\"> <a class=\"\" href=\"https:\/\/www.reportedeprensa.utalca.cl\/?p=387\"> <span class=\"screen-reader-text\">25 de marzo de 2021<\/span> Read More &raquo;<\/a><\/p>\n","protected":false},"author":1,"featured_media":0,"comment_status":"closed","ping_status":"open","sticky":false,"template":"elementor_theme","format":"standard","meta":{"_monsterinsights_skip_tracking":false,"_monsterinsights_sitenote_active":false,"_monsterinsights_sitenote_note":"","_monsterinsights_sitenote_category":0},"categories":[4],"tags":[],"_links":{"self":[{"href":"https:\/\/www.reportedeprensa.utalca.cl\/index.php?rest_route=\/wp\/v2\/posts\/387"}],"collection":[{"href":"https:\/\/www.reportedeprensa.utalca.cl\/index.php?rest_route=\/wp\/v2\/posts"}],"about":[{"href":"https:\/\/www.reportedeprensa.utalca.cl\/index.php?rest_route=\/wp\/v2\/types\/post"}],"author":[{"embeddable":true,"href":"https:\/\/www.reportedeprensa.utalca.cl\/index.php?rest_route=\/wp\/v2\/users\/1"}],"replies":[{"embeddable":true,"href":"https:\/\/www.reportedeprensa.utalca.cl\/index.php?rest_route=%2Fwp%2Fv2%2Fcomments&post=387"}],"version-history":[{"count":40,"href":"https:\/\/www.reportedeprensa.utalca.cl\/index.php?rest_route=\/wp\/v2\/posts\/387\/revisions"}],"predecessor-version":[{"id":531,"href":"https:\/\/www.reportedeprensa.utalca.cl\/index.php?rest_route=\/wp\/v2\/posts\/387\/revisions\/531"}],"wp:attachment":[{"href":"https:\/\/www.reportedeprensa.utalca.cl\/index.php?rest_route=%2Fwp%2Fv2%2Fmedia&parent=387"}],"wp:term":[{"taxonomy":"category","embeddable":true,"href":"https:\/\/www.reportedeprensa.utalca.cl\/index.php?rest_route=%2Fwp%2Fv2%2Fcategories&post=387"},{"taxonomy":"post_tag","embeddable":true,"href":"https:\/\/www.reportedeprensa.utalca.cl\/index.php?rest_route=%2Fwp%2Fv2%2Ftags&post=387"}],"curies":[{"name":"wp","href":"https:\/\/api.w.org\/{rel}","templated":true}]}}