{"id":3974,"date":"2022-05-18T10:02:45","date_gmt":"2022-05-18T13:02:45","guid":{"rendered":"https:\/\/www.reportedeprensa.utalca.cl\/?p=3974"},"modified":"2022-05-18T10:06:30","modified_gmt":"2022-05-18T13:06:30","slug":"18-de-mayo-de-2022","status":"publish","type":"post","link":"https:\/\/www.reportedeprensa.utalca.cl\/?p=3974","title":{"rendered":"18 de mayo de 2022"},"content":{"rendered":"\t\t<div data-elementor-type=\"wp-post\" data-elementor-id=\"3974\" class=\"elementor elementor-3974\" data-elementor-settings=\"[]\">\n\t\t\t\t\t\t\t<div class=\"elementor-section-wrap\">\n\t\t\t\t\t\t\t<section class=\"elementor-section elementor-top-section elementor-element elementor-element-551691d7 elementor-section-boxed elementor-section-height-default elementor-section-height-default\" data-id=\"551691d7\" data-element_type=\"section\">\n\t\t\t\t\t\t<div class=\"elementor-container elementor-column-gap-default\">\n\t\t\t\t\t<div class=\"elementor-column elementor-col-100 elementor-top-column elementor-element elementor-element-249cced\" data-id=\"249cced\" data-element_type=\"column\">\n\t\t\t<div class=\"elementor-widget-wrap elementor-element-populated\">\n\t\t\t\t\t\t\t\t<div class=\"elementor-element elementor-element-60e9cf41 elementor-widget elementor-widget-text-editor\" data-id=\"60e9cf41\" data-element_type=\"widget\" data-widget_type=\"text-editor.default\">\n\t\t\t\t<div class=\"elementor-widget-container\">\n\t\t\t\t\t\t\t\t<p class=\"x_MsoNormal\"><strong>TVMAULE.CL\u00a0<\/strong><\/p><p class=\"x_MsoNormal\"><a href=\"https:\/\/www.tvmaule.cl\/dia-mundial-contra-la-lgbtiqafobia-utalca-entrega-nuevos-protocolos\/\">D\u00eda Mundial contra la LGBTIQA+Fobia: UTalca entrega nuevos protocolos.\u00a0<\/a><\/p><p class=\"x_MsoNormal\">\u00a0<\/p><p class=\"x_MsoNormal\"><strong>CENTROSURNOTICIAS.CL\u00a0<\/strong><\/p><p class=\"x_MsoNormal\"><a href=\"https:\/\/centrosurnoticias.cl\/utalca-entrega-nuevos-protocolos-en-el-dia-mundial-contra-la-lgbtiqafobia\/\">UTalca entrega nuevos protocolos en el D\u00eda Mundial contra la LGBTIQA+Fobia.\u00a0<\/a><\/p><p class=\"x_MsoNormal\">\u00a0<\/p><p class=\"x_MsoNormal\"><strong>CANAL CNN CHILE\u00a0<\/strong><\/p><p class=\"x_MsoNormal\"><a href=\"https:\/\/www.litoralpress.cl\/sitio\/RadioTV_Detalles.cshtml?LPKey=KUPMFGDN2NPMPPT376X5G4XME2V5IBT5TCTZMPB7B7MVSNZD5KO5LXP3MPCGEDEICEUO46HNFPF36\">Sigue aumentando la positividad de la pandemia de Covid 19. Se refiere \u00c9rika Retamal, directora del Departamento de Salud P\u00fablica. \u00a0<\/a><\/p><p class=\"x_MsoNormal\">\u00a0<\/p><p class=\"x_MsoNormal\"><strong>EL MERCURIO\u00a0<\/strong><\/p><p class=\"x_MsoNormal\"><a href=\"https:\/\/www.litoralpress.cl\/paginaconsultas\/Servicios_NClipSitio\/Get_Imagen_Nota.aspx?LPKey=FD3HIJXDJ5YK6QLG37NTDBOO6OWDC3OK3KTATAUM6GRS4Z22F7ASM43NWOYSEFG5OYMXXHVGCAOZA\">Tutorial: Medidas de prevenci\u00f3n y autocuidado para los d\u00edas fr\u00edos. Participa \u00c9rika Retamal, directora del Departamento de Salud P\u00fablica.\u00a0<\/a><\/p><p class=\"x_MsoNormal\">\u00a0<\/p><p class=\"x_MsoNormal\"><strong>RADIO COOPERATIVA\u00a0<\/strong><\/p><p class=\"x_MsoNormal\"><a href=\"https:\/\/www.litoralpress.cl\/sitio\/RadioTV_Detalles.cshtml?LPKey=UICTVXYDBYLF6SDK5MDGW37TXQF3Y3BLFUIM4UNK4FQJST2WTNODL5RV4JROSLA55CRFB4FPR7PAQ\">Preocupa el aumento de casos activos por Covid-19. Se refiere Daniel Jim\u00e9nez, director de Salud del Estudiante. \u00a0<\/a><\/p><p class=\"x_MsoNormal\">\u00a0<\/p><p class=\"x_MsoNormal\"><strong>RADIO COOPERATIVA\u00a0<\/strong><\/p><p class=\"x_MsoNormal\"><a href=\"https:\/\/www.litoralpress.cl\/sitio\/RadioTV_Detalles.cshtml?LPKey=ZG2VKGIVRUGB6BVCXSJLQWWZL4C5COAYR7LEN2CNFOOEO3QV7U2RRYRGGSWGWP5XRAXWJAYRI75QG\">Minsal inform\u00f3 casi 3.500 nuevos casos de coronavirus. Se refiere B\u00e1rbara Fern\u00e1ndez, acad\u00e9mica de la Facultad de Ciencias de la Salud. \u00a0<\/a><\/p><p class=\"x_MsoNormal\"><span class=\"x_MsoHyperlink\">\u00a0<\/span><\/p><p class=\"x_MsoNormal\"><strong><span class=\"x_MsoHyperlink\">ADPRENSA.CL\u00a0<\/span><\/strong><\/p><p class=\"x_MsoNormal\"><a href=\"https:\/\/www.adprensa.cl\/cronica\/cientificos-chilenos-crean-super-huevos-a-partir-de-nuevo-alimento-para-gallinas\/\"><span class=\"x_MsoHyperlink\">Cient\u00edficos chilenos crean \u201cs\u00faper huevos\u201d a partir de nuevo alimento para gallinas. Se refieren H\u00e9ctor Quinteros, director del Departamento de Tecnolog\u00edas Industriales y Di\u00f3genes Hern\u00e1ndez, acad\u00e9mico del Instituto de Qu\u00edmica de los Recursos Naturales.\u00a0<\/span><\/a><\/p><p class=\"x_MsoNormal\"><span class=\"x_MsoHyperlink\">\u00a0<\/span><\/p><p class=\"x_MsoNormal\"><strong><span class=\"x_MsoHyperlink\">COOPERATIVA.CL\u00a0<\/span><\/strong><\/p><p class=\"x_MsoNormal\"><a href=\"https:\/\/www.cooperativa.cl\/noticias\/pais\/region-del-maule\/cientificos-de-talca-crean-super-alimento-para-gallinas-ponedoras\/2022-05-17\/144829.html\"><span class=\"x_MsoHyperlink\">Cient\u00edficos de Talca crean &#8220;s\u00faper alimento&#8221; para gallinas ponedoras: Huevos tienen 15% m\u00e1s de prote\u00edna.<\/span>\u00a0<span class=\"x_MsoHyperlink\">Se refieren H\u00e9ctor Quinteros, director del Departamento de Tecnolog\u00edas Industriales y Di\u00f3genes Hern\u00e1ndez, acad\u00e9mico del Instituto de Qu\u00edmica de los Recursos Naturales.\u00a0<\/span><\/a><\/p><p class=\"x_MsoNormal\"><span class=\"x_MsoHyperlink\">\u00a0<\/span><\/p><p class=\"x_MsoNormal\"><strong><span class=\"x_MsoHyperlink\">DIARIOTALCA.CL\u00a0<\/span><\/strong><\/p><p class=\"x_MsoNormal\"><a href=\"https:\/\/diariotalca.cl\/se-imagina-que-existan-los-super-huevos-vea-aqui-la-respuesta\/\"><span class=\"x_MsoHyperlink\">\u00bfSe imagina que existan los \u201cs\u00faper huevos\u201d? Vea aqu\u00ed la respuesta. Se refieren H\u00e9ctor Quinteros, director del Departamento de Tecnolog\u00edas Industriales y Di\u00f3genes Hern\u00e1ndez, acad\u00e9mico del Instituto de Qu\u00edmica de los Recursos Naturales. \u00a0<\/span><\/a><\/p><p class=\"x_MsoNormal\">\u00a0<\/p><p class=\"x_MsoNormal\"><strong>LAS \u00daLTIMAS NOTICIAS\u00a0<\/strong><\/p><p class=\"x_MsoNormal\"><a href=\"https:\/\/www.litoralpress.cl\/paginaconsultas\/Servicios_NClipSitio\/Get_Imagen_Nota.aspx?LPKey=KW6K5YUGZOAEE7QKSMOYAWESOFL4MV2QWR7IXO4DPAG23M257UPOEUJ7HACU5J5UBOYLTFVEQOZHI\">\u00bfMonje o demonio? Videojuego creado en Talca ser\u00e1 distribuido por Nintendo. Se refieren Jos\u00e9 Rojas, exalumno de Ingenier\u00eda en Desarrollo de Videojuegos y Realidad Virtual y Marco Gonz\u00e1lez, acad\u00e9mico de la Facultad de Ingenier\u00eda.\u00a0\u00a0\u00a0<\/a><\/p><p class=\"x_MsoNormal\">\u00a0<\/p><p class=\"x_MsoNormal\"><strong>MEGANOTICIAS.CL\u00a0<\/strong><\/p><p class=\"x_MsoNormal\"><a href=\"https:\/\/www.meganoticias.cl\/nacional\/377350-chileno-trabaja-nintendo-talquino-recien-titulado-videojuegos-17-05-2022.html\">Se titul\u00f3 el a\u00f1o pasado: La historia del joven talquino que lleg\u00f3 a trabajar con Nintendo para hacer videojuegos. Se refieren Jos\u00e9 Rojas, exalumno de Ingenier\u00eda en Desarrollo de Videojuegos y Realidad Virtual y Marco Gonz\u00e1lez, acad\u00e9mico de la Facultad de Ingenier\u00eda.\u00a0\u00a0\u00a0<\/a><\/p><p class=\"x_MsoNormal\">\u00a0<\/p><p class=\"x_MsoNormal\"><strong>LA PRENSA\u00a0<\/strong><\/p><p class=\"x_MsoNormal\"><a href=\"https:\/\/www.litoralpress.cl\/paginaconsultas\/Servicios_NClipSitio\/Get_Imagen_Nota.aspx?LPKey=37DRMASM5IM2VUQJJEUZ5QCCNN2BO4HBIQKSZUG5GJES4QDIRE4OT6PI3CXC2WK22V6F3OLMC2JGW\">Exalumno de la Universidad de Talca firma contrato con Nintendo.\u00a0Se refieren Jos\u00e9 Rojas, exalumno de Ingenier\u00eda en Desarrollo de Videojuegos y Realidad Virtual y Marco Gonz\u00e1lez, acad\u00e9mico de la Facultad de Ingenier\u00eda.\u00a0\u00a0\u00a0<\/a><\/p><p class=\"x_MsoNormal\">\u00a0<\/p><p class=\"x_MsoNormal\"><strong>CANAL CONTIVISI\u00d3N\u00a0<\/strong><\/p><p class=\"x_MsoNormal\"><a href=\"https:\/\/www.litoralpress.cl\/sitio\/RadioTV_Detalles.cshtml?LPKey=EHAMRLONPZZ6JUTEAZRM74KEVWVSYAH4LGGRXSWLY5KNTXGUSYFJPGKC2FXXQLI6MZOCYLFKWZPPQ\">Ex alumno de la Universidad de Talca firm\u00f3 contrato con Nintendo. Se refieren Jos\u00e9 Rojas, exalumno de Ingenier\u00eda en Desarrollo de Videojuegos y Realidad Virtual y Marco Gonz\u00e1lez, acad\u00e9mico de la Facultad de Ingenier\u00eda. \u00a0<\/a><\/p><p class=\"x_MsoNormal\">\u00a0<\/p><p class=\"x_MsoNormal\"><strong>LA PRENSA\u00a0<\/strong><\/p><p class=\"x_MsoNormal\"><a href=\"https:\/\/www.litoralpress.cl\/paginaconsultas\/Servicios_NClipSitio\/Get_Imagen_Nota.aspx?LPKey=KQH5H7MZEYMDZCYFMMY6QH76KE35ODZBMSBMEE5J2WXYAC5DYIQDJCFKFNN53OGIJZUGNHJGK7I3O\">Investigaci\u00f3n de acad\u00e9micos aborda descentralizaci\u00f3n fiscal y financiera. Se refiere Valent\u00edn Santander, acad\u00e9mico de la Facultad de Econom\u00eda y Negocios (FEN).\u00a0<\/a><\/p><p class=\"x_MsoNormal\">\u00a0<\/p><p class=\"x_MsoNormal\"><strong>EMOL.COM\u00a0<\/strong><\/p><p class=\"x_MsoNormal\"><a href=\"https:\/\/www.emol.com\/noticias\/Nacional\/2022\/05\/18\/1061271\/decision-presidencial.html\">Estado de emergencia en la macrozona sur: Los costos y beneficios de la compleja decisi\u00f3n presidencial. Se refiere Mauricio Morales, director del Centro de An\u00e1lisis Pol\u00edtico (CAP).\u00a0<\/a><\/p><p class=\"x_MsoNormal\">\u00a0<\/p><p class=\"x_MsoNormal\"><strong>CANAL TV5 LINARES\u00a0<\/strong><\/p><p class=\"x_MsoNormal\"><a href=\"https:\/\/www.litoralpress.cl\/sitio\/RadioTV_Detalles.cshtml?LPKey=NQZCTO6YC7KBJLR426ZAD425OUDBEULU7QOCTZEGETKFD56EPN4IKUMLPM7QCLLJVWFEKTZZHIZWG\">Convenci\u00f3n Constitucional. Se refiere V\u00edctor Araya, investigador del Centro de Estudios Constitucionales de Chile (CECOCH). \u00a0<\/a><\/p><p>\u00a0<\/p><p class=\"x_MsoNormal\"><strong>ADPRENSA.CL\u00a0<\/strong><\/p><p class=\"x_MsoNormal\"><a href=\"https:\/\/www.adprensa.cl\/cronica\/escultora-sandra-santander-exhibira-sus-obras-en-centro-de-extension-utalca-de-santiago\/\">Escultora Sandra Santander exhibir\u00e1 sus obras en Centro de Extensi\u00f3n UTalca de Santiago. Se refiere Marcela Albornoz, directora de Extensi\u00f3n Cultural-Art\u00edstica. \u00a0<\/a><\/p><p class=\"x_MsoNormal\">\u00a0<\/p>\t\t\t\t\t\t<\/div>\n\t\t\t\t<\/div>\n\t\t\t\t\t<\/div>\n\t\t<\/div>\n\t\t\t\t\t\t\t<\/div>\n\t\t<\/section>\n\t\t\t\t\t\t<\/div>\n\t\t\t\t\t<\/div>\n\t\t","protected":false},"excerpt":{"rendered":"<p>TVMAULE.CL\u00a0 D\u00eda Mundial contra la LGBTIQA+Fobia: UTalca entrega nuevos protocolos.\u00a0 \u00a0 CENTROSURNOTICIAS.CL\u00a0 UTalca entrega nuevos protocolos en el D\u00eda Mundial contra la LGBTIQA+Fobia.\u00a0 \u00a0 CANAL CNN CHILE\u00a0 Sigue aumentando la positividad de la pandemia de Covid 19. Se refiere \u00c9rika Retamal, directora del Departamento de Salud P\u00fablica. \u00a0 \u00a0 EL MERCURIO\u00a0 Tutorial: Medidas de prevenci\u00f3n &hellip;<\/p>\n<p class=\"read-more\"> <a class=\"\" href=\"https:\/\/www.reportedeprensa.utalca.cl\/?p=3974\"> <span class=\"screen-reader-text\">18 de mayo de 2022<\/span> Read More &raquo;<\/a><\/p>\n","protected":false},"author":1,"featured_media":0,"comment_status":"closed","ping_status":"open","sticky":false,"template":"","format":"standard","meta":{"_monsterinsights_skip_tracking":false,"_monsterinsights_sitenote_active":false,"_monsterinsights_sitenote_note":"","_monsterinsights_sitenote_category":0},"categories":[21],"tags":[],"_links":{"self":[{"href":"https:\/\/www.reportedeprensa.utalca.cl\/index.php?rest_route=\/wp\/v2\/posts\/3974"}],"collection":[{"href":"https:\/\/www.reportedeprensa.utalca.cl\/index.php?rest_route=\/wp\/v2\/posts"}],"about":[{"href":"https:\/\/www.reportedeprensa.utalca.cl\/index.php?rest_route=\/wp\/v2\/types\/post"}],"author":[{"embeddable":true,"href":"https:\/\/www.reportedeprensa.utalca.cl\/index.php?rest_route=\/wp\/v2\/users\/1"}],"replies":[{"embeddable":true,"href":"https:\/\/www.reportedeprensa.utalca.cl\/index.php?rest_route=%2Fwp%2Fv2%2Fcomments&post=3974"}],"version-history":[{"count":4,"href":"https:\/\/www.reportedeprensa.utalca.cl\/index.php?rest_route=\/wp\/v2\/posts\/3974\/revisions"}],"predecessor-version":[{"id":3981,"href":"https:\/\/www.reportedeprensa.utalca.cl\/index.php?rest_route=\/wp\/v2\/posts\/3974\/revisions\/3981"}],"wp:attachment":[{"href":"https:\/\/www.reportedeprensa.utalca.cl\/index.php?rest_route=%2Fwp%2Fv2%2Fmedia&parent=3974"}],"wp:term":[{"taxonomy":"category","embeddable":true,"href":"https:\/\/www.reportedeprensa.utalca.cl\/index.php?rest_route=%2Fwp%2Fv2%2Fcategories&post=3974"},{"taxonomy":"post_tag","embeddable":true,"href":"https:\/\/www.reportedeprensa.utalca.cl\/index.php?rest_route=%2Fwp%2Fv2%2Ftags&post=3974"}],"curies":[{"name":"wp","href":"https:\/\/api.w.org\/{rel}","templated":true}]}}