{"id":3986,"date":"2022-05-19T09:46:49","date_gmt":"2022-05-19T12:46:49","guid":{"rendered":"https:\/\/www.reportedeprensa.utalca.cl\/?p=3986"},"modified":"2022-05-19T09:50:37","modified_gmt":"2022-05-19T12:50:37","slug":"19-de-mayo-de-2022","status":"publish","type":"post","link":"https:\/\/www.reportedeprensa.utalca.cl\/?p=3986","title":{"rendered":"19 de mayo de 2022"},"content":{"rendered":"\t\t<div data-elementor-type=\"wp-post\" data-elementor-id=\"3986\" class=\"elementor elementor-3986\" data-elementor-settings=\"[]\">\n\t\t\t\t\t\t\t<div class=\"elementor-section-wrap\">\n\t\t\t\t\t\t\t<section class=\"elementor-section elementor-top-section elementor-element elementor-element-551691d7 elementor-section-boxed elementor-section-height-default elementor-section-height-default\" data-id=\"551691d7\" data-element_type=\"section\">\n\t\t\t\t\t\t<div class=\"elementor-container elementor-column-gap-default\">\n\t\t\t\t\t<div class=\"elementor-column elementor-col-100 elementor-top-column elementor-element elementor-element-249cced\" data-id=\"249cced\" data-element_type=\"column\">\n\t\t\t<div class=\"elementor-widget-wrap elementor-element-populated\">\n\t\t\t\t\t\t\t\t<div class=\"elementor-element elementor-element-60e9cf41 elementor-widget elementor-widget-text-editor\" data-id=\"60e9cf41\" data-element_type=\"widget\" data-widget_type=\"text-editor.default\">\n\t\t\t\t<div class=\"elementor-widget-container\">\n\t\t\t\t\t\t\t\t<p class=\"x_x_MsoNormal\"><strong>ATENTOSCHILE.CL\u00a0<\/strong><\/p><p class=\"x_x_MsoNormal\"><a href=\"https:\/\/www.litoralpress.cl\/sitio\/RadioTV_Detalles.cshtml?LPKey=ASKSXTNLPCPEUBMEWDS74CA4R7BBDDZSJT7VIRAHVSPULNRKTNXAZ6MW6DNAADQWXU3V2HKLTTHTA\">Entrevista a Carlos Torres, rector de la UTalca.\u00a0<\/a><\/p><p class=\"x_x_MsoNormal\">\u00a0<\/p><p class=\"x_x_MsoNormal\"><strong>ADPRENSA.CL\u00a0<\/strong><\/p><p class=\"x_x_MsoNormal\"><a href=\"https:\/\/www.adprensa.cl\/cronica\/universidad-de-talca-da-la-bienvenida-a-estudiantes-extranjeros\/\">Universidad de Talca da la bienvenida a estudiantes extranjeros. \u00a0<\/a><\/p><p class=\"x_x_MsoNormal\">\u00a0<\/p><p class=\"x_x_MsoNormal\"><strong>TVN.CL\u00a0<\/strong><\/p><p class=\"x_x_MsoNormal\"><a href=\"https:\/\/www.tvn.cl\/entretencion\/tendencias\/cientificos-chilenos-crean-super-huevos-a-partir-de-nuevo-alimento-para-gallinas---5307770\">Cient\u00edficos chilenos crean &#8220;s\u00faper huevos&#8221; a partir de nuevo alimento para gallinas.\u00a0Se refieren H\u00e9ctor Quinteros, director del Departamento de Tecnolog\u00edas Industriales y Di\u00f3genes Hern\u00e1ndez, acad\u00e9mico del Instituto de Qu\u00edmica de los Recursos Naturales.\u00a0<\/a><\/p><p class=\"x_x_MsoNormal\">\u00a0<\/p><p class=\"x_x_MsoNormal\"><strong>ELCIUDADANO.COM\u00a0<\/strong><\/p><p class=\"x_x_MsoNormal\"><a href=\"https:\/\/www.elciudadano.com\/alimentacion\/cientificos-chilenos-crean-super-huevos-a-partir-de-nuevo-alimento-para-gallinas\/05\/18\/\">Cient\u00edficos chilenos crean \u201cs\u00faper huevos\u201d a partir de nuevo alimento para gallinas. Se refieren H\u00e9ctor Quinteros, director del Departamento de Tecnolog\u00edas Industriales y Di\u00f3genes Hern\u00e1ndez, acad\u00e9mico del Instituto de Qu\u00edmica de los Recursos Naturales.\u00a0<\/a><\/p><p class=\"x_x_MsoNormal\">\u00a0<\/p><p class=\"x_x_MsoNormal\"><strong>ELPERIODISTA.CL\u00a0<\/strong><\/p><p class=\"x_x_MsoNormal\"><a href=\"https:\/\/www.elperiodista.cl\/2022\/05\/cientificos-chilenos-crean-super-huevos-a-partir-de-nuevo-alimento-para-gallinas\/\">Cient\u00edficos chilenos crean \u201cs\u00faper huevos\u201d a partir de nuevo alimento para gallinas. Se refieren H\u00e9ctor Quinteros, director del Departamento de Tecnolog\u00edas Industriales y Di\u00f3genes Hern\u00e1ndez, acad\u00e9mico del Instituto de Qu\u00edmica de los Recursos Naturales.\u00a0<\/a><\/p><p class=\"x_x_MsoNormal\">\u00a0<\/p><p class=\"x_x_MsoNormal\"><strong>ADPRENSA.CL\u00a0<\/strong><\/p><p class=\"x_x_MsoNormal\"><a href=\"https:\/\/www.adprensa.cl\/cronica\/cientificos-chilenos-crean-super-huevos-a-partir-de-nuevo-alimento-para-gallinas\/\">Cient\u00edficos chilenos crean \u201cs\u00faper huevos\u201d a partir de nuevo alimento para gallinas. Se refieren H\u00e9ctor Quinteros, director del Departamento de Tecnolog\u00edas Industriales y Di\u00f3genes Hern\u00e1ndez, acad\u00e9mico del Instituto de Qu\u00edmica de los Recursos Naturales.\u00a0<\/a><\/p><p class=\"x_x_MsoNormal\">\u00a0<\/p><p class=\"x_x_MsoNormal\"><strong>ELMAULEINFORMA.CL\u00a0<\/strong><\/p><p class=\"x_x_MsoNormal\"><a href=\"https:\/\/elmauleinforma.cl\/cientificos-chilenos-crean-super-huevos-a-partir-de-nuevo-alimento-para-gallinas\/\">Cient\u00edficos chilenos crean \u201cs\u00faper huevos\u201d a partir de nuevo alimento para gallinas.\u00a0Se refieren H\u00e9ctor Quinteros, director del Departamento de Tecnolog\u00edas Industriales y Di\u00f3genes Hern\u00e1ndez, acad\u00e9mico del Instituto de Qu\u00edmica de los Recursos Naturales.\u00a0<\/a><\/p><p class=\"x_x_MsoNormal\" aria-hidden=\"true\">\u00a0<\/p><p class=\"x_x_MsoNormal\"><strong>PUBLIMICRO.CL\u00a0<\/strong><\/p><p class=\"x_x_MsoNormal\"><a href=\"https:\/\/publimicro.cl\/cientificos-de-universidad-de-talca-desarrollan-novedoso-alimento-para-que-las-gallinas-pongan-super-huevos\/\">Cient\u00edficos de Universidad de Talca, desarrollan novedoso alimento para que las gallinas pongan \u201cs\u00faper huevos\u201d.\u00a0<\/a><\/p><p class=\"x_x_MsoNormal\" aria-hidden=\"true\">\u00a0<\/p><p class=\"x_x_MsoNormal\"><strong>RADIO GUAYAC\u00c1N\u00a0<\/strong><\/p><p class=\"x_x_MsoNormal\"><a href=\"https:\/\/www.litoralpress.cl\/sitio\/RadioTV_Detalles.cshtml?LPKey=DL7L6EZH3CXI2RGIHIFZWIS53V2QIC5V7MY3CZYAFW263GZPSNV4VR2BYIJJLC5Z7JPOWDAAFF5OY\">Entrevista a Daniel Jim\u00e9nez, director de Salud del Estudiante. \u00a0<\/a><\/p><p class=\"x_x_MsoNormal\"><span class=\"x_x_MsoHyperlink\">\u00a0<\/span><\/p><p class=\"x_x_MsoNormal\"><strong><span class=\"x_x_MsoHyperlink\">EFE.COM\u00a0<\/span><\/strong><\/p><p class=\"x_x_MsoNormal\"><a href=\"https:\/\/www.efe.com\/efe\/america\/destacada\/chile-se-deleita-con-un-nuevo-eclipse-que-tine-a-la-luna-de-rojo\/20000065-4806664\"><span class=\"x_x_MsoHyperlink\">Chile se deleita con un nuevo eclipse que ti\u00f1e a la Luna de rojo. Se refiere Daniela Olave, acad\u00e9mica de la Facultad de Ingenier\u00eda. \u00a0<\/span><\/a><\/p><p class=\"x_x_MsoNormal\"><span class=\"x_x_MsoHyperlink\">\u00a0<\/span><\/p><p class=\"x_x_MsoNormal\"><strong>RADIO GUAYAC\u00c1N\u00a0<\/strong><\/p><p class=\"x_x_MsoNormal\"><a href=\"https:\/\/www.litoralpress.cl\/sitio\/RadioTV_Detalles.cshtml?LPKey=Y3ZMANASPHBXFUOMEKQI4CCLJMRSX2XCCF2QOLEG7I7O4IDJEHVWXDPLHQMTT6N5IKECZLBVDI452\">Entrevista a Patricio Gonz\u00e1lez, acad\u00e9mico del Centro de Investigaci\u00f3n y Transferencia en Riego Y Agroclimatolog\u00eda (CITRA). \u00a0<\/a><\/p><p class=\"x_x_MsoNormal\">\u00a0<\/p><p class=\"x_x_MsoNormal\"><strong>CANAL 24 HORAS\u00a0<\/strong><\/p><p class=\"x_x_MsoNormal\"><a href=\"https:\/\/www.litoralpress.cl\/sitio\/RadioTV_Detalles.cshtml?LPKey=ZLPWVFQYF3S6FADVQ3S4GEKQ7H5W2IMXJPMJTTUFEIR3BDAFVG5X26IBNKASZLVACVYUHCLJARYQC\">Entrevista a Roberto Pizarro, acad\u00e9mico de la Escuela de Ingenier\u00eda Forestal. \u00a0<\/a><\/p><p class=\"x_x_MsoNormal\">\u00a0<\/p><p class=\"x_x_MsoNormal\"><strong>24HORAS.CL\u00a0<\/strong><\/p><p class=\"x_x_MsoNormal\"><a href=\"https:\/\/www.24horas.cl\/programas\/entrevistas\/academico-explica-frenada-de-la-desertificacion-en-chile-a-causa-de-los-bosques-5307716\">Acad\u00e9mico explica frenada de la desertificaci\u00f3n en Chile a causa de los bosques. Se refiere Roberto Pizarro, acad\u00e9mico de la Escuela de Ingenier\u00eda Forestal.\u00a0<\/a><\/p><p class=\"x_x_MsoNormal\">\u00a0<\/p><p class=\"x_x_MsoNormal\"><strong>ELPERIODISTA.CL\u00a0<\/strong><\/p><p class=\"x_x_MsoNormal\"><a href=\"https:\/\/www.elperiodista.cl\/2022\/05\/constitucionalista-detalla-el-trabajo-que-efectua-la-comision-de-armonizacion\/\">Constitucionalista detalla el trabajo que efect\u00faa la Comisi\u00f3n de Armonizaci\u00f3n.\u00a0Se refiere Luis Acevedo, investigador del Centro de Estudios Constitucionales de Chile (CECOCH).\u00a0<\/a><\/p><p class=\"x_x_MsoNormal\">\u00a0<\/p><p class=\"x_x_MsoNormal\"><strong>ADPRENSA.CL\u00a0<\/strong><\/p><p class=\"x_x_MsoNormal\"><a href=\"https:\/\/www.adprensa.cl\/politica\/constitucionalista-detalla-el-trabajo-que-efectua-la-comision-de-armonizacion\/\">Constitucionalista detalla el trabajo que efect\u00faa la Comisi\u00f3n de Armonizaci\u00f3n. Se refiere Luis Acevedo, investigador del Centro de Estudios Constitucionales de Chile (CECOCH).\u00a0<\/a><\/p><p class=\"x_x_MsoNormal\">\u00a0<\/p><p class=\"x_x_MsoNormal\"><strong>ELMAULEINFORMA.CL\u00a0<\/strong><\/p><p class=\"x_x_MsoNormal\"><a href=\"https:\/\/elmauleinforma.cl\/constitucionalista-detalla-el-trabajo-que-efectua-la-comision-de-armonizacion\/\">Constitucionalista detalla el trabajo que efect\u00faa la Comisi\u00f3n de Armonizaci\u00f3n. Se refiere Luis Acevedo, investigador del Centro de Estudios Constitucionales de Chile (CECOCH).\u00a0<\/a><\/p><p class=\"x_x_MsoNormal\">\u00a0<\/p><p class=\"x_x_MsoNormal\"><strong>SOBERANIARADIO.CL\u00a0<\/strong><\/p><p class=\"x_x_MsoNormal\"><a href=\"https:\/\/soberaniaradio.cl\/publicacion\/?idPublicacion=41653\">Constitucionalista detalla el trabajo que efect\u00faa la Comisi\u00f3n de Armonizaci\u00f3n. Se refiere Luis Acevedo, investigador del Centro de Estudios Constitucionales de Chile (CECOCH).\u00a0<\/a><\/p><p class=\"x_x_MsoNormal\" aria-hidden=\"true\">\u00a0<\/p><p class=\"x_x_MsoNormal\"><strong>CANAL CHILEVISI\u00d3N\u00a0<\/strong><\/p><p class=\"x_x_MsoNormal\"><a href=\"https:\/\/www.litoralpress.cl\/sitio\/RadioTV_Detalles.cshtml?LPKey=UDQQXWDX2V4CWEPLPDFYM3CRGROX4VEPXWFF4RYYZO4QKBL4CDNCAQUJVDLUVXGAWAFFDFZHN6YIM\">Reacciones genera en el oficialismo el decreto de estado de excepci\u00f3n en la macrozona sur. Se refiere Mauricio Morales, director del Centro de An\u00e1lisis Pol\u00edtico (CAP).\u00a0<\/a><\/p><p class=\"x_x_MsoNormal\">\u00a0<\/p><p class=\"x_x_MsoNormal\"><strong>RADIO INFINITA\u00a0<\/strong><\/p><p class=\"x_x_MsoNormal\"><a href=\"https:\/\/www.litoralpress.cl\/sitio\/RadioTV_Detalles.cshtml?LPKey=PAXY4H3IPO3JIZII4AI34NP5AX4JGQ57WKACLOXH46KRUPSEN2KWYXRO3PBJVFOUQIFDK3ZWLZFZ6\">Comentario de Mauricio Morales, director del Centro de An\u00e1lisis Pol\u00edtico (CAP).\u00a0<\/a><\/p><p class=\"x_x_MsoNormal\">\u00a0<\/p><p class=\"x_x_MsoNormal\"><strong>RADIO AMIGA\u00a0<\/strong><\/p><p class=\"x_x_MsoNormal\"><a href=\"https:\/\/www.litoralpress.cl\/sitio\/RadioTV_Detalles.cshtml?LPKey=UQBP2D23OPQHT3YBZGLNSJ4CNGUYQDOQQEFK25GHU7RPHFPYLBN2NZOOW2CA4OMGCDV7RRPUACSTG\">Chileno firm\u00f3 contrato con Nintendo para desarrollar videojuegos. \u00a0<\/a><\/p><p class=\"x_x_MsoNormal\">\u00a0<\/p><p class=\"x_x_MsoNormal\"><strong>ELMOSTRADOR.CL\u00a0<\/strong><\/p><p class=\"x_x_MsoNormal\"><a href=\"https:\/\/www.elmostrador.cl\/cultura\/2022\/05\/18\/escultora-sandra-santander-en-centro-de-extension-utalca\/\">Escultora Sandra Santander en Centro de Extensi\u00f3n UTalca. Se refiere Marcela Albornoz, director de Extensi\u00f3n Cultural-Art\u00edstica.\u00a0<\/a><\/p><p class=\"x_x_MsoNormal\">\u00a0<\/p><p class=\"x_x_MsoNormal\"><strong>LA PRENSA\u00a0<\/strong><\/p><p class=\"x_x_MsoNormal\"><a href=\"https:\/\/www.litoralpress.cl\/paginaconsultas\/Servicios_NClipSitio\/Get_Imagen_Nota.aspx?LPKey=UDP2KOCQT3OVXF54KB3OQECS7BSGUOHWC2TK2LDSHFJ5M537RCJHEAJCFWB7GCP6TBYPCNQ62XB2G\">Promueven la m\u00fasica popular chilena con proyecto cultural. Se refiere Marcela Albornoz, director de Extensi\u00f3n Cultural-Art\u00edstica.\u00a0<\/a><\/p><p>\u00a0<\/p><p class=\"x_x_MsoNormal\"><strong>ELCENTRO.CL\u00a0<\/strong><\/p><p class=\"x_x_MsoNormal\"><a href=\"https:\/\/elcentro.cl\/2022\/05\/18\/discos-fundamentales-de-la-musica-popular-chilena-utalca-invita-a-nueva-version-de-taller-virtual-de-musica\/\">Discos fundamentales de la m\u00fasica popular chilena: UTalca invita a nueva versi\u00f3n de taller virtual de m\u00fasica.\u00a0Se refiere Marcela Albornoz, director de Extensi\u00f3n Cultural-Art\u00edstica.\u00a0<\/a><\/p><p class=\"x_x_MsoNormal\">\u00a0<\/p><p class=\"x_x_MsoNormal\"><strong>LA PRENSA\u00a0<\/strong><\/p><p class=\"x_x_MsoNormal\"><a href=\"https:\/\/www.litoralpress.cl\/paginaconsultas\/Servicios_NClipSitio\/Get_Imagen_Nota.aspx?LPKey=AI5NV2R4PQMVTRJSUQXBCGTXSJ4SQXAWJO3XH3AJVQXRMK44A62VALL57RY6RD7MQ7FMHYH3AIZ2E\">Juzgado de Letras del Trabajo realiz\u00f3 charla a universitarios. Se menciona a la Escuela de Psicolog\u00eda. \u00a0<\/a><\/p><p class=\"x_x_MsoNormal\">\u00a0<\/p>\t\t\t\t\t\t<\/div>\n\t\t\t\t<\/div>\n\t\t\t\t\t<\/div>\n\t\t<\/div>\n\t\t\t\t\t\t\t<\/div>\n\t\t<\/section>\n\t\t\t\t\t\t<\/div>\n\t\t\t\t\t<\/div>\n\t\t","protected":false},"excerpt":{"rendered":"<p>ATENTOSCHILE.CL\u00a0 Entrevista a Carlos Torres, rector de la UTalca.\u00a0 \u00a0 ADPRENSA.CL\u00a0 Universidad de Talca da la bienvenida a estudiantes extranjeros. \u00a0 \u00a0 TVN.CL\u00a0 Cient\u00edficos chilenos crean &#8220;s\u00faper huevos&#8221; a partir de nuevo alimento para gallinas.\u00a0Se refieren H\u00e9ctor Quinteros, director del Departamento de Tecnolog\u00edas Industriales y Di\u00f3genes Hern\u00e1ndez, acad\u00e9mico del Instituto de Qu\u00edmica de los Recursos &hellip;<\/p>\n<p class=\"read-more\"> <a class=\"\" href=\"https:\/\/www.reportedeprensa.utalca.cl\/?p=3986\"> <span class=\"screen-reader-text\">19 de mayo de 2022<\/span> Read More &raquo;<\/a><\/p>\n","protected":false},"author":1,"featured_media":0,"comment_status":"closed","ping_status":"open","sticky":false,"template":"","format":"standard","meta":{"_monsterinsights_skip_tracking":false,"_monsterinsights_sitenote_active":false,"_monsterinsights_sitenote_note":"","_monsterinsights_sitenote_category":0},"categories":[21],"tags":[],"_links":{"self":[{"href":"https:\/\/www.reportedeprensa.utalca.cl\/index.php?rest_route=\/wp\/v2\/posts\/3986"}],"collection":[{"href":"https:\/\/www.reportedeprensa.utalca.cl\/index.php?rest_route=\/wp\/v2\/posts"}],"about":[{"href":"https:\/\/www.reportedeprensa.utalca.cl\/index.php?rest_route=\/wp\/v2\/types\/post"}],"author":[{"embeddable":true,"href":"https:\/\/www.reportedeprensa.utalca.cl\/index.php?rest_route=\/wp\/v2\/users\/1"}],"replies":[{"embeddable":true,"href":"https:\/\/www.reportedeprensa.utalca.cl\/index.php?rest_route=%2Fwp%2Fv2%2Fcomments&post=3986"}],"version-history":[{"count":4,"href":"https:\/\/www.reportedeprensa.utalca.cl\/index.php?rest_route=\/wp\/v2\/posts\/3986\/revisions"}],"predecessor-version":[{"id":3990,"href":"https:\/\/www.reportedeprensa.utalca.cl\/index.php?rest_route=\/wp\/v2\/posts\/3986\/revisions\/3990"}],"wp:attachment":[{"href":"https:\/\/www.reportedeprensa.utalca.cl\/index.php?rest_route=%2Fwp%2Fv2%2Fmedia&parent=3986"}],"wp:term":[{"taxonomy":"category","embeddable":true,"href":"https:\/\/www.reportedeprensa.utalca.cl\/index.php?rest_route=%2Fwp%2Fv2%2Fcategories&post=3986"},{"taxonomy":"post_tag","embeddable":true,"href":"https:\/\/www.reportedeprensa.utalca.cl\/index.php?rest_route=%2Fwp%2Fv2%2Ftags&post=3986"}],"curies":[{"name":"wp","href":"https:\/\/api.w.org\/{rel}","templated":true}]}}