{"id":3998,"date":"2022-05-20T09:42:44","date_gmt":"2022-05-20T12:42:44","guid":{"rendered":"https:\/\/www.reportedeprensa.utalca.cl\/?p=3998"},"modified":"2022-05-20T09:46:26","modified_gmt":"2022-05-20T12:46:26","slug":"20-de-mayo-de-2022","status":"publish","type":"post","link":"https:\/\/www.reportedeprensa.utalca.cl\/?p=3998","title":{"rendered":"20 de mayo de 2022"},"content":{"rendered":"\t\t<div data-elementor-type=\"wp-post\" data-elementor-id=\"3998\" class=\"elementor elementor-3998\" data-elementor-settings=\"[]\">\n\t\t\t\t\t\t\t<div class=\"elementor-section-wrap\">\n\t\t\t\t\t\t\t<section class=\"elementor-section elementor-top-section elementor-element elementor-element-551691d7 elementor-section-boxed elementor-section-height-default elementor-section-height-default\" data-id=\"551691d7\" data-element_type=\"section\">\n\t\t\t\t\t\t<div class=\"elementor-container elementor-column-gap-default\">\n\t\t\t\t\t<div class=\"elementor-column elementor-col-100 elementor-top-column elementor-element elementor-element-249cced\" data-id=\"249cced\" data-element_type=\"column\">\n\t\t\t<div class=\"elementor-widget-wrap elementor-element-populated\">\n\t\t\t\t\t\t\t\t<div class=\"elementor-element elementor-element-60e9cf41 elementor-widget elementor-widget-text-editor\" data-id=\"60e9cf41\" data-element_type=\"widget\" data-widget_type=\"text-editor.default\">\n\t\t\t\t<div class=\"elementor-widget-container\">\n\t\t\t\t\t\t\t\t<p class=\"x_MsoNormal\"><strong>LANOTICIA.CL\u00a0<\/strong><\/p><p class=\"x_MsoNormal\"><a href=\"https:\/\/lanoticia.cl\/utalca-entrega-nuevos-protocolos-en-el-dia-mundial-contra-la-lgbtiqafobia\/\">UTalca entrega nuevos protocolos en el D\u00eda Mundial contra la LGBTIQA+FOBIA.\u00a0<\/a><\/p><p class=\"x_MsoNormal\">\u00a0<\/p><p class=\"x_MsoNormal\"><strong>DIARIOELHERALDO.CL\u00a0<\/strong><\/p><p class=\"x_MsoNormal\"><a href=\"http:\/\/www.diarioelheraldo.cl\/noticia\/universidad-de-talca-da-la-bienvenida-a-estudiantes-extranjeros-\">Universidad de Talca da la bienvenida a estudiantes extranjeros.\u00a0<\/a><\/p><p class=\"x_MsoNormal\">\u00a0<\/p><p class=\"x_MsoNormal\"><strong>CANAL CNN CHILE\u00a0<\/strong><\/p><p class=\"x_MsoNormal\"><a href=\"https:\/\/www.litoralpress.cl\/sitio\/RadioTV_Detalles.cshtml?LPKey=VNW5MYXINMXYZEH2REZM2LDIQJE46DPUW4YY54YUTQO23Z4NMHZZT3EJ6S5QF2VHLCOAL372V57OQ\">El Ministerio de Salud inform\u00f3 una nueva alza significativa de casos Covid-19. Se refiere Daniel Jim\u00e9nez, director de Salud del Estudiante.\u00a0<\/a><\/p><p class=\"x_MsoNormal\">\u00a0<\/p><p class=\"x_MsoNormal\"><strong>ADPRENSA.CL\u00a0<\/strong><\/p><p class=\"x_MsoNormal\"><a href=\"https:\/\/www.adprensa.cl\/cronica\/utalca-a-pocos-dias-del-bloqueo-del-pase-de-movilidad-especialistas-llaman-a-la-poblacion-a-vacunarse\/\">A pocos d\u00edas del bloqueo del pase de movilidad especialistas llaman a la poblaci\u00f3n a vacunarse. Se refieren Mar\u00eda Ester Mu\u00f1oz y Marcelo Alarc\u00f3n, acad\u00e9micos de la Facultad de Ciencias de la Salud.\u00a0<\/a><\/p><p class=\"x_MsoNormal\">\u00a0<\/p><p class=\"x_MsoNormal\"><strong>CANAL CONTIVISI\u00d3N\u00a0<\/strong><\/p><p class=\"x_MsoNormal\"><a href=\"https:\/\/www.litoralpress.cl\/sitio\/RadioTV_Detalles.cshtml?LPKey=ZDDAFR4FMKI3IILZPBVUUXMUUOUYL5EDL55UTQNBZVFIJXCSER3CDKSR6D67KXNO2G7KSWFZHKGVO\">Especialistas llamaron a poblaci\u00f3n maulina a vacunarse con dosis de refuerzo contra el Covid-19.\u00a0Se refieren Mar\u00eda Ester Mu\u00f1oz y Marcelo Alarc\u00f3n, acad\u00e9micos de la Facultad de Ciencias de la Salud.\u00a0<\/a><\/p><p class=\"x_MsoNormal\">\u00a0<\/p><p class=\"x_MsoNormal\"><strong>TVMAULE.CL\u00a0<\/strong><\/p><p class=\"x_MsoNormal\"><a href=\"https:\/\/www.tvmaule.cl\/llaman-a-la-poblacion-a-vacunarse-a-pocos-dias-del-bloqueo-del-pase-de-movilidad\/\">Llaman a la poblaci\u00f3n a vacunarse a pocos d\u00edas del bloqueo del pase de movilidad. Se refieren Mar\u00eda Ester Mu\u00f1oz y Marcelo Alarc\u00f3n, acad\u00e9micos de la Facultad de Ciencias de la Salud.\u00a0<\/a><\/p><p class=\"x_MsoNormal\">\u00a0<\/p><p class=\"x_MsoNormal\"><strong>ELMAULEINFORMA.CL\u00a0<\/strong><\/p><p class=\"x_MsoNormal\"><a href=\"https:\/\/elmauleinforma.cl\/a-pocos-dias-del-bloqueo-del-pase-de-movilidad-especialistas-llaman-a-la-poblacion-a-vacunarse\/\">A pocos d\u00edas del bloqueo del pase de movilidad, especialistas llaman a la poblaci\u00f3n a vacunarse. Se refieren Mar\u00eda Ester Mu\u00f1oz y Marcelo Alarc\u00f3n, acad\u00e9micos de la Facultad de Ciencias de la Salud.\u00a0<\/a><\/p><p class=\"x_MsoNormal\">\u00a0<\/p><p class=\"x_MsoNormal\"><strong>LINARESENLINEA.CL\u00a0<\/strong><\/p><p class=\"x_MsoNormal\"><a href=\"https:\/\/www.linaresenlinea.cl\/2022\/05\/19\/a-pocos-dias-del-bloqueo-del-pase-de-movilidad-especialistas-llaman-a-la-poblacion-a-vacunarse\/\">A pocos d\u00edas del bloqueo del pase de movilidad, especialistas llaman a la poblaci\u00f3n a vacunarse. Se refieren Mar\u00eda Ester Mu\u00f1oz y Marcelo Alarc\u00f3n, acad\u00e9micos de la Facultad de Ciencias de la Salud.\u00a0<\/a><\/p><p class=\"x_MsoNormal\">\u00a0<\/p><p class=\"x_MsoNormal\"><strong>VERITASCAPITUR.CL\u00a0<\/strong><\/p><p class=\"x_MsoNormal\"><a href=\"https:\/\/veritascapitur.cl\/viruela-del-mono-expertos-se-refieren-a-la-rara-enfermedad-que-tiene-en-alerta-a-algunos-paises\/\">\u00abViruela del mono\u00bb: Expertos se refieren a la rara enfermedad que tiene en alerta a algunos pa\u00edses. Se refiere Mar\u00eda Ester Mu\u00f1oz, acad\u00e9mica de la Escuela de Enfermer\u00eda.\u00a0<\/a><\/p><p class=\"x_MsoNormal\">\u00a0<\/p><p class=\"x_MsoNormal\"><strong>DIARIO TALCA\u00a0<\/strong><\/p><p class=\"x_MsoNormal\"><a href=\"https:\/\/www.litoralpress.cl\/sitio\/Prensa_PaginaCompleta.cshtml?LPKey=24E3DNIJHPT2WOGKXA2LMZZH366J6E5XVXD3RZY73WZHFH6ZO5DA\">El Maule: de emergencia clim\u00e1tica a crisis h\u00eddrica 2022-2026. Se refiere Patricio Gonz\u00e1lez, acad\u00e9mico del Centro de Investigaci\u00f3n y Transferencia en Riego y Agroclimatolog\u00eda (CITRA).\u00a0<\/a><\/p><p class=\"x_MsoNormal\">\u00a0<\/p><p class=\"x_MsoNormal\"><strong>LA PRENSA\u00a0<\/strong><\/p><p class=\"x_MsoNormal\"><a href=\"https:\/\/www.litoralpress.cl\/paginaconsultas\/Servicios_NClipSitio\/Get_Imagen_Nota.aspx?LPKey=7UQ5CRAUAZWXLQZHRTUYVD47AW77Z3K44GLPJLQGMV5XYFCBPZUEQUSUTB7GHJMXBPJLXW5GS4VKO\">Experto constitucionalista explica trabajo que efect\u00faa la Comisi\u00f3n de Armonizaci\u00f3n.\u00a0Se refiere Luis Acevedo, investigador del Centro de Estudios Constitucionales de Chile (CECOCH).\u00a0<\/a><\/p><p class=\"x_MsoNormal\">\u00a0<\/p><p class=\"x_MsoNormal\"><strong>G5NOTICIAS.CL\u00a0<\/strong><\/p><p class=\"x_MsoNormal\"><a href=\"https:\/\/g5noticias.cl\/2022\/05\/19\/constitucionalista-detalla-el-trabajo-que-efectua-la-comision-de-armonizacion\/\">Constitucionalista detalla el trabajo que efect\u00faa la Comisi\u00f3n de Armonizaci\u00f3n. Se refiere Luis Acevedo, investigador del Centro de Estudios Constitucionales de Chile (CECOCH).\u00a0<\/a><\/p><p class=\"x_MsoNormal\">\u00a0<\/p><p class=\"x_MsoNormal\"><strong>LA VOZ DE PAINE\u00a0<\/strong><\/p><p class=\"x_MsoNormal\"><a href=\"https:\/\/www.litoralpress.cl\/sitio\/RadioTV_Detalles.cshtml?LPKey=JNOH3RLSRL3VK6BMI5UFKGMNUNKL5C6SD5JC3RXRZKF5IOKBM763ZTLAX6XN2UPZ5ZXIXUKTV2RO6\">Entrevista a Osvaldo Henr\u00edquez, acad\u00e9mico de la Facultad de Ciencias Jur\u00eddicas y Sociales. \u00a0<\/a><\/p><p class=\"x_MsoNormal\">\u00a0<\/p><p class=\"x_MsoNormal\"><strong>CANAL TVN RED MAULE\u00a0<\/strong><\/p><p class=\"x_MsoNormal\"><a href=\"https:\/\/www.litoralpress.cl\/sitio\/RadioTV_Detalles.cshtml?LPKey=Z6B5VOYRBMW2CL7OBQAYTWIXX24SPKWMW5NGF7MU3IRYTO4JUH2MSKO4JYJPOVEANQETK2MDU4UD6\">Familia vive desesperaci\u00f3n por la desaparici\u00f3n de uno de sus miembros. Se refiere Ra\u00fal Hormaz\u00e1bal, acad\u00e9mico de la Escuela de Enfermer\u00eda. \u00a0<\/a><\/p><p class=\"x_MsoNormal\" aria-hidden=\"true\">\u00a0<\/p><p class=\"x_MsoNormal\"><strong>CANAL CNN CHILE\u00a0<\/strong><\/p><p class=\"x_MsoNormal\"><a href=\"https:\/\/www.litoralpress.cl\/sitio\/RadioTV_Detalles.cshtml?LPKey=E4VS6YTE7HC3ZLFWOAOL3TDHFOWFQCFHFGHCWTSJN3STAMWBYP6NCHEBYPAYX7V67QLAFG6BDUCCK\">Entrevista a Mauricio Morales, director del Centro de An\u00e1lisis Pol\u00edtico (CAP).\u00a0<\/a><\/p><p class=\"x_MsoNormal\">\u00a0<\/p><p class=\"x_MsoNormal\"><strong>CANAL MEGA\u00a0<\/strong><\/p><p class=\"x_MsoNormal\"><a href=\"https:\/\/www.litoralpress.cl\/sitio\/RadioTV_Detalles.cshtml?LPKey=IDZFF5EM4K6QCJJS6EYSK4SZP7RK6K3ED5SOVCM4STQOVQGIT7J3HMP4K6YQWWAPWHKW65C43Y26G\">Mitos y verdades del borrador de la nueva constituci\u00f3n. Se refiere Mauricio Morales, director del Centro de An\u00e1lisis Pol\u00edtico (CAP).\u00a0<\/a><\/p><p class=\"x_MsoNormal\">\u00a0<\/p><p class=\"x_MsoNormal\"><strong>CNNCHILE.COM\u00a0<\/strong><\/p><p class=\"x_MsoNormal\"><a href=\"https:\/\/www.cnnchile.com\/lodijeronencnn\/entrevista-mauricio-morales-ana-lya-uriarte-ministra-siches-pierde_20220519\/\">Morales e incorporaci\u00f3n de Uriarte a Interior: \u201cPierde la ministra Siches, porque le est\u00e1n interviniendo su equipo\u201d. Se refiere Mauricio Morales, director del Centro de An\u00e1lisis Pol\u00edtico (CAP).\u00a0<\/a><\/p><p class=\"x_MsoNormal\">\u00a0<\/p><p class=\"x_MsoNormal\"><strong>RADIO INFINITA\u00a0<\/strong><\/p><p class=\"x_MsoNormal\"><a href=\"https:\/\/www.litoralpress.cl\/sitio\/RadioTV_Detalles.cshtml?LPKey=IX4C3W5ZXJPJBELZ6C4XZMQLFXLFEV6JKECUM6MYEWZHXV4Y34FUJ5FGQ4AVCMI4P5Y3U6DLLEQQC\">Comentario de Mauricio Morales, director del Centro de An\u00e1lisis Pol\u00edtico.\u00a0<\/a><\/p><p class=\"x_MsoNormal\">\u00a0<\/p><p class=\"x_MsoNormal\"><strong>RADIO COOPERATIVA\u00a0<\/strong><\/p><p class=\"x_MsoNormal\"><a href=\"https:\/\/www.litoralpress.cl\/sitio\/RadioTV_Detalles.cshtml?LPKey=GSS63BE37GS6EUNBT622G62NPY23YOFQKABN4MD7KBPO6VTQCUVE3OZXJLSZRRGXAOUOGS7SPH256\">Panel habla sobre la Nueva Constituci\u00f3n, el Banco Central y la econom\u00eda en Chile. Se refiere Andr\u00e9s Palma, acad\u00e9mico de la Facultad de Ciencias Jur\u00eddicas y Sociales. \u00a0<\/a><\/p><p class=\"x_MsoNormal\">\u00a0<\/p><p class=\"x_MsoNormal\"><strong>DIARIO TALCA\u00a0<\/strong><\/p><p class=\"x_MsoNormal\"><a href=\"https:\/\/www.litoralpress.cl\/paginaconsultas\/Servicios_NClipSitio\/Get_Imagen_Nota.aspx?LPKey=4LZEMSTOVNGYTACNCHYSEZI7HHDVFQHHB2HHQ5SH4AJ4DD6PIPWECQUXV73N466KIWYN7MAG3FEK4\">\u201cNo tengo estilo, cada ser humano es un estilo\u201d. Se refiere Claudio Oyarz\u00fan, acad\u00e9mico de la Facultad de Ciencias de la Educaci\u00f3n.\u00a0<\/a><\/p><p class=\"x_MsoNormal\">\u00a0<\/p><p class=\"x_MsoNormal\"><strong>DIARIO TALCA\u00a0<\/strong><\/p><p class=\"x_MsoNormal\"><a href=\"https:\/\/www.litoralpress.cl\/paginaconsultas\/Servicios_NClipSitio\/Get_Imagen_Nota.aspx?LPKey=RA7HJDTB242SZ4SX7TKILUGNSAOHTMQDLVD2XNUPEJVKA54HGD3DNNKTION4TBUQXWUX323P6K3R6\">Una ruta patrimonial por descubrir. Se menciona al proyecto MauleTec.\u00a0<\/a><\/p><p class=\"x_MsoNormal\">\u00a0<\/p><p class=\"x_MsoNormal\"><strong>CANAL TVN RED MAULE\u00a0<\/strong><\/p><p class=\"x_MsoNormal\"><a href=\"https:\/\/www.litoralpress.cl\/sitio\/RadioTV_Detalles.cshtml?LPKey=3ZNHMV3HJIWXILXFJMKG36377CH654I3W5QN46XG25VH6KA3JI6QJFVO3DIC75N6ZXDPNYFMELV6S\">Este jueves se inaugura exposici\u00f3n de acuarelas en el centro de extensi\u00f3n de la U. de Talca. \u00a0<\/a><\/p><p class=\"x_MsoNormal\">\u00a0<\/p><p class=\"x_MsoNormal\"><strong>LANOTICIA.CL\u00a0<\/strong><\/p><p class=\"x_MsoNormal\"><a href=\"https:\/\/lanoticia.cl\/utalca-invita-a-nueva-version-de-taller-virtual-de-musica-popular\/\">UTalca invita a nueva versi\u00f3n de taller virtual de m\u00fasica popular. Se refiere Marcela Albornoz, directora de Extensi\u00f3n Cultural-Art\u00edstica.\u00a0<\/a><\/p><p class=\"x_MsoNormal\">\u00a0<\/p>\t\t\t\t\t\t<\/div>\n\t\t\t\t<\/div>\n\t\t\t\t\t<\/div>\n\t\t<\/div>\n\t\t\t\t\t\t\t<\/div>\n\t\t<\/section>\n\t\t\t\t\t\t<\/div>\n\t\t\t\t\t<\/div>\n\t\t","protected":false},"excerpt":{"rendered":"<p>LANOTICIA.CL\u00a0 UTalca entrega nuevos protocolos en el D\u00eda Mundial contra la LGBTIQA+FOBIA.\u00a0 \u00a0 DIARIOELHERALDO.CL\u00a0 Universidad de Talca da la bienvenida a estudiantes extranjeros.\u00a0 \u00a0 CANAL CNN CHILE\u00a0 El Ministerio de Salud inform\u00f3 una nueva alza significativa de casos Covid-19. Se refiere Daniel Jim\u00e9nez, director de Salud del Estudiante.\u00a0 \u00a0 ADPRENSA.CL\u00a0 A pocos d\u00edas del bloqueo &hellip;<\/p>\n<p class=\"read-more\"> <a class=\"\" href=\"https:\/\/www.reportedeprensa.utalca.cl\/?p=3998\"> <span class=\"screen-reader-text\">20 de mayo de 2022<\/span> Read More &raquo;<\/a><\/p>\n","protected":false},"author":1,"featured_media":0,"comment_status":"closed","ping_status":"open","sticky":false,"template":"","format":"standard","meta":{"_monsterinsights_skip_tracking":false,"_monsterinsights_sitenote_active":false,"_monsterinsights_sitenote_note":"","_monsterinsights_sitenote_category":0},"categories":[21],"tags":[],"_links":{"self":[{"href":"https:\/\/www.reportedeprensa.utalca.cl\/index.php?rest_route=\/wp\/v2\/posts\/3998"}],"collection":[{"href":"https:\/\/www.reportedeprensa.utalca.cl\/index.php?rest_route=\/wp\/v2\/posts"}],"about":[{"href":"https:\/\/www.reportedeprensa.utalca.cl\/index.php?rest_route=\/wp\/v2\/types\/post"}],"author":[{"embeddable":true,"href":"https:\/\/www.reportedeprensa.utalca.cl\/index.php?rest_route=\/wp\/v2\/users\/1"}],"replies":[{"embeddable":true,"href":"https:\/\/www.reportedeprensa.utalca.cl\/index.php?rest_route=%2Fwp%2Fv2%2Fcomments&post=3998"}],"version-history":[{"count":4,"href":"https:\/\/www.reportedeprensa.utalca.cl\/index.php?rest_route=\/wp\/v2\/posts\/3998\/revisions"}],"predecessor-version":[{"id":4002,"href":"https:\/\/www.reportedeprensa.utalca.cl\/index.php?rest_route=\/wp\/v2\/posts\/3998\/revisions\/4002"}],"wp:attachment":[{"href":"https:\/\/www.reportedeprensa.utalca.cl\/index.php?rest_route=%2Fwp%2Fv2%2Fmedia&parent=3998"}],"wp:term":[{"taxonomy":"category","embeddable":true,"href":"https:\/\/www.reportedeprensa.utalca.cl\/index.php?rest_route=%2Fwp%2Fv2%2Fcategories&post=3998"},{"taxonomy":"post_tag","embeddable":true,"href":"https:\/\/www.reportedeprensa.utalca.cl\/index.php?rest_route=%2Fwp%2Fv2%2Ftags&post=3998"}],"curies":[{"name":"wp","href":"https:\/\/api.w.org\/{rel}","templated":true}]}}