{"id":4010,"date":"2022-05-23T10:10:27","date_gmt":"2022-05-23T13:10:27","guid":{"rendered":"https:\/\/www.reportedeprensa.utalca.cl\/?p=4010"},"modified":"2022-05-23T10:18:32","modified_gmt":"2022-05-23T13:18:32","slug":"23-de-mayo-de-2022","status":"publish","type":"post","link":"https:\/\/www.reportedeprensa.utalca.cl\/?p=4010","title":{"rendered":"23 de mayo de 2022"},"content":{"rendered":"\t\t<div data-elementor-type=\"wp-post\" data-elementor-id=\"4010\" class=\"elementor elementor-4010\" data-elementor-settings=\"[]\">\n\t\t\t\t\t\t\t<div class=\"elementor-section-wrap\">\n\t\t\t\t\t\t\t<section class=\"elementor-section elementor-top-section elementor-element elementor-element-551691d7 elementor-section-boxed elementor-section-height-default elementor-section-height-default\" data-id=\"551691d7\" data-element_type=\"section\">\n\t\t\t\t\t\t<div class=\"elementor-container elementor-column-gap-default\">\n\t\t\t\t\t<div class=\"elementor-column elementor-col-100 elementor-top-column elementor-element elementor-element-249cced\" data-id=\"249cced\" data-element_type=\"column\">\n\t\t\t<div class=\"elementor-widget-wrap elementor-element-populated\">\n\t\t\t\t\t\t\t\t<div class=\"elementor-element elementor-element-60e9cf41 elementor-widget elementor-widget-text-editor\" data-id=\"60e9cf41\" data-element_type=\"widget\" data-widget_type=\"text-editor.default\">\n\t\t\t\t<div class=\"elementor-widget-container\">\n\t\t\t\t\t\t\t\t<p class=\"x_MsoNormal\"><strong><span lang=\"ES\">LA PRENSA\u00a0<\/span><\/strong><\/p><p class=\"x_MsoNormal\"><a href=\"https:\/\/www.litoralpress.cl\/paginaconsultas\/Servicios_NClipSitio\/Get_Imagen_Nota.aspx?LPKey=UHC76BTRXV7B5QKXSIX5XTGCXIXKZT6A24D56SF7WOF43VTXVPGKO6M2SW6BNW2YTNPEIFDXS7XCU\"><span lang=\"ES\">Rector de la Universidad de Talca, Carlos Torres: \u201cLa educaci\u00f3n es un pilar fundamental para el desarrollo\u201d.\u00a0<\/span><\/a><\/p><p class=\"x_MsoNormal\"><span lang=\"ES\">\u00a0<\/span><\/p><p class=\"x_MsoNormal\"><strong><span lang=\"ES\">DIARIOLAPRENSA.CL\u00a0<\/span><\/strong><\/p><p class=\"x_MsoNormal\"><a href=\"https:\/\/new.diariolaprensa.cl\/index.php\/2022\/05\/22\/la-educacion-es-un-pilar-fundamental-para-el-desarrollo\/\"><span lang=\"ES\">Rector de la Universidad de Talca, Carlos Torres: \u201cLa educaci\u00f3n es un pilar fundamental para el desarrollo\u201d.\u00a0<\/span><\/a><\/p><p class=\"x_MsoNormal\"><span lang=\"ES\">\u00a0<\/span><\/p><p class=\"x_MsoNormal\"><strong><span lang=\"ES\">LA PRENSA\u00a0<\/span><\/strong><\/p><p class=\"x_MsoNormal\"><a href=\"https:\/\/www.litoralpress.cl\/paginaconsultas\/Servicios_NClipSitio\/Get_Imagen_Nota.aspx?LPKey=HPRNLQ5HWE3265UAVG24QR4N65HWVCTCEIZ3TRABD5OOMIJVQFI2ASCBXECAFPCNY7WS5K44HJNOA\"><span lang=\"ES\">Nuevo rector de la Universidad de Talca y los desaf\u00edos para esa casa de estudios.\u00a0<\/span><\/a><\/p><p class=\"x_MsoNormal\"><span lang=\"ES\">\u00a0<\/span><\/p><p class=\"x_MsoNormal\"><strong><span lang=\"ES\">DIARIOLAPRENSA.CL\u00a0<\/span><\/strong><\/p><p class=\"x_MsoNormal\"><a href=\"https:\/\/new.diariolaprensa.cl\/index.php\/2022\/05\/20\/nuevo-rector-de-la-universidad-de-talca-y-los-desafios-para-esa-casa-de-estudios\/\"><span lang=\"ES\">Nuevo rector de la Universidad de Talca y los desaf\u00edos para esa casa de estudios.\u00a0<\/span><\/a><\/p><p class=\"x_MsoNormal\"><span lang=\"ES\">\u00a0<\/span><\/p><p class=\"x_MsoNormal\"><strong><span lang=\"ES\">EL HERALDO\u00a0<\/span><\/strong><\/p><p class=\"x_MsoNormal\"><a href=\"https:\/\/www.litoralpress.cl\/paginaconsultas\/Servicios_NClipSitio\/Get_Imagen_Nota.aspx?LPKey=WIP45ED222FRA2DHHCAFYVGC32YONX6OMNXMXZYAAPSVQLI6V2EJOZIJ4ILTOFYGAEHO7NEDII2PS\"><span lang=\"ES\">Universidad de Talca da la bienvenida a estudiantes extranjeros\u00a0<\/span><\/a><\/p><p class=\"x_MsoNormal\"><span lang=\"ES\">\u00a0<\/span><\/p><p class=\"x_MsoNormal\"><strong><span lang=\"ES\">LA PRENSA\u00a0<\/span><\/strong><\/p><p class=\"x_MsoNormal\"><a href=\"https:\/\/www.litoralpress.cl\/paginaconsultas\/Servicios_NClipSitio\/Get_Imagen_Nota.aspx?LPKey=G6DNLZK3D6FEC57MJGKQYKPSLH4WQLYTU52EGTIZEGNYXQY4A5ABRJDQPDHMKJDILOAF425UIN24M\"><span lang=\"ES\">UTalca dio la bienvenida a alumnos extranjeros.\u00a0<\/span><\/a><\/p><p class=\"x_MsoNormal\"><span lang=\"ES\">\u00a0<\/span><\/p><p class=\"x_MsoNormal\"><strong><span lang=\"ES\">CANAL TVN RED MAULE\u00a0<\/span><\/strong><\/p><p class=\"x_MsoNormal\"><a href=\"https:\/\/www.litoralpress.cl\/sitio\/RadioTV_Detalles.cshtml?LPKey=NSC7UNCHLBJNDADRFC2OPGVVIOYYBFICUGWGFR4T2YBVPGJOFGRGPDUFHYFPED6KQGJXKZVYK5BTO\"><span lang=\"ES\">La Orquesta Sinf\u00f3nica de la Universidad de Talca ofrecer\u00e1 concierto el lunes.\u00a0<\/span><\/a><\/p><p class=\"x_MsoNormal\"><span lang=\"ES\">\u00a0<\/span><\/p><p class=\"x_MsoNormal\"><strong><span lang=\"ES\">LA PRENSA\u00a0<\/span><\/strong><\/p><p class=\"x_MsoNormal\"><a href=\"https:\/\/www.litoralpress.cl\/paginaconsultas\/Servicios_NClipSitio\/Get_Imagen_Nota.aspx?LPKey=WZGX7TDTDT4FJVVLDMDBXA5T3BQK5MLJSDHVIMALVXPYSBSPS3RWBFTQ5O76VLSPKBKEATJUPN3AW\"><span lang=\"ES\">Concierto por 280\u00ba Aniversario de Talca. Se refiere Andr\u00e9s Maraga\u00f1o, decano de la Facultad de Arquitectura, Dise\u00f1o y M\u00fasica. \u00a0<\/span><\/a><\/p><p>\u00a0<\/p><p class=\"x_MsoNormal\"><strong>EL LECTOR\u00a0<\/strong><\/p><p class=\"x_MsoNormal\"><a href=\"https:\/\/www.litoralpress.cl\/paginaconsultas\/Servicios_NClipSitio\/Get_Imagen_Nota.aspx?LPKey=XJVMCK657IULQD4TJ63W64GSHHDDWHSAXKURIWE76ZCRPU2XVZFP23LZLXXTLG5RHF7X3SJXVIHRM\"><span lang=\"ES\">Orquesta Sinf\u00f3nica de la UTalca celebra aniversario de la capital maulina con concierto presencial. Se refiere Andr\u00e9s Maraga\u00f1o, decano de la Facultad de Arquitectura, Dise\u00f1o y M\u00fasica.\u00a0<\/span><\/a><\/p><p class=\"x_MsoNormal\"><span lang=\"ES\">\u00a0<\/span><\/p><p class=\"x_MsoNormal\"><strong><span lang=\"ES\">DIARIOTALCA.CL\u00a0<\/span><\/strong><\/p><p class=\"x_MsoNormal\"><a href=\"https:\/\/diariotalca.cl\/le-gusta-la-musica-clasica-aqui-sepa-del-concierto-de-orquesta-utalca\/\"><span lang=\"ES\">\u00bfLe gusta la m\u00fasica cl\u00e1sica? Aqu\u00ed sepa del concierto de orquesta UTalca. Se refiere Andr\u00e9s Maraga\u00f1o, decano de la Facultad de Arquitectura, Dise\u00f1o y M\u00fasica.\u00a0<\/span><\/a><\/p><p class=\"x_MsoNormal\"><span lang=\"ES\">\u00a0<\/span><\/p><p class=\"x_MsoNormal\"><strong><span lang=\"ES\">ELCENTRO.CL\u00a0<\/span><\/strong><\/p><p class=\"x_MsoNormal\"><a href=\"https:\/\/elcentro.cl\/2022\/05\/20\/orquesta-sinfonica-de-la-utalca-celebra-aniversario-de-la-capital-maulina-con-concierto-presencial\/\"><span lang=\"ES\">Orquesta Sinf\u00f3nica de la UTalca celebra aniversario de la capital maulina con concierto presencial. \u00a0<\/span><\/a><\/p><p class=\"x_MsoNormal\"><span lang=\"ES\">\u00a0<\/span><\/p><p class=\"x_MsoNormal\"><strong><span lang=\"ES\">ELMAULEINFORMA.CL\u00a0<\/span><\/strong><\/p><p class=\"x_MsoNormal\"><a href=\"https:\/\/elmauleinforma.cl\/orquesta-sinfonica-de-la-utalca-celebra-aniversario-de-la-capital-maulina-con-concierto-presencial\/\"><span lang=\"ES\">Orquesta Sinf\u00f3nica de la UTalca celebra aniversario de la capital maulina con concierto presencial. Se refiere Andr\u00e9s Maraga\u00f1o, decano de la Facultad de Arquitectura, Dise\u00f1o y M\u00fasica.\u00a0<\/span><\/a><\/p><p class=\"x_MsoNormal\"><span lang=\"ES\">\u00a0<\/span><\/p><p class=\"x_MsoNormal\"><strong><span lang=\"ES\">CANAL CNN\u00a0<\/span><\/strong><\/p><p class=\"x_MsoNormal\"><a href=\"https:\/\/www.litoralpress.cl\/sitio\/RadioTV_Detalles.cshtml?LPKey=MXHSIVPYGIWXH2JQQV4HGZGAKFHL3JJPMMRFX666PCVMANRFLKVLSWD5BHRYCCZT5MHQDTLL2YEXA\"><span lang=\"ES\">Casos de Covid19 siguen al alza. Se refiere Mar\u00eda Ester Mu\u00f1oz, acad\u00e9mica de la Escuela de Enfermer\u00eda.\u00a0<\/span><\/a><\/p><p class=\"x_MsoNormal\"><span lang=\"ES\">\u00a0<\/span><\/p><p class=\"x_MsoNormal\"><strong><span lang=\"ES\">RADIO COOPERATIVA\u00a0<\/span><\/strong><\/p><p class=\"x_MsoNormal\"><a href=\"https:\/\/www.litoralpress.cl\/sitio\/RadioTV_Detalles.cshtml?LPKey=EL7PMJMLCIBJIZQ6H4W234FQ23HVIPO2UNW6XDBYWCL567DKGZWJTQHPCQ3W6SFJYGUYNFOPCC6EG\"><span lang=\"ES\">Cinco mil 483 casos nuevos de COVID-19 se registran durante la \u00faltima jornada en todo Chile. Se refiere Mar\u00eda Ester Mu\u00f1oz, acad\u00e9mica de la Escuela de Enfermer\u00eda. \u00a0<\/span><\/a><\/p><p class=\"x_MsoNormal\"><span lang=\"ES\">\u00a0<\/span><\/p><p class=\"x_MsoNormal\"><strong><span lang=\"ES\">RADIO COOPERATIVA\u00a0<\/span><\/strong><\/p><p class=\"x_MsoNormal\"><a href=\"https:\/\/www.litoralpress.cl\/sitio\/RadioTV_Detalles.cshtml?LPKey=2J5GZ66EGMPRREC3BSNAA32IPLY6YUZYUD5EJ2E4WSEEPBYVSOJZ4PJOWASJZJIUJY6GCE6PZQ4HM\"><span lang=\"ES\">Reporte Covid-19: 5.483 nuevos contagios y 12 fallecidos. Se refiere Mar\u00eda Ester Mu\u00f1oz, acad\u00e9mica de la Escuela de Enfermer\u00eda.\u00a0<\/span><\/a><\/p><p class=\"x_MsoNormal\"><span lang=\"ES\">\u00a0<\/span><\/p><p class=\"x_MsoNormal\"><strong><span lang=\"ES\">LA PRENSA\u00a0<\/span><\/strong><\/p><p class=\"x_MsoNormal\"><a href=\"https:\/\/www.litoralpress.cl\/paginaconsultas\/Servicios_NClipSitio\/Get_Imagen_Nota.aspx?LPKey=5GGDRBOTH2YLZOXJ4TY4YTNEGFLRU6HVVYBZJASSBYI5VQWCELFXAAYCR2FDB6GGKJKXVGYZQ3X7E\"><span lang=\"ES\">Llaman a vacunarse a d\u00edas del bloqueo del Pase de Movilidad. Se refieren Mar\u00eda Ester Mu\u00f1oz y Marcelo Alarc\u00f3n, acad\u00e9micos de la Facultad de Ciencias de la Salud.\u00a0<\/span><\/a><\/p><p class=\"x_MsoNormal\"><span lang=\"ES\">\u00a0<\/span><\/p><p class=\"x_MsoNormal\"><strong><span lang=\"ES\">EL LECTOR\u00a0<\/span><\/strong><\/p><p class=\"x_MsoNormal\"><a href=\"https:\/\/www.litoralpress.cl\/paginaconsultas\/Servicios_NClipSitio\/Get_Imagen_Nota.aspx?LPKey=ZK52GQARDVLWERG7WEDAFIDBPQ7P2OG6D6RZRQJITA5SHX2CREOBZ37JXGQSO2POI6XNNTH6SP532\"><span lang=\"ES\">A pocos d\u00edas del bloqueo del pase de movilidad especialistas llaman a la poblaci\u00f3n a vacunarse. Se refieren Mar\u00eda Ester Mu\u00f1oz y Marcelo Alarc\u00f3n, acad\u00e9micos de la Facultad de Ciencias de la Salud. \u00a0<\/span><\/a><\/p><p class=\"x_MsoNormal\"><span lang=\"ES\">\u00a0<\/span><\/p><p class=\"x_MsoNormal\"><strong><span lang=\"ES\">SEPTIMAPAGINANOTICIAS.CL\u00a0<\/span><\/strong><\/p><p class=\"x_MsoNormal\"><a href=\"https:\/\/www.septimapaginanoticias.cl\/a-pocos-dias-del-bloqueo-del-pase-de-movilidad-especialistas-llaman-a-la-poblacion-a-vacunarse\"><span lang=\"ES\">A pocos d\u00edas del bloqueo del pase de movilidad especialistas llaman a la poblaci\u00f3n a vacunarse. Se refieren Mar\u00eda Ester Mu\u00f1oz y Marcelo Alarc\u00f3n, acad\u00e9micos de la Facultad de Ciencias de la Salud.\u00a0<\/span><\/a><\/p><p class=\"x_MsoNormal\"><span lang=\"ES\">\u00a0<\/span><\/p><p class=\"x_MsoNormal\"><strong><span lang=\"ES\">RADIO AMIGA\u00a0<\/span><\/strong><\/p><p class=\"x_MsoNormal\"><a href=\"https:\/\/www.litoralpress.cl\/sitio\/RadioTV_Detalles.cshtml?LPKey=C3GH5VQJBVKMR25YL7OM4B52DS5DASLWAQQO4TYHS4RY7ZBU5DGJMWV2E6SZZQF5YUUEG3UJJ2OGM\"><span lang=\"ES\">El Ministerio de Salud llama de forma constante a completar su esquema de vacunaci\u00f3n contra el Covid-19. Se refiere Marcelo Alarc\u00f3n, acad\u00e9mico del Departamento de Bioqu\u00edmica Cl\u00ednica e Inmunohematolog\u00eda. \u00a0<\/span><\/a><\/p><p class=\"x_MsoNormal\"><span lang=\"ES\">\u00a0<\/span><\/p><p class=\"x_MsoNormal\"><strong><span lang=\"ES\">G5NOTICIAS.CL\u00a0<\/span><\/strong><\/p><p class=\"x_MsoNormal\"><a href=\"https:\/\/g5noticias.cl\/2022\/05\/21\/cientificos-chilenos-crean-super-huevos-a-partir-de-nuevo-alimento-para-gallinas\/\"><span lang=\"ES\">Cient\u00edficos chilenos crean \u201cs\u00faper huevos\u201d a partir de nuevo alimento para gallinas. Se refieren H\u00e9ctor Quinteros, acad\u00e9mico de la Facultad de Ingenier\u00eda y Di\u00f3genes Hern\u00e1ndez, profesor del Instituto de Qu\u00edmica de Recursos Naturales. \u00a0<\/span><\/a><\/p><p class=\"x_MsoNormal\"><span lang=\"ES\">\u00a0<\/span><\/p><p class=\"x_MsoNormal\"><strong><span lang=\"ES\">LA PRENSA\u00a0<\/span><\/strong><\/p><p class=\"x_MsoNormal\"><a href=\"https:\/\/www.litoralpress.cl\/paginaconsultas\/Servicios_NClipSitio\/Get_Imagen_Nota.aspx?LPKey=5HX4LZMEXBQWXA3RCVFIW3W4JHQKGHLLL67HL2V5CVBLGONFMMRHP4EWXXN3XC4BTIYHA7ORUFZDA\"><span lang=\"ES\">Escolares construyen robots para medir la contaminaci\u00f3n del aire.\u00a0<\/span><\/a><\/p><p class=\"x_MsoNormal\"><span lang=\"ES\">\u00a0<\/span><\/p><p class=\"x_MsoNormal\"><strong><span lang=\"ES\">DIARIOLAPRENSA.CL\u00a0<\/span><\/strong><\/p><p class=\"x_MsoNormal\"><a href=\"https:\/\/new.diariolaprensa.cl\/index.php\/2022\/05\/22\/escolares-construyen-robots-para-medir-la-contaminacion-del-aire\/\"><span lang=\"ES\">Escolares construyen robots para medir la contaminaci\u00f3n del aire en sus colegios.\u00a0<\/span><\/a><\/p><p class=\"x_MsoNormal\"><span lang=\"ES\">\u00a0<\/span><\/p><p class=\"x_MsoNormal\"><strong><span lang=\"ES\">ELCENTRO.CL\u00a0<\/span><\/strong><\/p><p class=\"x_MsoNormal\"><a href=\"https:\/\/elcentro.cl\/2022\/05\/22\/escolares-construyen-robots-para-medir-la-contaminacion-del-aire-en-sus-colegios\/\"><span lang=\"ES\">Escolares construyen robots para medir la contaminaci\u00f3n del aire en sus colegios.\u00a0<\/span><\/a><\/p><p class=\"x_MsoNormal\"><span lang=\"ES\">\u00a0<\/span><\/p><p class=\"x_MsoNormal\"><strong><span lang=\"ES\">CANAL 30 DE SAN JAVIER\u00a0<\/span><\/strong><\/p><p class=\"x_MsoNormal\"><a href=\"https:\/\/www.litoralpress.cl\/sitio\/RadioTV_Detalles.cshtml?LPKey=5BC4VQFVJYIMLEXJQ65E75L44ACYBCCWE5NCRXHBNEYVUJYGA52SAKUZK43IGS6KUWK36FBLW2BWW\"><span lang=\"ES\">Entrevista a Armando Dur\u00e1n, director de la Escuela de Ingenier\u00eda Civil en Obras Civiles.\u00a0<\/span><\/a><\/p><p class=\"x_MsoNormal\"><span lang=\"ES\">\u00a0<\/span><\/p><p class=\"x_MsoNormal\"><strong><span lang=\"ES\">CANAL TV5 LINARES\u00a0<\/span><\/strong><\/p><p class=\"x_MsoNormal\"><a href=\"https:\/\/www.litoralpress.cl\/sitio\/RadioTV_Detalles.cshtml?LPKey=52I2YCL6HHZPFABC44MA5JDXG47PEBU53XYEUNCC2EMPAPT5L4CCXSXE6IJDPFHGO5GLBGMZQAMFM\"><span lang=\"ES\">Aprobaci\u00f3n del reajuste del sueldo m\u00ednimo. Se refiere Arcadio Cerda, acad\u00e9mico de la Facultad de Econom\u00eda y Negocios (FEN).\u00a0<\/span><\/a><\/p><p class=\"x_MsoNormal\"><span lang=\"ES\">\u00a0<\/span><\/p><p class=\"x_MsoNormal\"><strong><span lang=\"ES\">IMPACTOREGIONAL.CL\u00a0<\/span><\/strong><\/p><p class=\"x_MsoNormal\"><a href=\"https:\/\/www.litoralpress.cl\/sitio\/RadioTV_Detalles.cshtml?LPKey=F7IYFP2A5OBIEE6ONBOJJTMJKCNJEUIO4VVIQJJRJBKOYUARID7KVETYM7S3QNPXMEFTYG5VFMXA4\"><span lang=\"ES\">Participaci\u00f3n de Juan Andr\u00e9s Riquelme, acad\u00e9mico de la Facultad de Econom\u00eda y Negocios. \u00a0<\/span><\/a><\/p><p class=\"x_MsoNormal\"><span lang=\"ES\">\u00a0<\/span><\/p><p class=\"x_MsoNormal\"><strong><span lang=\"ES\">LA PRENSA\u00a0<\/span><\/strong><\/p><p class=\"x_MsoNormal\"><a href=\"https:\/\/www.litoralpress.cl\/paginaconsultas\/Servicios_NClipSitio\/Get_Imagen_Nota.aspx?LPKey=BQFHMKJ7LK7M5MZNNYAAFFE4XB2P5N4DTWSXSBBJGLE325KMVDSQYQGRKHGMICMNCPGPL4KY75B4U\"><span lang=\"ES\">Promueven fundamentos de una adecuada nutrici\u00f3n. Se refiere V\u00edctor Campos, profesor del Programa de Vida Saludable. \u00a0<\/span><\/a><\/p><p class=\"x_MsoNormal\"><span lang=\"ES\">\u00a0<\/span><\/p><p class=\"x_MsoNormal\"><strong><span lang=\"ES\">ADPRENSA.CL\u00a0<\/span><\/strong><\/p><p class=\"x_MsoNormal\"><a href=\"https:\/\/www.adprensa.cl\/cronica\/utalca-academica-llama-a-prevenir-cancer-cervico-uterino\/\"><span lang=\"ES\">Acad\u00e9mica llama a prevenir c\u00e1ncer c\u00e9rvico uterino. Se refiere Gabriela Herrera, acad\u00e9mica de la Facultad de Ciencias de la Salud.\u00a0<\/span><\/a><\/p><p class=\"x_MsoNormal\"><span lang=\"ES\">\u00a0<\/span><\/p><p class=\"x_MsoNormal\"><strong><span lang=\"ES\">RADIOPOLAR.COM\u00a0<\/span><\/strong><\/p><p class=\"x_MsoNormal\"><a href=\"https:\/\/radiopolar.com\/noticia_176229.html\"><span lang=\"ES\">Acad\u00e9mica llama a prevenir c\u00e1ncer c\u00e9rvico uterino. Se refiere Gabriela Herrera, acad\u00e9mica de la Facultad de Ciencias de la Salud.\u00a0<\/span><\/a><\/p><p class=\"x_MsoNormal\"><span lang=\"ES\">\u00a0<\/span><\/p><p class=\"x_MsoNormal\"><strong><span lang=\"ES\">EL HERALDO\u00a0<\/span><\/strong><\/p><p class=\"x_MsoNormal\"><a href=\"https:\/\/www.litoralpress.cl\/paginaconsultas\/Servicios_NClipSitio\/Get_Imagen_Nota.aspx?LPKey=SEKXVDHMVHEB5XHOD7AZYX5WU44S6YEP7OCR64T6RJZVCAGMAQRM5NGZ5WFJSJVYQMKAV5SBR4H66\"><span lang=\"ES\">Constitucionalista detalla el trabajo que efect\u00faa la comisi\u00f3n de armonizaci\u00f3n. Se refiere Luis Acevedo, investigador del Centro de Estudios Constitucionales de Chile (CECOCH).\u00a0<\/span><\/a><\/p><p class=\"x_MsoNormal\"><span lang=\"ES\">\u00a0<\/span><\/p><p class=\"x_MsoNormal\"><strong><span lang=\"ES\">DIARIOELHERALDO.CL\u00a0<\/span><\/strong><\/p><p class=\"x_MsoNormal\"><a href=\"http:\/\/www.diarioelheraldo.cl\/noticia\/-constitucionalista-detalla-el-trabajo-que-efectua-la-comision-de-armonizacion\"><span lang=\"ES\">Constitucionalista detalla el trabajo que efect\u00faa la comisi\u00f3n de armonizaci\u00f3n. Se refiere Luis Acevedo, investigador del Centro de Estudios Constitucionales de Chile (CECOCH).\u00a0<\/span><\/a><\/p><p class=\"x_MsoNormal\"><span lang=\"ES\">\u00a0<\/span><\/p><p class=\"x_MsoNormal\"><strong><span lang=\"ES\">EL MERCURIO\u00a0<\/span><\/strong><\/p><p class=\"x_MsoNormal\"><a href=\"https:\/\/www.litoralpress.cl\/paginaconsultas\/Servicios_NClipSitio\/Get_Imagen_Nota.aspx?LPKey=ANQ3Y4PXWNQQCYU5RBGXZBWEDMNVGQX6FRSYD52QW2YC6PIBMVEIGUFOGNTRWFMF2Y65QKVLLT3YY\"><span lang=\"ES\">Analistas advierten sobre consecuencias de usar decretos para adecuaciones constitucionales. Se refiere Mauricio Morales, director del Centro de An\u00e1lisis Pol\u00edtico (CAP).\u00a0<\/span><\/a><\/p><p class=\"x_MsoNormal\"><span lang=\"ES\">\u00a0<\/span><\/p><p class=\"x_MsoNormal\"><strong><span lang=\"ES\">CANAL MEGA\u00a0<\/span><\/strong><\/p><p class=\"x_MsoNormal\"><a href=\"https:\/\/www.litoralpress.cl\/sitio\/RadioTV_Detalles.cshtml?LPKey=QPD5RXPNDTZKEGYZ7IAPAPJR6MSLEMOCYW5N252EWTTW64W3MRJIMNNS7J25K7ZRSUM7IC52QXEHS\"><span lang=\"ES\">Entrevista a Mauricio Morales, director del Centro de An\u00e1lisis Pol\u00edtico (CAP).\u00a0<\/span><\/a><\/p><p class=\"x_MsoNormal\"><span lang=\"ES\">\u00a0<\/span><\/p><p class=\"x_MsoNormal\"><strong><span lang=\"ES\">CANAL MEGA\u00a0<\/span><\/strong><\/p><p class=\"x_MsoNormal\"><a href=\"https:\/\/www.litoralpress.cl\/sitio\/RadioTV_Detalles.cshtml?LPKey=HHXVO2JD6ZVIOSEXY3Y6552ULRLDQNRX4QHNX7UJWWN6OUBBOUTBHGIQCXXMLJ7JDG3YQRTHFFEME\"><span lang=\"ES\">El rechazo a la convenci\u00f3n constitucional se mantiene con un 46 por ciento. Se refiere Mauricio Morales, director del Centro de An\u00e1lisis Pol\u00edtico (CAP). \u00a0<\/span><\/a><\/p><p class=\"x_MsoNormal\"><span lang=\"ES\">\u00a0<\/span><\/p><p class=\"x_MsoNormal\"><strong><span lang=\"ES\">CANAL 13\u00a0<\/span><\/strong><\/p><p class=\"x_MsoNormal\"><a href=\"https:\/\/www.litoralpress.cl\/sitio\/RadioTV_Detalles.cshtml?LPKey=3XFI62MQNVCUK4KJUNUH4FHF7U3LRQUQJFZN2FRWGS2ZDHXA7WEYXOQ5DNLSDP5YC2OXNEIZDU4KE\"><span lang=\"ES\">A\u00fan no se define el rol de los constituyentes durante las campa\u00f1as del apruebo y el rechazo.<\/span><span lang=\"ES\">\u00a0<\/span><span lang=\"ES\">Se refiere Mauricio Morales, director del Centro de An\u00e1lisis Pol\u00edtico (CAP).<\/span><span lang=\"ES\">\u00a0<\/span><\/a><\/p><p class=\"x_MsoNormal\"><span lang=\"ES\">\u00a0<\/span><\/p><p class=\"x_MsoNormal\"><strong><span lang=\"ES\">CANAL CNN CHILE\u00a0<\/span><\/strong><\/p><p class=\"x_MsoNormal\"><a href=\"https:\/\/www.litoralpress.cl\/sitio\/RadioTV_Detalles.cshtml?LPKey=JA3IVK36AGEPSUSSKHD5UADUG4Y4RO45S3TVMKPCWD5HNQ76LGWSCT2ESOZ2QXMZJVX3BKEW2Y3AK\"><span lang=\"ES\">Gobierno respald\u00f3 la llegada de la socialista Ana Lya Uriarte como nueva jefa de gabinete del Ministerio del Interior. Se refiere Mauricio Morales, director del Centro de An\u00e1lisis Pol\u00edtico (CAP).\u00a0<\/span><\/a><\/p><p class=\"x_MsoNormal\"><span lang=\"ES\">\u00a0<\/span><\/p><p class=\"x_MsoNormal\"><strong><span lang=\"ES\">CANAL CNN CHILE\u00a0<\/span><\/strong><\/p><p class=\"x_MsoNormal\"><a href=\"https:\/\/www.litoralpress.cl\/sitio\/RadioTV_Detalles.cshtml?LPKey=BUKHC7OPHOFHPGB5XLQNMMN2I6DDYP5ILIOVYVZCOOJJA4BOV6FB5SJRLMOQZ6BJK2PKL7YBXTGNA\"><span lang=\"ES\">Complejas semanas para el Gobierno a menos de dos semanas para la primera cuenta p\u00fablica del Presidente Gabriel Boric. Se refiere Mauricio Morales, director del Centro de An\u00e1lisis Pol\u00edtico (CAP).\u00a0<\/span><\/a><\/p><p class=\"x_MsoNormal\"><span lang=\"ES\">\u00a0<\/span><\/p><p class=\"x_MsoNormal\"><strong><span lang=\"ES\">EMOL TV\u00a0<\/span><\/strong><\/p><p class=\"x_MsoNormal\"><a href=\"https:\/\/www.litoralpress.cl\/sitio\/RadioTV_Detalles.cshtml?LPKey=ZEQLTFUN4USPX6JAC3POIQ7MBIC2PXNC7QDYK77WJ2X4SQUA4FTU6YNRNDFA3RN47L4HUYJVGYFRM\"><span lang=\"ES\">Entrevista a Mauricio Morales, director del Centro de An\u00e1lisis Pol\u00edtico (CAP).\u00a0<\/span><\/a><\/p><p class=\"x_MsoNormal\"><span lang=\"ES\">\u00a0<\/span><\/p><p class=\"x_MsoNormal\"><strong><span lang=\"ES\">RADIO INFINITA\u00a0<\/span><\/strong><\/p><p class=\"x_MsoNormal\"><a href=\"https:\/\/www.litoralpress.cl\/sitio\/RadioTV_Detalles.cshtml?LPKey=WXHEMQINRBGIGMEU6TBBJMWS6XDQLID5YV5NTKZO2LTVZEMFKJIE4KWRJDRFPAF2XQBWW4RUI326G\"><span lang=\"ES\">Comentario de Mauricio Morales, director del Centro de An\u00e1lisis Pol\u00edtico (CAP).\u00a0<\/span><\/a><\/p><p class=\"x_MsoNormal\"><span lang=\"ES\">\u00a0<\/span><\/p><p class=\"x_MsoNormal\"><strong><span lang=\"ES\">24HORAS.CL\u00a0<\/span><\/strong><\/p><p class=\"x_MsoNormal\"><a href=\"https:\/\/www.24horas.cl\/convencionconstituyente\/normas-transitorias-el-debate-sobre-la-letra-muerta-y-los-decretos-con-fuerza-de-ley-adecuatorios-5311372\"><span lang=\"ES\">Normas Transitorias: El debate sobre la letra muerta y los Decretos con Fuerza de Ley Adecuatorios. Se refiere Mario Herrera, acad\u00e9mico del Centro de An\u00e1lisis Pol\u00edtico. \u00a0<\/span><\/a><\/p><p class=\"x_MsoNormal\"><span lang=\"ES\">\u00a0<\/span><\/p><p class=\"x_MsoNormal\"><strong><span lang=\"ES\">EL MERCURIO DE VALPARA\u00cdSO\u00a0<\/span><\/strong><\/p><p class=\"x_MsoNormal\"><a href=\"https:\/\/www.litoralpress.cl\/paginaconsultas\/Servicios_NClipSitio\/Get_Imagen_Nota.aspx?LPKey=75SATRVT34RR2NWTGR3IM3FBENGLCLEXB7O4K7R4NYRES5DMRKPNUOVCZ3XR2VMY2HM4AKZTHYN6C\"><span lang=\"ES\">Llamado a la Convenci\u00f3n: que la transici\u00f3n no sea traum\u00e1tica. Se refiere Mauricio Morales, director del Centro de An\u00e1lisis Pol\u00edtico (CAP).\u00a0<\/span><\/a><\/p><p class=\"x_MsoNormal\"><span lang=\"ES\">\u00a0<\/span><\/p><p class=\"x_MsoNormal\"><strong><span lang=\"ES\">ATENTOSCHILE.CL\u00a0<\/span><\/strong><\/p><p class=\"x_MsoNormal\"><a href=\"https:\/\/www.litoralpress.cl\/sitio\/RadioTV_Detalles.cshtml?LPKey=N5JFRXWRFU6PQ37QEWNP6LZZAVXQOBWB2LDG2QCK7KEILP5NAVEWP56DWAGKD7XMMACA2HDAHKFB6\"><span lang=\"ES\">Entrevista a Alejandra Llanos, coordinadora de publicaciones e investigaci\u00f3n del Centro de Estudios Constitucionales de Chile (CECOCH).\u00a0<\/span><\/a><\/p><p class=\"x_MsoNormal\"><span lang=\"ES\">\u00a0<\/span><\/p><p class=\"x_MsoNormal\"><strong><span lang=\"ES\">IMPACTOREGIONAL.CL\u00a0<\/span><\/strong><\/p><p class=\"x_MsoNormal\"><a href=\"https:\/\/www.litoralpress.cl\/sitio\/RadioTV_Detalles.cshtml?LPKey=AQYQTWKHIE2CRHGXXWFTBVGRQADIBYGCBNTECEFTELEJFVDH3P76H3MVGBIRZ7MJNS2JQAQPAU67C\"><span lang=\"ES\">Participaci\u00f3n de Mario Herrera, acad\u00e9mico del Centro de An\u00e1lisis Pol\u00edtico (CAP).\u00a0<\/span><\/a><\/p><p class=\"x_MsoNormal\">\u00a0<\/p>\t\t\t\t\t\t<\/div>\n\t\t\t\t<\/div>\n\t\t\t\t\t<\/div>\n\t\t<\/div>\n\t\t\t\t\t\t\t<\/div>\n\t\t<\/section>\n\t\t\t\t\t\t<\/div>\n\t\t\t\t\t<\/div>\n\t\t","protected":false},"excerpt":{"rendered":"<p>LA PRENSA\u00a0 Rector de la Universidad de Talca, Carlos Torres: \u201cLa educaci\u00f3n es un pilar fundamental para el desarrollo\u201d.\u00a0 \u00a0 DIARIOLAPRENSA.CL\u00a0 Rector de la Universidad de Talca, Carlos Torres: \u201cLa educaci\u00f3n es un pilar fundamental para el desarrollo\u201d.\u00a0 \u00a0 LA PRENSA\u00a0 Nuevo rector de la Universidad de Talca y los desaf\u00edos para esa casa de &hellip;<\/p>\n<p class=\"read-more\"> <a class=\"\" href=\"https:\/\/www.reportedeprensa.utalca.cl\/?p=4010\"> <span class=\"screen-reader-text\">23 de mayo de 2022<\/span> Read More &raquo;<\/a><\/p>\n","protected":false},"author":1,"featured_media":0,"comment_status":"closed","ping_status":"open","sticky":false,"template":"","format":"standard","meta":{"_monsterinsights_skip_tracking":false,"_monsterinsights_sitenote_active":false,"_monsterinsights_sitenote_note":"","_monsterinsights_sitenote_category":0},"categories":[21],"tags":[],"_links":{"self":[{"href":"https:\/\/www.reportedeprensa.utalca.cl\/index.php?rest_route=\/wp\/v2\/posts\/4010"}],"collection":[{"href":"https:\/\/www.reportedeprensa.utalca.cl\/index.php?rest_route=\/wp\/v2\/posts"}],"about":[{"href":"https:\/\/www.reportedeprensa.utalca.cl\/index.php?rest_route=\/wp\/v2\/types\/post"}],"author":[{"embeddable":true,"href":"https:\/\/www.reportedeprensa.utalca.cl\/index.php?rest_route=\/wp\/v2\/users\/1"}],"replies":[{"embeddable":true,"href":"https:\/\/www.reportedeprensa.utalca.cl\/index.php?rest_route=%2Fwp%2Fv2%2Fcomments&post=4010"}],"version-history":[{"count":4,"href":"https:\/\/www.reportedeprensa.utalca.cl\/index.php?rest_route=\/wp\/v2\/posts\/4010\/revisions"}],"predecessor-version":[{"id":4014,"href":"https:\/\/www.reportedeprensa.utalca.cl\/index.php?rest_route=\/wp\/v2\/posts\/4010\/revisions\/4014"}],"wp:attachment":[{"href":"https:\/\/www.reportedeprensa.utalca.cl\/index.php?rest_route=%2Fwp%2Fv2%2Fmedia&parent=4010"}],"wp:term":[{"taxonomy":"category","embeddable":true,"href":"https:\/\/www.reportedeprensa.utalca.cl\/index.php?rest_route=%2Fwp%2Fv2%2Fcategories&post=4010"},{"taxonomy":"post_tag","embeddable":true,"href":"https:\/\/www.reportedeprensa.utalca.cl\/index.php?rest_route=%2Fwp%2Fv2%2Ftags&post=4010"}],"curies":[{"name":"wp","href":"https:\/\/api.w.org\/{rel}","templated":true}]}}