{"id":4022,"date":"2022-05-24T09:42:10","date_gmt":"2022-05-24T12:42:10","guid":{"rendered":"https:\/\/www.reportedeprensa.utalca.cl\/?p=4022"},"modified":"2022-05-24T09:47:15","modified_gmt":"2022-05-24T12:47:15","slug":"24-de-mayo-de-2022","status":"publish","type":"post","link":"https:\/\/www.reportedeprensa.utalca.cl\/?p=4022","title":{"rendered":"24 de mayo de 2022"},"content":{"rendered":"\t\t<div data-elementor-type=\"wp-post\" data-elementor-id=\"4022\" class=\"elementor elementor-4022\" data-elementor-settings=\"[]\">\n\t\t\t\t\t\t\t<div class=\"elementor-section-wrap\">\n\t\t\t\t\t\t\t<section class=\"elementor-section elementor-top-section elementor-element elementor-element-551691d7 elementor-section-boxed elementor-section-height-default elementor-section-height-default\" data-id=\"551691d7\" data-element_type=\"section\">\n\t\t\t\t\t\t<div class=\"elementor-container elementor-column-gap-default\">\n\t\t\t\t\t<div class=\"elementor-column elementor-col-100 elementor-top-column elementor-element elementor-element-249cced\" data-id=\"249cced\" data-element_type=\"column\">\n\t\t\t<div class=\"elementor-widget-wrap elementor-element-populated\">\n\t\t\t\t\t\t\t\t<div class=\"elementor-element elementor-element-60e9cf41 elementor-widget elementor-widget-text-editor\" data-id=\"60e9cf41\" data-element_type=\"widget\" data-widget_type=\"text-editor.default\">\n\t\t\t\t<div class=\"elementor-widget-container\">\n\t\t\t\t\t\t\t\t<div class=\"x_elementToProof\"><p class=\"x_MsoNormal\"><strong>LANOTICIA.CL\u00a0<\/strong><\/p><p class=\"x_MsoNormal\"><a href=\"https:\/\/lanoticia.cl\/universidad-de-talca-da-la-bienvenida-a-estudiantes-extranjeros\/\">Universidad de Talca da la bienvenida a estudiantes extranjeros.\u00a0<\/a><\/p><p class=\"x_MsoNormal\">\u00a0<\/p><p class=\"x_MsoNormal\"><strong>CANAL CNN CHILE\u00a0<\/strong><\/p><p class=\"x_MsoNormal\"><a href=\"https:\/\/www.litoralpress.cl\/sitio\/RadioTV_Detalles.cshtml?LPKey=F4A3C3TJSB7OHXNRLLSWQCRM6TJSV6VFE4WBEL7TDGGRH2QV5BRZ7Y7IX5BGLUTGECPHODNHG53HS\">Casos de covid19 contin\u00faan al alza y expertos ya proyectan 40 mil casos semanales. Se refiere Mar\u00eda Ester Mu\u00f1oz, acad\u00e9mica de la Escuela de Enfermer\u00eda. \u00a0<\/a><\/p><p class=\"x_MsoNormal\">\u00a0<\/p><p class=\"x_MsoNormal\"><strong>RADIO COOPERATIVA\u00a0<\/strong><\/p><p class=\"x_MsoNormal\"><a href=\"https:\/\/www.litoralpress.cl\/sitio\/RadioTV_Detalles.cshtml?LPKey=SRBI3O2PEYEOETMGDNAWHFG47OU6K72XAGJSHM3LQP2MSU3H6OLMBJHDKLRQTWMQ3MZZQBS4BVBHS\">Hay preocupaci\u00f3n por el alza de contagios de Covid-19 en Chile. Se refiere \u00c9rika Retamal, director del Departamento de Salud P\u00fablica.\u00a0<\/a><\/p><p class=\"x_MsoNormal\"><span class=\"x_MsoHyperlink\">\u00a0<\/span><\/p><p class=\"x_MsoNormal\"><strong><span class=\"x_MsoHyperlink\">CANAL TVR\u00a0<\/span><\/strong><\/p><p class=\"x_MsoNormal\"><a href=\"https:\/\/www.litoralpress.cl\/sitio\/RadioTV_Detalles.cshtml?LPKey=FHEYLBSPG7Q3EQLZBW2PRRK5Z4FURMK2F2OKNWTICOAIQ42PJ44BILKYTQWKRAUCPMCSYVTZG2SIE\"><span class=\"x_MsoHyperlink\">Covid-19: Colmed del Maule confirm\u00f3 que enfermos m\u00e1s graves no tienen su vacunaci\u00f3n al d\u00eda. Se refiere Mar\u00eda Ester Mu\u00f1oz, acad\u00e9mica de la Escuela de Enfermer\u00eda.\u00a0<\/span><\/a><\/p><p class=\"x_MsoNormal\"><span class=\"x_MsoHyperlink\">\u00a0<\/span><\/p><p class=\"x_MsoNormal\"><strong>ATENTOSCHILE.CL\u00a0<\/strong><\/p><p class=\"x_MsoNormal\"><a href=\"https:\/\/www.litoralpress.cl\/sitio\/RadioTV_Detalles.cshtml?LPKey=R7ZDA4KYQQ276XEVC6T5YX754QI6JYVYRYUGYLU2MPGC6VETWCIWBN6IJ6D4GLUTHC2FY6IXXJDLA\">Entrevista a Marcelo Alarc\u00f3n, acad\u00e9mico del Departamento de Bioqu\u00edmica Cl\u00ednica e Inmunohematolog\u00eda.\u00a0<\/a><\/p><p class=\"x_MsoNormal\">\u00a0<\/p><p class=\"x_MsoNormal\"><strong>RADIO LAUTARO\u00a0<\/strong><\/p><p class=\"x_MsoNormal\"><a href=\"https:\/\/www.litoralpress.cl\/sitio\/RadioTV_Detalles.cshtml?LPKey=223MFEBDTWZFAXPHHQO626LCZ2SEKNDAQF3VPRQFXY4ZUSLFSUBJ6WDICW4Z6KVX7TFFE2QYW5NHO\">Entrevista a Daniel Jim\u00e9nez, director de Salud del Estudiante. \u00a0<\/a><\/p><p class=\"x_MsoNormal\">\u00a0<\/p><p class=\"x_MsoNormal\"><strong>RADIO AMIGA\u00a0<\/strong><\/p><p class=\"x_MsoNormal\"><a href=\"https:\/\/www.litoralpress.cl\/sitio\/RadioTV_Detalles.cshtml?LPKey=HX2YIIKLWDELLGOVDRXWAU4WYSFUWSA76OJBINRUUSLX45DQAPUU2XPH7S3VEOUOTUPIFJT36H7CQ\">Llaman a vacunarse contra el covid-19 a quienes a\u00fan tienen pendiente alguna de sus dosis. Se refieren Mar\u00eda Ester Mu\u00f1oz y Marcelo Alarc\u00f3n, acad\u00e9micos de la Facultad de Ciencias de la Salud.\u00a0<\/a><\/p><p class=\"x_MsoNormal\">\u00a0<\/p><p class=\"x_MsoNormal\"><strong>ELMOSTRADOR.CL\u00a0<\/strong><\/p><p class=\"x_MsoNormal\"><a href=\"https:\/\/www.elmostrador.cl\/braga\/2022\/05\/23\/cancer-cervicouterino-es-la-segunda-causa-de-muerte-en-mujeres-conoce-como-prevenirlo\/\">C\u00e1ncer c\u00e9rvico uterino es la segunda causa de muerte en mujeres: conoce c\u00f3mo prevenirlo. Se refiere Gabriela Herrera, acad\u00e9mica de la Facultad de Ciencias de la Salud.\u00a0<\/a><\/p><p class=\"x_MsoNormal\">\u00a0<\/p><p class=\"x_MsoNormal\"><strong>LA PRENSA\u00a0<\/strong><\/p><p class=\"x_MsoNormal\"><a href=\"https:\/\/www.litoralpress.cl\/paginaconsultas\/Servicios_NClipSitio\/Get_Imagen_Nota.aspx?LPKey=IY76VRR2BAAEIVWBOLZDAW473GGZOXA7SAEQW2GPBYPW7OYYKLYMQPEVX4DYZR4BD2PV5HTOVK44O\">Acad\u00e9mica sobre c\u00e1ncer c\u00e9rvico uterino: \u201cAl tener un origen infeccioso, se puede prevenir\u201d. Se refiere Gabriela Herrera, acad\u00e9mica de la Facultad de Ciencias de la Salud.\u00a0<\/a><\/p><p class=\"x_MsoNormal\" aria-hidden=\"true\">\u00a0<\/p><p class=\"x_MsoNormal\"><strong>DIARIOLAPRENSA.CL\u00a0<\/strong><\/p><p class=\"x_MsoNormal\"><a href=\"https:\/\/new.diariolaprensa.cl\/index.php\/2022\/05\/23\/academica-sobre-cancer-cervico-uterino-al-tener-un-origen-infeccioso-se-puede-prevenir\/\">Acad\u00e9mica sobre c\u00e1ncer c\u00e9rvico uterino: \u201cAl tener un origen infeccioso, se puede prevenir\u201d. Se refiere Gabriela Herrera, acad\u00e9mica de la Facultad de Ciencias de la Salud. \u00a0<\/a><\/p><p class=\"x_MsoNormal\" aria-hidden=\"true\">\u00a0<\/p><p class=\"x_MsoNormal\"><strong>G5NOTICIAS.CL\u00a0<\/strong><\/p><p class=\"x_MsoNormal\"><a href=\"https:\/\/g5noticias.cl\/2022\/05\/23\/academica-llama-a-prevenir-cancer-cervico-uterino-las-cifras-son-contundentes-dos-mujeres-mueren-cada-dia-en-chile-por-este-mal-la-prevencion-y-deteccion-precoz-es-fundamen\/\">Acad\u00e9mica llama a prevenir c\u00e1ncer c\u00e9rvico uterino. Se refiere Gabriela Herrera, acad\u00e9mica de la Facultad de Ciencias de la Salud.\u00a0<\/a><\/p><p class=\"x_MsoNormal\" aria-hidden=\"true\">\u00a0<\/p><p class=\"x_MsoNormal\"><strong>GUIOTECA.COM\u00a0<\/strong><\/p><p class=\"x_MsoNormal\"><a href=\"https:\/\/www.guioteca.com\/facts\/violencia-en-colegios-los-numeros-detras-del-fenomeno-y-las-razones-que-explican-su-aumento\/\">Violencia en colegios: Los n\u00fameros detr\u00e1s del fen\u00f3meno y las razones que explican su aumento. Se refiere Carolina Iturra, decana de la Facultad de Ciencias de la Educaci\u00f3n.\u00a0<\/a><\/p><p class=\"x_MsoNormal\">\u00a0<\/p><p class=\"x_MsoNormal\"><strong>RADIO COOPERATIVA\u00a0<\/strong><\/p><p class=\"x_MsoNormal\"><a href=\"https:\/\/www.litoralpress.cl\/sitio\/RadioTV_Detalles.cshtml?LPKey=A62UYVUYQB5UDU6K4DOQ53XF5S4YRSJJCKNRPVL5RDAX6N7WDUNFRRSYAAM7SFLHTTQATNSIDYEEQ\">Entrevista a Fernando Carrasco, acad\u00e9mico de la Facultad de Ciencias de la Educaci\u00f3n.\u00a0<\/a><\/p><p class=\"x_MsoNormal\">\u00a0<\/p><p class=\"x_MsoNormal\"><strong>PLATAFORMAARQUITECTURA.CL\u00a0<\/strong><\/p><p class=\"x_MsoNormal\"><a href=\"https:\/\/www.plataformaarquitectura.cl\/cl\/982318\/ensenanza-de-la-arquitectura-en-chile-1999-2019-potencial-ecologico-y-sentido-politico-colectivo\">Ense\u00f1anza de la arquitectura en Chile 1999-2019: Potencial ecol\u00f3gico y sentido pol\u00edtico colectivo. Se menciona a la Escuela de Arquitectura.\u00a0<\/a><\/p><p class=\"x_MsoNormal\">\u00a0<\/p><p class=\"x_MsoNormal\"><strong>RADIO BIOB\u00cdO DE VALPARA\u00cdSO\u00a0<\/strong><\/p><p class=\"x_MsoNormal\"><a href=\"https:\/\/www.litoralpress.cl\/sitio\/RadioTV_Detalles.cshtml?LPKey=TBEBMR7T3WFYFS2WWA3TWOADNBFQVFUU362WYEXKWBNQXHKIXP7ZJDAOSWHARZZUKWSPQQGBOOSG4\">Entrevista a Rodrigo Bustamante, director de Seguridad Digital.\u00a0<\/a><\/p><p class=\"x_MsoNormal\">\u00a0<\/p><p class=\"x_MsoNormal\"><strong>ADPRENSA.CL\u00a0<\/strong><\/p><p class=\"x_MsoNormal\"><a href=\"https:\/\/www.adprensa.cl\/cronica\/bots-en-la-politica-que-son-y-como-afectan-a-la-opinion-publica\/\">\u201cBots\u201d en la pol\u00edtica:\u00a0\u00a0Qu\u00e9 son y c\u00f3mo afectan a la opini\u00f3n p\u00fablica. Se refieren Mario Herrera, acad\u00e9mico del Centro de An\u00e1lisis Pol\u00edtico y Rodrigo Bustamante, director de Seguridad Digital.\u00a0<\/a><\/p><p class=\"x_MsoNormal\">\u00a0<\/p><p class=\"x_MsoNormal\"><strong>REDMAULE.COM\u00a0<\/strong><\/p><p class=\"x_MsoNormal\"><a href=\"https:\/\/www.redmaule.com\/regional\/docente-de-utalca-explica-que-son-los-bots-y-como-actuan-en-la-politica\">Docente de UTalca explica qu\u00e9 son los bots y c\u00f3mo act\u00faan en la pol\u00edtica. Se refieren Mario Herrera, acad\u00e9mico del Centro de An\u00e1lisis Pol\u00edtico y Rodrigo Bustamante, director de Seguridad Digital. \u00a0<\/a><\/p><p class=\"x_MsoNormal\" aria-hidden=\"true\">\u00a0<\/p><p class=\"x_MsoNormal\"><strong>ELCENTRO.CL\u00a0<\/strong><\/p><p class=\"x_MsoNormal\"><a href=\"https:\/\/elcentro.cl\/2022\/05\/23\/bots-en-la-politica-que-son-y-como-afectan-a-la-opinion-publica\/\">\u201cBots\u201d en la pol\u00edtica:\u00a0\u00a0Qu\u00e9 son y c\u00f3mo afectan a la opini\u00f3n p\u00fablica. Se refieren Mario Herrera, acad\u00e9mico del Centro de An\u00e1lisis Pol\u00edtico y Rodrigo Bustamante, director de Seguridad Digital.\u00a0<\/a><\/p><p class=\"x_MsoNormal\" aria-hidden=\"true\">\u00a0<\/p><p class=\"x_MsoNormal\"><strong>TVMAULE.CL\u00a0<\/strong><\/p><p class=\"x_MsoNormal\"><a href=\"https:\/\/www.tvmaule.cl\/como-afectan-los-bots-a-la-opinion-publica\/\">C\u00f3mo afectan los bots a la opini\u00f3n p\u00fablica. Se refieren Mario Herrera, acad\u00e9mico del Centro de An\u00e1lisis Pol\u00edtico y Rodrigo Bustamante, director de Seguridad Digital.\u00a0<\/a><\/p><p class=\"x_MsoNormal\" aria-hidden=\"true\">\u00a0<\/p><p class=\"x_MsoNormal\"><strong>ELMAULEINFORMA.CL\u00a0<\/strong><\/p><p class=\"x_MsoNormal\"><a href=\"https:\/\/elmauleinforma.cl\/bots-en-la-politica-que-son-y-como-afectan-a-la-opinion-publica\/\">\u201cBots\u201d en la pol\u00edtica: Qu\u00e9 son y c\u00f3mo afectan a la opini\u00f3n p\u00fablica. Se refieren Mario Herrera, acad\u00e9mico del Centro de An\u00e1lisis Pol\u00edtico y Rodrigo Bustamante, director de Seguridad Digital.\u00a0<\/a><\/p><p class=\"x_MsoNormal\" aria-hidden=\"true\">\u00a0<\/p><p class=\"x_MsoNormal\"><strong>LA SEGUNDA\u00a0<\/strong><\/p><p class=\"x_MsoNormal\"><a href=\"https:\/\/www.litoralpress.cl\/sitio\/Prensa_PaginaCompleta.cshtml?LPKey=DFDWJGLBCMJF2YFQDPILHCXPKGPUGBMQR6W5SKETFXFQE2VNTOJQ\">Reaparici\u00f3n de Bachelet a favor del Apruebo pone la mira en silencio de Lagos. Se refiere Mauricio Morales, director del Centro de An\u00e1lisis Pol\u00edtico (CAP).\u00a0<\/a><\/p><p class=\"x_MsoNormal\">\u00a0<\/p><p class=\"x_MsoNormal\"><strong>CANAL CHILEVISI\u00d3N\u00a0<\/strong><\/p><p class=\"x_MsoNormal\"><a href=\"https:\/\/www.litoralpress.cl\/sitio\/RadioTV_Detalles.cshtml?LPKey=QAUWIRN4TAFPW46LRIY7CDOGEFBOUM4RPX76WE2BU2JS4WQG4TSOL3QPXIXBAFXOTS63DOOAJY4KI\">Presidente Boric es destacado como una de las personas m\u00e1s influyentes del mundo seg\u00fan la revista Times.\u00a0Se refiere Mauricio Morales, director del Centro de An\u00e1lisis Pol\u00edtico (CAP).\u00a0<\/a><\/p><p class=\"x_MsoNormal\">\u00a0<\/p><p class=\"x_MsoNormal\"><strong>CANAL MEGA PLUS\u00a0<\/strong><\/p><p class=\"x_MsoNormal\"><a href=\"https:\/\/www.litoralpress.cl\/sitio\/RadioTV_Detalles.cshtml?LPKey=2JFGIAXXUTXBRFLWUMSTIPIFL45WA3IMTXWCD5RLPP7BYVGTTENFCY27Q4ZT5Y2HIZDZECNBEYTD2\">An\u00e1lisis de las salidas a terrenos de comisiones de la convenci\u00f3n constitucional. Se refiere Mauricio Morales, director del Centro de An\u00e1lisis Pol\u00edtico (CAP).\u00a0<\/a><\/p><p class=\"x_MsoNormal\">\u00a0<\/p><p class=\"x_MsoNormal\"><strong>CANAL MEGA PLUS\u00a0<\/strong><\/p><p class=\"x_MsoNormal\"><a href=\"https:\/\/www.litoralpress.cl\/sitio\/RadioTV_Detalles.cshtml?LPKey=2K5DRMUA5WHURUS6MZYWMRWS6WQ43YW2RR63P2DR5XPBILVLGYSMZYLN6N47JTUP4DYFC65N7SKB2\">Ideas de qu\u00f3rum para reformar eventualmente la nueva convenci\u00f3n constitucional. Se refiere Mauricio Morales, director del Centro de An\u00e1lisis Pol\u00edtico (CAP).\u00a0<\/a><\/p><p class=\"x_MsoNormal\" aria-hidden=\"true\">\u00a0<\/p><p class=\"x_MsoNormal\"><strong>RADIO INFINITA\u00a0<\/strong><\/p><p class=\"x_MsoNormal\"><a href=\"https:\/\/www.litoralpress.cl\/sitio\/RadioTV_Detalles.cshtml?LPKey=ONV5W4CXPTIIZIQSRZW7HR6PTLOVCCWPLOUPDNPRS2UGCBWP6GNQEFLAEAND4RDRPPMH4S4437FLA\">Comentario de Mauricio Morales, director del Centro de An\u00e1lisis Pol\u00edtico (CAP).\u00a0<\/a><\/p><p class=\"x_MsoNormal\">\u00a0<\/p><p class=\"x_MsoNormal\"><strong>ELMAULEINFORMA.CL\u00a0<\/strong><\/p><p class=\"x_MsoNormal\"><a href=\"https:\/\/elmauleinforma.cl\/escolares-construyen-robots-para-medir-la-contaminacion-del-aire-en-sus-colegios\/\">Escolares construyen robots para medir la contaminaci\u00f3n del aire en sus colegios. \u00a0<\/a><\/p><p class=\"x_MsoNormal\" aria-hidden=\"true\">\u00a0<\/p><p class=\"x_MsoNormal\"><strong>ENLINEAMAULE.CL\u00a0<\/strong><\/p><p class=\"x_MsoNormal\"><a href=\"https:\/\/enlineamaule.cl\/archivo\/48423\">Escolares maulinos crean robots para medir la contaminaci\u00f3n del aire en sus colegios.\u00a0<\/a><\/p><p class=\"x_MsoNormal\" aria-hidden=\"true\">\u00a0<\/p><p class=\"x_MsoNormal\"><strong>DIARIOTALCA.CL\u00a0<\/strong><\/p><p class=\"x_MsoNormal\"><a href=\"https:\/\/diariotalca.cl\/museos-del-maule-una-ruta-patrimonial-por-descubrir\/\">Museos del Maule: una ruta patrimonial por descubrir. Se menciona al proyecto MauleTec.\u00a0<\/a><\/p><\/div>\t\t\t\t\t\t<\/div>\n\t\t\t\t<\/div>\n\t\t\t\t\t<\/div>\n\t\t<\/div>\n\t\t\t\t\t\t\t<\/div>\n\t\t<\/section>\n\t\t\t\t\t\t<\/div>\n\t\t\t\t\t<\/div>\n\t\t","protected":false},"excerpt":{"rendered":"<p>LANOTICIA.CL\u00a0 Universidad de Talca da la bienvenida a estudiantes extranjeros.\u00a0 \u00a0 CANAL CNN CHILE\u00a0 Casos de covid19 contin\u00faan al alza y expertos ya proyectan 40 mil casos semanales. Se refiere Mar\u00eda Ester Mu\u00f1oz, acad\u00e9mica de la Escuela de Enfermer\u00eda. \u00a0 \u00a0 RADIO COOPERATIVA\u00a0 Hay preocupaci\u00f3n por el alza de contagios de Covid-19 en Chile. Se &hellip;<\/p>\n<p class=\"read-more\"> <a class=\"\" href=\"https:\/\/www.reportedeprensa.utalca.cl\/?p=4022\"> <span class=\"screen-reader-text\">24 de mayo de 2022<\/span> Read More &raquo;<\/a><\/p>\n","protected":false},"author":1,"featured_media":0,"comment_status":"closed","ping_status":"open","sticky":false,"template":"","format":"standard","meta":{"_monsterinsights_skip_tracking":false,"_monsterinsights_sitenote_active":false,"_monsterinsights_sitenote_note":"","_monsterinsights_sitenote_category":0},"categories":[21],"tags":[],"_links":{"self":[{"href":"https:\/\/www.reportedeprensa.utalca.cl\/index.php?rest_route=\/wp\/v2\/posts\/4022"}],"collection":[{"href":"https:\/\/www.reportedeprensa.utalca.cl\/index.php?rest_route=\/wp\/v2\/posts"}],"about":[{"href":"https:\/\/www.reportedeprensa.utalca.cl\/index.php?rest_route=\/wp\/v2\/types\/post"}],"author":[{"embeddable":true,"href":"https:\/\/www.reportedeprensa.utalca.cl\/index.php?rest_route=\/wp\/v2\/users\/1"}],"replies":[{"embeddable":true,"href":"https:\/\/www.reportedeprensa.utalca.cl\/index.php?rest_route=%2Fwp%2Fv2%2Fcomments&post=4022"}],"version-history":[{"count":4,"href":"https:\/\/www.reportedeprensa.utalca.cl\/index.php?rest_route=\/wp\/v2\/posts\/4022\/revisions"}],"predecessor-version":[{"id":4026,"href":"https:\/\/www.reportedeprensa.utalca.cl\/index.php?rest_route=\/wp\/v2\/posts\/4022\/revisions\/4026"}],"wp:attachment":[{"href":"https:\/\/www.reportedeprensa.utalca.cl\/index.php?rest_route=%2Fwp%2Fv2%2Fmedia&parent=4022"}],"wp:term":[{"taxonomy":"category","embeddable":true,"href":"https:\/\/www.reportedeprensa.utalca.cl\/index.php?rest_route=%2Fwp%2Fv2%2Fcategories&post=4022"},{"taxonomy":"post_tag","embeddable":true,"href":"https:\/\/www.reportedeprensa.utalca.cl\/index.php?rest_route=%2Fwp%2Fv2%2Ftags&post=4022"}],"curies":[{"name":"wp","href":"https:\/\/api.w.org\/{rel}","templated":true}]}}