{"id":4034,"date":"2022-05-25T09:53:45","date_gmt":"2022-05-25T12:53:45","guid":{"rendered":"https:\/\/www.reportedeprensa.utalca.cl\/?p=4034"},"modified":"2022-05-25T10:01:27","modified_gmt":"2022-05-25T13:01:27","slug":"25-de-mayo-de-2022","status":"publish","type":"post","link":"https:\/\/www.reportedeprensa.utalca.cl\/?p=4034","title":{"rendered":"25 de mayo de 2022"},"content":{"rendered":"\t\t<div data-elementor-type=\"wp-post\" data-elementor-id=\"4034\" class=\"elementor elementor-4034\" data-elementor-settings=\"[]\">\n\t\t\t\t\t\t\t<div class=\"elementor-section-wrap\">\n\t\t\t\t\t\t\t<section class=\"elementor-section elementor-top-section elementor-element elementor-element-551691d7 elementor-section-boxed elementor-section-height-default elementor-section-height-default\" data-id=\"551691d7\" data-element_type=\"section\">\n\t\t\t\t\t\t<div class=\"elementor-container elementor-column-gap-default\">\n\t\t\t\t\t<div class=\"elementor-column elementor-col-100 elementor-top-column elementor-element elementor-element-249cced\" data-id=\"249cced\" data-element_type=\"column\">\n\t\t\t<div class=\"elementor-widget-wrap elementor-element-populated\">\n\t\t\t\t\t\t\t\t<div class=\"elementor-element elementor-element-60e9cf41 elementor-widget elementor-widget-text-editor\" data-id=\"60e9cf41\" data-element_type=\"widget\" data-widget_type=\"text-editor.default\">\n\t\t\t\t<div class=\"elementor-widget-container\">\n\t\t\t\t\t\t\t\t<p class=\"x_MsoNormal\"><strong>DIARIOELHERALDO\u00a0<\/strong><\/p><p class=\"x_MsoNormal\"><a href=\"http:\/\/www.diarioelheraldo.cl\/noticia\/presidenta-de-la-convencion-y-rector-utalca-destacan-rol-de-las-universidades-publicas-de-regiones\">Presidenta de la Convenci\u00f3n y rector UTalca destacan rol de las universidades p\u00fablicas de regiones.\u00a0<\/a><\/p><p class=\"x_MsoNormal\">\u00a0<\/p><p class=\"x_MsoNormal\"><strong>DIARIOTALCA.CL\u00a0<\/strong><\/p><p class=\"x_MsoNormal\"><a href=\"https:\/\/diariotalca.cl\/destacan-rol-de-la-educacion-publica-en-propuesta-de-nueva-constitucion\/\">Destacan rol de la educaci\u00f3n p\u00fablica en propuesta de nueva Constituci\u00f3n. \u00a0<\/a><\/p><p class=\"x_MsoNormal\">\u00a0<\/p><p class=\"x_MsoNormal\"><strong>G5NOTICIAS.CL\u00a0<\/strong><\/p><p class=\"x_MsoNormal\"><a href=\"https:\/\/g5noticias.cl\/2022\/05\/24\/presidenta-de-la-convencion-constitucional-y-rector-utalca-destacan-rol-de-las-universidades-publicas-de-regiones\/\">Presidenta de la Convenci\u00f3n Constitucional y rector UTalca destacan rol de las universidades p\u00fablicas de regiones.\u00a0<\/a><\/p><p class=\"x_MsoNormal\">\u00a0<\/p><p class=\"x_MsoNormal\"><strong>DIARIOTALCA.CL\u00a0<\/strong><\/p><p class=\"x_MsoNormal\"><a href=\"https:\/\/diariotalca.cl\/cumbre-regional-por-la-ciencia-reune-a-rectores-y-gobierno-regional\/\">\u00abCumbre\u00bb por la ciencia e innovaci\u00f3n re\u00fane a rectores y Gobierno Regional. \u00a0<\/a><\/p><p class=\"x_MsoNormal\">\u00a0<\/p><p class=\"x_MsoNormal\"><strong>ADPRENSA.CL\u00a0<\/strong><\/p><p class=\"x_MsoNormal\"><a href=\"https:\/\/www.adprensa.cl\/cronica\/universidad-de-talca-fortalece-vinculos-con-municipios-del-pais\/\">Universidad de Talca fortalece v\u00ednculos con municipios del pa\u00eds.\u00a0<\/a><\/p><p class=\"x_MsoNormal\">\u00a0<\/p><p class=\"x_MsoNormal\"><strong>ASOCIACI\u00d3N CHILENA DE MUNICIPALIDADES\u00a0<\/strong><\/p><p class=\"x_MsoNormal\"><a href=\"https:\/\/achm.cl\/universidad-de-talca-fortalece-vinculos-con-municipios\/\">Universidad de Talca fortalece v\u00ednculos con municipios. \u00a0<\/a><\/p><p class=\"x_MsoNormal\">\u00a0<\/p><p class=\"x_MsoNormal\"><strong>ADPRENSA.CL\u00a0<\/strong><\/p><p class=\"x_MsoNormal\"><a href=\"https:\/\/www.adprensa.cl\/cronica\/academica-explica-como-cuidar-a-pacientes-con-viruela-del-mono\/\">Acad\u00e9mica explica c\u00f3mo cuidar a pacientes con viruela del mono. Se refiere Mar\u00eda Ester Mu\u00f1oz, acad\u00e9mica de la Escuela de Enfermer\u00eda.\u00a0<\/a><\/p><p class=\"x_MsoNormal\">\u00a0<\/p><p class=\"x_MsoNormal\"><strong>DIARIOTALCA.CL\u00a0<\/strong><\/p><p class=\"x_MsoNormal\"><a href=\"https:\/\/diariotalca.cl\/como-cuidar-a-pacientes-con-viruela-del-mono-aqui-los-detalles\/\">\u00bfC\u00f3mo cuidar a pacientes con viruela del mono? Aqu\u00ed los detalles. Se refiere Mar\u00eda Ester Mu\u00f1oz, acad\u00e9mica de la Escuela de Enfermer\u00eda.\u00a0<\/a><\/p><p class=\"x_MsoNormal\">\u00a0<\/p><p class=\"x_MsoNormal\"><strong>DIARIOSENRED.COM\u00a0<\/strong><\/p><p class=\"x_MsoNormal\"><a href=\"https:\/\/diariosenred.com\/regional\/academica-de-utalca-explica-como-cuidar-a-pacientes-con-viruela-del-mono\">Acad\u00e9mica explica c\u00f3mo cuidar a pacientes con viruela del mono. Se refiere Mar\u00eda Ester Mu\u00f1oz, acad\u00e9mica de la Escuela de Enfermer\u00eda.\u00a0<\/a><\/p><p class=\"x_MsoNormal\">\u00a0<\/p><p class=\"x_MsoNormal\"><strong>DIARIOELPULSO.CL\u00a0<\/strong><\/p><p class=\"x_MsoNormal\"><a href=\"https:\/\/www.diarioelpulso.cl\/2022\/05\/24\/academica-explica-como-cuidar-a-pacientes-con-viruela-del-mono\/\">Acad\u00e9mica explica c\u00f3mo cuidar a pacientes con viruela del mono. Se refiere Mar\u00eda Ester Mu\u00f1oz, acad\u00e9mica de la Escuela de Enfermer\u00eda.\u00a0<\/a><\/p><p class=\"x_MsoNormal\" aria-hidden=\"true\">\u00a0<\/p><p class=\"x_MsoNormal\"><strong>REDMAULE.COM\u00a0<\/strong><\/p><p class=\"x_MsoNormal\"><a href=\"https:\/\/www.redmaule.com\/regional\/academica-de-utalca-explica-como-cuidar-a-pacientes-con-viruela-del-mono\">Acad\u00e9mica explica c\u00f3mo cuidar a pacientes con viruela del mono. Se refiere Mar\u00eda Ester Mu\u00f1oz, acad\u00e9mica de la Escuela de Enfermer\u00eda.\u00a0<\/a><\/p><p class=\"x_MsoNormal\" aria-hidden=\"true\">\u00a0<\/p><p class=\"x_MsoNormal\"><strong>VERITASCAPITUR.CL\u00a0<\/strong><\/p><p class=\"x_MsoNormal\"><a href=\"https:\/\/veritascapitur.cl\/academica-explica-como-cuidar-a-pacientes-con-viruela-del-mono\/\">Acad\u00e9mica explica c\u00f3mo cuidar a pacientes con viruela del mono. Se refiere Mar\u00eda Ester Mu\u00f1oz, acad\u00e9mica de la Escuela de Enfermer\u00eda.\u00a0<\/a><\/p><p class=\"x_MsoNormal\" aria-hidden=\"true\">\u00a0<\/p><p class=\"x_MsoNormal\"><strong>PUBLIMICRO.CL\u00a0<\/strong><\/p><p class=\"x_MsoNormal\"><a href=\"https:\/\/publimicro.cl\/profesora-de-enfermeria-de-la-universidad-de-talca-entrega-consejos-frente-a-un-posible-caso-de-viruela-del-mono\/\">Profesora de Enfermer\u00eda de la Universidad de Talca, entrega consejos frente a un posible caso de \u201cviruela del mono\u201d. Se refiere Mar\u00eda Ester Mu\u00f1oz, acad\u00e9mica de la Escuela de Enfermer\u00eda.\u00a0<\/a><\/p><p class=\"x_MsoNormal\" aria-hidden=\"true\">\u00a0<\/p><p class=\"x_MsoNormal\"><strong>CANAL TVR\u00a0<\/strong><\/p><p class=\"x_MsoNormal\"><a href=\"https:\/\/www.litoralpress.cl\/sitio\/RadioTV_Detalles.cshtml?LPKey=UJKKPKJPK72LZG6PSQ6TSXF4KGMV2NZGLNVDABQUGVV6LSAH3Z7FVXBBRMEP5277V3QIYKJ6NCZRE\">30 estudiantes secundarios del Maule crean robots que miden la contaminaci\u00f3n del aire.\u00a0<\/a><\/p><p class=\"x_MsoNormal\">\u00a0<\/p><p class=\"x_MsoNormal\"><strong>LANOTICIA.CL\u00a0<\/strong><\/p><p class=\"x_MsoNormal\"><a href=\"https:\/\/lanoticia.cl\/bots-en-la-politica-que-son-y-como-afectan-a-la-opinion-publica\/\">\u201cBots&#8221; en la pol\u00edtica: qu\u00e9 son y c\u00f3mo afectan a la opini\u00f3n p\u00fablica. Se refieren Mario Herrera, acad\u00e9mico del Centro de An\u00e1lisis Pol\u00edtico y Rodrigo Bustamante, director de Seguridad Digital.\u00a0<\/a><\/p><p class=\"x_MsoNormal\">\u00a0<\/p><p class=\"x_MsoNormal\"><strong>SEPTIMAPAGINANOTICIAS.CL\u00a0<\/strong><\/p><p class=\"x_MsoNormal\"><a href=\"https:\/\/www.septimapaginanoticias.cl\/bots-en-la-politica-que-son-y-como-afectan-a-la-opinion-publica\">\u201cBots&#8221; en la pol\u00edtica: qu\u00e9 son y c\u00f3mo afectan a la opini\u00f3n p\u00fablica. Se refieren Mario Herrera, acad\u00e9mico del Centro de An\u00e1lisis Pol\u00edtico y Rodrigo Bustamante, director de Seguridad Digital.\u00a0<\/a><\/p><p class=\"x_MsoNormal\" aria-hidden=\"true\">\u00a0<\/p><p class=\"x_MsoNormal\"><strong>G5NOTICIAS.CL\u00a0<\/strong><\/p><p class=\"x_MsoNormal\"><a href=\"https:\/\/g5noticias.cl\/2022\/05\/24\/bots-en-la-politica-que-son-y-como-afectan-a-la-opinion-publica\/\">\u201cBots\u201d en la pol\u00edtica: Qu\u00e9 son y c\u00f3mo afectan a la opini\u00f3n p\u00fablica. Se refieren Mario Herrera, acad\u00e9mico del Centro de An\u00e1lisis Pol\u00edtico y Rodrigo Bustamante, director de Seguridad Digital.\u00a0<\/a><\/p><p class=\"x_MsoNormal\" aria-hidden=\"true\">\u00a0<\/p><p class=\"x_MsoNormal\"><strong>CANAL CHILEVISI\u00d3N\u00a0<\/strong><\/p><p class=\"x_MsoNormal\"><a href=\"https:\/\/www.litoralpress.cl\/sitio\/RadioTV_Detalles.cshtml?LPKey=WUNGQQHL5JGIAZTUT66AORMCEH2BTORGBTI7RVSJYIJBV7FLA2M7KGGPVICHAEUBNNWVDBBJQUHCO\">Boric entre los 100 m\u00e1s influyentes del mundo. Se refiere Mauricio Morales, director del Centro de An\u00e1lisis Pol\u00edtico (CAP).\u00a0<\/a><\/p><p class=\"x_MsoNormal\">\u00a0<\/p><p class=\"x_MsoNormal\"><strong>DIARIO FINANCIERO\u00a0<\/strong><\/p><p class=\"x_MsoNormal\"><a href=\"https:\/\/www.litoralpress.cl\/paginaconsultas\/Servicios_NClipSitio\/Get_Imagen_Nota.aspx?LPKey=CK5ABIARF7FGFMFXHG6K3E4IVDRXG4OYZXEBEAIGJZSY333ASA345RM3H6LCW2MWC54STXFF7GDIA\">Cuenta p\u00fablica: Boric reafirmar\u00e1 compromiso con reformas en medio de complejo cuadro econ\u00f3mico. Se refiere Mauricio Morales, director del Centro de An\u00e1lisis Pol\u00edtico (CAP).\u00a0<\/a><\/p><p class=\"x_MsoNormal\" aria-hidden=\"true\">\u00a0<\/p><p class=\"x_MsoNormal\"><strong>DF.CL\u00a0<\/strong><\/p><p class=\"x_MsoNormal\"><a href=\"https:\/\/www.litoralpress.cl\/paginaconsultas\/Documentos\/Get_Imagen.aspx?lpkey=UC5JPBV46FWFIVZN55VPBMZP2U4MGPBGYJ4BKLDAKIS44WL7VIZMLRYTNL5XUDXX2AMGU3XHAZXLI\">Cuenta p\u00fablica: Boric reafirmar\u00e1 compromiso con reformas estructurales en medio de complejo escenario econ\u00f3mico. Se refiere Mauricio Morales, director del Centro de An\u00e1lisis Pol\u00edtico (CAP).\u00a0<\/a><\/p><p class=\"x_MsoNormal\" aria-hidden=\"true\">\u00a0<\/p><p class=\"x_MsoNormal\"><strong>DIARIOLAPRENSA.CL\u00a0<\/strong><\/p><p class=\"x_MsoNormal\"><a href=\"https:\/\/new.diariolaprensa.cl\/index.php\/2022\/05\/24\/dialogos-sociales-de-la-reforma-tributaria-se-realizan-en-el-maule\/\">Di\u00e1logos Sociales de la Reforma Tributaria se realizan en el Maule. Se menciona a la UTalca.\u00a0<\/a><\/p><p class=\"x_MsoNormal\" aria-hidden=\"true\">\u00a0<\/p><p class=\"x_MsoNormal\"><strong>DIARIOSENRED.COM\u00a0<\/strong><\/p><p class=\"x_MsoNormal\"><a href=\"https:\/\/diariosenred.com\/regional\/dialogo-social-del-maule-sobre-la-reforma-tributaria-se-efectuara-este\">Di\u00e1logos Sociales de la Reforma Tributaria se realizan en el Maule. Se menciona a la UTalca.\u00a0<\/a><\/p><p>\u00a0<\/p>\t\t\t\t\t\t<\/div>\n\t\t\t\t<\/div>\n\t\t\t\t\t<\/div>\n\t\t<\/div>\n\t\t\t\t\t\t\t<\/div>\n\t\t<\/section>\n\t\t\t\t\t\t<\/div>\n\t\t\t\t\t<\/div>\n\t\t","protected":false},"excerpt":{"rendered":"<p>DIARIOELHERALDO\u00a0 Presidenta de la Convenci\u00f3n y rector UTalca destacan rol de las universidades p\u00fablicas de regiones.\u00a0 \u00a0 DIARIOTALCA.CL\u00a0 Destacan rol de la educaci\u00f3n p\u00fablica en propuesta de nueva Constituci\u00f3n. \u00a0 \u00a0 G5NOTICIAS.CL\u00a0 Presidenta de la Convenci\u00f3n Constitucional y rector UTalca destacan rol de las universidades p\u00fablicas de regiones.\u00a0 \u00a0 DIARIOTALCA.CL\u00a0 \u00abCumbre\u00bb por la ciencia e &hellip;<\/p>\n<p class=\"read-more\"> <a class=\"\" href=\"https:\/\/www.reportedeprensa.utalca.cl\/?p=4034\"> <span class=\"screen-reader-text\">25 de mayo de 2022<\/span> Read More &raquo;<\/a><\/p>\n","protected":false},"author":1,"featured_media":0,"comment_status":"closed","ping_status":"open","sticky":false,"template":"","format":"standard","meta":{"_monsterinsights_skip_tracking":false,"_monsterinsights_sitenote_active":false,"_monsterinsights_sitenote_note":"","_monsterinsights_sitenote_category":0},"categories":[21],"tags":[],"_links":{"self":[{"href":"https:\/\/www.reportedeprensa.utalca.cl\/index.php?rest_route=\/wp\/v2\/posts\/4034"}],"collection":[{"href":"https:\/\/www.reportedeprensa.utalca.cl\/index.php?rest_route=\/wp\/v2\/posts"}],"about":[{"href":"https:\/\/www.reportedeprensa.utalca.cl\/index.php?rest_route=\/wp\/v2\/types\/post"}],"author":[{"embeddable":true,"href":"https:\/\/www.reportedeprensa.utalca.cl\/index.php?rest_route=\/wp\/v2\/users\/1"}],"replies":[{"embeddable":true,"href":"https:\/\/www.reportedeprensa.utalca.cl\/index.php?rest_route=%2Fwp%2Fv2%2Fcomments&post=4034"}],"version-history":[{"count":4,"href":"https:\/\/www.reportedeprensa.utalca.cl\/index.php?rest_route=\/wp\/v2\/posts\/4034\/revisions"}],"predecessor-version":[{"id":4038,"href":"https:\/\/www.reportedeprensa.utalca.cl\/index.php?rest_route=\/wp\/v2\/posts\/4034\/revisions\/4038"}],"wp:attachment":[{"href":"https:\/\/www.reportedeprensa.utalca.cl\/index.php?rest_route=%2Fwp%2Fv2%2Fmedia&parent=4034"}],"wp:term":[{"taxonomy":"category","embeddable":true,"href":"https:\/\/www.reportedeprensa.utalca.cl\/index.php?rest_route=%2Fwp%2Fv2%2Fcategories&post=4034"},{"taxonomy":"post_tag","embeddable":true,"href":"https:\/\/www.reportedeprensa.utalca.cl\/index.php?rest_route=%2Fwp%2Fv2%2Ftags&post=4034"}],"curies":[{"name":"wp","href":"https:\/\/api.w.org\/{rel}","templated":true}]}}