{"id":4050,"date":"2022-05-26T09:39:38","date_gmt":"2022-05-26T12:39:38","guid":{"rendered":"https:\/\/www.reportedeprensa.utalca.cl\/?p=4050"},"modified":"2022-05-26T09:44:39","modified_gmt":"2022-05-26T12:44:39","slug":"26-de-mayo-de-2022","status":"publish","type":"post","link":"https:\/\/www.reportedeprensa.utalca.cl\/?p=4050","title":{"rendered":"26 de mayo de 2022"},"content":{"rendered":"\t\t<div data-elementor-type=\"wp-post\" data-elementor-id=\"4050\" class=\"elementor elementor-4050\" data-elementor-settings=\"[]\">\n\t\t\t\t\t\t\t<div class=\"elementor-section-wrap\">\n\t\t\t\t\t\t\t<section class=\"elementor-section elementor-top-section elementor-element elementor-element-551691d7 elementor-section-boxed elementor-section-height-default elementor-section-height-default\" data-id=\"551691d7\" data-element_type=\"section\">\n\t\t\t\t\t\t<div class=\"elementor-container elementor-column-gap-default\">\n\t\t\t\t\t<div class=\"elementor-column elementor-col-100 elementor-top-column elementor-element elementor-element-249cced\" data-id=\"249cced\" data-element_type=\"column\">\n\t\t\t<div class=\"elementor-widget-wrap elementor-element-populated\">\n\t\t\t\t\t\t\t\t<div class=\"elementor-element elementor-element-60e9cf41 elementor-widget elementor-widget-text-editor\" data-id=\"60e9cf41\" data-element_type=\"widget\" data-widget_type=\"text-editor.default\">\n\t\t\t\t<div class=\"elementor-widget-container\">\n\t\t\t\t\t\t\t\t<p class=\"x_MsoNormal\"><strong>LA PRENSA\u00a0<\/strong><\/p><p class=\"x_MsoNormal\"><a href=\"https:\/\/www.litoralpress.cl\/paginaconsultas\/Servicios_NClipSitio\/Get_Imagen_Nota.aspx?LPKey=6OOOKSCA5IFZAR3EUBTQUF5JCG2G42S65GKA4IAQ347QJQYREWGSVE5HNW6DN5UO4QY5T75XYN27Y\">Rector de la UTalca se reuni\u00f3 con Mar\u00eda Elisa Quinteros.\u00a0<\/a><\/p><p>\u00a0<\/p><p class=\"x_MsoNormal\"><strong>EL LECTOR\u00a0<\/strong><\/p><p class=\"x_MsoNormal\"><a href=\"https:\/\/www.litoralpress.cl\/paginaconsultas\/Servicios_NClipSitio\/Get_Imagen_Nota.aspx?LPKey=OVTT2GRH6XGNSNSX6FROFFYG7VS44LQTVYRFTCV3ZP5XH3F6ST7KBAEQ2C2465ABJPPEX6TXBNL6M\">Ciencia e Innovaci\u00f3n en el Maule se potenciar\u00e1n a trav\u00e9s de la descentralizaci\u00f3n y trabajo colaborativo entre Gobierno y universidades. \u00a0<\/a><\/p><p class=\"x_MsoNormal\">\u00a0<\/p><p class=\"x_MsoNormal\"><strong>DIARIOTALCA.CL\u00a0<\/strong><\/p><p class=\"x_MsoNormal\"><a href=\"https:\/\/diariotalca.cl\/cumbre-regional-por-la-ciencia-reune-a-rectores-y-delegado-presidencial\/\">\u00abCumbre Regional\u00bb por la ciencia re\u00fane a rectores y Delegado Presidencial.\u00a0<\/a><\/p><p class=\"x_MsoNormal\">\u00a0<\/p><p class=\"x_MsoNormal\"><strong>ELMAULEINFORMA.CL\u00a0<\/strong><\/p><p class=\"x_MsoNormal\"><a href=\"https:\/\/elmauleinforma.cl\/ciencia-e-innovacion-en-el-maule-se-potenciaran-a-traves-del-trabajo-colaborativo-entre-gobierno-y-universidades\/\">Ciencia e Innovaci\u00f3n en el Maule se potenciar\u00e1n a trav\u00e9s del trabajo colaborativo entre Gobierno y universidades. \u00a0<\/a><\/p><p>\u00a0<\/p><p class=\"x_MsoNormal\"><strong>TALCACAPITAL.CL\u00a0<\/strong><\/p><p class=\"x_MsoNormal\"><a href=\"https:\/\/talcacapital.cl\/ciencia-e-innovacion-en-el-maule-se-potenciaran-a-traves-de-la-descentralizacion-y-trabajo-colaborativo-entre-gobierno-y-universidades\/\">Ciencia e Innovaci\u00f3n en el Maule se potenciar\u00e1n a trav\u00e9s de la descentralizaci\u00f3n y trabajo colaborativo entre Gobierno y universidades.\u00a0<\/a><\/p><p class=\"x_MsoNormal\" aria-hidden=\"true\">\u00a0<\/p><p class=\"x_MsoNormal\"><strong>ELALFA.CL\u00a0<\/strong><\/p><p class=\"x_MsoNormal\"><a href=\"https:\/\/elalfa.cl\/index.php\/2022\/05\/25\/ciencia-e-innovacion-en-el-maule-se-potenciaran-a-traves-de-la-descentralizacion-y-trabajo-colaborativo-entre-gobierno-y-universidades\/\">Ciencia e Innovaci\u00f3n en el Maule se potenciar\u00e1n a trav\u00e9s de la descentralizaci\u00f3n y trabajo colaborativo entre Gobierno y universidades.\u00a0<\/a><\/p><p class=\"x_MsoNormal\" aria-hidden=\"true\">\u00a0<\/p><p class=\"x_MsoNormal\"><strong>CANAL CONTIVISI\u00d3N\u00a0<\/strong><\/p><p class=\"x_MsoNormal\"><a href=\"https:\/\/www.litoralpress.cl\/sitio\/RadioTV_Detalles.cshtml?LPKey=DR2PCK4XBPLZSLD3S2N5BPCAXWCMFZ6YAKTLVZXGK7VN5HNSMD6AZS66BTRVMXJ3YHQLSGNCZSN7Y\">Nuevos convenios firmados por la U. de Talca, tanto con la ACHM y con 11 gobiernos comunales de la regi\u00f3n del Maule.\u00a0<\/a><\/p><p class=\"x_MsoNormal\">\u00a0<\/p><p class=\"x_MsoNormal\"><strong>ELCENTRO.CL\u00a0<\/strong><\/p><p class=\"x_MsoNormal\"><a href=\"https:\/\/elcentro.cl\/2022\/05\/25\/orquesta-sinfonica-de-la-utalca-deleito-al-publico-en-homenaje-a-la-capital-maulina\/\">Orquesta Sinf\u00f3nica de la UTalca deleit\u00f3 al p\u00fablico en homenaje a la capital maulina\u00a0<\/a><\/p><p class=\"x_MsoNormal\">\u00a0<\/p><p class=\"x_MsoNormal\"><strong>ADPRENSA.CL\u00a0<\/strong><\/p><p class=\"x_MsoNormal\"><a href=\"https:\/\/www.adprensa.cl\/cronica\/estudio-analizo-como-las-ciudades-pueden-cambiar-la-evolucion-de-una-especie-de-planta\/\">Estudio analiz\u00f3 c\u00f3mo las ciudades pueden cambiar la evoluci\u00f3n de una especie de planta. Se refiere Pedro Gundel, acad\u00e9mico del Instituto de Ciencias Biol\u00f3gicas.\u00a0\u00a0\u00a0<\/a><\/p><p class=\"x_MsoNormal\">\u00a0<\/p><p class=\"x_MsoNormal\"><strong>PUBLIMICRO.CL\u00a0<\/strong><\/p><p class=\"x_MsoNormal\"><a href=\"https:\/\/publimicro.cl\/academico-utalino-participo-en-investigacion-internacional-que-detecto-que-ambiente-citadino-incide-en-proceso-genetico-de-especies-vegetales\/\">Acad\u00e9mico utalino, particip\u00f3 en investigaci\u00f3n internacional, que detect\u00f3 que ambiente citadino, incide en proceso gen\u00e9tico de especies vegetales. Se refiere Pedro Gundel, acad\u00e9mico del Instituto de Ciencias Biol\u00f3gicas.\u00a0\u00a0\u00a0<\/a><\/p><p class=\"x_MsoNormal\" aria-hidden=\"true\">\u00a0<\/p><p class=\"x_MsoNormal\"><strong>ELAMAULE.CL\u00a0<\/strong><\/p><p class=\"x_MsoNormal\"><a href=\"https:\/\/www.elamaule.cl\/noticia\/salud\/experta-de-la-universidad-de-talca-y-la-viruela-del-mono-como-cuidar-pacientes-como-se\">Experta de la Universidad de Talca y la viruela del mono: \u00bfC\u00f3mo cuidar a pacientes? \u00bfC\u00f3mo se contagia? \u00bfCu\u00e1les son los s\u00edntomas? Se refiere Mar\u00eda Ester Mu\u00f1oz, acad\u00e9mica de la Escuela de Enfermer\u00eda.\u00a0<\/a><\/p><p class=\"x_MsoNormal\">\u00a0<\/p><p class=\"x_MsoNormal\"><strong>CANAL TVN RED AUSTRAL\u00a0<\/strong><\/p><p class=\"x_MsoNormal\"><a href=\"https:\/\/www.litoralpress.cl\/sitio\/RadioTV_Detalles.cshtml?LPKey=XACVNPJXANZRTUEUOACSHC2F2ANRBIWPAMUDG5UDCJZYH7IZLKWQF5KR2JPBWWVERYB65NIJF2YSW\">M\u00e1s de 100 denuncias por estafa. Se refiere Ricardo P\u00e9rez, acad\u00e9mico de la Facultad de Ingenier\u00eda.\u00a0\u00a0<\/a><\/p><p class=\"x_MsoNormal\">\u00a0<\/p><p class=\"x_MsoNormal\"><strong>LANOTICIA.CL\u00a0<\/strong><\/p><p class=\"x_MsoNormal\"><a href=\"https:\/\/lanoticia.cl\/escolares-construyen-robots-para-medir-la-contaminacion-del-aire-en-sus-colegios\/\">Escolares construyen robots para medir la contaminaci\u00f3n del aire en sus colegios.\u00a0<\/a><\/p><p class=\"x_MsoNormal\">\u00a0<\/p><p class=\"x_MsoNormal\"><strong>LAQUINTAEMPRENDE.CL\u00a0<\/strong><\/p><p class=\"x_MsoNormal\"><a href=\"https:\/\/laquintaemprende.cl\/2022\/05\/capacitacion-gratuita-a-emprendedores\/\">Universidades se unen para capacitar a emprendedores mediante programa Corfo. Se refiere Rodrigo Vergara, director ejecutivo de MacroFacultad en la Universidad de Talca\u00a0<\/a><\/p><p class=\"x_MsoNormal\">\u00a0<\/p><p class=\"x_MsoNormal\"><strong>ELMAULEINFORMA.CL\u00a0<\/strong><\/p><p class=\"x_MsoNormal\"><a href=\"https:\/\/elmauleinforma.cl\/empedrado-los-desafios-de-una-comuna-fuertemente-afectada-por-los-incendios-que-hoy-exige-agua-y-recuperacion-de-suelos\/\">Empedrado: los desaf\u00edos de una comuna fuertemente afectada por los incendios que hoy exige agua y recuperaci\u00f3n de suelos. Se menciona a Roberto Pizarro, acad\u00e9mico de la Escuela de Ingenier\u00eda Forestal. \u00a0<\/a><\/p><p class=\"x_MsoNormal\" aria-hidden=\"true\">\u00a0<\/p><p class=\"x_MsoNormal\"><strong>RADIO EL SEMBRADOR\u00a0<\/strong><\/p><p class=\"x_MsoNormal\"><a href=\"https:\/\/www.litoralpress.cl\/sitio\/RadioTV_Detalles.cshtml?LPKey=W3FW63LHSPORVOMQQE64XOMTL6BVYC5TTQCEWYXNC3VTCJBQR4FUYMY5A76OUSOJV3M6ZXCGP577G\">Municipio de Chill\u00e1n entreg\u00f3 reconocimientos a cuatro instituciones de educaci\u00f3n superior en el marco del D\u00eda del Patrimonio. Se menciona a la UTalca.\u00a0<\/a><\/p><p class=\"x_MsoNormal\">\u00a0<\/p><p class=\"x_MsoNormal\"><strong>RADIO INFINITA\u00a0<\/strong><\/p><p class=\"x_MsoNormal\"><a href=\"https:\/\/www.litoralpress.cl\/sitio\/RadioTV_Detalles.cshtml?LPKey=U6V2XD7JZVGZ7J64W5D2AKR35ZMJ4TEWCP7GV7EEVLWKZHWS5CRZ2PY56YHG7YDKSIAO5VRK5ZD4Q\">Comentario de Mauricio Morales, director del Centro de An\u00e1lisis Pol\u00edtico (CAP).\u00a0<\/a><\/p><p class=\"x_MsoNormal\">\u00a0<\/p><p class=\"x_MsoNormal\"><strong>PUBLIMETRO\u00a0<\/strong><\/p><p class=\"x_MsoNormal\"><a href=\"https:\/\/www.litoralpress.cl\/paginaconsultas\/Servicios_NClipSitio\/Get_Imagen_Nota.aspx?LPKey=KWPVLSX26OBLOTYKGMKKBMC6RDSIK43GD2Q743YEO4ET4HJOA3ILFKKN5OQSAQHQLIVRQUEQYUB3K\">3 preguntas a Mario Herrera, acad\u00e9mico del Centro de An\u00e1lisis Pol\u00edtico (CAP).\u00a0<\/a><\/p><p class=\"x_MsoNormal\">\u00a0<\/p><p class=\"x_MsoNormal\"><strong>SPANISH.NEWS.CN\u00a0<\/strong><\/p><p class=\"x_MsoNormal\"><a href=\"https:\/\/www.litoralpress.cl\/paginaconsultas\/Servicios_NClipSitio\/Get_Imagen_Nota.aspx?LPKey=6HLACTAR73J4WJXPRGYEB7GN5GQ2QRWQUQXAAFABONGM7XZ3H4FE263DIRXLI2XXXDYYF3UBC6DJY\">Chile presenta borrador de nueva Constituci\u00f3n: democracia paritaria, congreso asim\u00e9trico y justicia ind\u00edgena. Se refiere Mario Herrera, acad\u00e9mico del Centro de An\u00e1lisis Pol\u00edtico (CAP).\u00a0<\/a><\/p><p>\u00a0<\/p><p class=\"x_MsoNormal\"><strong>ELALFA.CL\u00a0<\/strong><\/p><p class=\"x_MsoNormal\"><a href=\"https:\/\/elalfa.cl\/index.php\/2022\/05\/23\/bots-en-la-politica-que-son-y-como-afectan-a-la-opinion-publica\/\">\u201cBots\u201d en la pol\u00edtica: Qu\u00e9 son y c\u00f3mo afectan a la opini\u00f3n p\u00fablica. Se refieren Mario Herrera, acad\u00e9mico del Centro de An\u00e1lisis Pol\u00edtico (CAP) y Rodrigo Bustamante, director de Seguridad Digital. \u00a0<\/a><\/p><p class=\"x_MsoNormal\">\u00a0<\/p>\t\t\t\t\t\t<\/div>\n\t\t\t\t<\/div>\n\t\t\t\t\t<\/div>\n\t\t<\/div>\n\t\t\t\t\t\t\t<\/div>\n\t\t<\/section>\n\t\t\t\t\t\t<\/div>\n\t\t\t\t\t<\/div>\n\t\t","protected":false},"excerpt":{"rendered":"<p>LA PRENSA\u00a0 Rector de la UTalca se reuni\u00f3 con Mar\u00eda Elisa Quinteros.\u00a0 \u00a0 EL LECTOR\u00a0 Ciencia e Innovaci\u00f3n en el Maule se potenciar\u00e1n a trav\u00e9s de la descentralizaci\u00f3n y trabajo colaborativo entre Gobierno y universidades. \u00a0 \u00a0 DIARIOTALCA.CL\u00a0 \u00abCumbre Regional\u00bb por la ciencia re\u00fane a rectores y Delegado Presidencial.\u00a0 \u00a0 ELMAULEINFORMA.CL\u00a0 Ciencia e Innovaci\u00f3n en &hellip;<\/p>\n<p class=\"read-more\"> <a class=\"\" href=\"https:\/\/www.reportedeprensa.utalca.cl\/?p=4050\"> <span class=\"screen-reader-text\">26 de mayo de 2022<\/span> Read More &raquo;<\/a><\/p>\n","protected":false},"author":3,"featured_media":0,"comment_status":"closed","ping_status":"open","sticky":false,"template":"","format":"standard","meta":{"_monsterinsights_skip_tracking":false,"_monsterinsights_sitenote_active":false,"_monsterinsights_sitenote_note":"","_monsterinsights_sitenote_category":0},"categories":[21],"tags":[],"_links":{"self":[{"href":"https:\/\/www.reportedeprensa.utalca.cl\/index.php?rest_route=\/wp\/v2\/posts\/4050"}],"collection":[{"href":"https:\/\/www.reportedeprensa.utalca.cl\/index.php?rest_route=\/wp\/v2\/posts"}],"about":[{"href":"https:\/\/www.reportedeprensa.utalca.cl\/index.php?rest_route=\/wp\/v2\/types\/post"}],"author":[{"embeddable":true,"href":"https:\/\/www.reportedeprensa.utalca.cl\/index.php?rest_route=\/wp\/v2\/users\/3"}],"replies":[{"embeddable":true,"href":"https:\/\/www.reportedeprensa.utalca.cl\/index.php?rest_route=%2Fwp%2Fv2%2Fcomments&post=4050"}],"version-history":[{"count":7,"href":"https:\/\/www.reportedeprensa.utalca.cl\/index.php?rest_route=\/wp\/v2\/posts\/4050\/revisions"}],"predecessor-version":[{"id":4060,"href":"https:\/\/www.reportedeprensa.utalca.cl\/index.php?rest_route=\/wp\/v2\/posts\/4050\/revisions\/4060"}],"wp:attachment":[{"href":"https:\/\/www.reportedeprensa.utalca.cl\/index.php?rest_route=%2Fwp%2Fv2%2Fmedia&parent=4050"}],"wp:term":[{"taxonomy":"category","embeddable":true,"href":"https:\/\/www.reportedeprensa.utalca.cl\/index.php?rest_route=%2Fwp%2Fv2%2Fcategories&post=4050"},{"taxonomy":"post_tag","embeddable":true,"href":"https:\/\/www.reportedeprensa.utalca.cl\/index.php?rest_route=%2Fwp%2Fv2%2Ftags&post=4050"}],"curies":[{"name":"wp","href":"https:\/\/api.w.org\/{rel}","templated":true}]}}